{"id":14713,"date":"2022-01-10T17:55:52","date_gmt":"2022-01-10T20:55:52","guid":{"rendered":"http:\/\/www.comuna13online.com.ar\/?p=14713"},"modified":"2022-01-10T17:55:58","modified_gmt":"2022-01-10T20:55:58","slug":"espectaculos-astronomicos-en-el-planetario","status":"publish","type":"post","link":"https:\/\/www.comuna13online.com.ar\/?p=14713","title":{"rendered":"Espect\u00e1culos astron\u00f3micos en el Planetario"},"content":{"rendered":"\n<p><strong>La programaci\u00f3n de enero ofrece cuatro funciones por d\u00eda, de martes a domingos. Los shows est\u00e1n orientados a toda la familia y dos de ellos se realizan en el Domo.<\/strong><\/p>\n\n\n\n<figure class=\"wp-block-image size-full\"><img loading=\"lazy\" decoding=\"async\" width=\"678\" height=\"381\" data-attachment-id=\"14715\" data-permalink=\"https:\/\/www.comuna13online.com.ar\/?attachment_id=14715\" data-orig-file=\"https:\/\/www.comuna13online.com.ar\/wp-content\/uploads\/2022\/01\/20220110a_01.jpg\" data-orig-size=\"678,381\" data-comments-opened=\"0\" data-image-meta=\"{&quot;aperture&quot;:&quot;0&quot;,&quot;credit&quot;:&quot;&quot;,&quot;camera&quot;:&quot;&quot;,&quot;caption&quot;:&quot;&quot;,&quot;created_timestamp&quot;:&quot;0&quot;,&quot;copyright&quot;:&quot;&quot;,&quot;focal_length&quot;:&quot;0&quot;,&quot;iso&quot;:&quot;0&quot;,&quot;shutter_speed&quot;:&quot;0&quot;,&quot;title&quot;:&quot;&quot;,&quot;orientation&quot;:&quot;0&quot;}\" data-image-title=\"20220110a_01\" data-image-description=\"\" data-image-caption=\"\" data-large-file=\"https:\/\/www.comuna13online.com.ar\/wp-content\/uploads\/2022\/01\/20220110a_01.jpg\" src=\"http:\/\/www.comuna13online.com.ar\/wp-content\/uploads\/2022\/01\/20220110a_01.jpg\" alt=\"\" class=\"wp-image-14715\"\/><figcaption><sup><span style=\"color:#777777\" class=\"has-inline-color\">El Planetario Galileo Galilei est\u00e1 ubicado en la intersecci\u00f3n de Avenida General Sarmiento y Belisario Rold\u00e1n, dentro del Parque Tres de Febrero, en el barrio de Palermo de la ciudad de Buenos Aires<\/span><\/sup><\/figcaption><\/figure>\n\n\n\n<p>El programa Vacaciones Planetarias ofrece en enero de 2022 cuatro funciones de espect\u00e1culos astron\u00f3micos en el Planetario de Buenos Aires. Dos de ellas se realizan en el Domo. Las funciones se llevan a cabo de martes a domingos, con el siguiente cronograma:<\/p>\n\n\n\n<ul class=\"wp-block-list\"><li>A las 12:\u00a0<strong>El nacimiento de la Tierra<\/strong>.<\/li><li>A las 14:\u00a0<strong>En movimiento<\/strong>.<\/li><li>A las 16:\u00a0<strong>Una de Piratas<\/strong>.<\/li><li>A las 18:\u00a0<strong>El nacimiento de la Tierra<\/strong>.<\/li><\/ul>\n\n\n\n<h3 class=\"wp-block-heading\">Shows astron\u00f3micos<\/h3>\n\n\n\n<p><strong>El nacimiento de la Tierra<\/strong>. Origen y evoluci\u00f3n de nuestro planeta. Espect\u00e1culo inmersivo para p\u00fablico general con animaciones y visualizaciones de gran calidad cinematogr\u00e1fica, basadas en datos de alto rigor cient\u00edfico, que nos permite conocer la historia y la evoluci\u00f3n de nuestro planeta.<br>Martes a domingos a las 12 y 18.<\/p>\n\n\n\n<p><strong>En movimiento<\/strong>. Show astron\u00f3mico para todo p\u00fablico en el Domo del Planetario. A nivel c\u00f3smico&nbsp;<strong>todo est\u00e1 en movimiento<\/strong>. Vivimos en un planeta Tierra que rota y se desplaza alrededor del Sol continuamente y sin detenerse nunca. El Sol arrastra a su sistema planetario alrededor del centro de la V\u00eda L\u00e1ctea y hasta nuestra galaxia se desplaza incesantemente a trav\u00e9s del espacio. El Universo todo est\u00e1 en movimiento en una verdadera coreograf\u00eda c\u00f3smica. Martes a domingos a las 14.<\/p>\n\n\n\n<p><strong>Una de Piratas<\/strong>. Espect\u00e1culo astron\u00f3mico para ni\u00f1os en el Domo del Planetario. Una fant\u00e1stica historia que narra las aventuras espaciales de un pirata que, cansado de recorrer los mares del Planeta Tierra, se anima a viajar por el Universo y a bordo de su peque\u00f1o barco de papel descubre planetas, estrellas, c\u00famulos, constelaciones y otras maravillas del cielo. Martes a domingos a las 16.<\/p>\n\n\n\n<p><strong>Localidades $300<\/strong>. Venta anticipada \u00fanicamente en <em><a href=\"http:\/\/www.planetario.gob.ar\" target=\"_blank\" rel=\"noreferrer noopener\"><strong>www.planetario.gob.ar<\/strong><\/a><\/em>.<\/p>\n\n\n\n<figure class=\"wp-block-image size-large is-resized\"><img loading=\"lazy\" decoding=\"async\" data-attachment-id=\"99\" data-permalink=\"https:\/\/www.comuna13online.com.ar\/?attachment_id=99\" data-orig-file=\"https:\/\/www.comuna13online.com.ar\/wp-content\/uploads\/2017\/12\/line.jpg\" data-orig-size=\"678,1\" data-comments-opened=\"0\" data-image-meta=\"{&quot;aperture&quot;:&quot;0&quot;,&quot;credit&quot;:&quot;&quot;,&quot;camera&quot;:&quot;&quot;,&quot;caption&quot;:&quot;&quot;,&quot;created_timestamp&quot;:&quot;0&quot;,&quot;copyright&quot;:&quot;&quot;,&quot;focal_length&quot;:&quot;0&quot;,&quot;iso&quot;:&quot;0&quot;,&quot;shutter_speed&quot;:&quot;0&quot;,&quot;title&quot;:&quot;&quot;,&quot;orientation&quot;:&quot;0&quot;}\" data-image-title=\"line\" data-image-description=\"\" data-image-caption=\"\" data-large-file=\"https:\/\/www.comuna13online.com.ar\/wp-content\/uploads\/2017\/12\/line.jpg\" src=\"http:\/\/www.comuna13online.com.ar\/wp-content\/uploads\/2017\/12\/line.jpg\" alt=\"\" class=\"wp-image-99\" width=\"678\" height=\"1\" srcset=\"https:\/\/www.comuna13online.com.ar\/wp-content\/uploads\/2017\/12\/line.jpg 678w, https:\/\/www.comuna13online.com.ar\/wp-content\/uploads\/2017\/12\/line-150x1.jpg 150w, https:\/\/www.comuna13online.com.ar\/wp-content\/uploads\/2017\/12\/line-326x1.jpg 326w, https:\/\/www.comuna13online.com.ar\/wp-content\/uploads\/2017\/12\/line-80x1.jpg 80w, https:\/\/www.comuna13online.com.ar\/wp-content\/uploads\/2017\/12\/line-272x1.jpg 272w\" sizes=\"auto, (max-width: 678px) 100vw, 678px\" \/><\/figure>\n\n\n\n<figure class=\"wp-block-image size-full\"><img loading=\"lazy\" decoding=\"async\" width=\"678\" height=\"180\" data-attachment-id=\"8918\" data-permalink=\"https:\/\/www.comuna13online.com.ar\/?attachment_id=8918\" data-orig-file=\"https:\/\/www.comuna13online.com.ar\/wp-content\/uploads\/2020\/04\/corona2.jpg\" data-orig-size=\"678,180\" data-comments-opened=\"0\" data-image-meta=\"{&quot;aperture&quot;:&quot;0&quot;,&quot;credit&quot;:&quot;&quot;,&quot;camera&quot;:&quot;&quot;,&quot;caption&quot;:&quot;&quot;,&quot;created_timestamp&quot;:&quot;0&quot;,&quot;copyright&quot;:&quot;&quot;,&quot;focal_length&quot;:&quot;0&quot;,&quot;iso&quot;:&quot;0&quot;,&quot;shutter_speed&quot;:&quot;0&quot;,&quot;title&quot;:&quot;&quot;,&quot;orientation&quot;:&quot;0&quot;}\" data-image-title=\"corona2\" data-image-description=\"\" data-image-caption=\"\" data-large-file=\"https:\/\/www.comuna13online.com.ar\/wp-content\/uploads\/2020\/04\/corona2.jpg\" src=\"http:\/\/www.comuna13online.com.ar\/wp-content\/uploads\/2020\/04\/corona2.jpg\" alt=\"\" class=\"wp-image-8918\"\/><\/figure>\n\n\n\n<p><a rel=\"noreferrer noopener\" target=\"_blank\" href=\"http:\/\/www.facebook.com\/sharer.php?u=http:\/\/www.buenosaires.gob.ar\/laciudad\/noticias\/espectaculos-astronomicos-en-el-planetario\"><\/a><\/p>\n","protected":false},"excerpt":{"rendered":"<div class=\"mh-excerpt\">La programaci\u00f3n de enero ofrece cuatro funciones por d\u00eda, de martes a domingos. Los shows est\u00e1n orientados a toda la familia y dos de ellos se realizan en el Domo. <a class=\"mh-excerpt-more\" href=\"https:\/\/www.comuna13online.com.ar\/?p=14713\" title=\"Espect\u00e1culos astron\u00f3micos en el Planetario\">[&#8230;]<\/a><\/div>\n","protected":false},"author":1,"featured_media":14714,"comment_status":"closed","ping_status":"closed","sticky":false,"template":"","format":"standard","meta":{"_uag_custom_page_level_css":"","_jetpack_memberships_contains_paid_content":false,"footnotes":"","jetpack_publicize_message":"","jetpack_publicize_feature_enabled":true,"jetpack_social_post_already_shared":true,"jetpack_social_options":{"image_generator_settings":{"template":"highway","default_image_id":0,"font":"","enabled":false},"version":2}},"categories":[42],"tags":[250,296,71,43],"class_list":{"0":"post-14713","1":"post","2":"type-post","3":"status-publish","4":"format-standard","5":"has-post-thumbnail","7":"category-vacaciones","8":"tag-h2","9":"tag-h3","10":"tag-tiempo-libre","11":"tag-vacaciones"},"jetpack_publicize_connections":[],"jetpack_featured_media_url":"https:\/\/www.comuna13online.com.ar\/wp-content\/uploads\/2022\/01\/20220110a_id.jpg","uagb_featured_image_src":{"full":["https:\/\/www.comuna13online.com.ar\/wp-content\/uploads\/2022\/01\/20220110a_id.jpg",678,452,false],"thumbnail":["https:\/\/www.comuna13online.com.ar\/wp-content\/uploads\/2022\/01\/20220110a_id.jpg",128,85,false],"medium":["https:\/\/www.comuna13online.com.ar\/wp-content\/uploads\/2022\/01\/20220110a_id.jpg",678,452,false],"medium_large":["https:\/\/www.comuna13online.com.ar\/wp-content\/uploads\/2022\/01\/20220110a_id.jpg",678,452,false],"large":["https:\/\/www.comuna13online.com.ar\/wp-content\/uploads\/2022\/01\/20220110a_id.jpg",678,452,false],"1536x1536":["https:\/\/www.comuna13online.com.ar\/wp-content\/uploads\/2022\/01\/20220110a_id.jpg",678,452,false],"2048x2048":["https:\/\/www.comuna13online.com.ar\/wp-content\/uploads\/2022\/01\/20220110a_id.jpg",678,452,false],"mh-magazine-slider":["https:\/\/www.comuna13online.com.ar\/wp-content\/uploads\/2022\/01\/20220110a_id-678x438.jpg",678,438,true],"mh-magazine-content":["https:\/\/www.comuna13online.com.ar\/wp-content\/uploads\/2022\/01\/20220110a_id-678x381.jpg",678,381,true],"mh-magazine-large":["https:\/\/www.comuna13online.com.ar\/wp-content\/uploads\/2022\/01\/20220110a_id.jpg",678,452,false],"mh-magazine-medium":["https:\/\/www.comuna13online.com.ar\/wp-content\/uploads\/2022\/01\/20220110a_id-326x245.jpg",326,245,true],"mh-magazine-small":["https:\/\/www.comuna13online.com.ar\/wp-content\/uploads\/2022\/01\/20220110a_id-80x60.jpg",80,60,true],"sow-carousel-default":["https:\/\/www.comuna13online.com.ar\/wp-content\/uploads\/2022\/01\/20220110a_id-272x182.jpg",272,182,true]},"uagb_author_info":{"display_name":"Comuna13","author_link":"https:\/\/www.comuna13online.com.ar\/?author=1"},"uagb_comment_info":0,"uagb_excerpt":"La programaci\u00f3n de enero ofrece cuatro funciones por d\u00eda, de martes a domingos. Los shows est\u00e1n orientados a toda la familia y dos de ellos se realizan en el Domo. [...]","jetpack_sharing_enabled":true,"_links":{"self":[{"href":"https:\/\/www.comuna13online.com.ar\/index.php?rest_route=\/wp\/v2\/posts\/14713","targetHints":{"allow":["GET"]}}],"collection":[{"href":"https:\/\/www.comuna13online.com.ar\/index.php?rest_route=\/wp\/v2\/posts"}],"about":[{"href":"https:\/\/www.comuna13online.com.ar\/index.php?rest_route=\/wp\/v2\/types\/post"}],"author":[{"embeddable":true,"href":"https:\/\/www.comuna13online.com.ar\/index.php?rest_route=\/wp\/v2\/users\/1"}],"replies":[{"embeddable":true,"href":"https:\/\/www.comuna13online.com.ar\/index.php?rest_route=%2Fwp%2Fv2%2Fcomments&post=14713"}],"version-history":[{"count":0,"href":"https:\/\/www.comuna13online.com.ar\/index.php?rest_route=\/wp\/v2\/posts\/14713\/revisions"}],"wp:featuredmedia":[{"embeddable":true,"href":"https:\/\/www.comuna13online.com.ar\/index.php?rest_route=\/wp\/v2\/media\/14714"}],"wp:attachment":[{"href":"https:\/\/www.comuna13online.com.ar\/index.php?rest_route=%2Fwp%2Fv2%2Fmedia&parent=14713"}],"wp:term":[{"taxonomy":"category","embeddable":true,"href":"https:\/\/www.comuna13online.com.ar\/index.php?rest_route=%2Fwp%2Fv2%2Fcategories&post=14713"},{"taxonomy":"post_tag","embeddable":true,"href":"https:\/\/www.comuna13online.com.ar\/index.php?rest_route=%2Fwp%2Fv2%2Ftags&post=14713"}],"curies":[{"name":"wp","href":"https:\/\/api.w.org\/{rel}","templated":true}]}}