{"id":1470,"date":"2018-05-21T07:00:54","date_gmt":"2018-05-21T10:00:54","guid":{"rendered":"http:\/\/www.comuna13online.com.ar\/?p=1470"},"modified":"2018-05-10T11:52:45","modified_gmt":"2018-05-10T14:52:45","slug":"el-gobierno-debera-indemnizar-a-un-chico-que-se-fracturo-en-la-escuela","status":"publish","type":"post","link":"https:\/\/www.comuna13online.com.ar\/?p=1470","title":{"rendered":"El Gobierno deber\u00e1 indemnizar a un chico que se fractur\u00f3 en la escuela"},"content":{"rendered":"<p><strong>Por un fallo de la justicia, el Gobierno porte\u00f1o indemnizar con 160 mil pesos por da\u00f1o resarcible y da\u00f1o moral, a un alumno que se accident\u00f3 en una escuela p\u00fablica.<\/strong><\/p>\n<p>El juez\u00a0Aurelio Ammirato, titular del Juzgado N\u00b0 10 en lo Contencioso Administrativo y Tributario de la Ciudad, hizo lugar a la demanda realizada por la madre de un alumno de una escuela dependiente del Gobierno de la Ciudad que\u00a0 se fracturo el f\u00e9mur izquierdo dentro del establecimiento educativo.<\/p>\n<p>El hecho sucedi\u00f3 el 21 de agosto de 2012, cuando sufri\u00f3 la\u00a0fractura al dirigirse al ba\u00f1o. El alumno fue traslado por el SAME, al Hospital Pirovano donde fue atendido y se le diagnostic\u00f3 \u00abimpotencia funcional por fractura diafisiaria\u00bb.<\/p>\n<p>Al momento del accidente, la escuela se encontraba realizando obras de reparaci\u00f3n avaladas <em>\u00abpor el informe elaborado por la Direcci\u00f3n de la Escuela de donde surge que durante el mes de agosto (\u2026) estaban realizando trabajos de reparaci\u00f3n en el techo, y como consecuencia de ello el comedor funcion\u00f3 un tiempo en un sector de la galer\u00eda. De dicho informe se desprende, adem\u00e1s, que la obra fue realizada por una empresa contratada por el Gobierno de la Ciudad de Buenos Aires; que dicha tarea debi\u00f3 haber sido realizada durante el receso escolar de invierno pero por razones ajenas a la Direcci\u00f3n se extendieron los tiempos, motivo por el cual se dispuso en forma excepcional que el comedor funcionara en el espacio aludido\u00bb<\/em>.<\/p>\n<p>Para Ammirato, <em>\u00abla existencia de un margen de duda acerca de c\u00f3mo ocurri\u00f3 concretamente el hecho (esto es, si el menor se desplazaba corriendo o caminando, si resbal\u00f3 o cay\u00f3 por la acci\u00f3n de otro alumno; si efectivamente golpe\u00f3 contra una mesa del comedor ubicada transitoriamente en la galer\u00eda o si esto \u00faltimo no sucedi\u00f3, etc.) apareja un grado de incertidumbre cuya consecuencia es la falta de prueba del caso fortuito \u2014\u00fanica posibilidad para liberarse de la responsabilidad objetiva\u2014 que la ley traslada como carga sobre el deudor del factor de garant\u00eda\u00bb, motivo por el cual el magistrado consider\u00f3 que le \u00abcorresponde tener por configurada la responsabilidad del Gobierno de la Ciudad en los t\u00e9rminos del art. 1117 CC\u00bb<\/em>, y extendi\u00f3 la condena tambi\u00e9n a\u00a0Provincia Seguros S.A.-<\/p>\n<p>El C\u00f3digo Civil de la Naci\u00f3n vigente al momento del hecho establece en su Art\u00edculo 1117:\u00a0\u00ab<span style=\"text-decoration: underline;\">Los propietarios de establecimientos educativos privados o estatales ser\u00e1n responsables por los da\u00f1os causados o sufridos por sus alumnos menores cuando se hallen bajo el control de la autoridad educativa, salvo que probaren el caso fortuito. Los establecimientos educativos deber\u00e1n contratar un seguro de responsabilidad civil. A tales efectos, las autoridades jurisdiccionales, dispondr\u00e1n las medidas para el cumplimiento de la obligaci\u00f3n precedente. La presente norma no se aplicar\u00e1 a los establecimientos de nivel terciario o universitario.<\/span>\u00ab.<\/p>\n","protected":false},"excerpt":{"rendered":"<div class=\"mh-excerpt\">Por un fallo de la justicia, el Gobierno porte\u00f1o indemnizar con 160 mil pesos por da\u00f1o resarcible y da\u00f1o moral, a un alumno que se accident\u00f3 en una escuela p\u00fablica. <a class=\"mh-excerpt-more\" href=\"https:\/\/www.comuna13online.com.ar\/?p=1470\" title=\"El Gobierno deber\u00e1 indemnizar a un chico que se fractur\u00f3 en la escuela\">[&#8230;]<\/a><\/div>\n","protected":false},"author":1,"featured_media":1471,"comment_status":"closed","ping_status":"closed","sticky":false,"template":"","format":"standard","meta":{"_uag_custom_page_level_css":"","_jetpack_memberships_contains_paid_content":false,"footnotes":"","jetpack_publicize_message":"","jetpack_publicize_feature_enabled":true,"jetpack_social_post_already_shared":true,"jetpack_social_options":{"image_generator_settings":{"template":"highway","default_image_id":0,"font":"","enabled":false},"version":2}},"categories":[4],"tags":[108],"class_list":{"0":"post-1470","1":"post","2":"type-post","3":"status-publish","4":"format-standard","5":"has-post-thumbnail","7":"category-justicia","8":"tag-justicia"},"jetpack_publicize_connections":[],"jetpack_featured_media_url":"https:\/\/www.comuna13online.com.ar\/wp-content\/uploads\/2018\/05\/justicia.jpg","uagb_featured_image_src":{"full":["https:\/\/www.comuna13online.com.ar\/wp-content\/uploads\/2018\/05\/justicia.jpg",1030,438,false],"thumbnail":["https:\/\/www.comuna13online.com.ar\/wp-content\/uploads\/2018\/05\/justicia-150x150.jpg",96,96,true],"medium":["https:\/\/www.comuna13online.com.ar\/wp-content\/uploads\/2018\/05\/justicia-678x288.jpg",678,288,true],"medium_large":["https:\/\/www.comuna13online.com.ar\/wp-content\/uploads\/2018\/05\/justicia-768x327.jpg",768,327,true],"large":["https:\/\/www.comuna13online.com.ar\/wp-content\/uploads\/2018\/05\/justicia.jpg",1030,438,false],"1536x1536":["https:\/\/www.comuna13online.com.ar\/wp-content\/uploads\/2018\/05\/justicia.jpg",1030,438,false],"2048x2048":["https:\/\/www.comuna13online.com.ar\/wp-content\/uploads\/2018\/05\/justicia.jpg",1030,438,false],"mh-magazine-slider":["https:\/\/www.comuna13online.com.ar\/wp-content\/uploads\/2018\/05\/justicia.jpg",1030,438,false],"mh-magazine-content":["https:\/\/www.comuna13online.com.ar\/wp-content\/uploads\/2018\/05\/justicia-678x381.jpg",678,381,true],"mh-magazine-large":["https:\/\/www.comuna13online.com.ar\/wp-content\/uploads\/2018\/05\/justicia-678x438.jpg",678,438,true],"mh-magazine-medium":["https:\/\/www.comuna13online.com.ar\/wp-content\/uploads\/2018\/05\/justicia-326x245.jpg",326,245,true],"mh-magazine-small":["https:\/\/www.comuna13online.com.ar\/wp-content\/uploads\/2018\/05\/justicia-80x60.jpg",80,60,true],"sow-carousel-default":["https:\/\/www.comuna13online.com.ar\/wp-content\/uploads\/2018\/05\/justicia-272x182.jpg",272,182,true]},"uagb_author_info":{"display_name":"Comuna13","author_link":"https:\/\/www.comuna13online.com.ar\/?author=1"},"uagb_comment_info":0,"uagb_excerpt":"Por un fallo de la justicia, el Gobierno porte\u00f1o indemnizar con 160 mil pesos por da\u00f1o resarcible y da\u00f1o moral, a un alumno que se accident\u00f3 en una escuela p\u00fablica. [...]","jetpack_sharing_enabled":true,"_links":{"self":[{"href":"https:\/\/www.comuna13online.com.ar\/index.php?rest_route=\/wp\/v2\/posts\/1470","targetHints":{"allow":["GET"]}}],"collection":[{"href":"https:\/\/www.comuna13online.com.ar\/index.php?rest_route=\/wp\/v2\/posts"}],"about":[{"href":"https:\/\/www.comuna13online.com.ar\/index.php?rest_route=\/wp\/v2\/types\/post"}],"author":[{"embeddable":true,"href":"https:\/\/www.comuna13online.com.ar\/index.php?rest_route=\/wp\/v2\/users\/1"}],"replies":[{"embeddable":true,"href":"https:\/\/www.comuna13online.com.ar\/index.php?rest_route=%2Fwp%2Fv2%2Fcomments&post=1470"}],"version-history":[{"count":0,"href":"https:\/\/www.comuna13online.com.ar\/index.php?rest_route=\/wp\/v2\/posts\/1470\/revisions"}],"wp:featuredmedia":[{"embeddable":true,"href":"https:\/\/www.comuna13online.com.ar\/index.php?rest_route=\/wp\/v2\/media\/1471"}],"wp:attachment":[{"href":"https:\/\/www.comuna13online.com.ar\/index.php?rest_route=%2Fwp%2Fv2%2Fmedia&parent=1470"}],"wp:term":[{"taxonomy":"category","embeddable":true,"href":"https:\/\/www.comuna13online.com.ar\/index.php?rest_route=%2Fwp%2Fv2%2Fcategories&post=1470"},{"taxonomy":"post_tag","embeddable":true,"href":"https:\/\/www.comuna13online.com.ar\/index.php?rest_route=%2Fwp%2Fv2%2Ftags&post=1470"}],"curies":[{"name":"wp","href":"https:\/\/api.w.org\/{rel}","templated":true}]}}