{"id":14694,"date":"2022-01-07T15:22:43","date_gmt":"2022-01-07T18:22:43","guid":{"rendered":"http:\/\/www.comuna13online.com.ar\/?p=14694"},"modified":"2022-01-07T15:22:47","modified_gmt":"2022-01-07T18:22:47","slug":"ante-el-avance-de-la-variante-omicron-la-ciudad-acelera-el-ritmo-de-vacunacion","status":"publish","type":"post","link":"https:\/\/www.comuna13online.com.ar\/?p=14694","title":{"rendered":"Ante el avance de la variante Omicron, la Ciudad acelera el ritmo de vacunaci\u00f3n"},"content":{"rendered":"\n<p><strong>Horacio Rodriguez Larreta anunci\u00f3 la apertura de nuevos centros de vacunaci\u00f3n, \u201ces fundamental que todos nos vacunemos\u201d enfatiz\u00f3. Se abrir\u00e1n 3 nuevos vacunatorios en escuelas y se ampliar\u00e1n 3 existentes.<\/strong><\/p>\n\n\n\n<figure class=\"wp-block-image size-full\"><img loading=\"lazy\" decoding=\"async\" width=\"678\" height=\"452\" data-attachment-id=\"14704\" data-permalink=\"https:\/\/www.comuna13online.com.ar\/?attachment_id=14704\" data-orig-file=\"https:\/\/www.comuna13online.com.ar\/wp-content\/uploads\/2022\/01\/20220107b_04.jpg\" data-orig-size=\"678,452\" data-comments-opened=\"0\" data-image-meta=\"{&quot;aperture&quot;:&quot;0&quot;,&quot;credit&quot;:&quot;&quot;,&quot;camera&quot;:&quot;&quot;,&quot;caption&quot;:&quot;&quot;,&quot;created_timestamp&quot;:&quot;0&quot;,&quot;copyright&quot;:&quot;&quot;,&quot;focal_length&quot;:&quot;0&quot;,&quot;iso&quot;:&quot;0&quot;,&quot;shutter_speed&quot;:&quot;0&quot;,&quot;title&quot;:&quot;&quot;,&quot;orientation&quot;:&quot;0&quot;}\" data-image-title=\"20220107b_04\" data-image-description=\"\" data-image-caption=\"\" data-large-file=\"https:\/\/www.comuna13online.com.ar\/wp-content\/uploads\/2022\/01\/20220107b_04.jpg\" src=\"http:\/\/www.comuna13online.com.ar\/wp-content\/uploads\/2022\/01\/20220107b_04.jpg\" alt=\"\" class=\"wp-image-14704\" srcset=\"https:\/\/www.comuna13online.com.ar\/wp-content\/uploads\/2022\/01\/20220107b_04.jpg 678w, https:\/\/www.comuna13online.com.ar\/wp-content\/uploads\/2022\/01\/20220107b_04-272x182.jpg 272w\" sizes=\"auto, (max-width: 678px) 100vw, 678px\" \/><figcaption><strong><sup><span style=\"color:#777777\" class=\"has-inline-color\">De la conferencia tambi\u00e9n participaron el jefe de Gabinete porte\u00f1o, Felipe Miguel; y el ministro de Salud, Fern\u00e1n Quir\u00f3s.<\/span><\/sup><\/strong><\/figcaption><\/figure>\n\n\n\n<p>El jefe de Gobierno porte\u00f1o,\u00a0Horacio Rodr\u00edguez Larreta, brind\u00f3 una conferencia de prensa en la que dio detalles de la situaci\u00f3n sanitaria en la Ciudad. Anunci\u00f3 que se acelerar\u00e1 la vacunaci\u00f3n con nuevos centros en escuelas y se ampliar\u00e1 la capacidad del sistema de testeos, <strong><em>\u201cEs fundamental que todos nos vacunemos\u201d<\/em><\/strong> dijo.<\/p>\n\n\n\n<p>En el marco de la emergencia sanitaria por COVID-19, la Ciudad profundiza las pol\u00edticas sanitarias en base a dos ejes centrales: el avance del Plan de Vacunaci\u00f3n y la estrategia de testeo inteligente. En esa l\u00ednea,\u00a0<strong>se abrir\u00e1n 3 nuevos vacunatorios en escuelas y se ampliar\u00e1n 3 sedes existentes<\/strong>\u00a0que permitir\u00e1n acelerar la aplicaci\u00f3n de la dosis de refuerzo con\u00a0<strong>36 mil turnos semanales adicionales<\/strong>. Adem\u00e1s, desde este jueves reabri\u00f3 el DetectAR del Teatro Col\u00f3n, este viernes se sumar\u00e1n 7 Unidades M\u00f3viles y el lunes comenzar\u00e1 a funcionar un nuevo centro en Chacarita que podr\u00e1 realizar 2 mil evaluaciones por diarias.<\/p>\n\n\n\n<p><em>\u201cActualmente m\u00e1s del 92% de los porte\u00f1os tiene al menos una dosis, el 86% tiene la segunda y el 22% ya cuenta con la de refuerzo\u201d<\/em>, detall\u00f3 Larreta y explic\u00f3 <em>\u201cla Ciudad se aplica la dosis de refuerzo tras un intervalo de cuatro meses respecto del segundo componente. Y a lo largo de enero nos contactaremos con todas las personas que hayan cumplido ese plazo y se les brindar\u00e1 el turno correspondiente\u201d<\/em>.<\/p>\n\n\n\n<p>En ese sentido, inform\u00f3 <em>\u201c<strong>quienes est\u00e9n esperando la segunda o tercera dosis<\/strong> y se les haya vencido el enlace para sacar el turno, a partir del 14 de enero van a <strong>obtener uno nuevo escribiendo a trav\u00e9s de Boti<\/strong>, el chat de la Ciudad\u201d<\/em>, y complet\u00f3: <strong><em>\u201cHasta esa fecha vamos a estar contact\u00e1ndolos para que tomen el turno\u201d<\/em><\/strong>.<\/p>\n\n\n\n<p>En cuanto a los testeos, el primer mandatario porte\u00f1o dijo que <em>\u201cen las \u00faltimas semanas la Ciudad aument\u00f3 de manera gradual la capacidad de los distintos dispositivos\u201d<\/em>, y argument\u00f3 que <em>\u201cse registr\u00f3 un r\u00e9cord de 51.400 testeos en dispositivos p\u00fablicos en una sola jornada y el lunes se hicieron el 50% de todos los testeos realizados a nivel nacional, cuando la poblaci\u00f3n de la Ciudad representa solo el 7% del pa\u00eds\u201d<\/em>.<\/p>\n\n\n\n<p>Adem\u00e1s se refiri\u00f3 a la demora en la entrega de los resultados PCR que puede demorar hasta 96 horas, anunci\u00f3 la apertura de <strong><em>\u201cun nuevo canal de contacto v\u00eda mail para aquellas personas que tuvieron dificultades para obtener el resultado\u201d<\/em><\/strong>, las cuales podr\u00e1n escribir a la casilla <strong><span class=\"has-inline-color has-vivid-cyan-blue-color\">consultatesteocovid@buenosaires.gob.ar<\/span><\/strong>.<\/p>\n\n\n\n<p><\/p>\n<div align=\"center\">\n<blockquote class=\"twitter-tweet\"><p lang=\"es\" dir=\"ltr\">\u2757 [IMPORTANTE]<br> <br>? Reabre el DetectAR del Teatro Col\u00f3n y hay nuevas Unidades de Testeo M\u00f3vil.<br>? Se lanz\u00f3 un nuevo canal de comunicaci\u00f3n: consultatesteocovid@buenosaires.gob.ar.<br>? Si cumpliste con el intervalo de 4 meses, en enero vas a recibir turno para la tercera dosis. <a href=\"https:\/\/t.co\/Ydk87LMG4p\">pic.twitter.com\/Ydk87LMG4p<\/a><\/p>&mdash; Buenos Aires Ciudad ??\u200d\u2642\ufe0f\u2194\ufe0f??\u200d\u2640\ufe0f (@gcba) <a href=\"https:\/\/twitter.com\/gcba\/status\/1479234475632390145?ref_src=twsrc%5Etfw\">January 6, 2022<\/a><\/blockquote> <script async src=\"https:\/\/platform.twitter.com\/widgets.js\" charset=\"utf-8\"><\/script>\n<\/div>\n<p><\/p>\n\n\n\n<h3 class=\"wp-block-heading\"><strong>Avance del Plan de Vacunaci\u00f3n contra el COVID-19<\/strong><\/h3>\n\n\n\n<p>Desde el inicio del Plan de Vacunaci\u00f3n, en la Ciudad&nbsp;<strong>se aplicaron 6.101.684 dosis<\/strong>. Hasta el momento, 2.800.246 personas,&nbsp;<strong>el 92% de los porte\u00f1os<\/strong>, tienen al menos una dosis. De ese total, 2.632.292, es decir,&nbsp;<strong>el 86% de la poblaci\u00f3n<\/strong>, se administr\u00f3 el segundo componente o recibi\u00f3 CanSino (monodosis). Adem\u00e1s, 669.146 vecinos, que representan&nbsp;<strong>el 22%<\/strong>, ya cuentan con la dosis de refuerzo.<\/p>\n\n\n\n<p>En la jornada de ayer, 28.047 porte\u00f1os recibieron una vacuna, para hoy se disponibilizaron m\u00e1s de 29 mil citas y para ma\u00f1ana ascienden a m\u00e1s de 30 mil. Contin\u00faa abierta la inscripci\u00f3n online para todas las personas de 3 a\u00f1os en adelante.<\/p>\n\n\n\n<p>Al igual que para obtener el turno para el segundo componente, en el caso de la dosis de refuerzo no es necesario volver a empadronarse. Por eso, la Ciudad le recomienda a los vecinos estar atentos a las v\u00edas de contacto proporcionadas al momento de completar el formulario de inscripci\u00f3n para recibir la primera dosis. De igual manera, se reenviar\u00e1 el link personalizado para solicitar el turno en varias oportunidades hasta que puedan reservarlo de manera exitosa.<\/p>\n\n\n\n<p>Asimismo, desde el 14 de enero quienes se encuentran a la espera del segundo componente o la dosis de refuerzo y no pudieron solicitar correctamente el turno, tendr\u00e1n la posibilidad de obtener uno nuevo link enviandole un mensaje a Boti, el WhatsApp de la Ciudad, o accediendo al chat a trav\u00e9s de la web.<\/p>\n\n\n\n<figure class=\"wp-block-image size-full\"><img loading=\"lazy\" decoding=\"async\" width=\"678\" height=\"452\" data-attachment-id=\"14705\" data-permalink=\"https:\/\/www.comuna13online.com.ar\/?attachment_id=14705\" data-orig-file=\"https:\/\/www.comuna13online.com.ar\/wp-content\/uploads\/2022\/01\/20220107b_02.jpg\" data-orig-size=\"678,452\" data-comments-opened=\"0\" data-image-meta=\"{&quot;aperture&quot;:&quot;0&quot;,&quot;credit&quot;:&quot;&quot;,&quot;camera&quot;:&quot;&quot;,&quot;caption&quot;:&quot;&quot;,&quot;created_timestamp&quot;:&quot;0&quot;,&quot;copyright&quot;:&quot;&quot;,&quot;focal_length&quot;:&quot;0&quot;,&quot;iso&quot;:&quot;0&quot;,&quot;shutter_speed&quot;:&quot;0&quot;,&quot;title&quot;:&quot;&quot;,&quot;orientation&quot;:&quot;0&quot;}\" data-image-title=\"20220107b_02\" data-image-description=\"\" data-image-caption=\"\" data-large-file=\"https:\/\/www.comuna13online.com.ar\/wp-content\/uploads\/2022\/01\/20220107b_02.jpg\" src=\"http:\/\/www.comuna13online.com.ar\/wp-content\/uploads\/2022\/01\/20220107b_02.jpg\" alt=\"\" class=\"wp-image-14705\" srcset=\"https:\/\/www.comuna13online.com.ar\/wp-content\/uploads\/2022\/01\/20220107b_02.jpg 678w, https:\/\/www.comuna13online.com.ar\/wp-content\/uploads\/2022\/01\/20220107b_02-272x182.jpg 272w\" sizes=\"auto, (max-width: 678px) 100vw, 678px\" \/><\/figure>\n\n\n\n<h3 class=\"wp-block-heading\"><strong>Aumento en la capacidad del sistema de testeos<\/strong><\/h3>\n\n\n\n<p>Desde el inicio de la emergencia sanitaria ya se realizaron m\u00e1s de 7.6 millones de testeos por COVID-19, entre el sistema de salud p\u00fablico y privado. Desde el lunes, con la apertura de Chacarita, el GCBA contar\u00e1 con un total de 52 centros y 15 Unidades M\u00f3viles.<\/p>\n\n\n\n<p>Para asistir a los grandes centros \u2014con excepci\u00f3n de Chacarita que recibir\u00e1 \u00fanicamente personas derivadas desde las UFU\u2019s\u2014, es necesario solicitar un turno online a trav\u00e9s del sitio web oficial del GCBA (buenosaires.gob.ar\/test). Los otros puntos contin\u00faan funcionando con demanda espont\u00e1nea.<\/p>\n\n\n\n<p>Entendiendo que los testeos son fundamentales para mitigar los contagios de coronavirus, el n\u00famero de centros disponibles y su capacidad var\u00eda en coincidencia con el avance de la situaci\u00f3n sanitaria. El objetivo es garantizar la atenci\u00f3n p\u00fablica de calidad de todos los vecinos en cada etapa e identificar los casos de manera temprana.<\/p>\n\n\n\n<p><strong>Quien considere que debe testarse por coronavirus puede acercarse al dispositivo m\u00e1s cercano:<\/strong><\/p>\n\n\n\n<ul class=\"wp-block-list\"><li>Personas sin s\u00edntomas: grandes centros, dispositivos DetectAR y Unidades M\u00f3viles.<\/li><li>Personas con s\u00edntomas: Unidades Febriles de Urgencia.<\/li><\/ul>\n\n\n\n<h3 class=\"wp-block-heading\"><strong>Canales de consulta de los resultados de los test<\/strong><\/h3>\n\n\n\n<p>En respuesta al aumento de la demanda, se ampliaron los canales habilitados para consultar el resultado del test:<\/p>\n\n\n\n<ul class=\"wp-block-list\"><li>Mail: consultatesteocovid@buenosaires.gob.ar, en el asunto se debe aclarar el tipo de test seg\u00fan corresponda: ant\u00edgeno o PCR.<\/li><li>Boti: a trav\u00e9s del chat de la web del GCBA o en su versi\u00f3n WhatsApp (11 5050-0147).<\/li><\/ul>\n\n\n\n<figure class=\"wp-block-image size-large is-resized\"><img loading=\"lazy\" decoding=\"async\" data-attachment-id=\"99\" data-permalink=\"https:\/\/www.comuna13online.com.ar\/?attachment_id=99\" data-orig-file=\"https:\/\/www.comuna13online.com.ar\/wp-content\/uploads\/2017\/12\/line.jpg\" data-orig-size=\"678,1\" data-comments-opened=\"0\" data-image-meta=\"{&quot;aperture&quot;:&quot;0&quot;,&quot;credit&quot;:&quot;&quot;,&quot;camera&quot;:&quot;&quot;,&quot;caption&quot;:&quot;&quot;,&quot;created_timestamp&quot;:&quot;0&quot;,&quot;copyright&quot;:&quot;&quot;,&quot;focal_length&quot;:&quot;0&quot;,&quot;iso&quot;:&quot;0&quot;,&quot;shutter_speed&quot;:&quot;0&quot;,&quot;title&quot;:&quot;&quot;,&quot;orientation&quot;:&quot;0&quot;}\" data-image-title=\"line\" data-image-description=\"\" data-image-caption=\"\" data-large-file=\"https:\/\/www.comuna13online.com.ar\/wp-content\/uploads\/2017\/12\/line.jpg\" src=\"http:\/\/www.comuna13online.com.ar\/wp-content\/uploads\/2017\/12\/line.jpg\" alt=\"\" class=\"wp-image-99\" width=\"678\" height=\"1\" srcset=\"https:\/\/www.comuna13online.com.ar\/wp-content\/uploads\/2017\/12\/line.jpg 678w, https:\/\/www.comuna13online.com.ar\/wp-content\/uploads\/2017\/12\/line-150x1.jpg 150w, https:\/\/www.comuna13online.com.ar\/wp-content\/uploads\/2017\/12\/line-326x1.jpg 326w, https:\/\/www.comuna13online.com.ar\/wp-content\/uploads\/2017\/12\/line-80x1.jpg 80w, https:\/\/www.comuna13online.com.ar\/wp-content\/uploads\/2017\/12\/line-272x1.jpg 272w\" sizes=\"auto, (max-width: 678px) 100vw, 678px\" \/><\/figure>\n\n\n\n<figure class=\"wp-block-image size-full\"><img loading=\"lazy\" decoding=\"async\" width=\"678\" height=\"180\" data-attachment-id=\"8918\" data-permalink=\"https:\/\/www.comuna13online.com.ar\/?attachment_id=8918\" data-orig-file=\"https:\/\/www.comuna13online.com.ar\/wp-content\/uploads\/2020\/04\/corona2.jpg\" data-orig-size=\"678,180\" data-comments-opened=\"0\" data-image-meta=\"{&quot;aperture&quot;:&quot;0&quot;,&quot;credit&quot;:&quot;&quot;,&quot;camera&quot;:&quot;&quot;,&quot;caption&quot;:&quot;&quot;,&quot;created_timestamp&quot;:&quot;0&quot;,&quot;copyright&quot;:&quot;&quot;,&quot;focal_length&quot;:&quot;0&quot;,&quot;iso&quot;:&quot;0&quot;,&quot;shutter_speed&quot;:&quot;0&quot;,&quot;title&quot;:&quot;&quot;,&quot;orientation&quot;:&quot;0&quot;}\" data-image-title=\"corona2\" data-image-description=\"\" data-image-caption=\"\" data-large-file=\"https:\/\/www.comuna13online.com.ar\/wp-content\/uploads\/2020\/04\/corona2.jpg\" src=\"http:\/\/www.comuna13online.com.ar\/wp-content\/uploads\/2020\/04\/corona2.jpg\" alt=\"\" class=\"wp-image-8918\"\/><\/figure>\n","protected":false},"excerpt":{"rendered":"<div class=\"mh-excerpt\">Horacio Rodriguez Larreta anunci\u00f3 la apertura de nuevos centros de vacunaci\u00f3n, \u201ces fundamental que todos nos vacunemos\u201d enfatiz\u00f3. Se abrir\u00e1n 3 nuevos vacunatorios en escuelas y se ampliar\u00e1n 3 existentes. <a class=\"mh-excerpt-more\" href=\"https:\/\/www.comuna13online.com.ar\/?p=14694\" title=\"Ante el avance de la variante Omicron, la Ciudad acelera el ritmo de vacunaci\u00f3n\">[&#8230;]<\/a><\/div>\n","protected":false},"author":1,"featured_media":14706,"comment_status":"closed","ping_status":"closed","sticky":false,"template":"","format":"standard","meta":{"_uag_custom_page_level_css":"","_jetpack_memberships_contains_paid_content":false,"footnotes":"","jetpack_publicize_message":"","jetpack_publicize_feature_enabled":true,"jetpack_social_post_already_shared":true,"jetpack_social_options":{"image_generator_settings":{"template":"highway","default_image_id":0,"font":"","enabled":false},"version":2}},"categories":[44],"tags":[271,250,296,45],"class_list":{"0":"post-14694","1":"post","2":"type-post","3":"status-publish","4":"format-standard","5":"has-post-thumbnail","7":"category-salud","8":"tag-coronavirus","9":"tag-h2","10":"tag-h3","11":"tag-salud"},"jetpack_publicize_connections":[],"jetpack_featured_media_url":"https:\/\/www.comuna13online.com.ar\/wp-content\/uploads\/2022\/01\/20220107b_id.jpg","uagb_featured_image_src":{"full":["https:\/\/www.comuna13online.com.ar\/wp-content\/uploads\/2022\/01\/20220107b_id.jpg",678,452,false],"thumbnail":["https:\/\/www.comuna13online.com.ar\/wp-content\/uploads\/2022\/01\/20220107b_id.jpg",128,85,false],"medium":["https:\/\/www.comuna13online.com.ar\/wp-content\/uploads\/2022\/01\/20220107b_id.jpg",678,452,false],"medium_large":["https:\/\/www.comuna13online.com.ar\/wp-content\/uploads\/2022\/01\/20220107b_id.jpg",678,452,false],"large":["https:\/\/www.comuna13online.com.ar\/wp-content\/uploads\/2022\/01\/20220107b_id.jpg",678,452,false],"1536x1536":["https:\/\/www.comuna13online.com.ar\/wp-content\/uploads\/2022\/01\/20220107b_id.jpg",678,452,false],"2048x2048":["https:\/\/www.comuna13online.com.ar\/wp-content\/uploads\/2022\/01\/20220107b_id.jpg",678,452,false],"mh-magazine-slider":["https:\/\/www.comuna13online.com.ar\/wp-content\/uploads\/2022\/01\/20220107b_id-678x438.jpg",678,438,true],"mh-magazine-content":["https:\/\/www.comuna13online.com.ar\/wp-content\/uploads\/2022\/01\/20220107b_id-678x381.jpg",678,381,true],"mh-magazine-large":["https:\/\/www.comuna13online.com.ar\/wp-content\/uploads\/2022\/01\/20220107b_id.jpg",678,452,false],"mh-magazine-medium":["https:\/\/www.comuna13online.com.ar\/wp-content\/uploads\/2022\/01\/20220107b_id-326x245.jpg",326,245,true],"mh-magazine-small":["https:\/\/www.comuna13online.com.ar\/wp-content\/uploads\/2022\/01\/20220107b_id-80x60.jpg",80,60,true],"sow-carousel-default":["https:\/\/www.comuna13online.com.ar\/wp-content\/uploads\/2022\/01\/20220107b_id-272x182.jpg",272,182,true]},"uagb_author_info":{"display_name":"Comuna13","author_link":"https:\/\/www.comuna13online.com.ar\/?author=1"},"uagb_comment_info":0,"uagb_excerpt":"Horacio Rodriguez Larreta anunci\u00f3 la apertura de nuevos centros de vacunaci\u00f3n, \u201ces fundamental que todos nos vacunemos\u201d enfatiz\u00f3. Se abrir\u00e1n 3 nuevos vacunatorios en escuelas y se ampliar\u00e1n 3 existentes. [...]","jetpack_sharing_enabled":true,"_links":{"self":[{"href":"https:\/\/www.comuna13online.com.ar\/index.php?rest_route=\/wp\/v2\/posts\/14694","targetHints":{"allow":["GET"]}}],"collection":[{"href":"https:\/\/www.comuna13online.com.ar\/index.php?rest_route=\/wp\/v2\/posts"}],"about":[{"href":"https:\/\/www.comuna13online.com.ar\/index.php?rest_route=\/wp\/v2\/types\/post"}],"author":[{"embeddable":true,"href":"https:\/\/www.comuna13online.com.ar\/index.php?rest_route=\/wp\/v2\/users\/1"}],"replies":[{"embeddable":true,"href":"https:\/\/www.comuna13online.com.ar\/index.php?rest_route=%2Fwp%2Fv2%2Fcomments&post=14694"}],"version-history":[{"count":0,"href":"https:\/\/www.comuna13online.com.ar\/index.php?rest_route=\/wp\/v2\/posts\/14694\/revisions"}],"wp:featuredmedia":[{"embeddable":true,"href":"https:\/\/www.comuna13online.com.ar\/index.php?rest_route=\/wp\/v2\/media\/14706"}],"wp:attachment":[{"href":"https:\/\/www.comuna13online.com.ar\/index.php?rest_route=%2Fwp%2Fv2%2Fmedia&parent=14694"}],"wp:term":[{"taxonomy":"category","embeddable":true,"href":"https:\/\/www.comuna13online.com.ar\/index.php?rest_route=%2Fwp%2Fv2%2Fcategories&post=14694"},{"taxonomy":"post_tag","embeddable":true,"href":"https:\/\/www.comuna13online.com.ar\/index.php?rest_route=%2Fwp%2Fv2%2Ftags&post=14694"}],"curies":[{"name":"wp","href":"https:\/\/api.w.org\/{rel}","templated":true}]}}