{"id":14690,"date":"2023-01-23T07:33:00","date_gmt":"2023-01-23T10:33:00","guid":{"rendered":"http:\/\/www.comuna13online.com.ar\/?p=14690"},"modified":"2023-01-02T17:43:23","modified_gmt":"2023-01-02T20:43:23","slug":"donde-y-cuando-estan-las-ferias-en-nuestra-comuna","status":"publish","type":"post","link":"https:\/\/www.comuna13online.com.ar\/?p=14690","title":{"rendered":"Cu\u00e1ndo y d\u00f3nde est\u00e1n las Ferias en nuestra Comuna"},"content":{"rendered":"\n<p><strong>Las Ferias Itinerantes de la Ciudad recorren los diferentes barrios porte\u00f1os para ofrecer productos saludables de buena calidad a un precio m\u00e1s que conveniente. Hay descuentos de hasta un 50%.<\/strong><\/p>\n\n\n\n<div style=\"height:15px\" aria-hidden=\"true\" class=\"wp-block-spacer\"><\/div>\n\n\n\n<figure class=\"wp-block-image size-full\"><img loading=\"lazy\" decoding=\"async\" width=\"678\" height=\"452\" data-attachment-id=\"9686\" data-permalink=\"https:\/\/www.comuna13online.com.ar\/?attachment_id=9686\" data-orig-file=\"https:\/\/www.comuna13online.com.ar\/wp-content\/uploads\/2020\/05\/20200515e3.jpg\" data-orig-size=\"678,452\" data-comments-opened=\"0\" data-image-meta=\"{&quot;aperture&quot;:&quot;0&quot;,&quot;credit&quot;:&quot;&quot;,&quot;camera&quot;:&quot;&quot;,&quot;caption&quot;:&quot;&quot;,&quot;created_timestamp&quot;:&quot;0&quot;,&quot;copyright&quot;:&quot;&quot;,&quot;focal_length&quot;:&quot;0&quot;,&quot;iso&quot;:&quot;0&quot;,&quot;shutter_speed&quot;:&quot;0&quot;,&quot;title&quot;:&quot;&quot;,&quot;orientation&quot;:&quot;0&quot;}\" data-image-title=\"20200515e3\" data-image-description=\"\" data-image-caption=\"\" data-large-file=\"https:\/\/www.comuna13online.com.ar\/wp-content\/uploads\/2020\/05\/20200515e3-657x438.jpg\" src=\"http:\/\/www.comuna13online.com.ar\/wp-content\/uploads\/2020\/05\/20200515e3.jpg\" alt=\"\" class=\"wp-image-9686\" srcset=\"https:\/\/www.comuna13online.com.ar\/wp-content\/uploads\/2020\/05\/20200515e3.jpg 678w, https:\/\/www.comuna13online.com.ar\/wp-content\/uploads\/2020\/05\/20200515e3-657x438.jpg 657w, https:\/\/www.comuna13online.com.ar\/wp-content\/uploads\/2020\/05\/20200515e3-272x182.jpg 272w\" sizes=\"auto, (max-width: 678px) 100vw, 678px\" \/><\/figure>\n\n\n\n<div style=\"height:25px\" aria-hidden=\"true\" class=\"wp-block-spacer\"><\/div>\n\n\n\n<p>Las&nbsp;<strong>Ferias de la Ciudad<\/strong>&nbsp;cuenta con comercios donde los vecinos consiguen <strong>productos saludables<\/strong>, <strong>cerca del hogar <\/strong>y a un <strong>precio <\/strong>muy econ\u00f3mico, concertado entre los feriantes y la Direcci\u00f3n General de Ferias y Mercados, se ofrece 100 productos con descuentos de un 50% promedio. Adem\u00e1s, hay <strong>un 20% de dto. con un tope de hasta $1000 mensual<\/strong>, los <strong>d\u00edas martes, jueves y s\u00e1bados<\/strong> con la <strong>tarjeta de d\u00e9bito del Banco Ciudad<\/strong><\/p>\n\n\n\n<p>Las ferias&nbsp;<strong>funcionan de 8 a 14 horas con excepciones<\/strong>, Se pueden consultar los precios concertados aqu\u00ed:<\/p>\n\n\n\n<ul class=\"wp-block-list\">\n<li><a rel=\"noreferrer noopener\" href=\"https:\/\/www.buenosaires.gob.ar\/sites\/gcaba\/files\/concertacion_26-12-2022.pdf\" target=\"_blank\">Listado de precios <\/a><a rel=\"noreferrer noopener\" href=\"https:\/\/www.buenosaires.gob.ar\/sites\/gcaba\/files\/concertacion_26-12-2022.pdf\" target=\"_blank\">c<\/a><a rel=\"noreferrer noopener\" href=\"https:\/\/www.buenosaires.gob.ar\/sites\/gcaba\/files\/concertacion_26-12-2022.pdf\" target=\"_blank\">o<\/a><a rel=\"noreferrer noopener\" href=\"https:\/\/www.buenosaires.gob.ar\/sites\/gcaba\/files\/concertacion_26-12-2022.pdf\" target=\"_blank\">n<\/a><a rel=\"noreferrer noopener\" href=\"https:\/\/www.buenosaires.gob.ar\/sites\/gcaba\/files\/concertacion_26-12-2022.pdf\" target=\"_blank\">c<\/a><a rel=\"noreferrer noopener\" href=\"https:\/\/www.buenosaires.gob.ar\/sites\/gcaba\/files\/concertacion_26-12-2022.pdf\" target=\"_blank\">e<\/a><a rel=\"noreferrer noopener\" href=\"https:\/\/www.buenosaires.gob.ar\/sites\/gcaba\/files\/concertacion_26-12-2022.pdf\" target=\"_blank\">r<\/a><a rel=\"noreferrer noopener\" href=\"https:\/\/www.buenosaires.gob.ar\/sites\/gcaba\/files\/concertacion_26-12-2022.pdf\" target=\"_blank\">t<\/a><a rel=\"noreferrer noopener\" href=\"https:\/\/www.buenosaires.gob.ar\/sites\/gcaba\/files\/concertacion_26-12-2022.pdf\" target=\"_blank\">a<\/a><a rel=\"noreferrer noopener\" href=\"https:\/\/www.buenosaires.gob.ar\/sites\/gcaba\/files\/concertacion_26-12-2022.pdf\" target=\"_blank\">d<\/a><a rel=\"noreferrer noopener\" href=\"https:\/\/www.buenosaires.gob.ar\/sites\/gcaba\/files\/concertacion_26-12-2022.pdf\" target=\"_blank\">o<\/a><a rel=\"noreferrer noopener\" href=\"https:\/\/www.buenosaires.gob.ar\/sites\/gcaba\/files\/concertacion_26-12-2022.pdf\" target=\"_blank\">s<\/a><\/li>\n<\/ul>\n\n\n\n<p>En las&nbsp;<strong>Ferias de la Ciudad<\/strong>&nbsp;pod\u00e9s comprar: frutas, verduras y hortalizas; carnes vacunas, porcinas, ovinas, y tambi\u00e9n sus derivados, como achuras y embutidos; productos de granja; pescados y mariscos; l\u00e1cteos, fiambres; pastas frescas; productos de almac\u00e9n; aceites; y bebidas no alcoh\u00f3licas.<\/p>\n\n\n\n<p>Tambi\u00e9n se pueden encontrar productos naturistas, diet\u00e9ticos, org\u00e1nicos, envasados o a granel; panader\u00eda y confiter\u00eda; especias, cereales, legumbres, encurtidos y hierbas para infusiones; art\u00edculos de limpieza y bazar; plantas naturales y artificiales; y productos y alimentos para mascotas.<\/p>\n\n\n\n<p>Por otro lado, el gobierno porte\u00f1o desarroll\u00f3 la aplicaci\u00f3n <strong>BA Ferias<\/strong>, con los precios de los productos y las ubicaciones y horarios de las ferias itinerantes de la Ciudad. Est\u00e1 disponible para <a rel=\"noreferrer noopener\" href=\"https:\/\/apps.apple.com\/us\/app\/ba-ferias\/id996555979?l=es&amp;ls=1\" target=\"_blank\">iPhone<\/a> y <a rel=\"noreferrer noopener\" href=\"https:\/\/play.google.com\/store\/apps\/details?id=ar.gob.buenosaires.baferias\" target=\"_blank\">Android<\/a>.<\/p>\n\n\n\n<div style=\"height:20px\" aria-hidden=\"true\" class=\"wp-block-spacer\"><\/div>\n\n\n\n<h3 class=\"wp-block-heading\">Ubicaciones y horarios de las Ferias en la Comuna 13<\/h3>\n\n\n\n<p><\/p>\n\n\n\n<h4 class=\"wp-block-heading\">Martes<\/h4>\n\n\n\n<p>\u2022 FIAB 4 <strong>Nu\u00f1ez<\/strong> <a href=\"https:\/\/www.google.com\/maps\/place\/Cuba+4400,+C1429AYH+CABA\/data=!4m2!3m1!1s0x95bcb6a242ffac79:0xcdae35fbc20f66dd?sa=X&amp;ved=2ahUKEwiZk6bUzJ31AhXNqpUCHfIiDSsQ8gF6BAgWEAE\" target=\"_blank\" rel=\"noreferrer noopener\">Cuba 4400<\/a> entre Arias y Ramallo y Ramallo 2100 entre Cuba y Arcos. Horario de 8 a 14 h.<br>\u2022 FIAB 9 <strong>Belgrano<\/strong> <a href=\"https:\/\/www.google.com\/maps\/place\/O'Higgins+2600,+C1428AGP+CABA\/@-34.5551653,-58.4591843,17z\/data=!3m1!4b1!4m5!3m4!1s0x95bcb42c72775d2b:0xff95e22d1ad2f4b6!8m2!3d-34.5551653!4d-58.4569956\" data-type=\"URL\" data-id=\"https:\/\/www.google.com\/maps\/place\/O'Higgins+2600,+C1428AGP+CABA\/@-34.5551653,-58.4591843,17z\/data=!3m1!4b1!4m5!3m4!1s0x95bcb42c72775d2b:0xff95e22d1ad2f4b6!8m2!3d-34.5551653!4d-58.4569956\" target=\"_blank\" rel=\"noreferrer noopener\">O\u00b4Higgins 2600<\/a> entre Manuel Ugarte y Roosvelt &#8211; <strong>Plaza Alberti<\/strong>. Horario de 8 a 14 h.<\/p>\n\n\n\n<h4 class=\"wp-block-heading\">Mi\u00e9rcoles<\/h4>\n\n\n\n<p>\u2022 FIAB 9 <strong>Belgrano<\/strong> <a rel=\"noreferrer noopener\" href=\"https:\/\/www.google.com\/maps\/place\/Dragones+1700,+C1428AZB+CABA\/data=!4m2!3m1!1s0x95bcb5b56ad4c09b:0x9eba25ba52714435?sa=X&amp;ved=2ahUKEwi9oLnmzJ31AhW_qpUCHfw7DygQ8gF6BAgbEAE\" target=\"_blank\">Dragones 1700<\/a> entre La Pampa y Av. Valent\u00edn Alsina. Horario de 8 a 14 h.<br>\u2022 FIAB 25 <strong>Nu\u00f1ez<\/strong> <a rel=\"noreferrer noopener\" href=\"https:\/\/www.google.com\/maps\/place\/Manzanares+2300,+C1429CUJ+CABA\/data=!4m2!3m1!1s0x95bcb69950696411:0x88cb5cfda3b3176f?sa=X&amp;ved=2ahUKEwi3yObtzJ31AhWGqZUCHb33DfoQ8gF6BAgWEAE\" target=\"_blank\">Manzanares 2300<\/a> entre Av. Cabildo y Vuelta de Obligado &#8211; <strong>Plaza Balcarce<\/strong>. Horario de 8 a 14 h.<br>\u2022 FIAB 2 <strong>Colegiales<\/strong> <a rel=\"noreferrer noopener\" href=\"https:\/\/www.google.com\/maps\/place\/Conde+200,+Buenos+Aires\/data=!4m2!3m1!1s0x95bcb5ebe16ad1b7:0xd6d997f2654b9878?sa=X&amp;ved=2ahUKEwjxgZD1zJ31AhVzqpUCHaCUCawQ8gF6BAgSEAE\" target=\"_blank\">Conde 200 <\/a>entre Santos Dumont y Concepci\u00f3n Arenal &#8211; <strong>Plaza Mafalda<\/strong>. Horario de 8 a 14 h.<br>\u2022 FIAB 33 <strong>Belgrano<\/strong> <a rel=\"noreferrer noopener\" href=\"https:\/\/www.google.com\/maps\/place\/Av.+Virrey+V%C3%A9rtiz+%26+Av.+Juramento,+Buenos+Aires\/data=!4m2!3m1!1s0x95bcb5cd43f5ff79:0xb248e32879635547?sa=X&amp;ved=2ahUKEwjt8taCzZ31AhVBp5UCHRILAjkQ8gF6BAgTEAE\" target=\"_blank\">Virrey V\u00e9rtiz y Juramento<\/a> &#8211; Estaci\u00f3n Central. Sabe La Tierra. Horario de 11 a 19 h.<\/p>\n\n\n\n<h4 class=\"wp-block-heading\">Viernes<\/h4>\n\n\n\n<p>\u2022 FIAB 4 <strong>Belgrano<\/strong> <a href=\"https:\/\/www.google.com\/maps\/place\/11+de+Septiembre+de+1888+2200,+Buenos+Aires\/data=!4m2!3m1!1s0x95bcb42d534d609d:0x14b85417b1526889?sa=X&amp;ved=2ahUKEwjM14yNzZ31AhWEq5UCHUjDAUsQ8gF6BAgSEAE\" target=\"_blank\" rel=\"noreferrer noopener\">11 de Septiembre 2200<\/a> entre Olazabal y Mendoza. Horario de 8 a 14 h.<\/p>\n\n\n\n<h4 class=\"wp-block-heading\">S\u00e1bado<\/h4>\n\n\n\n<p>\u2022 FIAB 10 <strong>Colegiales<\/strong> <a rel=\"noreferrer noopener\" href=\"https:\/\/www.google.com\/maps\/place\/Cr%C3%A1mer+400,+C1426ANH+CABA\/data=!4m2!3m1!1s0x95bcb5c1d8b0ac3b:0x1c632b3b6937fa86?sa=X&amp;ved=2ahUKEwjysfGbzZ31AhWlq5UCHes2BBwQ8gF6BAgTEAE\" target=\"_blank\">Cr\u00e1mer 400<\/a> entre Maure y Jorge Newbery. Horario de 8 a 14 h.<br>\u2022 FIAB 4 <strong>Nu\u00f1ez<\/strong> <a rel=\"noreferrer noopener\" href=\"https:\/\/www.google.com\/maps\/place\/Cuba+4400,+C1429AYH+CABA\/data=!4m2!3m1!1s0x95bcb6a242ffac79:0xcdae35fbc20f66dd?sa=X&amp;ved=2ahUKEwiZk6bUzJ31AhXNqpUCHfIiDSsQ8gF6BAgWEAE\" target=\"_blank\">Cuba 4400<\/a> entre Arias y Ramallo y Ramallo 2100 entre Cuba y Arcos. Horario de 8 a 14 h.<br>\u2022 FIAB 29 <strong>Colegiales<\/strong> <a rel=\"noreferrer noopener\" href=\"https:\/\/www.google.com\/maps\/place\/Virrey+Arredondo+3500,+Buenos+Aires\/data=!4m2!3m1!1s0x95bcb5de8b392491:0xb395ce17adb942b4?sa=X&amp;ved=2ahUKEwiD5bqszZ31AhW-qZUCHUfiBCYQ8gF6BAgOEAE\" target=\"_blank\">Virrey Arredondo 3500<\/a> entre Delgado y Av. \u00c1lvarez Thomas. Horario de 8 a 14 h.<br>\u2022 FIAB 6 <strong>Colegiales<\/strong> <a rel=\"noreferrer noopener\" href=\"https:\/\/www.google.com\/maps\/place\/Vidal+1400,+C1426AMB+CABA\/data=!4m2!3m1!1s0x95bcb5da61b440db:0x4a08e1a21ba6610?sa=X&amp;ved=2ahUKEwjS7Nq1zZ31AhWTrpUCHV0ICtQQ8gF6BAgaEAE\" target=\"_blank\">Vidal 1400<\/a> entre Virrey Olaguer y Feli\u00fa y Virrey Avil\u00e9s. Horario de 8 a 14 h.<br>\u2022 FIAB 36 <strong>Colegiales<\/strong> <a rel=\"noreferrer noopener\" href=\"https:\/\/www.google.com\/maps\/place\/General+Enrique+Mart%C3%ADnez+%26+Concepci%C3%B3n+Arenal,+Buenos+Aires\/data=!4m2!3m1!1s0x95bcb5ec05543b91:0x96255e1e6c7cd4e2?sa=X&amp;ved=2ahUKEwja8Iry5NP3AhW_sJUCHQldC8MQ8gF6BAgHEAE\" target=\"_blank\">Enrique Mart\u00ednez y Concepci\u00f3n Arenal<\/a> &#8211; <strong>Mercado de Pulgas Feria Vegana<\/strong> -una vez al mes- Comuna 13. Horario de 16 a 24 h.<\/p>\n\n\n\n<h4 class=\"wp-block-heading\">Domingo<\/h4>\n\n\n\n<p>\u2022 FIAB 9 <strong>Belgrano <\/strong><a rel=\"noreferrer noopener\" href=\"https:\/\/www.google.com\/maps\/place\/Mendoza+700,+Buenos+Aires\/data=!4m2!3m1!1s0x95bcb4358abbe099:0x33dcc17e2d22fc51?sa=X&amp;ved=2ahUKEwi_pZW9zZ31AhWzr5UCHRWuDf4Q8gF6BAgOEAE\" target=\"_blank\">Mendoza 700<\/a> y Ramsay. Horario de 8 a 14 h.<br>\u2022 FIAB 2 <strong>Colegiales<\/strong> <a rel=\"noreferrer noopener\" href=\"https:\/\/www.google.com\/maps\/place\/Conde+200,+Buenos+Aires\/data=!4m2!3m1!1s0x95bcb5ebe16ad1b7:0xd6d997f2654b9878?sa=X&amp;ved=2ahUKEwjxgZD1zJ31AhVzqpUCHaCUCawQ8gF6BAgSEAE\" target=\"_blank\">Conde 200<\/a> entre Santos Dumont y Concepci\u00f3n Arenal &#8211; <strong>Plaza Mafalda<\/strong>. Horario de 8 a 14 h.<br>\u2022 FIAB 25 <strong>Nu\u00f1ez <\/strong><a rel=\"noreferrer noopener\" href=\"https:\/\/www.google.com\/maps\/place\/Manzanares+2300,+C1429CUJ+CABA\/data=!4m2!3m1!1s0x95bcb69950696411:0x88cb5cfda3b3176f?sa=X&amp;ved=2ahUKEwi3yObtzJ31AhWGqZUCHb33DfoQ8gF6BAgWEAE\" target=\"_blank\">Manzanares 2300<\/a> entre Av. Cabildo y Vuelta de Obligado &#8211; <strong>Plaza Balcarce<\/strong>. Horario de 8 a 14 h.<br>\u2022 FIAB 36 <strong>Colegiales<\/strong> <a rel=\"noreferrer noopener\" href=\"https:\/\/www.google.com\/maps\/place\/General+Enrique+Mart%C3%ADnez+%26+Concepci%C3%B3n+Arenal,+Buenos+Aires\/data=!4m2!3m1!1s0x95bcb5ec05543b91:0x96255e1e6c7cd4e2?sa=X&amp;ved=2ahUKEwja8Iry5NP3AhW_sJUCHQldC8MQ8gF6BAgHEAE\" target=\"_blank\">Enrique Mart\u00ednez y Concepci\u00f3n Arenal<\/a> &#8211; <strong>Mercado de Pulgas Feria Vegana<\/strong> -una vez al mes- Comuna 13. Horario de 15 a 23 h.<\/p>\n\n\n\n<div style=\"height:20px\" aria-hidden=\"true\" class=\"wp-block-spacer\"><\/div>\n\n\n\n<p><a rel=\"noreferrer noopener\" style=\"font-style: italic;\" href=\"https:\/\/www.buenosaires.gob.ar\/espaciopublicoehigieneurbana\/itinerantes\/ubicaciones-y-horarios\" target=\"_blank\">\u2022<\/a> <em><a rel=\"noreferrer noopener\" href=\"https:\/\/www.buenosaires.gob.ar\/espaciopublicoehigieneurbana\/itinerantes\/ubicaciones-y-horarios\" target=\"_blank\"><strong>Consult\u00e1 todas las ubicaciones y horarios de las Ferias de la Ciudad.<\/strong><\/a><\/em><\/p>\n\n\n\n<div style=\"height:25px\" aria-hidden=\"true\" class=\"wp-block-spacer\"><\/div>\n","protected":false},"excerpt":{"rendered":"<div class=\"mh-excerpt\">Las Ferias Itinerantes de la Ciudad recorren los diferentes barrios porte\u00f1os para ofrecer productos saludables de buena calidad a un precio m\u00e1s que conveniente. Hay descuentos de hasta un 50%. <a class=\"mh-excerpt-more\" href=\"https:\/\/www.comuna13online.com.ar\/?p=14690\" title=\"Cu\u00e1ndo y d\u00f3nde est\u00e1n las Ferias en nuestra Comuna\">[&#8230;]<\/a><\/div>\n","protected":false},"author":1,"featured_media":14691,"comment_status":"closed","ping_status":"closed","sticky":false,"template":"","format":"standard","meta":{"_uag_custom_page_level_css":"","_jetpack_memberships_contains_paid_content":false,"footnotes":"","jetpack_publicize_message":"","jetpack_publicize_feature_enabled":true,"jetpack_social_post_already_shared":true,"jetpack_social_options":{"image_generator_settings":{"template":"highway","default_image_id":0,"font":"","enabled":false},"version":2}},"categories":[220],"tags":[19,221,250,296],"class_list":{"0":"post-14690","1":"post","2":"type-post","3":"status-publish","4":"format-standard","5":"has-post-thumbnail","7":"category-ferias","8":"tag-comuna-13","9":"tag-ferias","10":"tag-h2","11":"tag-h3"},"jetpack_publicize_connections":[],"jetpack_featured_media_url":"https:\/\/www.comuna13online.com.ar\/wp-content\/uploads\/2022\/01\/20220127a_id.jpg","uagb_featured_image_src":{"full":["https:\/\/www.comuna13online.com.ar\/wp-content\/uploads\/2022\/01\/20220127a_id.jpg",678,452,false],"thumbnail":["https:\/\/www.comuna13online.com.ar\/wp-content\/uploads\/2022\/01\/20220127a_id.jpg",128,85,false],"medium":["https:\/\/www.comuna13online.com.ar\/wp-content\/uploads\/2022\/01\/20220127a_id.jpg",678,452,false],"medium_large":["https:\/\/www.comuna13online.com.ar\/wp-content\/uploads\/2022\/01\/20220127a_id.jpg",678,452,false],"large":["https:\/\/www.comuna13online.com.ar\/wp-content\/uploads\/2022\/01\/20220127a_id.jpg",678,452,false],"1536x1536":["https:\/\/www.comuna13online.com.ar\/wp-content\/uploads\/2022\/01\/20220127a_id.jpg",678,452,false],"2048x2048":["https:\/\/www.comuna13online.com.ar\/wp-content\/uploads\/2022\/01\/20220127a_id.jpg",678,452,false],"mh-magazine-slider":["https:\/\/www.comuna13online.com.ar\/wp-content\/uploads\/2022\/01\/20220127a_id-678x438.jpg",678,438,true],"mh-magazine-content":["https:\/\/www.comuna13online.com.ar\/wp-content\/uploads\/2022\/01\/20220127a_id-678x381.jpg",678,381,true],"mh-magazine-large":["https:\/\/www.comuna13online.com.ar\/wp-content\/uploads\/2022\/01\/20220127a_id.jpg",678,452,false],"mh-magazine-medium":["https:\/\/www.comuna13online.com.ar\/wp-content\/uploads\/2022\/01\/20220127a_id-326x245.jpg",326,245,true],"mh-magazine-small":["https:\/\/www.comuna13online.com.ar\/wp-content\/uploads\/2022\/01\/20220127a_id-80x60.jpg",80,60,true],"sow-carousel-default":["https:\/\/www.comuna13online.com.ar\/wp-content\/uploads\/2022\/01\/20220127a_id-272x182.jpg",272,182,true]},"uagb_author_info":{"display_name":"Comuna13","author_link":"https:\/\/www.comuna13online.com.ar\/?author=1"},"uagb_comment_info":0,"uagb_excerpt":"Las Ferias Itinerantes de la Ciudad recorren los diferentes barrios porte\u00f1os para ofrecer productos saludables de buena calidad a un precio m\u00e1s que conveniente. Hay descuentos de hasta un 50%. [...]","jetpack_sharing_enabled":true,"_links":{"self":[{"href":"https:\/\/www.comuna13online.com.ar\/index.php?rest_route=\/wp\/v2\/posts\/14690","targetHints":{"allow":["GET"]}}],"collection":[{"href":"https:\/\/www.comuna13online.com.ar\/index.php?rest_route=\/wp\/v2\/posts"}],"about":[{"href":"https:\/\/www.comuna13online.com.ar\/index.php?rest_route=\/wp\/v2\/types\/post"}],"author":[{"embeddable":true,"href":"https:\/\/www.comuna13online.com.ar\/index.php?rest_route=\/wp\/v2\/users\/1"}],"replies":[{"embeddable":true,"href":"https:\/\/www.comuna13online.com.ar\/index.php?rest_route=%2Fwp%2Fv2%2Fcomments&post=14690"}],"version-history":[{"count":0,"href":"https:\/\/www.comuna13online.com.ar\/index.php?rest_route=\/wp\/v2\/posts\/14690\/revisions"}],"wp:featuredmedia":[{"embeddable":true,"href":"https:\/\/www.comuna13online.com.ar\/index.php?rest_route=\/wp\/v2\/media\/14691"}],"wp:attachment":[{"href":"https:\/\/www.comuna13online.com.ar\/index.php?rest_route=%2Fwp%2Fv2%2Fmedia&parent=14690"}],"wp:term":[{"taxonomy":"category","embeddable":true,"href":"https:\/\/www.comuna13online.com.ar\/index.php?rest_route=%2Fwp%2Fv2%2Fcategories&post=14690"},{"taxonomy":"post_tag","embeddable":true,"href":"https:\/\/www.comuna13online.com.ar\/index.php?rest_route=%2Fwp%2Fv2%2Ftags&post=14690"}],"curies":[{"name":"wp","href":"https:\/\/api.w.org\/{rel}","templated":true}]}}