{"id":14638,"date":"2021-12-27T16:02:31","date_gmt":"2021-12-27T19:02:31","guid":{"rendered":"http:\/\/www.comuna13online.com.ar\/?p=14638"},"modified":"2021-12-27T16:02:35","modified_gmt":"2021-12-27T19:02:35","slug":"certificado-de-turismo-que-provincias-lo-requieren-y-como-hago-para-bajarlo","status":"publish","type":"post","link":"https:\/\/www.comuna13online.com.ar\/?p=14638","title":{"rendered":"Certificado de Turismo: qu\u00e9 provincias lo requieren y c\u00f3mo hago para bajarlo"},"content":{"rendered":"\n<p><strong>Se acerca el per\u00edodo vacacional y ante el aumento de los contagios algunas provincias piden el certificado de turismo para ingresar a su territorio, qu\u00e9 provincias? cu\u00e1nto demora el tr\u00e1mite?<\/strong><\/p>\n\n\n\n<figure class=\"wp-block-image size-full\"><img loading=\"lazy\" decoding=\"async\" width=\"678\" height=\"381\" data-attachment-id=\"14639\" data-permalink=\"https:\/\/www.comuna13online.com.ar\/?attachment_id=14639\" data-orig-file=\"https:\/\/www.comuna13online.com.ar\/wp-content\/uploads\/2021\/12\/20211227a_01.jpg\" data-orig-size=\"678,381\" data-comments-opened=\"0\" data-image-meta=\"{&quot;aperture&quot;:&quot;0&quot;,&quot;credit&quot;:&quot;&quot;,&quot;camera&quot;:&quot;&quot;,&quot;caption&quot;:&quot;&quot;,&quot;created_timestamp&quot;:&quot;0&quot;,&quot;copyright&quot;:&quot;&quot;,&quot;focal_length&quot;:&quot;0&quot;,&quot;iso&quot;:&quot;0&quot;,&quot;shutter_speed&quot;:&quot;0&quot;,&quot;title&quot;:&quot;&quot;,&quot;orientation&quot;:&quot;0&quot;}\" data-image-title=\"20211227a_01\" data-image-description=\"\" data-image-caption=\"\" data-large-file=\"https:\/\/www.comuna13online.com.ar\/wp-content\/uploads\/2021\/12\/20211227a_01.jpg\" src=\"http:\/\/www.comuna13online.com.ar\/wp-content\/uploads\/2021\/12\/20211227a_01.jpg\" alt=\"\" class=\"wp-image-14639\"\/><\/figure>\n\n\n\n<p>Ante la escalada de contagios, muchos son los distritos que encendieron las alarmas y adoptan medidas de prevenci\u00f3n con el objetivo de minimizar el impacto de la tercera ola durante las vacaciones, una de las medidas es el Certificado Turismo que se tramita online en el sitio Argentina.gob.ar, aunque algunas provincias tienen sus propias aplicaciones y protocolos.<\/p>\n\n\n\n<p>Se puede obtener en este link:\u00a0<a rel=\"noreferrer noopener\" href=\"https:\/\/www.argentina.gob.ar\/circular\/turismo\" target=\"_blank\">https:\/\/www.argentina.gob.ar\/circular\/turismo<\/a><\/p>\n\n\n\n<p>El Certificado Turismo pod\u00e9s llevarlo impreso, descargado en tu celular o en la\u00a0<a rel=\"noreferrer noopener\" href=\"https:\/\/www.argentina.gob.ar\/aplicaciones\/coronavirus\" target=\"_blank\">aplicaci\u00f3n <strong>Cuidar<\/strong><\/a>: te sugerimos descargarla y mantenerla actualizada.<\/p>\n\n\n\n<p><strong>Provincias que solicitan el Certificado de Turismo<\/strong><\/p>\n\n\n\n<p><strong>Jujuy<\/strong>, demora del tr\u00e1mite 3 horas<br><strong>Misiones<\/strong>, demora del tr\u00e1mite un d\u00eda<br><strong>Salta<\/strong>, demora del tr\u00e1mite 3 horas<br><strong>Tucum\u00e1n<\/strong>, demora del tr\u00e1mite hasta 24 horas.<br><strong>C\u00f3rdoba<\/strong>, demora del tr\u00e1mite  24 horas.<br><strong>Santa Fe<\/strong>, demora del tr\u00e1mite 3 horas.<br><strong>Entre R\u00edos<\/strong>, demora del tr\u00e1mite 48 horas.<br><strong>Buenos Aires<\/strong>, demora del tr\u00e1mite hasta 24 horas. <br><strong>Mendoza<\/strong>, demora del tr\u00e1mite 3 horas. <br><strong>Neuqu\u00e9n<\/strong>, demora del tr\u00e1mite hasta 24 horas. <br><strong>La Rioja<\/strong>,  demora del tr\u00e1mite hasta 24 horas. <\/p>\n\n\n\n<p>En el sitio <a rel=\"noreferrer noopener\" href=\"https:\/\/www.argentina.gob.ar\/circular\/turismo\" data-type=\"URL\" data-id=\"https:\/\/www.argentina.gob.ar\/circular\/turismo\" target=\"_blank\">Certificado de Turismo<\/a> del Gobierno Nacional hay informaci\u00f3n sobre todos los requisitos de las provincias para poder ingresar y circular sin inconvenientes. <\/p>\n\n\n\n<p><\/p>\n\n\n\n<p><\/p>\n<div align=\"center\">\n<iframe loading=\"lazy\" width=\"560\" height=\"315\" src=\"https:\/\/www.youtube.com\/embed\/yoaMbeRoa2M\" title=\"YouTube video player\" frameborder=\"0\" allow=\"accelerometer; autoplay; clipboard-write; encrypted-media; gyroscope; picture-in-picture\" allowfullscreen><\/iframe>\n<\/div>\n<p><\/p>\n\n\n\n\n\n<figure class=\"wp-block-image size-large is-resized\"><img loading=\"lazy\" decoding=\"async\" data-attachment-id=\"99\" data-permalink=\"https:\/\/www.comuna13online.com.ar\/?attachment_id=99\" data-orig-file=\"https:\/\/www.comuna13online.com.ar\/wp-content\/uploads\/2017\/12\/line.jpg\" data-orig-size=\"678,1\" data-comments-opened=\"0\" data-image-meta=\"{&quot;aperture&quot;:&quot;0&quot;,&quot;credit&quot;:&quot;&quot;,&quot;camera&quot;:&quot;&quot;,&quot;caption&quot;:&quot;&quot;,&quot;created_timestamp&quot;:&quot;0&quot;,&quot;copyright&quot;:&quot;&quot;,&quot;focal_length&quot;:&quot;0&quot;,&quot;iso&quot;:&quot;0&quot;,&quot;shutter_speed&quot;:&quot;0&quot;,&quot;title&quot;:&quot;&quot;,&quot;orientation&quot;:&quot;0&quot;}\" data-image-title=\"line\" data-image-description=\"\" data-image-caption=\"\" data-large-file=\"https:\/\/www.comuna13online.com.ar\/wp-content\/uploads\/2017\/12\/line.jpg\" src=\"http:\/\/www.comuna13online.com.ar\/wp-content\/uploads\/2017\/12\/line.jpg\" alt=\"\" class=\"wp-image-99\" width=\"678\" height=\"1\" srcset=\"https:\/\/www.comuna13online.com.ar\/wp-content\/uploads\/2017\/12\/line.jpg 678w, https:\/\/www.comuna13online.com.ar\/wp-content\/uploads\/2017\/12\/line-150x1.jpg 150w, https:\/\/www.comuna13online.com.ar\/wp-content\/uploads\/2017\/12\/line-326x1.jpg 326w, https:\/\/www.comuna13online.com.ar\/wp-content\/uploads\/2017\/12\/line-80x1.jpg 80w, https:\/\/www.comuna13online.com.ar\/wp-content\/uploads\/2017\/12\/line-272x1.jpg 272w\" sizes=\"auto, (max-width: 678px) 100vw, 678px\" \/><\/figure>\n\n\n\n<figure class=\"wp-block-image size-full\"><img loading=\"lazy\" decoding=\"async\" width=\"678\" height=\"180\" data-attachment-id=\"8918\" data-permalink=\"https:\/\/www.comuna13online.com.ar\/?attachment_id=8918\" data-orig-file=\"https:\/\/www.comuna13online.com.ar\/wp-content\/uploads\/2020\/04\/corona2.jpg\" data-orig-size=\"678,180\" data-comments-opened=\"0\" data-image-meta=\"{&quot;aperture&quot;:&quot;0&quot;,&quot;credit&quot;:&quot;&quot;,&quot;camera&quot;:&quot;&quot;,&quot;caption&quot;:&quot;&quot;,&quot;created_timestamp&quot;:&quot;0&quot;,&quot;copyright&quot;:&quot;&quot;,&quot;focal_length&quot;:&quot;0&quot;,&quot;iso&quot;:&quot;0&quot;,&quot;shutter_speed&quot;:&quot;0&quot;,&quot;title&quot;:&quot;&quot;,&quot;orientation&quot;:&quot;0&quot;}\" data-image-title=\"corona2\" data-image-description=\"\" data-image-caption=\"\" data-large-file=\"https:\/\/www.comuna13online.com.ar\/wp-content\/uploads\/2020\/04\/corona2.jpg\" src=\"http:\/\/www.comuna13online.com.ar\/wp-content\/uploads\/2020\/04\/corona2.jpg\" alt=\"\" class=\"wp-image-8918\"\/><\/figure>\n","protected":false},"excerpt":{"rendered":"<div class=\"mh-excerpt\">Se acerca el per\u00edodo vacacional y ante el aumento de los contagios algunas provincias piden el certificado de turismo para ingresar a su territorio, qu\u00e9 provincias? cu\u00e1nto demora el tr\u00e1mite? <a class=\"mh-excerpt-more\" href=\"https:\/\/www.comuna13online.com.ar\/?p=14638\" title=\"Certificado de Turismo: qu\u00e9 provincias lo requieren y c\u00f3mo hago para bajarlo\">[&#8230;]<\/a><\/div>\n","protected":false},"author":1,"featured_media":14640,"comment_status":"closed","ping_status":"closed","sticky":false,"template":"","format":"standard","meta":{"_uag_custom_page_level_css":"","_jetpack_memberships_contains_paid_content":false,"footnotes":"","jetpack_publicize_message":"","jetpack_publicize_feature_enabled":true,"jetpack_social_post_already_shared":true,"jetpack_social_options":{"image_generator_settings":{"template":"highway","default_image_id":0,"font":"","enabled":false},"version":2}},"categories":[42],"tags":[250,296,71,43],"class_list":{"0":"post-14638","1":"post","2":"type-post","3":"status-publish","4":"format-standard","5":"has-post-thumbnail","7":"category-vacaciones","8":"tag-h2","9":"tag-h3","10":"tag-tiempo-libre","11":"tag-vacaciones"},"jetpack_publicize_connections":[],"jetpack_featured_media_url":"https:\/\/www.comuna13online.com.ar\/wp-content\/uploads\/2021\/12\/20211227a_id.jpg","uagb_featured_image_src":{"full":["https:\/\/www.comuna13online.com.ar\/wp-content\/uploads\/2021\/12\/20211227a_id.jpg",678,452,false],"thumbnail":["https:\/\/www.comuna13online.com.ar\/wp-content\/uploads\/2021\/12\/20211227a_id.jpg",128,85,false],"medium":["https:\/\/www.comuna13online.com.ar\/wp-content\/uploads\/2021\/12\/20211227a_id.jpg",678,452,false],"medium_large":["https:\/\/www.comuna13online.com.ar\/wp-content\/uploads\/2021\/12\/20211227a_id.jpg",678,452,false],"large":["https:\/\/www.comuna13online.com.ar\/wp-content\/uploads\/2021\/12\/20211227a_id.jpg",678,452,false],"1536x1536":["https:\/\/www.comuna13online.com.ar\/wp-content\/uploads\/2021\/12\/20211227a_id.jpg",678,452,false],"2048x2048":["https:\/\/www.comuna13online.com.ar\/wp-content\/uploads\/2021\/12\/20211227a_id.jpg",678,452,false],"mh-magazine-slider":["https:\/\/www.comuna13online.com.ar\/wp-content\/uploads\/2021\/12\/20211227a_id-678x438.jpg",678,438,true],"mh-magazine-content":["https:\/\/www.comuna13online.com.ar\/wp-content\/uploads\/2021\/12\/20211227a_id-678x381.jpg",678,381,true],"mh-magazine-large":["https:\/\/www.comuna13online.com.ar\/wp-content\/uploads\/2021\/12\/20211227a_id.jpg",678,452,false],"mh-magazine-medium":["https:\/\/www.comuna13online.com.ar\/wp-content\/uploads\/2021\/12\/20211227a_id-326x245.jpg",326,245,true],"mh-magazine-small":["https:\/\/www.comuna13online.com.ar\/wp-content\/uploads\/2021\/12\/20211227a_id-80x60.jpg",80,60,true],"sow-carousel-default":["https:\/\/www.comuna13online.com.ar\/wp-content\/uploads\/2021\/12\/20211227a_id-272x182.jpg",272,182,true]},"uagb_author_info":{"display_name":"Comuna13","author_link":"https:\/\/www.comuna13online.com.ar\/?author=1"},"uagb_comment_info":0,"uagb_excerpt":"Se acerca el per\u00edodo vacacional y ante el aumento de los contagios algunas provincias piden el certificado de turismo para ingresar a su territorio, qu\u00e9 provincias? cu\u00e1nto demora el tr\u00e1mite? [...]","jetpack_sharing_enabled":true,"_links":{"self":[{"href":"https:\/\/www.comuna13online.com.ar\/index.php?rest_route=\/wp\/v2\/posts\/14638","targetHints":{"allow":["GET"]}}],"collection":[{"href":"https:\/\/www.comuna13online.com.ar\/index.php?rest_route=\/wp\/v2\/posts"}],"about":[{"href":"https:\/\/www.comuna13online.com.ar\/index.php?rest_route=\/wp\/v2\/types\/post"}],"author":[{"embeddable":true,"href":"https:\/\/www.comuna13online.com.ar\/index.php?rest_route=\/wp\/v2\/users\/1"}],"replies":[{"embeddable":true,"href":"https:\/\/www.comuna13online.com.ar\/index.php?rest_route=%2Fwp%2Fv2%2Fcomments&post=14638"}],"version-history":[{"count":0,"href":"https:\/\/www.comuna13online.com.ar\/index.php?rest_route=\/wp\/v2\/posts\/14638\/revisions"}],"wp:featuredmedia":[{"embeddable":true,"href":"https:\/\/www.comuna13online.com.ar\/index.php?rest_route=\/wp\/v2\/media\/14640"}],"wp:attachment":[{"href":"https:\/\/www.comuna13online.com.ar\/index.php?rest_route=%2Fwp%2Fv2%2Fmedia&parent=14638"}],"wp:term":[{"taxonomy":"category","embeddable":true,"href":"https:\/\/www.comuna13online.com.ar\/index.php?rest_route=%2Fwp%2Fv2%2Fcategories&post=14638"},{"taxonomy":"post_tag","embeddable":true,"href":"https:\/\/www.comuna13online.com.ar\/index.php?rest_route=%2Fwp%2Fv2%2Ftags&post=14638"}],"curies":[{"name":"wp","href":"https:\/\/api.w.org\/{rel}","templated":true}]}}