{"id":14630,"date":"2021-12-22T09:37:23","date_gmt":"2021-12-22T12:37:23","guid":{"rendered":"http:\/\/www.comuna13online.com.ar\/?p=14630"},"modified":"2021-12-22T09:37:27","modified_gmt":"2021-12-22T12:37:27","slug":"llega-la-feria-sabe-la-tierra-edicion-navidena","status":"publish","type":"post","link":"https:\/\/www.comuna13online.com.ar\/?p=14630","title":{"rendered":"Llega la Feria Sabe La Tierra Edici\u00f3n Navide\u00f1a"},"content":{"rendered":"\n<p><strong>La Feria de alimentos saludables provenientes directo de sus productores funcionar\u00e1 el mi\u00e9rcoles y jueves en en Florida y Roque S\u00e1enz Pe\u00f1a y el jueves tambi\u00e9n en Parque Rivadavia, Caballito. <\/strong><\/p>\n\n\n\n<iframe loading=\"lazy\" width=\"678\" height=\"381\" src=\"https:\/\/www.youtube.com\/embed\/aMc7J0kRCjA\" title=\"YouTube video player\" frameborder=\"0\" allow=\"accelerometer; autoplay; clipboard-write; encrypted-media; gyroscope; picture-in-picture\" allowfullscreen><\/iframe>\n\n\n\n<p><strong>La Feria funcionar\u00e1 el mi\u00e9rcoles 22\/12 de 9 a 16 en el microcentro porte\u00f1o -Florida y Roque S\u00e1enz Pe\u00f1a-; mientras que el jueves 23\/12 ser\u00e1 de 16 a 21 en 2 ubicaciones: Florida y Roque S\u00e1enz Pe\u00f1a y en Parque Rivadavia, Caballito<\/strong>. <strong>El acceso es libre y gratuito<\/strong>.<\/p>\n\n\n\n<p>Habr\u00e1 14 puestos en el microcentro y 22 en Parque Rivadavia, con un total de 69 feriantes en ambas locaciones; que ofrecer\u00e1n productos naturales, agroecol\u00f3gicos y sustentables para la mesa navide\u00f1a.<\/p>\n\n\n\n<h3 class=\"wp-block-heading\">\u00bfQu\u00e9 productos se ofrecen en los puestos?<\/h3>\n\n\n\n<p>Entre los productos que se podr\u00e1 adquirir habr\u00e1 huevos de campo; aceites org\u00e1nicos y artesanales; pat\u00e9 de tofu; humus; aceitunas; quesos artesanales y sin tacc; chutneys; tartas; cookies tem\u00e1ticas; pan dulce; panetones; budines y panes integrales; turrones artesanales; frutas y verduras agroecol\u00f3gicos; entre otros productos saludables.<\/p>\n\n\n\n<p>Tambi\u00e9n habr\u00e1 puestos de dise\u00f1o sustentable y amigable con el ambiente; cosm\u00e9tica natural; salud y bienestar para regalos conscientes.<\/p>\n\n\n\n<p>Se podr\u00e1 pagar con efectivo o tarjeta de d\u00e9bito\/cr\u00e9dito y mercado pago; s\u00f3lo en los puestos que cuenten con estas \u00faltimas opciones.<\/p>\n\n\n\n<h3 class=\"wp-block-heading\">3 Ferias Sabe la Tierra que funcionar\u00e1n en 2 ubicaciones<\/h3>\n\n\n\n<p>\u2022 22\/12 en Florida y Roque Saenz Pe\u00f1a (Microcentro). De 9 a 16 h.<br>\u2022 23\/12 en Florida y Roque Saenz Pe\u00f1a (Microcentro) y en Av. Rivadavia al 4900 (Caballito). De 16 a 21 h.<\/p>\n\n\n\n<div style=\"height:36px\" aria-hidden=\"true\" class=\"wp-block-spacer\"><\/div>\n\n\n\n<h2 class=\"wp-block-heading\">Ferias de artesanos y manualistas <\/h2>\n\n\n\n<figure class=\"wp-block-image size-full\"><img loading=\"lazy\" decoding=\"async\" width=\"678\" height=\"381\" data-attachment-id=\"14634\" data-permalink=\"https:\/\/www.comuna13online.com.ar\/?attachment_id=14634\" data-orig-file=\"https:\/\/www.comuna13online.com.ar\/wp-content\/uploads\/2021\/12\/20211222a_02.jpg\" data-orig-size=\"678,381\" data-comments-opened=\"0\" data-image-meta=\"{&quot;aperture&quot;:&quot;0&quot;,&quot;credit&quot;:&quot;&quot;,&quot;camera&quot;:&quot;&quot;,&quot;caption&quot;:&quot;&quot;,&quot;created_timestamp&quot;:&quot;0&quot;,&quot;copyright&quot;:&quot;&quot;,&quot;focal_length&quot;:&quot;0&quot;,&quot;iso&quot;:&quot;0&quot;,&quot;shutter_speed&quot;:&quot;0&quot;,&quot;title&quot;:&quot;&quot;,&quot;orientation&quot;:&quot;0&quot;}\" data-image-title=\"20211222a_02\" data-image-description=\"\" data-image-caption=\"\" data-large-file=\"https:\/\/www.comuna13online.com.ar\/wp-content\/uploads\/2021\/12\/20211222a_02.jpg\" src=\"http:\/\/www.comuna13online.com.ar\/wp-content\/uploads\/2021\/12\/20211222a_02.jpg\" alt=\"\" class=\"wp-image-14634\"\/><\/figure>\n\n\n\n<p>Atender\u00e1n hasta el 31 de diciembre de 10 a 22 horas. <\/p>\n\n\n\n<p><strong>Las Ferias de Manualistas y Artesanos <\/strong>cuentan con un protocolo de seguridad e higiene dise\u00f1ado para cuidar la salud tanto de los feriantes como de los vecinos y vecinas.\u00a0<strong>Se puede pagar en efectivo, mercado pago o tarjeta. Atender\u00e1n hasta el 31 de diciembre de 10 a 20 horas<\/strong>.<\/p>\n\n\n\n<h4 class=\"wp-block-heading\">Productos<\/h4>\n\n\n\n<p>\u2022&nbsp;<strong>Feria de Artesanos<\/strong>: tejidos a dos agujas y telar, artesan\u00edas de cer\u00e1mica y vidrio, cartera y zapatos de cuero, mates, anillos de piedras, pulseras y aros, instrumentos musicales, sahumerios, t\u00edteres y marionetas.<\/p>\n\n\n\n<p>\u2022&nbsp;<strong>Feria de Manualistas<\/strong>: aromatizantes, artes pl\u00e1sticas, bijouterie, decoraci\u00f3n, juegos did\u00e1cticos, estampado, fleltrado, fileteado, fotograf\u00eda, indumentaria, instrumentos musicales, joyer\u00eda, kokedamas, manualidades en cuero y metal, masajeadores, mates, modelado, mosaiquismo, manualidades en madera, papel, tela y vidrio, pintura sobre distintos soportes, reciclado, tejido y velas.<\/p>\n\n\n\n<p><\/p>\n\n\n\n<h4 class=\"wp-block-heading\">D\u00edas y ubicaciones<\/h4>\n\n\n\n<p><strong>Mi\u00e9rcoles 22\/12<\/strong><\/p>\n\n\n\n<p>Parque Lezama (Artesanos) Av. Brasil y Defensa. Comuna 1<br>Plaza Dorrego (Manualistas) Defensa y Humberto 1\u00b0 Comuna 1<br>Parque Patricios (Manualistas) Comuna 4<br>Parque Centenario (Artesanos) Av. D\u00edaz V\u00e9lez y Leopoldo Marechal. Comuna 6<br>Plaza Richieri (Manualistas) Comuna 11<br>Plazoleta Joaqu\u00edn S\u00e1nchez (Manualistas) Av. Juramento y Vuelta de Obligado. Comuna 13<br>Plaza Manuel Belgrano (Artesanos) Av. Juramento y Cuba. Comuna 13 Palermo Viejo (Manualistas) Comuna 14<br>Parque Los Andes (Manualistas) Comuna 15<\/p>\n\n\n\n<p><strong>Jueves 23\/12<\/strong><\/p>\n\n\n\n<p>Parque Lezama (Manualistas) Av. Brasil y Defensa. Comuna 1<br>Parque Lezama (Artesanos) Av. Brasil y Defensa. Comuna 1<br>Recoleta (Manualistas) Comuna 2<br>Parque Patricios (Manualistas) Comuna 4<br>Parque Centenario (Artesanos) Av. D\u00edaz V\u00e9lez y Leopoldo Marechal. Comuna 6<br>Plaza Richieri (Manualistas) Comuna 11<br>Plazoleta Joaqu\u00edn S\u00e1nchez (Manualistas) Av. Juramento y Vuelta de Obligado. Comuna 13<br>Plaza Manuel Belgrano (Artesanos) Av. Juramento y Cuba. Comuna 13 Palermo Viejo (Manualistas) Comuna 14<br>Parque Los Andes (Manualistas) Comuna 15<\/p>\n\n\n\n<p><strong>Viernes 24\/12<\/strong><\/p>\n\n\n\n<p>Parque Lezama (Manualistas) Av. Brasil y Defensa. Comuna 1<br>Parque Lezama (Artesanos) Av. Brasil y Defensa. Comuna 1<br>Paseo El Retiro (Manualistas) Comuna 1<br>Juan XXIII (Artistas Pl\u00e1sticos Recoleta \u2013 Manualistas) Comuna 2<br>Recoleta (Manualistas) Comuna 2<br>Plaza Intendente Alvear (Artesanos) Av. Pueyrred\u00f3n y Av. del Libertador. Comuna 2<br>Parque Patricios (Manualistas) Comuna 4<br>Parque Centenario (Artesanos) Av. D\u00edaz V\u00e9lez y Leopoldo Marechal. Comuna 6<br>Plaza Richieri (Manualistas) Comuna 11<br>Plazoleta Joaqu\u00edn S\u00e1nchez (Manualistas) Av. Juramento y Vuelta de Obligado. Comuna 13<br>Plaza Manuel Belgrano (Artesanos) Av. Juramento y Cuba. Comuna 13 Palermo Viejo (Manualistas) Comuna 14<br>Parque Los Andes (Manualistas) Comuna 15<\/p>\n\n\n\n<p><strong>Lunes 27\/12<\/strong><\/p>\n\n\n\n<p>Juan XXIII (Artistas Pl\u00e1sticos Recoleta \u2013 Manualistas) Comuna 2<br>Plazoleta Joaqu\u00edn S\u00e1nchez (Manualistas) Av. Juramento y Vuelta de Obligado. Comuna 13<\/p>\n\n\n\n<p><strong>Martes 28\/12<\/strong><\/p>\n\n\n\n<p>Juan XXIII (Artistas Pl\u00e1sticos Recoleta \u2013 Manualistas) Comuna 2 Plazoleta Joaqu\u00edn S\u00e1nchez (Manualistas) Av. Juramento y Vuelta de Obligado. Comuna 13<\/p>\n\n\n\n<p><strong>Mi\u00e9rcoles 29\/12<\/strong><\/p>\n\n\n\n<p>Juan XXIII (Artistas Pl\u00e1sticos Recoleta \u2013 Manualistas) Comuna 2<br>Parque Patricios (Manualistas) Comuna 4<br>Plazoleta Joaqu\u00edn S\u00e1nchez (Manualistas) Av. Juramento y Vuelta de Obligado. Comuna 13<\/p>\n\n\n\n<p><strong>Jueves 30\/12<\/strong><\/p>\n\n\n\n<p>Parque Lezama (Manualistas) Av. Brasil y Defensa. Comuna 1<br>Parque Lezama (Artesanos) Av. Brasil y Defensa. Comuna 1<br>Juan XXIII (Artistas Pl\u00e1sticos Recoleta \u2013 Manualistas) Comuna 2<br>Recoleta (Manualistas) Comuna 2<br>Parque Patricios (Manualistas) Comuna 4<br>Plaza Richieri (Manualistas) Comuna 11<br>Plazoleta Joaqu\u00edn S\u00e1nchez (Manualistas) Av. Juramento y Vuelta de Obligado. Comuna 13<br>Parque Los Andes (Manualistas) Comuna 15<\/p>\n\n\n\n<p><strong>Viernes 31\/12<\/strong><\/p>\n\n\n\n<p>Parque Lezama (Manualistas) Av. Brasil y Defensa. Comuna 1<br>Parque Lezama (Artesanos) Av. Brasil y Defensa. Comuna 1<br>Juan XXIII (Artistas Pl\u00e1sticos Recoleta \u2013 Manualistas) Comuna 2<br>Recoleta (Manualistas) Comuna 2<br>Parque Patricios (Manualistas) Comuna 4<br>Plaza Richieri (Manualistas) Comuna 11<br>Plazoleta Joaqu\u00edn S\u00e1nchez (Manualistas) Av. Juramento y Vuelta de Obligado. Comuna 13<br>Parque Los Andes (Manualistas) Comuna 15<\/p>\n\n\n\n<figure class=\"wp-block-image size-large is-resized\"><img loading=\"lazy\" decoding=\"async\" data-attachment-id=\"99\" data-permalink=\"https:\/\/www.comuna13online.com.ar\/?attachment_id=99\" data-orig-file=\"https:\/\/www.comuna13online.com.ar\/wp-content\/uploads\/2017\/12\/line.jpg\" data-orig-size=\"678,1\" data-comments-opened=\"0\" data-image-meta=\"{&quot;aperture&quot;:&quot;0&quot;,&quot;credit&quot;:&quot;&quot;,&quot;camera&quot;:&quot;&quot;,&quot;caption&quot;:&quot;&quot;,&quot;created_timestamp&quot;:&quot;0&quot;,&quot;copyright&quot;:&quot;&quot;,&quot;focal_length&quot;:&quot;0&quot;,&quot;iso&quot;:&quot;0&quot;,&quot;shutter_speed&quot;:&quot;0&quot;,&quot;title&quot;:&quot;&quot;,&quot;orientation&quot;:&quot;0&quot;}\" data-image-title=\"line\" data-image-description=\"\" data-image-caption=\"\" data-large-file=\"https:\/\/www.comuna13online.com.ar\/wp-content\/uploads\/2017\/12\/line.jpg\" src=\"http:\/\/www.comuna13online.com.ar\/wp-content\/uploads\/2017\/12\/line.jpg\" alt=\"\" class=\"wp-image-99\" width=\"678\" height=\"1\" srcset=\"https:\/\/www.comuna13online.com.ar\/wp-content\/uploads\/2017\/12\/line.jpg 678w, https:\/\/www.comuna13online.com.ar\/wp-content\/uploads\/2017\/12\/line-150x1.jpg 150w, https:\/\/www.comuna13online.com.ar\/wp-content\/uploads\/2017\/12\/line-326x1.jpg 326w, https:\/\/www.comuna13online.com.ar\/wp-content\/uploads\/2017\/12\/line-80x1.jpg 80w, https:\/\/www.comuna13online.com.ar\/wp-content\/uploads\/2017\/12\/line-272x1.jpg 272w\" sizes=\"auto, (max-width: 678px) 100vw, 678px\" \/><\/figure>\n\n\n\n<figure class=\"wp-block-image size-full\"><img loading=\"lazy\" decoding=\"async\" width=\"678\" height=\"180\" data-attachment-id=\"8918\" data-permalink=\"https:\/\/www.comuna13online.com.ar\/?attachment_id=8918\" data-orig-file=\"https:\/\/www.comuna13online.com.ar\/wp-content\/uploads\/2020\/04\/corona2.jpg\" data-orig-size=\"678,180\" data-comments-opened=\"0\" data-image-meta=\"{&quot;aperture&quot;:&quot;0&quot;,&quot;credit&quot;:&quot;&quot;,&quot;camera&quot;:&quot;&quot;,&quot;caption&quot;:&quot;&quot;,&quot;created_timestamp&quot;:&quot;0&quot;,&quot;copyright&quot;:&quot;&quot;,&quot;focal_length&quot;:&quot;0&quot;,&quot;iso&quot;:&quot;0&quot;,&quot;shutter_speed&quot;:&quot;0&quot;,&quot;title&quot;:&quot;&quot;,&quot;orientation&quot;:&quot;0&quot;}\" data-image-title=\"corona2\" data-image-description=\"\" data-image-caption=\"\" data-large-file=\"https:\/\/www.comuna13online.com.ar\/wp-content\/uploads\/2020\/04\/corona2.jpg\" src=\"http:\/\/www.comuna13online.com.ar\/wp-content\/uploads\/2020\/04\/corona2.jpg\" alt=\"\" class=\"wp-image-8918\"\/><\/figure>\n\n\n\n<p><a rel=\"noreferrer noopener\" target=\"_blank\" href=\"http:\/\/www.facebook.com\/sharer.php?u=http:\/\/www.buenosaires.gob.ar\/noticias\/este-miercoles-y-jueves-llega-la-feria-sabe-la-tierra-edicion-navidena\"><\/a><\/p>\n","protected":false},"excerpt":{"rendered":"<div class=\"mh-excerpt\">La Feria de alimentos saludables provenientes directo de sus productores funcionar\u00e1 el mi\u00e9rcoles y jueves en en Florida y Roque S\u00e1enz Pe\u00f1a y el jueves tambi\u00e9n en Parque Rivadavia, Caballito. <a class=\"mh-excerpt-more\" href=\"https:\/\/www.comuna13online.com.ar\/?p=14630\" title=\"Llega la Feria Sabe La Tierra Edici\u00f3n Navide\u00f1a\">[&#8230;]<\/a><\/div>\n","protected":false},"author":1,"featured_media":14635,"comment_status":"closed","ping_status":"closed","sticky":false,"template":"","format":"standard","meta":{"_uag_custom_page_level_css":"","_jetpack_memberships_contains_paid_content":false,"footnotes":"","jetpack_publicize_message":"","jetpack_publicize_feature_enabled":true,"jetpack_social_post_already_shared":true,"jetpack_social_options":{"image_generator_settings":{"template":"highway","default_image_id":0,"font":"","enabled":false},"version":2}},"categories":[220],"tags":[221,250,296],"class_list":{"0":"post-14630","1":"post","2":"type-post","3":"status-publish","4":"format-standard","5":"has-post-thumbnail","7":"category-ferias","8":"tag-ferias","9":"tag-h2","10":"tag-h3"},"jetpack_publicize_connections":[],"jetpack_featured_media_url":"https:\/\/www.comuna13online.com.ar\/wp-content\/uploads\/2021\/12\/20211222a_id.jpg","uagb_featured_image_src":{"full":["https:\/\/www.comuna13online.com.ar\/wp-content\/uploads\/2021\/12\/20211222a_id.jpg",678,452,false],"thumbnail":["https:\/\/www.comuna13online.com.ar\/wp-content\/uploads\/2021\/12\/20211222a_id.jpg",128,85,false],"medium":["https:\/\/www.comuna13online.com.ar\/wp-content\/uploads\/2021\/12\/20211222a_id.jpg",678,452,false],"medium_large":["https:\/\/www.comuna13online.com.ar\/wp-content\/uploads\/2021\/12\/20211222a_id.jpg",678,452,false],"large":["https:\/\/www.comuna13online.com.ar\/wp-content\/uploads\/2021\/12\/20211222a_id.jpg",678,452,false],"1536x1536":["https:\/\/www.comuna13online.com.ar\/wp-content\/uploads\/2021\/12\/20211222a_id.jpg",678,452,false],"2048x2048":["https:\/\/www.comuna13online.com.ar\/wp-content\/uploads\/2021\/12\/20211222a_id.jpg",678,452,false],"mh-magazine-slider":["https:\/\/www.comuna13online.com.ar\/wp-content\/uploads\/2021\/12\/20211222a_id-678x438.jpg",678,438,true],"mh-magazine-content":["https:\/\/www.comuna13online.com.ar\/wp-content\/uploads\/2021\/12\/20211222a_id-678x381.jpg",678,381,true],"mh-magazine-large":["https:\/\/www.comuna13online.com.ar\/wp-content\/uploads\/2021\/12\/20211222a_id.jpg",678,452,false],"mh-magazine-medium":["https:\/\/www.comuna13online.com.ar\/wp-content\/uploads\/2021\/12\/20211222a_id-326x245.jpg",326,245,true],"mh-magazine-small":["https:\/\/www.comuna13online.com.ar\/wp-content\/uploads\/2021\/12\/20211222a_id-80x60.jpg",80,60,true],"sow-carousel-default":["https:\/\/www.comuna13online.com.ar\/wp-content\/uploads\/2021\/12\/20211222a_id-272x182.jpg",272,182,true]},"uagb_author_info":{"display_name":"Comuna13","author_link":"https:\/\/www.comuna13online.com.ar\/?author=1"},"uagb_comment_info":0,"uagb_excerpt":"La Feria de alimentos saludables provenientes directo de sus productores funcionar\u00e1 el mi\u00e9rcoles y jueves en en Florida y Roque S\u00e1enz Pe\u00f1a y el jueves tambi\u00e9n en Parque Rivadavia, Caballito. [...]","jetpack_sharing_enabled":true,"_links":{"self":[{"href":"https:\/\/www.comuna13online.com.ar\/index.php?rest_route=\/wp\/v2\/posts\/14630","targetHints":{"allow":["GET"]}}],"collection":[{"href":"https:\/\/www.comuna13online.com.ar\/index.php?rest_route=\/wp\/v2\/posts"}],"about":[{"href":"https:\/\/www.comuna13online.com.ar\/index.php?rest_route=\/wp\/v2\/types\/post"}],"author":[{"embeddable":true,"href":"https:\/\/www.comuna13online.com.ar\/index.php?rest_route=\/wp\/v2\/users\/1"}],"replies":[{"embeddable":true,"href":"https:\/\/www.comuna13online.com.ar\/index.php?rest_route=%2Fwp%2Fv2%2Fcomments&post=14630"}],"version-history":[{"count":0,"href":"https:\/\/www.comuna13online.com.ar\/index.php?rest_route=\/wp\/v2\/posts\/14630\/revisions"}],"wp:featuredmedia":[{"embeddable":true,"href":"https:\/\/www.comuna13online.com.ar\/index.php?rest_route=\/wp\/v2\/media\/14635"}],"wp:attachment":[{"href":"https:\/\/www.comuna13online.com.ar\/index.php?rest_route=%2Fwp%2Fv2%2Fmedia&parent=14630"}],"wp:term":[{"taxonomy":"category","embeddable":true,"href":"https:\/\/www.comuna13online.com.ar\/index.php?rest_route=%2Fwp%2Fv2%2Fcategories&post=14630"},{"taxonomy":"post_tag","embeddable":true,"href":"https:\/\/www.comuna13online.com.ar\/index.php?rest_route=%2Fwp%2Fv2%2Ftags&post=14630"}],"curies":[{"name":"wp","href":"https:\/\/api.w.org\/{rel}","templated":true}]}}