{"id":14622,"date":"2021-12-20T09:54:22","date_gmt":"2021-12-20T12:54:22","guid":{"rendered":"http:\/\/www.comuna13online.com.ar\/?p=14622"},"modified":"2021-12-20T11:45:09","modified_gmt":"2021-12-20T14:45:09","slug":"abrieron-dos-nuevos-centros-de-testeos-en-costa-salguero-y-la-rural","status":"publish","type":"post","link":"https:\/\/www.comuna13online.com.ar\/?p=14622","title":{"rendered":"Abrieron dos nuevos centros de testeos en Costa Salguero y La Rural"},"content":{"rendered":"\n<p><strong>Ante el aumento de la demanda de testeos, el Gobierno de la Ciudad sum\u00f3 dos nuevos centros para optimizar la atenci\u00f3n y minimizar los tiempos de espera de los vecinos.<\/strong><\/p>\n\n\n\n<figure class=\"wp-block-image size-full\"><img loading=\"lazy\" decoding=\"async\" width=\"678\" height=\"452\" data-attachment-id=\"12340\" data-permalink=\"https:\/\/www.comuna13online.com.ar\/?attachment_id=12340\" data-orig-file=\"https:\/\/www.comuna13online.com.ar\/wp-content\/uploads\/2020\/12\/20201228a1.jpg\" data-orig-size=\"678,452\" data-comments-opened=\"0\" data-image-meta=\"{&quot;aperture&quot;:&quot;0&quot;,&quot;credit&quot;:&quot;&quot;,&quot;camera&quot;:&quot;&quot;,&quot;caption&quot;:&quot;&quot;,&quot;created_timestamp&quot;:&quot;0&quot;,&quot;copyright&quot;:&quot;&quot;,&quot;focal_length&quot;:&quot;0&quot;,&quot;iso&quot;:&quot;0&quot;,&quot;shutter_speed&quot;:&quot;0&quot;,&quot;title&quot;:&quot;&quot;,&quot;orientation&quot;:&quot;0&quot;}\" data-image-title=\"20201228a1\" data-image-description=\"\" data-image-caption=\"\" data-large-file=\"https:\/\/www.comuna13online.com.ar\/wp-content\/uploads\/2020\/12\/20201228a1-572x381.jpg\" src=\"http:\/\/www.comuna13online.com.ar\/wp-content\/uploads\/2020\/12\/20201228a1.jpg\" alt=\"\" class=\"wp-image-12340\" srcset=\"https:\/\/www.comuna13online.com.ar\/wp-content\/uploads\/2020\/12\/20201228a1.jpg 678w, https:\/\/www.comuna13online.com.ar\/wp-content\/uploads\/2020\/12\/20201228a1-326x217.jpg 326w, https:\/\/www.comuna13online.com.ar\/wp-content\/uploads\/2020\/12\/20201228a1-572x381.jpg 572w, https:\/\/www.comuna13online.com.ar\/wp-content\/uploads\/2020\/12\/20201228a1-272x182.jpg 272w\" sizes=\"auto, (max-width: 678px) 100vw, 678px\" \/><\/figure>\n\n\n\n<p>Con el fin de optimizar la atenci\u00f3n y minimizar los tiempos de espera, el Gobierno porte\u00f1o aumentar\u00e1 en 15 mil la capacidad del sistema de testeos por COVID-19. Este lunes comenz\u00f3 a funcionar un nuevo dispositivo en Costa Salguero: es vehicular y cuenta con una capacidad para recibir aproximadamente 5 mil vecinos por d\u00eda.<\/p>\n\n\n\n<p>Adem\u00e1s, el mi\u00e9rcoles se pondr\u00e1 en marcha La Rural Peatonal Sarmiento con el ingreso por la calle del mismo nombre y disponibilidad de alrededor de 7 mil turnos por jornada. Por otro lado, se sumar\u00e1n m\u00e1s puestos de atenci\u00f3n en otros puntos.<\/p>\n\n\n\n<p>Los 5 grandes centros \u2014que sumar\u00e1n 7 una vez inaugurado Costa Salguero Veh\u00edcular y La Rural Peatonal Sarmiento\u2014 abren sus puertas todos los d\u00edas de 8 a 20. Para asistir, desde el pasado lunes es necesario solicitar un turno online a trav\u00e9s del sitio web oficial del GCBA (buenosaires.gob.ar\/test).<\/p>\n\n\n\n<p>En la primera semana \u2014del lunes 13 al domingo 19\u2014 ya se otorgaron 64.111 citas y hay m\u00e1s cupos disponibles.<\/p>\n\n\n\n<p>Los otros 43 que puntos, que incluyen los dispositivos DetectAR y las Unidades Febriles de Urgencia, contin\u00faan funcionando con demanda espont\u00e1nea.<\/p>\n\n\n\n<p>Desde el inicio de la emergencia sanitaria, en la Ciudad ya se realizaron m\u00e1s de 7 millones de testeos por COVID-19, entre el sistema de salud p\u00fablico y privado. La semana pr\u00f3xima, el Gobierno porte\u00f1o contar\u00e1 con 50 centros de testeo con capacidad de realizar m\u00e1s de 30 mil evaluaciones diarias. En los \u00faltimos 5 d\u00edas en total se realizaron un promedio de 17.207 tests por jornada.<\/p>\n\n\n\n<p>Entendiendo que los testeos son fundamentales para mitigar los contagios de coronavirus, el n\u00famero de centros disponibles y su capacidad var\u00eda en coincidencia con el avance de la situaci\u00f3n sanitaria. El principal objetivo es garantizar la atenci\u00f3n de todos los vecinos en cada etapa e identificar los casos de manera temprana.<\/p>\n\n\n\n<p><\/p>\n<div align=\"center\">\n<blockquote class=\"twitter-tweet\"><p lang=\"es\" dir=\"ltr\">Ampliamos la estrategia de testeo en la Ciudad.<br><br>?Si pasaron 7 d\u00edas desde que tuviste contacto con alguna persona que dio positivo en coronavirus, acercate al Dispositivo Detectar m\u00e1s cercano para hacerte el test, a\u00fan si no ten\u00e9s s\u00edntomas.<br><br>Encontralos en <a href=\"https:\/\/t.co\/vgphkJRqAU\">https:\/\/t.co\/vgphkJRqAU<\/a> <a href=\"https:\/\/t.co\/HiFcNBsh7h\">pic.twitter.com\/HiFcNBsh7h<\/a><\/p>&mdash; BA Salud \u270b??\u270b? (@BASalud) <a href=\"https:\/\/twitter.com\/BASalud\/status\/1306334140657213440?ref_src=twsrc%5Etfw\">September 16, 2020<\/a><\/blockquote> <script async src=\"https:\/\/platform.twitter.com\/widgets.js\" charset=\"utf-8\"><\/script>\n<\/div>\n<p><\/p>\n\n\n\n\n<p><strong>Quien considere que debe testarse por coronavirus puede acercarse al dispositivo m\u00e1s cercano:<\/strong><\/p>\n\n\n\n<ul class=\"wp-block-list\"><li>Si sos contacto estrecho o familiar de una persona de riesgo y <strong>no ten\u00e9s s\u00edntomas<\/strong>, pod\u00e9s testearte en un centro de testeo o a un Dispositivo Detectar <strong><a href=\"https:\/\/www.buenosaires.gob.ar\/coronavirus\/hacete-el-test\/contacto-estrecho\" target=\"_blank\" rel=\"noreferrer noopener\">con turno previo<\/a><\/strong>, <\/li><\/ul>\n\n\n\n<ul class=\"wp-block-list\"><li>Si <strong>ten\u00e9s s\u00edntomas<\/strong> acerat\u00e9 a  una <strong>Unidad Febril de Urgencia<\/strong>, funcionan todos los d\u00edas de 8 a 20 horas. <strong>No requiere turno previo<\/strong> para hacerte el test.<\/li><\/ul>\n\n\n\n<h3 class=\"wp-block-heading\">Siete grandes centros y 23 dispositivos DetectAR<\/h3>\n\n\n\n<p>Desde estelunes, ser\u00e1n 7 los grandes centros: La Rural Vehicular, La Rural Peatonal, La Rural Peatonal Sarmiento, Parque los Andes, Parque Chacabuco, Villa Devoto y Costa Salguero Vehicular.<\/p>\n\n\n\n<p>Se encuentran especialmente destinados a personas que no presentan s\u00edntomas compatibles con la enfermedad pero necesitan realizarse el test de manera preventiva. Tambi\u00e9n pueden asistir a cualquiera de los 23 dispositivos DetectAR sin necesidad de solicitar un turno previo.<\/p>\n\n\n\n<h3 class=\"wp-block-heading\">Unidades Febriles de Emergencia<\/h3>\n\n\n\n<p>Las personas que presentan s\u00edntomas compatibles con la enfermedad \u2014fiebre, tos, dolor de garganta, etc.\u2014 deben dirigirse de manera inmediata a la Unidad Febril de Urgencia m\u00e1s cercana a su domicilio para ser testeados y recibir atenci\u00f3n por parte del equipo m\u00e9dico en caso de que lo requieran. Se encuentran anexas a los hospitales p\u00fablicos y abren sus puertas todos los d\u00edas de 8 a 20 horas.<\/p>\n\n\n\n<p><strong>Personas menores de 6 a\u00f1os<\/strong><\/p>\n\n\n\n<ul class=\"wp-block-list\"><li><strong>Hosp. General de Agudos Dr. C. Durand<\/strong>&nbsp;(atenci\u00f3n todos los d\u00edas de 8 a 20h) &#8211; Diaz velez av. 5044<\/li><li><strong>Hosp. General de Ni\u00f1os P. De Elizalde<\/strong>&nbsp;(atenci\u00f3n todos los d\u00edas de 8 a 20h) &#8211; Montes de oca, manuel av. 40<\/li><li><strong>Hosp. General de Ni\u00f1os R. Gutierrez<\/strong>&nbsp;(atenci\u00f3n todos los d\u00edas de 8 a 20h) &#8211; Gallo 1330<\/li><li><strong>Hosp. General de Agudos J. M. Ramos Mejia<\/strong>&nbsp;(atenci\u00f3n todos los d\u00edas de 8 a 20h) &#8211; Urquiza, gral. 609<\/li><\/ul>\n\n\n\n<p><strong>Personas mayores de 6 a\u00f1os<\/strong><\/p>\n\n\n\n<ul class=\"wp-block-list\"><li>Hosp. Borda \/ Moyano (atenci\u00f3n Lunes A Lunes De 8 A 16 Hs.)&nbsp;&#8211;&nbsp;Brandsen 2570<\/li><li>Hosp. Cecilia Grierson (atenci\u00f3n Lunes A Lunes De 8 A 20 Hs.)&nbsp;&#8211;&nbsp;Fernandez de la cruz, f., gral. av. 4402<\/li><li>Hosp. De Infecciosas F. Mu\u00d1iz (atenci\u00f3n Lunes A Lunes De 8 A 20 Hs.)&nbsp;&#8211;&nbsp;Uspallata 2272<\/li><li>Hosp. De Rehabilitacion Respiratoria Maria Ferrer (atenci\u00f3n Lunes A Lunes De 8 A 16 Hs.)&nbsp;&#8211;&nbsp;Finochietto enrique dr. 849<\/li><li>Hosp. General De Agudos A. Zubizarreta (atenci\u00f3n Lunes A Lunes De 8 A 20 Hs.)&nbsp;&#8211;&nbsp;Nueva york 3952<\/li><li>Hosp. General De Agudos B. Rivadavia (atenci\u00f3n Lunes A Lunes De 8 A 20 Hs.)&nbsp;&#8211;&nbsp;Las heras general av. 2670<\/li><li>Hosp. General De Agudos Donacion F. Santojanni (atenci\u00f3n Lunes A Lunes De 8 A 20 Hs.)&nbsp;&#8211;&nbsp;Pilar 950<\/li><li>Hosp. General De Agudos Dr C. Argerich (atenci\u00f3n Lunes A Lunes De 8 A 16 Hs.)&nbsp;&#8211;&nbsp;Pi y margall 750<\/li><li>Hosp. General De Agudos Dr. C. Durand (atenci\u00f3n Lunes A Lunes De 8 A 16 Hs.)&nbsp;&#8211;&nbsp;Diaz velez av. 5044<\/li><li>Hosp. General De Agudos Dr. E. Tornu (atenci\u00f3n Lunes A Lunes De 8 A 20 Hs.)&nbsp;&#8211;&nbsp;Combatientes de malvinas av. 3002<\/li><li>Hosp. General De Agudos Dr. I. Pirovano (atenci\u00f3n Lunes A Lunes De 8 A 20 Hs.)&nbsp;&#8211;&nbsp;Monroe av. 3555<\/li><li>Hosp. General De Agudos Dr. J. A. Fernandez (atenci\u00f3n Lunes A Lunes De 8 A 20 Hs.)&nbsp;&#8211;&nbsp;Cervi\u00d1o av. 3356<\/li><li>Hosp. General De Agudos Dr. T. Alvarez (atenci\u00f3n Lunes A Lunes De 8 A 20 Hs.)&nbsp;&#8211;&nbsp;Aranguren, juan f., dr. 2701<\/li><li>Hosp. General De Agudos D. Velez Sarsfield (atenci\u00f3n Lunes A Lunes De 8 A 20 Hs.)&nbsp;&#8211;&nbsp;Calderon de la barca, pedro 1550<\/li><li>Hosp. General De Agudos J. A. Penna (atenci\u00f3n Lunes A Lunes De 8 A 16 Hs.)&nbsp;&#8211;&nbsp;Almafuerte av. 406<\/li><li>Hosp. General De Agudos J. M. Ramos Mejia (atenci\u00f3n Lunes A Lunes De 8 A 20 Hs.)&nbsp;&#8211;&nbsp;Urquiza, gral. 609<\/li><li>Hosp. General De Agudos P. Pi\u00d1ero (atenci\u00f3n Lunes A Lunes De 8 A 20 Hs.)&nbsp;&#8211;&nbsp;Varela av. 1301<\/li><li>Hosp. General De Ni\u00d1os P. De Elizalde (atenci\u00f3n Lunes A Lunes De 8 A 20 Hs.)&nbsp;&#8211;&nbsp;Montes de oca, manuel av. 40<\/li><li>Hosp. General De Ni\u00d1os R. Gutierrez (atenci\u00f3n Lunes A Lunes De 8 A 20 Hs.)&nbsp;&#8211;&nbsp;Gallo 1330<\/li><\/ul>\n\n\n\n<p><a href=\"https:\/\/epok.buenosaires.gob.ar\/pub\/mapa\/salud\/ufus\/\" target=\"_blank\" rel=\"noreferrer noopener\">Ver listado en el mapa<\/a><\/p>\n\n\n\n<figure class=\"wp-block-image size-large is-resized\"><img loading=\"lazy\" decoding=\"async\" data-attachment-id=\"99\" data-permalink=\"https:\/\/www.comuna13online.com.ar\/?attachment_id=99\" data-orig-file=\"https:\/\/www.comuna13online.com.ar\/wp-content\/uploads\/2017\/12\/line.jpg\" data-orig-size=\"678,1\" data-comments-opened=\"0\" data-image-meta=\"{&quot;aperture&quot;:&quot;0&quot;,&quot;credit&quot;:&quot;&quot;,&quot;camera&quot;:&quot;&quot;,&quot;caption&quot;:&quot;&quot;,&quot;created_timestamp&quot;:&quot;0&quot;,&quot;copyright&quot;:&quot;&quot;,&quot;focal_length&quot;:&quot;0&quot;,&quot;iso&quot;:&quot;0&quot;,&quot;shutter_speed&quot;:&quot;0&quot;,&quot;title&quot;:&quot;&quot;,&quot;orientation&quot;:&quot;0&quot;}\" data-image-title=\"line\" data-image-description=\"\" data-image-caption=\"\" data-large-file=\"https:\/\/www.comuna13online.com.ar\/wp-content\/uploads\/2017\/12\/line.jpg\" src=\"http:\/\/www.comuna13online.com.ar\/wp-content\/uploads\/2017\/12\/line.jpg\" alt=\"\" class=\"wp-image-99\" width=\"678\" height=\"1\" srcset=\"https:\/\/www.comuna13online.com.ar\/wp-content\/uploads\/2017\/12\/line.jpg 678w, https:\/\/www.comuna13online.com.ar\/wp-content\/uploads\/2017\/12\/line-150x1.jpg 150w, https:\/\/www.comuna13online.com.ar\/wp-content\/uploads\/2017\/12\/line-326x1.jpg 326w, https:\/\/www.comuna13online.com.ar\/wp-content\/uploads\/2017\/12\/line-80x1.jpg 80w, https:\/\/www.comuna13online.com.ar\/wp-content\/uploads\/2017\/12\/line-272x1.jpg 272w\" sizes=\"auto, (max-width: 678px) 100vw, 678px\" \/><\/figure>\n\n\n\n<figure class=\"wp-block-image size-full\"><img loading=\"lazy\" decoding=\"async\" width=\"678\" height=\"180\" data-attachment-id=\"8918\" data-permalink=\"https:\/\/www.comuna13online.com.ar\/?attachment_id=8918\" data-orig-file=\"https:\/\/www.comuna13online.com.ar\/wp-content\/uploads\/2020\/04\/corona2.jpg\" data-orig-size=\"678,180\" data-comments-opened=\"0\" data-image-meta=\"{&quot;aperture&quot;:&quot;0&quot;,&quot;credit&quot;:&quot;&quot;,&quot;camera&quot;:&quot;&quot;,&quot;caption&quot;:&quot;&quot;,&quot;created_timestamp&quot;:&quot;0&quot;,&quot;copyright&quot;:&quot;&quot;,&quot;focal_length&quot;:&quot;0&quot;,&quot;iso&quot;:&quot;0&quot;,&quot;shutter_speed&quot;:&quot;0&quot;,&quot;title&quot;:&quot;&quot;,&quot;orientation&quot;:&quot;0&quot;}\" data-image-title=\"corona2\" data-image-description=\"\" data-image-caption=\"\" data-large-file=\"https:\/\/www.comuna13online.com.ar\/wp-content\/uploads\/2020\/04\/corona2.jpg\" src=\"http:\/\/www.comuna13online.com.ar\/wp-content\/uploads\/2020\/04\/corona2.jpg\" alt=\"\" class=\"wp-image-8918\"\/><\/figure>\n","protected":false},"excerpt":{"rendered":"<div class=\"mh-excerpt\">Ante el aumento de la demanda de testeos, el Gobierno de la Ciudad sum\u00f3 dos nuevos centros para optimizar la atenci\u00f3n y minimizar los tiempos de espera de los vecinos. <a class=\"mh-excerpt-more\" href=\"https:\/\/www.comuna13online.com.ar\/?p=14622\" title=\"Abrieron dos nuevos centros de testeos en Costa Salguero y La Rural\">[&#8230;]<\/a><\/div>\n","protected":false},"author":1,"featured_media":14623,"comment_status":"closed","ping_status":"closed","sticky":false,"template":"","format":"standard","meta":{"_uag_custom_page_level_css":"","_jetpack_memberships_contains_paid_content":false,"footnotes":"","jetpack_publicize_message":"","jetpack_publicize_feature_enabled":true,"jetpack_social_post_already_shared":true,"jetpack_social_options":{"image_generator_settings":{"template":"highway","default_image_id":0,"font":"","enabled":false},"version":2}},"categories":[269],"tags":[271,250,296,45],"class_list":{"0":"post-14622","1":"post","2":"type-post","3":"status-publish","4":"format-standard","5":"has-post-thumbnail","7":"category-coronavirus","8":"tag-coronavirus","9":"tag-h2","10":"tag-h3","11":"tag-salud"},"jetpack_publicize_connections":[],"jetpack_featured_media_url":"https:\/\/www.comuna13online.com.ar\/wp-content\/uploads\/2021\/12\/20211220a_id.jpg","uagb_featured_image_src":{"full":["https:\/\/www.comuna13online.com.ar\/wp-content\/uploads\/2021\/12\/20211220a_id.jpg",678,452,false],"thumbnail":["https:\/\/www.comuna13online.com.ar\/wp-content\/uploads\/2021\/12\/20211220a_id.jpg",128,85,false],"medium":["https:\/\/www.comuna13online.com.ar\/wp-content\/uploads\/2021\/12\/20211220a_id.jpg",678,452,false],"medium_large":["https:\/\/www.comuna13online.com.ar\/wp-content\/uploads\/2021\/12\/20211220a_id.jpg",678,452,false],"large":["https:\/\/www.comuna13online.com.ar\/wp-content\/uploads\/2021\/12\/20211220a_id.jpg",678,452,false],"1536x1536":["https:\/\/www.comuna13online.com.ar\/wp-content\/uploads\/2021\/12\/20211220a_id.jpg",678,452,false],"2048x2048":["https:\/\/www.comuna13online.com.ar\/wp-content\/uploads\/2021\/12\/20211220a_id.jpg",678,452,false],"mh-magazine-slider":["https:\/\/www.comuna13online.com.ar\/wp-content\/uploads\/2021\/12\/20211220a_id-678x438.jpg",678,438,true],"mh-magazine-content":["https:\/\/www.comuna13online.com.ar\/wp-content\/uploads\/2021\/12\/20211220a_id-678x381.jpg",678,381,true],"mh-magazine-large":["https:\/\/www.comuna13online.com.ar\/wp-content\/uploads\/2021\/12\/20211220a_id.jpg",678,452,false],"mh-magazine-medium":["https:\/\/www.comuna13online.com.ar\/wp-content\/uploads\/2021\/12\/20211220a_id-326x245.jpg",326,245,true],"mh-magazine-small":["https:\/\/www.comuna13online.com.ar\/wp-content\/uploads\/2021\/12\/20211220a_id-80x60.jpg",80,60,true],"sow-carousel-default":["https:\/\/www.comuna13online.com.ar\/wp-content\/uploads\/2021\/12\/20211220a_id-272x182.jpg",272,182,true]},"uagb_author_info":{"display_name":"Comuna13","author_link":"https:\/\/www.comuna13online.com.ar\/?author=1"},"uagb_comment_info":0,"uagb_excerpt":"Ante el aumento de la demanda de testeos, el Gobierno de la Ciudad sum\u00f3 dos nuevos centros para optimizar la atenci\u00f3n y minimizar los tiempos de espera de los vecinos. [...]","jetpack_sharing_enabled":true,"_links":{"self":[{"href":"https:\/\/www.comuna13online.com.ar\/index.php?rest_route=\/wp\/v2\/posts\/14622","targetHints":{"allow":["GET"]}}],"collection":[{"href":"https:\/\/www.comuna13online.com.ar\/index.php?rest_route=\/wp\/v2\/posts"}],"about":[{"href":"https:\/\/www.comuna13online.com.ar\/index.php?rest_route=\/wp\/v2\/types\/post"}],"author":[{"embeddable":true,"href":"https:\/\/www.comuna13online.com.ar\/index.php?rest_route=\/wp\/v2\/users\/1"}],"replies":[{"embeddable":true,"href":"https:\/\/www.comuna13online.com.ar\/index.php?rest_route=%2Fwp%2Fv2%2Fcomments&post=14622"}],"version-history":[{"count":0,"href":"https:\/\/www.comuna13online.com.ar\/index.php?rest_route=\/wp\/v2\/posts\/14622\/revisions"}],"wp:featuredmedia":[{"embeddable":true,"href":"https:\/\/www.comuna13online.com.ar\/index.php?rest_route=\/wp\/v2\/media\/14623"}],"wp:attachment":[{"href":"https:\/\/www.comuna13online.com.ar\/index.php?rest_route=%2Fwp%2Fv2%2Fmedia&parent=14622"}],"wp:term":[{"taxonomy":"category","embeddable":true,"href":"https:\/\/www.comuna13online.com.ar\/index.php?rest_route=%2Fwp%2Fv2%2Fcategories&post=14622"},{"taxonomy":"post_tag","embeddable":true,"href":"https:\/\/www.comuna13online.com.ar\/index.php?rest_route=%2Fwp%2Fv2%2Ftags&post=14622"}],"curies":[{"name":"wp","href":"https:\/\/api.w.org\/{rel}","templated":true}]}}