{"id":14619,"date":"2021-12-16T08:50:41","date_gmt":"2021-12-16T11:50:41","guid":{"rendered":"http:\/\/www.comuna13online.com.ar\/?p=14619"},"modified":"2021-12-16T08:50:45","modified_gmt":"2021-12-16T11:50:45","slug":"garantia-facil-para-facilitar-que-los-vecinos-puedan-alquiler-una-vivienda","status":"publish","type":"post","link":"https:\/\/www.comuna13online.com.ar\/?p=14619","title":{"rendered":"\u201cGarant\u00eda + F\u00e1cil\u201d para facilitar que los vecinos puedan alquiler una vivienda"},"content":{"rendered":"\n<p><strong>El programa del  Instituto de Vivienda de la Ciudad permitir\u00e1 que los vecinos puedan acceder a un seguro de cauci\u00f3n a bajo precio y con una bonificaci\u00f3n del 70%.<\/strong><\/p>\n\n\n\n<figure class=\"wp-block-image size-full\"><img loading=\"lazy\" decoding=\"async\" width=\"678\" height=\"452\" data-attachment-id=\"12824\" data-permalink=\"https:\/\/www.comuna13online.com.ar\/?attachment_id=12824\" data-orig-file=\"https:\/\/www.comuna13online.com.ar\/wp-content\/uploads\/2021\/03\/210303b-id.jpg\" data-orig-size=\"678,452\" data-comments-opened=\"0\" data-image-meta=\"{&quot;aperture&quot;:&quot;0&quot;,&quot;credit&quot;:&quot;&quot;,&quot;camera&quot;:&quot;&quot;,&quot;caption&quot;:&quot;&quot;,&quot;created_timestamp&quot;:&quot;0&quot;,&quot;copyright&quot;:&quot;&quot;,&quot;focal_length&quot;:&quot;0&quot;,&quot;iso&quot;:&quot;0&quot;,&quot;shutter_speed&quot;:&quot;0&quot;,&quot;title&quot;:&quot;&quot;,&quot;orientation&quot;:&quot;0&quot;}\" data-image-title=\"210303b-id\" data-image-description=\"\" data-image-caption=\"\" data-large-file=\"https:\/\/www.comuna13online.com.ar\/wp-content\/uploads\/2021\/03\/210303b-id.jpg\" src=\"http:\/\/www.comuna13online.com.ar\/wp-content\/uploads\/2021\/03\/210303b-id.jpg\" alt=\"\" class=\"wp-image-12824\" srcset=\"https:\/\/www.comuna13online.com.ar\/wp-content\/uploads\/2021\/03\/210303b-id.jpg 678w, https:\/\/www.comuna13online.com.ar\/wp-content\/uploads\/2021\/03\/210303b-id-272x182.jpg 272w\" sizes=\"auto, (max-width: 678px) 100vw, 678px\" \/><\/figure>\n\n\n\n<p>El Instituto de Vivienda de la Ciudad de Buenos Aires lanz\u00f3 el programa Garant\u00eda +F\u00e1cil para que todos los vecinos y vecinas que quieran alquilar en la Ciudad, puedan hacerlo de una manera m\u00e1s sencilla y con menos gastos.<\/p>\n\n\n\n<p>El programa est\u00e1 destinado a aquellos inquilinos que no cuentan con una garant\u00eda propietaria tradicional, una de las principales barreras de ingreso al alquiler formal.<\/p>\n\n\n\n<p>Garant\u00eda + F\u00e1cil le permitir\u00e1 al inquilino acceder a un seguro de cauci\u00f3n de diferentes compa\u00f1\u00edas al mejor precio del mercado. Adem\u00e1s, en caso de ser seleccionado para el programa, el IVC le ofrece al inquilino un 70% de descuento en el costo del seguro.<\/p>\n\n\n\n<p>Los seguros de cauci\u00f3n son un tipo de garant\u00eda que otorgan las compa\u00f1\u00edas de seguros para cubrir las p\u00e9rdidas producidas en caso de que el inquilino no pague la cuota del alquiler. Es una alternativa m\u00e1s eficiente, r\u00e1pida y accesible que las garant\u00edas propietarias, porque garantiza el cumplimiento de las obligaciones asumidas por el inquilino en el contrato y otorga mayor agilidad y seguridad jur\u00eddica.<\/p>\n\n\n\n<p><\/p>\n<div align=\"center\">\n<blockquote class=\"twitter-tweet\"><p lang=\"es\" dir=\"ltr\">En la Ciudad te ayudamos a reducir los costos de ingreso a un alquiler ?<br><br>\u00bfPor qu\u00e9 optar por un seguro de cauci\u00f3n?<br><br>? M\u00e1s barato para el inquilino.<br>? M\u00e1s seguro para el propietario.<br><br>\u00a1Ingres\u00e1 a <a href=\"https:\/\/t.co\/MlVgOdqBut\">https:\/\/t.co\/MlVgOdqBut<\/a> para postularte!<a href=\"https:\/\/twitter.com\/hashtag\/AlquilarEnLaCiudad?src=hash&amp;ref_src=twsrc%5Etfw\">#AlquilarEnLaCiudad<\/a> <a href=\"https:\/\/t.co\/cakvjeDDRV\">pic.twitter.com\/cakvjeDDRV<\/a><\/p>&mdash; IVC (@IVCBuenosAires) <a href=\"https:\/\/twitter.com\/IVCBuenosAires\/status\/1466136835109928978?ref_src=twsrc%5Etfw\">December 1, 2021<\/a><\/blockquote> <script async src=\"https:\/\/platform.twitter.com\/widgets.js\" charset=\"utf-8\"><\/script>\n<\/div>\n<p><\/p>\n\n\n\n<p>Al respecto, Gabriel Mraida, presidente del IVC, sostuvo, <em>\u201cSabemos el esfuerzo que hacen las familias que alquilan. Hoy, el hogar inquilino promedio destina cerca del 40 por ciento de sus ingresos al alquiler, mucho m\u00e1s que antes. Si sumamos el dep\u00f3sito, la garant\u00eda y el costo de mudanza, el pago inicial se vuelve inalcanzable. Por esta raz\u00f3n, desde el Instituto de Vivienda de la Ciudad impulsamos una serie de programas para que los vecinos puedan alquilar de manera m\u00e1s f\u00e1cil y con menos gastos\u201d<\/em>.<\/p>\n\n\n\n<p>Adem\u00e1s, Mraida agreg\u00f3 <em>\u201cGarant\u00eda + F\u00e1cil ofrece a los vecinos y vecinas de la Ciudad una garant\u00eda alternativa para que puedan alquilar sin la necesidad de contar con una garant\u00eda propietaria. Este programa facilita el acceso a seguros de cauci\u00f3n de diferentes compa\u00f1\u00edas\u201d<\/em>.<\/p>\n\n\n\n<p>Para acceder al programa Garant\u00eda + F\u00e1cil, los inquilinos deben ingresar a&nbsp;<a rel=\"noreferrer noopener\" target=\"_blank\" href=\"http:\/\/vivienda.buenosaires.gob.ar\/\">vivienda.buenosaires.gob.ar<\/a>, donde encontrar\u00e1n toda la informaci\u00f3n detallada para acceder a la bonificaci\u00f3n y las aseguradoras asociadas (Sura a trav\u00e9s de Zonaprop Garant\u00edas, Woranz y Alba Cauci\u00f3n).<\/p>\n\n\n\n<h3 class=\"wp-block-heading\"><strong>Requisitos para postularse a Garant\u00eda +F\u00e1cil:<\/strong><\/h3>\n\n\n\n<ol class=\"wp-block-list\"><li>Tener 18 a\u00f1os de edad o m\u00e1s.<\/li><li>Poseer un ingreso total y\/o familiar de entre 2 y 7 Salarios M\u00ednimos Vitales y M\u00f3viles.<\/li><li>No contar con antecedentes financieros desfavorables.<\/li><li>Poseer Documento Nacional de Identidad Argentina.<\/li><\/ol>\n\n\n\n<p>Para ser beneficiario de la bonificaci\u00f3n del 70% en el seguro de cauci\u00f3n, el valor del alquiler no puede superar las 654 UVAs.<\/p>\n\n\n\n<figure class=\"wp-block-image size-large is-resized\"><img loading=\"lazy\" decoding=\"async\" data-attachment-id=\"99\" data-permalink=\"https:\/\/www.comuna13online.com.ar\/?attachment_id=99\" data-orig-file=\"https:\/\/www.comuna13online.com.ar\/wp-content\/uploads\/2017\/12\/line.jpg\" data-orig-size=\"678,1\" data-comments-opened=\"0\" data-image-meta=\"{&quot;aperture&quot;:&quot;0&quot;,&quot;credit&quot;:&quot;&quot;,&quot;camera&quot;:&quot;&quot;,&quot;caption&quot;:&quot;&quot;,&quot;created_timestamp&quot;:&quot;0&quot;,&quot;copyright&quot;:&quot;&quot;,&quot;focal_length&quot;:&quot;0&quot;,&quot;iso&quot;:&quot;0&quot;,&quot;shutter_speed&quot;:&quot;0&quot;,&quot;title&quot;:&quot;&quot;,&quot;orientation&quot;:&quot;0&quot;}\" data-image-title=\"line\" data-image-description=\"\" data-image-caption=\"\" data-large-file=\"https:\/\/www.comuna13online.com.ar\/wp-content\/uploads\/2017\/12\/line.jpg\" src=\"http:\/\/www.comuna13online.com.ar\/wp-content\/uploads\/2017\/12\/line.jpg\" alt=\"\" class=\"wp-image-99\" width=\"678\" height=\"1\" srcset=\"https:\/\/www.comuna13online.com.ar\/wp-content\/uploads\/2017\/12\/line.jpg 678w, https:\/\/www.comuna13online.com.ar\/wp-content\/uploads\/2017\/12\/line-150x1.jpg 150w, https:\/\/www.comuna13online.com.ar\/wp-content\/uploads\/2017\/12\/line-326x1.jpg 326w, https:\/\/www.comuna13online.com.ar\/wp-content\/uploads\/2017\/12\/line-80x1.jpg 80w, https:\/\/www.comuna13online.com.ar\/wp-content\/uploads\/2017\/12\/line-272x1.jpg 272w\" sizes=\"auto, (max-width: 678px) 100vw, 678px\" \/><\/figure>\n\n\n\n<figure class=\"wp-block-image size-full\"><img loading=\"lazy\" decoding=\"async\" width=\"678\" height=\"180\" data-attachment-id=\"8918\" data-permalink=\"https:\/\/www.comuna13online.com.ar\/?attachment_id=8918\" data-orig-file=\"https:\/\/www.comuna13online.com.ar\/wp-content\/uploads\/2020\/04\/corona2.jpg\" data-orig-size=\"678,180\" data-comments-opened=\"0\" data-image-meta=\"{&quot;aperture&quot;:&quot;0&quot;,&quot;credit&quot;:&quot;&quot;,&quot;camera&quot;:&quot;&quot;,&quot;caption&quot;:&quot;&quot;,&quot;created_timestamp&quot;:&quot;0&quot;,&quot;copyright&quot;:&quot;&quot;,&quot;focal_length&quot;:&quot;0&quot;,&quot;iso&quot;:&quot;0&quot;,&quot;shutter_speed&quot;:&quot;0&quot;,&quot;title&quot;:&quot;&quot;,&quot;orientation&quot;:&quot;0&quot;}\" data-image-title=\"corona2\" data-image-description=\"\" data-image-caption=\"\" data-large-file=\"https:\/\/www.comuna13online.com.ar\/wp-content\/uploads\/2020\/04\/corona2.jpg\" src=\"http:\/\/www.comuna13online.com.ar\/wp-content\/uploads\/2020\/04\/corona2.jpg\" alt=\"\" class=\"wp-image-8918\"\/><\/figure>\n","protected":false},"excerpt":{"rendered":"<div class=\"mh-excerpt\">El programa del Instituto de Vivienda de la Ciudad permitir\u00e1 que los vecinos puedan acceder a un seguro de cauci\u00f3n a bajo precio y con una bonificaci\u00f3n del 70%. El <a class=\"mh-excerpt-more\" href=\"https:\/\/www.comuna13online.com.ar\/?p=14619\" title=\"\u201cGarant\u00eda + F\u00e1cil\u201d para facilitar que los vecinos puedan alquiler una vivienda\">[&#8230;]<\/a><\/div>\n","protected":false},"author":1,"featured_media":14620,"comment_status":"closed","ping_status":"closed","sticky":false,"template":"","format":"standard","meta":{"_uag_custom_page_level_css":"","_jetpack_memberships_contains_paid_content":false,"footnotes":"","jetpack_publicize_message":"","jetpack_publicize_feature_enabled":true,"jetpack_social_post_already_shared":true,"jetpack_social_options":{"image_generator_settings":{"template":"highway","default_image_id":0,"font":"","enabled":false},"version":2}},"categories":[124],"tags":[250,296,125],"class_list":{"0":"post-14619","1":"post","2":"type-post","3":"status-publish","4":"format-standard","5":"has-post-thumbnail","7":"category-vivienda","8":"tag-h2","9":"tag-h3","10":"tag-vivienda"},"jetpack_publicize_connections":[],"jetpack_featured_media_url":"https:\/\/www.comuna13online.com.ar\/wp-content\/uploads\/2021\/12\/20211216a_id.jpg","uagb_featured_image_src":{"full":["https:\/\/www.comuna13online.com.ar\/wp-content\/uploads\/2021\/12\/20211216a_id.jpg",678,452,false],"thumbnail":["https:\/\/www.comuna13online.com.ar\/wp-content\/uploads\/2021\/12\/20211216a_id.jpg",128,85,false],"medium":["https:\/\/www.comuna13online.com.ar\/wp-content\/uploads\/2021\/12\/20211216a_id.jpg",678,452,false],"medium_large":["https:\/\/www.comuna13online.com.ar\/wp-content\/uploads\/2021\/12\/20211216a_id.jpg",678,452,false],"large":["https:\/\/www.comuna13online.com.ar\/wp-content\/uploads\/2021\/12\/20211216a_id.jpg",678,452,false],"1536x1536":["https:\/\/www.comuna13online.com.ar\/wp-content\/uploads\/2021\/12\/20211216a_id.jpg",678,452,false],"2048x2048":["https:\/\/www.comuna13online.com.ar\/wp-content\/uploads\/2021\/12\/20211216a_id.jpg",678,452,false],"mh-magazine-slider":["https:\/\/www.comuna13online.com.ar\/wp-content\/uploads\/2021\/12\/20211216a_id-678x438.jpg",678,438,true],"mh-magazine-content":["https:\/\/www.comuna13online.com.ar\/wp-content\/uploads\/2021\/12\/20211216a_id-678x381.jpg",678,381,true],"mh-magazine-large":["https:\/\/www.comuna13online.com.ar\/wp-content\/uploads\/2021\/12\/20211216a_id.jpg",678,452,false],"mh-magazine-medium":["https:\/\/www.comuna13online.com.ar\/wp-content\/uploads\/2021\/12\/20211216a_id-326x245.jpg",326,245,true],"mh-magazine-small":["https:\/\/www.comuna13online.com.ar\/wp-content\/uploads\/2021\/12\/20211216a_id-80x60.jpg",80,60,true],"sow-carousel-default":["https:\/\/www.comuna13online.com.ar\/wp-content\/uploads\/2021\/12\/20211216a_id-272x182.jpg",272,182,true]},"uagb_author_info":{"display_name":"Comuna13","author_link":"https:\/\/www.comuna13online.com.ar\/?author=1"},"uagb_comment_info":0,"uagb_excerpt":"El programa del Instituto de Vivienda de la Ciudad permitir\u00e1 que los vecinos puedan acceder a un seguro de cauci\u00f3n a bajo precio y con una bonificaci\u00f3n del 70%. El [...]","jetpack_sharing_enabled":true,"_links":{"self":[{"href":"https:\/\/www.comuna13online.com.ar\/index.php?rest_route=\/wp\/v2\/posts\/14619","targetHints":{"allow":["GET"]}}],"collection":[{"href":"https:\/\/www.comuna13online.com.ar\/index.php?rest_route=\/wp\/v2\/posts"}],"about":[{"href":"https:\/\/www.comuna13online.com.ar\/index.php?rest_route=\/wp\/v2\/types\/post"}],"author":[{"embeddable":true,"href":"https:\/\/www.comuna13online.com.ar\/index.php?rest_route=\/wp\/v2\/users\/1"}],"replies":[{"embeddable":true,"href":"https:\/\/www.comuna13online.com.ar\/index.php?rest_route=%2Fwp%2Fv2%2Fcomments&post=14619"}],"version-history":[{"count":0,"href":"https:\/\/www.comuna13online.com.ar\/index.php?rest_route=\/wp\/v2\/posts\/14619\/revisions"}],"wp:featuredmedia":[{"embeddable":true,"href":"https:\/\/www.comuna13online.com.ar\/index.php?rest_route=\/wp\/v2\/media\/14620"}],"wp:attachment":[{"href":"https:\/\/www.comuna13online.com.ar\/index.php?rest_route=%2Fwp%2Fv2%2Fmedia&parent=14619"}],"wp:term":[{"taxonomy":"category","embeddable":true,"href":"https:\/\/www.comuna13online.com.ar\/index.php?rest_route=%2Fwp%2Fv2%2Fcategories&post=14619"},{"taxonomy":"post_tag","embeddable":true,"href":"https:\/\/www.comuna13online.com.ar\/index.php?rest_route=%2Fwp%2Fv2%2Ftags&post=14619"}],"curies":[{"name":"wp","href":"https:\/\/api.w.org\/{rel}","templated":true}]}}