{"id":14581,"date":"2021-12-14T08:05:00","date_gmt":"2021-12-14T11:05:00","guid":{"rendered":"http:\/\/www.comuna13online.com.ar\/?p=14581"},"modified":"2021-12-13T18:44:11","modified_gmt":"2021-12-13T21:44:11","slug":"inauguraron-la-nueva-ciclovia-sobre-la-avenida-forest","status":"publish","type":"post","link":"https:\/\/www.comuna13online.com.ar\/?p=14581","title":{"rendered":"Inauguraron la nueva ciclov\u00eda sobre la avenida Forest"},"content":{"rendered":"\n<p><strong>Con la presencia del Jefe de Gobierno Horacio Rodr\u00edguez Larreta qued\u00f3 inaugurada la ciclov\u00eda de la Av. Forest, tiene una extensi\u00f3n de 2 km entre De los Incas y Corrientes.<\/strong><\/p>\n\n\n\n<figure class=\"wp-block-image size-full\"><img loading=\"lazy\" decoding=\"async\" width=\"678\" height=\"452\" data-attachment-id=\"14585\" data-permalink=\"https:\/\/www.comuna13online.com.ar\/?attachment_id=14585\" data-orig-file=\"https:\/\/www.comuna13online.com.ar\/wp-content\/uploads\/2021\/12\/20211214a_04.jpg\" data-orig-size=\"678,452\" data-comments-opened=\"0\" data-image-meta=\"{&quot;aperture&quot;:&quot;0&quot;,&quot;credit&quot;:&quot;&quot;,&quot;camera&quot;:&quot;&quot;,&quot;caption&quot;:&quot;&quot;,&quot;created_timestamp&quot;:&quot;0&quot;,&quot;copyright&quot;:&quot;&quot;,&quot;focal_length&quot;:&quot;0&quot;,&quot;iso&quot;:&quot;0&quot;,&quot;shutter_speed&quot;:&quot;0&quot;,&quot;title&quot;:&quot;&quot;,&quot;orientation&quot;:&quot;0&quot;}\" data-image-title=\"20211214a_04\" data-image-description=\"\" data-image-caption=\"\" data-large-file=\"https:\/\/www.comuna13online.com.ar\/wp-content\/uploads\/2021\/12\/20211214a_04.jpg\" src=\"http:\/\/www.comuna13online.com.ar\/wp-content\/uploads\/2021\/12\/20211214a_04.jpg\" alt=\"\" class=\"wp-image-14585\" srcset=\"https:\/\/www.comuna13online.com.ar\/wp-content\/uploads\/2021\/12\/20211214a_04.jpg 678w, https:\/\/www.comuna13online.com.ar\/wp-content\/uploads\/2021\/12\/20211214a_04-272x182.jpg 272w\" sizes=\"auto, (max-width: 678px) 100vw, 678px\" \/><\/figure>\n\n\n\n<p>El jefe de Gobierno porte\u00f1o,\u00a0Horacio Rodr\u00edguez Larreta, inaugur\u00f3 la nueva ciclov\u00eda sobre av. Forest que se extiende a lo largo de 2 km entre las avenidas De los Incas y Corrientes. De la recorrida tambi\u00e9n participaron el secretario de Transporte y Obras P\u00fablicas, Juan Jos\u00e9 Mendez; el presidente de la Comuna 15, Mart\u00edn Garcilazo; y vecinos de la zona.<\/p>\n\n\n\n<p>Las obras de los nuevos carriles exclusivos para bicicletas de sentido \u00fanico hacia el centro porte\u00f1o&nbsp;<strong>tuvieron una duraci\u00f3n de un mes y medio<\/strong>. Fueron proyectadas tras el \u00e9xito de las ciclov\u00edas sobre la av. C\u00f3rdoba y av. Corrientes que se implementaron el a\u00f1o pasado con el fin de impulsar el uso de la bicicleta en el marco de la emergencia sanitaria. Adem\u00e1s de los cordones, delineadores y cruces verdes que se incorporaron a la traza, se realizaron nuevas intervenciones en esquinas, cruces y giros vehiculares para mejorar la experiencia y la seguridad vial de peatones y ciclistas.<\/p>\n\n\n\n<p>Con su finalizaci\u00f3n, la Red de Ciclov\u00edas y Bicisendas ya cuenta con\u00a0<strong>269 km de extensi\u00f3n<\/strong>\u00a0y el objetivo es que alcance los 300 km para 2023. Asimismo, comenzaron las obras en la avenida Jorge Newbery para conectar los barrios de Chacarita y Colegiales al tiempo que contin\u00faan los trabajos de integraci\u00f3n urbana para llevar la Red a 4 barrios populares.<\/p>\n\n\n\n<figure class=\"wp-block-image size-full\"><img loading=\"lazy\" decoding=\"async\" width=\"678\" height=\"452\" data-attachment-id=\"14584\" data-permalink=\"https:\/\/www.comuna13online.com.ar\/?attachment_id=14584\" data-orig-file=\"https:\/\/www.comuna13online.com.ar\/wp-content\/uploads\/2021\/12\/20211214a_03.jpg\" data-orig-size=\"678,452\" data-comments-opened=\"0\" data-image-meta=\"{&quot;aperture&quot;:&quot;0&quot;,&quot;credit&quot;:&quot;&quot;,&quot;camera&quot;:&quot;&quot;,&quot;caption&quot;:&quot;&quot;,&quot;created_timestamp&quot;:&quot;0&quot;,&quot;copyright&quot;:&quot;&quot;,&quot;focal_length&quot;:&quot;0&quot;,&quot;iso&quot;:&quot;0&quot;,&quot;shutter_speed&quot;:&quot;0&quot;,&quot;title&quot;:&quot;&quot;,&quot;orientation&quot;:&quot;0&quot;}\" data-image-title=\"20211214a_03\" data-image-description=\"\" data-image-caption=\"\" data-large-file=\"https:\/\/www.comuna13online.com.ar\/wp-content\/uploads\/2021\/12\/20211214a_03.jpg\" src=\"http:\/\/www.comuna13online.com.ar\/wp-content\/uploads\/2021\/12\/20211214a_03.jpg\" alt=\"\" class=\"wp-image-14584\" srcset=\"https:\/\/www.comuna13online.com.ar\/wp-content\/uploads\/2021\/12\/20211214a_03.jpg 678w, https:\/\/www.comuna13online.com.ar\/wp-content\/uploads\/2021\/12\/20211214a_03-272x182.jpg 272w\" sizes=\"auto, (max-width: 678px) 100vw, 678px\" \/><figcaption><span style=\"color:#777777\" class=\"has-inline-color\"><sup>Intervenci\u00f3n en la esquina donde se cruzan De Los Incas, Delgado y la Av. Forest.<\/sup><\/span><\/figcaption><\/figure>\n\n\n\n<h3 class=\"wp-block-heading\">Detalle de las nuevas trazas<\/h3>\n\n\n\n<ul class=\"wp-block-list\"><li>Av. Forest entre av. De los Incas y av. Jorge Newbery (Belgrano y Chacarita &#8211; Barrio Fraga) &#8211; 2 km (FINALIZADA)<\/li><\/ul>\n\n\n\n<ul class=\"wp-block-list\"><li>Av. Jorge Newbery entre av. Corrientes y Enrique General Mart\u00ednez (Chacarita y Colegiales) &#8211; 1,1 km (EN OBRA)<\/li><\/ul>\n\n\n\n<ul class=\"wp-block-list\"><li>Palpa entre Fraga y av. Forest (Chacarita &#8211; Barrio Fraga) &#8211; 0,1 km (EN OBRA)<\/li><\/ul>\n\n\n\n<ul class=\"wp-block-list\"><li>Vera Pe\u00f1aloza\/Padre Migone\/T. Achaval entre Julieta Lanteri y Rodrigo Bueno (Puerto Madero &#8211; Rodrigo Bueno) &#8211; 0,6 km (EN OBRA)<\/li><\/ul>\n\n\n\n<ul class=\"wp-block-list\"><li>Caboto entre Araoz de Lamadrid y Pinz\u00f3n (La Boca &#8211; Barrio Lamadrid) &#8211; 0,7 km (PR\u00d3XIMAS A COMENZAR)<\/li><\/ul>\n\n\n\n<ul class=\"wp-block-list\"><li>Cucha Cucha\/Alvarez Jonte entre Nicasio Oro\u00f1o y A\u00f1asco (La Paternal &#8211; Barrio La Carbonilla) &#8211; 0,9 km (PR\u00d3XIMAS A COMENZAR)<\/li><\/ul>\n\n\n\n<figure class=\"wp-block-image size-full\"><img loading=\"lazy\" decoding=\"async\" width=\"903\" height=\"602\" data-attachment-id=\"14582\" data-permalink=\"https:\/\/www.comuna13online.com.ar\/?attachment_id=14582\" data-orig-file=\"https:\/\/www.comuna13online.com.ar\/wp-content\/uploads\/2021\/12\/20211214a_02.jpg\" data-orig-size=\"903,602\" data-comments-opened=\"0\" data-image-meta=\"{&quot;aperture&quot;:&quot;0&quot;,&quot;credit&quot;:&quot;&quot;,&quot;camera&quot;:&quot;&quot;,&quot;caption&quot;:&quot;&quot;,&quot;created_timestamp&quot;:&quot;0&quot;,&quot;copyright&quot;:&quot;&quot;,&quot;focal_length&quot;:&quot;0&quot;,&quot;iso&quot;:&quot;0&quot;,&quot;shutter_speed&quot;:&quot;0&quot;,&quot;title&quot;:&quot;&quot;,&quot;orientation&quot;:&quot;0&quot;}\" data-image-title=\"20211214a_02\" data-image-description=\"\" data-image-caption=\"\" data-large-file=\"https:\/\/www.comuna13online.com.ar\/wp-content\/uploads\/2021\/12\/20211214a_02.jpg\" src=\"http:\/\/www.comuna13online.com.ar\/wp-content\/uploads\/2021\/12\/20211214a_02.jpg\" alt=\"\" class=\"wp-image-14582\" srcset=\"https:\/\/www.comuna13online.com.ar\/wp-content\/uploads\/2021\/12\/20211214a_02.jpg 903w, https:\/\/www.comuna13online.com.ar\/wp-content\/uploads\/2021\/12\/20211214a_02-768x512.jpg 768w, https:\/\/www.comuna13online.com.ar\/wp-content\/uploads\/2021\/12\/20211214a_02-272x182.jpg 272w\" sizes=\"auto, (max-width: 903px) 100vw, 903px\" \/><\/figure>\n\n\n\n<h3 class=\"wp-block-heading\">Red de ciclov\u00edas y bicisendas en n\u00fameros<\/h3>\n\n\n\n<ul class=\"wp-block-list\"><li>Red de ciclov\u00edas hoy: 269 km (con av. Forest)<\/li><li>Red de ciclov\u00edas proyectada: m\u00e1s de 272 km (con barrios populares y av. Jorge Newbery)<\/li><li>Objetivo 2023: 300 km de ciclov\u00edas<\/li><\/ul>\n\n\n\n<p>La intersecci\u00f3n de las avenidas Forest y de Los Incas \u2014donde nace la calle Delgado\u2014 es una de las m\u00e1s transformadas. Adem\u00e1s de la incorporaci\u00f3n de la ciclov\u00eda, se reconfigur\u00f3 el cruce con la incorporaci\u00f3n de una isleta de hormig\u00f3n que garantiza mayor seguridad vial para los peatones, ciclistas y automovilistas que circulan por ah\u00ed.<\/p>\n\n\n\n<figure class=\"wp-block-image size-large is-resized\"><img loading=\"lazy\" decoding=\"async\" data-attachment-id=\"99\" data-permalink=\"https:\/\/www.comuna13online.com.ar\/?attachment_id=99\" data-orig-file=\"https:\/\/www.comuna13online.com.ar\/wp-content\/uploads\/2017\/12\/line.jpg\" data-orig-size=\"678,1\" data-comments-opened=\"0\" data-image-meta=\"{&quot;aperture&quot;:&quot;0&quot;,&quot;credit&quot;:&quot;&quot;,&quot;camera&quot;:&quot;&quot;,&quot;caption&quot;:&quot;&quot;,&quot;created_timestamp&quot;:&quot;0&quot;,&quot;copyright&quot;:&quot;&quot;,&quot;focal_length&quot;:&quot;0&quot;,&quot;iso&quot;:&quot;0&quot;,&quot;shutter_speed&quot;:&quot;0&quot;,&quot;title&quot;:&quot;&quot;,&quot;orientation&quot;:&quot;0&quot;}\" data-image-title=\"line\" data-image-description=\"\" data-image-caption=\"\" data-large-file=\"https:\/\/www.comuna13online.com.ar\/wp-content\/uploads\/2017\/12\/line.jpg\" src=\"http:\/\/www.comuna13online.com.ar\/wp-content\/uploads\/2017\/12\/line.jpg\" alt=\"\" class=\"wp-image-99\" width=\"678\" height=\"1\" srcset=\"https:\/\/www.comuna13online.com.ar\/wp-content\/uploads\/2017\/12\/line.jpg 678w, https:\/\/www.comuna13online.com.ar\/wp-content\/uploads\/2017\/12\/line-150x1.jpg 150w, https:\/\/www.comuna13online.com.ar\/wp-content\/uploads\/2017\/12\/line-326x1.jpg 326w, https:\/\/www.comuna13online.com.ar\/wp-content\/uploads\/2017\/12\/line-80x1.jpg 80w, https:\/\/www.comuna13online.com.ar\/wp-content\/uploads\/2017\/12\/line-272x1.jpg 272w\" sizes=\"auto, (max-width: 678px) 100vw, 678px\" \/><\/figure>\n\n\n\n<figure class=\"wp-block-image size-full\"><img loading=\"lazy\" decoding=\"async\" width=\"678\" height=\"180\" data-attachment-id=\"8918\" data-permalink=\"https:\/\/www.comuna13online.com.ar\/?attachment_id=8918\" data-orig-file=\"https:\/\/www.comuna13online.com.ar\/wp-content\/uploads\/2020\/04\/corona2.jpg\" data-orig-size=\"678,180\" data-comments-opened=\"0\" data-image-meta=\"{&quot;aperture&quot;:&quot;0&quot;,&quot;credit&quot;:&quot;&quot;,&quot;camera&quot;:&quot;&quot;,&quot;caption&quot;:&quot;&quot;,&quot;created_timestamp&quot;:&quot;0&quot;,&quot;copyright&quot;:&quot;&quot;,&quot;focal_length&quot;:&quot;0&quot;,&quot;iso&quot;:&quot;0&quot;,&quot;shutter_speed&quot;:&quot;0&quot;,&quot;title&quot;:&quot;&quot;,&quot;orientation&quot;:&quot;0&quot;}\" data-image-title=\"corona2\" data-image-description=\"\" data-image-caption=\"\" data-large-file=\"https:\/\/www.comuna13online.com.ar\/wp-content\/uploads\/2020\/04\/corona2.jpg\" src=\"http:\/\/www.comuna13online.com.ar\/wp-content\/uploads\/2020\/04\/corona2.jpg\" alt=\"\" class=\"wp-image-8918\"\/><\/figure>\n\n\n\n<p><a rel=\"noreferrer noopener\" target=\"_blank\" href=\"http:\/\/www.facebook.com\/sharer.php?u=http:\/\/www.buenosaires.gob.ar\/jefedegobierno\/noticias\/rodriguez-larreta-inauguro-la-nueva-ciclovia-sobre-av-forest\"><\/a><\/p>\n","protected":false},"excerpt":{"rendered":"<div class=\"mh-excerpt\">Con la presencia del Jefe de Gobierno Horacio Rodr\u00edguez Larreta qued\u00f3 inaugurada la ciclov\u00eda de la Av. Forest, tiene una extensi\u00f3n de 2 km entre De los Incas y Corrientes. <a class=\"mh-excerpt-more\" href=\"https:\/\/www.comuna13online.com.ar\/?p=14581\" title=\"Inauguraron la nueva ciclov\u00eda sobre la avenida Forest\">[&#8230;]<\/a><\/div>\n","protected":false},"author":1,"featured_media":14586,"comment_status":"closed","ping_status":"closed","sticky":false,"template":"","format":"standard","meta":{"_uag_custom_page_level_css":"","_jetpack_memberships_contains_paid_content":false,"footnotes":"","jetpack_publicize_message":"","jetpack_publicize_feature_enabled":true,"jetpack_social_post_already_shared":true,"jetpack_social_options":{"image_generator_settings":{"template":"highway","default_image_id":0,"font":"","enabled":false},"version":2}},"categories":[289],"tags":[250,296,285,15],"class_list":{"0":"post-14581","1":"post","2":"type-post","3":"status-publish","4":"format-standard","5":"has-post-thumbnail","7":"category-movilidad","8":"tag-h2","9":"tag-h3","10":"tag-movilidad","11":"tag-transporte"},"jetpack_publicize_connections":[],"jetpack_featured_media_url":"https:\/\/www.comuna13online.com.ar\/wp-content\/uploads\/2021\/12\/20211214a_id.jpg","uagb_featured_image_src":{"full":["https:\/\/www.comuna13online.com.ar\/wp-content\/uploads\/2021\/12\/20211214a_id.jpg",678,452,false],"thumbnail":["https:\/\/www.comuna13online.com.ar\/wp-content\/uploads\/2021\/12\/20211214a_id.jpg",128,85,false],"medium":["https:\/\/www.comuna13online.com.ar\/wp-content\/uploads\/2021\/12\/20211214a_id.jpg",678,452,false],"medium_large":["https:\/\/www.comuna13online.com.ar\/wp-content\/uploads\/2021\/12\/20211214a_id.jpg",678,452,false],"large":["https:\/\/www.comuna13online.com.ar\/wp-content\/uploads\/2021\/12\/20211214a_id.jpg",678,452,false],"1536x1536":["https:\/\/www.comuna13online.com.ar\/wp-content\/uploads\/2021\/12\/20211214a_id.jpg",678,452,false],"2048x2048":["https:\/\/www.comuna13online.com.ar\/wp-content\/uploads\/2021\/12\/20211214a_id.jpg",678,452,false],"mh-magazine-slider":["https:\/\/www.comuna13online.com.ar\/wp-content\/uploads\/2021\/12\/20211214a_id-678x438.jpg",678,438,true],"mh-magazine-content":["https:\/\/www.comuna13online.com.ar\/wp-content\/uploads\/2021\/12\/20211214a_id-678x381.jpg",678,381,true],"mh-magazine-large":["https:\/\/www.comuna13online.com.ar\/wp-content\/uploads\/2021\/12\/20211214a_id.jpg",678,452,false],"mh-magazine-medium":["https:\/\/www.comuna13online.com.ar\/wp-content\/uploads\/2021\/12\/20211214a_id-326x245.jpg",326,245,true],"mh-magazine-small":["https:\/\/www.comuna13online.com.ar\/wp-content\/uploads\/2021\/12\/20211214a_id-80x60.jpg",80,60,true],"sow-carousel-default":["https:\/\/www.comuna13online.com.ar\/wp-content\/uploads\/2021\/12\/20211214a_id-272x182.jpg",272,182,true]},"uagb_author_info":{"display_name":"Comuna13","author_link":"https:\/\/www.comuna13online.com.ar\/?author=1"},"uagb_comment_info":0,"uagb_excerpt":"Con la presencia del Jefe de Gobierno Horacio Rodr\u00edguez Larreta qued\u00f3 inaugurada la ciclov\u00eda de la Av. Forest, tiene una extensi\u00f3n de 2 km entre De los Incas y Corrientes. [...]","jetpack_sharing_enabled":true,"_links":{"self":[{"href":"https:\/\/www.comuna13online.com.ar\/index.php?rest_route=\/wp\/v2\/posts\/14581","targetHints":{"allow":["GET"]}}],"collection":[{"href":"https:\/\/www.comuna13online.com.ar\/index.php?rest_route=\/wp\/v2\/posts"}],"about":[{"href":"https:\/\/www.comuna13online.com.ar\/index.php?rest_route=\/wp\/v2\/types\/post"}],"author":[{"embeddable":true,"href":"https:\/\/www.comuna13online.com.ar\/index.php?rest_route=\/wp\/v2\/users\/1"}],"replies":[{"embeddable":true,"href":"https:\/\/www.comuna13online.com.ar\/index.php?rest_route=%2Fwp%2Fv2%2Fcomments&post=14581"}],"version-history":[{"count":0,"href":"https:\/\/www.comuna13online.com.ar\/index.php?rest_route=\/wp\/v2\/posts\/14581\/revisions"}],"wp:featuredmedia":[{"embeddable":true,"href":"https:\/\/www.comuna13online.com.ar\/index.php?rest_route=\/wp\/v2\/media\/14586"}],"wp:attachment":[{"href":"https:\/\/www.comuna13online.com.ar\/index.php?rest_route=%2Fwp%2Fv2%2Fmedia&parent=14581"}],"wp:term":[{"taxonomy":"category","embeddable":true,"href":"https:\/\/www.comuna13online.com.ar\/index.php?rest_route=%2Fwp%2Fv2%2Fcategories&post=14581"},{"taxonomy":"post_tag","embeddable":true,"href":"https:\/\/www.comuna13online.com.ar\/index.php?rest_route=%2Fwp%2Fv2%2Ftags&post=14581"}],"curies":[{"name":"wp","href":"https:\/\/api.w.org\/{rel}","templated":true}]}}