{"id":14571,"date":"2021-12-10T08:13:00","date_gmt":"2021-12-10T11:13:00","guid":{"rendered":"http:\/\/www.comuna13online.com.ar\/?p=14571"},"modified":"2021-12-09T20:46:05","modified_gmt":"2021-12-09T23:46:05","slug":"pandemia-y-comercios-barriales-de-la-crisis-a-la-oportunidad","status":"publish","type":"post","link":"https:\/\/www.comuna13online.com.ar\/?p=14571","title":{"rendered":"Pandemia y comercios barriales: de la crisis a la oportunidad"},"content":{"rendered":"\n<p><strong>Las restricciones de 2020 dejaron una sangr\u00eda de locales cerrados. Sin embargo, la paulatina reapertura y la \u201cnormalidad\u201d de la segunda mitad de este a\u00f1o plantean un gran repunte en el consumo, impulsado por el cambio de h\u00e1bito en los clientes, que priorizan la cercan\u00eda por sobre los grandes centros comerciales.<\/strong><\/p>\n\n\n\n<figure class=\"wp-block-image size-full\"><img loading=\"lazy\" decoding=\"async\" width=\"678\" height=\"381\" data-attachment-id=\"14572\" data-permalink=\"https:\/\/www.comuna13online.com.ar\/?attachment_id=14572\" data-orig-file=\"https:\/\/www.comuna13online.com.ar\/wp-content\/uploads\/2021\/12\/20211210a_01.jpg\" data-orig-size=\"678,381\" data-comments-opened=\"0\" data-image-meta=\"{&quot;aperture&quot;:&quot;0&quot;,&quot;credit&quot;:&quot;&quot;,&quot;camera&quot;:&quot;&quot;,&quot;caption&quot;:&quot;&quot;,&quot;created_timestamp&quot;:&quot;0&quot;,&quot;copyright&quot;:&quot;&quot;,&quot;focal_length&quot;:&quot;0&quot;,&quot;iso&quot;:&quot;0&quot;,&quot;shutter_speed&quot;:&quot;0&quot;,&quot;title&quot;:&quot;&quot;,&quot;orientation&quot;:&quot;0&quot;}\" data-image-title=\"20211210a_01\" data-image-description=\"\" data-image-caption=\"\" data-large-file=\"https:\/\/www.comuna13online.com.ar\/wp-content\/uploads\/2021\/12\/20211210a_01.jpg\" src=\"http:\/\/www.comuna13online.com.ar\/wp-content\/uploads\/2021\/12\/20211210a_01.jpg\" alt=\"\" class=\"wp-image-14572\"\/><\/figure>\n\n\n\n<p>Durante los meses de restricciones m\u00e1s duras provocadas por la pandemia en 2020, caminar por las principales avenidas de los barrios planteaba un cuadro desolador. Persianas bajas, veredas vac\u00edas y un clima similar al de una pel\u00edcula de terror, muy lejano al movimiento habitual en una de las mayores urbes de Am\u00e9rica Latina, como es Buenos Aires.<\/p>\n\n\n\n<p>Esa par\u00e1lisis de la actividad fue letal para miles de comercios, pero otros pudieron asomar la cabeza y sobrevivir. Las reaperturas controladas de finales del a\u00f1o pasado y, sobre todo, el escenario casi de \u201cnormalidad\u201d que se vive desde la segunda mitad de este 2021, luego de pasada la segunda ola de coronavirus, permite a todo el sector comercial una revancha.<\/p>\n\n\n\n<p>El a\u00f1o finaliza con un marcado crecimiento del consumo y un escenario optimista de cara al a\u00f1o pr\u00f3ximo. En n\u00fameros, se vende un 20% m\u00e1s que en 2019, el \u00faltimo a\u00f1o de normalidad.<\/p>\n\n\n\n<p>Las voces autorizadas vinculan esta realidad a un cambio de h\u00e1bito notorio, uno de los tantos que provocaron estas nuevas costumbres impuestas por el confinamiento. <em>\u201cLa pandemia mostr\u00f3 como una doble cara. En el tramo m\u00e1s duro, la situaci\u00f3n de los cierres afect\u00f3 terriblemente porque dej\u00f3 cero ingresos. Pero posteriormente, cuando se dieron las aperturas controladas, la gran mayor\u00eda de los comercios not\u00f3 que gracias al home office se acrecent\u00f3 mucho el consumo local, de cercan\u00eda\u201d<\/em>, indica Jorge Mesturini, presidente de la C\u00e1mara de Comercio de Villa Devoto.<\/p>\n\n\n\n<p><em>\u201cEsto primero se debi\u00f3 a las limitaciones al transporte y el hecho de no tener que movilizarse para trabajar, pero qued\u00f3 naturalizado como una forma de consumo\u201d<\/em>, agrega asimismo Ernesto del Burgo, presidente de la C\u00e1mara de Comerciantes, Profesionales y Emprendedores de la Avenida Santa Fe.<\/p>\n\n\n\n<p>El titular de la Federaci\u00f3n de Comercio e Industria de la Ciudad Aut\u00f3noma de Buenos Aires (FECOBA), Fabi\u00e1n Castillo, llega a una conclusi\u00f3n similar, pero incorpora otro punto de origen. <em>\u201cHay un cambio de h\u00e1bito de consumo en las distintas generaciones en el que \u2018tiempo es vida\u2019. Eso, que es un tema de conducta general, ha mostrado su correlato en el comercio, sobre todo a partir de la pandemia. Nuestro objetivo es que el sector se adapte bien a eso\u201d<\/em>, explica.<\/p>\n\n\n\n<p>La avenida Santa Fe, que se extiende entre Palermo y Retiro, ha mostrado en este tiempo una realidad propia de destacar. <em>\u201cCuanto m\u00e1s barrio ten\u00e9s, m\u00e1s se sostuvo, y cuanto m\u00e1s cerca del centro est\u00e1, peor le fue\u201d<\/em>, dice Del Burgo, quien vincula esto a la falta de movimiento que hubo en el microcentro ante el auge del teletrabajo y la falta de turistas. Sin duda, esta \u00e1rea de la ciudad fue la m\u00e1s damnificada, y es la que m\u00e1s lejos est\u00e1 de salir de la crisis. <em>\u201cHay 100 locales cerrados y m\u00e1s de 400 dentro de las galer\u00edas. Estamos presentando el proyecto en la Legislatura para transformar lo que se conoce como DownTown, que es el sector donde se concentran edificios tradicionalmente de oficinas, en barrios residenciales\u201d<\/em>, anticipa Castillo.<\/p>\n\n\n\n<p>Otra particularidad de la avenida Santa Fe, explicada en boca del presidente de su c\u00e1mara comercial, tiene una base m\u00e1s intangible, pero se ha expresado como pocas veces en este tiempo y le ha impedido eludir lo peor de la crisis. \u201cSanta Fe es un lugar ambicional para quien tiene un comercio o emprendimiento. Es como algo de estatus, de marketing, te da un peso. Por eso pas\u00f3 que muchos locales que estaban en los shoppings buscaron la avenida como sede para permanecer. O muchos que ten\u00edan presencia en varios barrios optaron por mantener el de Santa Fe\u201d, indica.<\/p>\n\n\n\n<p>Por \u00faltimo, el confinamiento y la necesidad de evitar al m\u00e1ximo el contacto f\u00edsico dio pie para que a partir del per\u00edodo pand\u00e9mico incrementen su peso dos aspectos vinculados a la tecnolog\u00eda: la venta online y el pago mediante billeteras virtuales. Todas las voces coinciden en que se transform\u00f3 en una necesidad ineludible contar con ellas, ya que el comercio que no las ofrece, pierde clientes.<\/p>\n\n\n\n<div style=\"height:14px\" aria-hidden=\"true\" class=\"wp-block-spacer\"><\/div>\n\n\n\n<p class=\"has-text-align-right\">Por\u00a0<strong>Mateo Lezcano<\/strong><br>para la Cooperativa de Editores Barriales EBC<br><strong>Comuna13online<\/strong><\/p>\n\n\n\n<figure class=\"wp-block-image size-large is-resized\"><img loading=\"lazy\" decoding=\"async\" data-attachment-id=\"99\" data-permalink=\"https:\/\/www.comuna13online.com.ar\/?attachment_id=99\" data-orig-file=\"https:\/\/www.comuna13online.com.ar\/wp-content\/uploads\/2017\/12\/line.jpg\" data-orig-size=\"678,1\" data-comments-opened=\"0\" data-image-meta=\"{&quot;aperture&quot;:&quot;0&quot;,&quot;credit&quot;:&quot;&quot;,&quot;camera&quot;:&quot;&quot;,&quot;caption&quot;:&quot;&quot;,&quot;created_timestamp&quot;:&quot;0&quot;,&quot;copyright&quot;:&quot;&quot;,&quot;focal_length&quot;:&quot;0&quot;,&quot;iso&quot;:&quot;0&quot;,&quot;shutter_speed&quot;:&quot;0&quot;,&quot;title&quot;:&quot;&quot;,&quot;orientation&quot;:&quot;0&quot;}\" data-image-title=\"line\" data-image-description=\"\" data-image-caption=\"\" data-large-file=\"https:\/\/www.comuna13online.com.ar\/wp-content\/uploads\/2017\/12\/line.jpg\" src=\"http:\/\/www.comuna13online.com.ar\/wp-content\/uploads\/2017\/12\/line.jpg\" alt=\"\" class=\"wp-image-99\" width=\"678\" height=\"1\" srcset=\"https:\/\/www.comuna13online.com.ar\/wp-content\/uploads\/2017\/12\/line.jpg 678w, https:\/\/www.comuna13online.com.ar\/wp-content\/uploads\/2017\/12\/line-150x1.jpg 150w, https:\/\/www.comuna13online.com.ar\/wp-content\/uploads\/2017\/12\/line-326x1.jpg 326w, https:\/\/www.comuna13online.com.ar\/wp-content\/uploads\/2017\/12\/line-80x1.jpg 80w, https:\/\/www.comuna13online.com.ar\/wp-content\/uploads\/2017\/12\/line-272x1.jpg 272w\" sizes=\"auto, (max-width: 678px) 100vw, 678px\" \/><\/figure>\n\n\n\n<figure class=\"wp-block-image size-full\"><img loading=\"lazy\" decoding=\"async\" width=\"678\" height=\"180\" data-attachment-id=\"8918\" data-permalink=\"https:\/\/www.comuna13online.com.ar\/?attachment_id=8918\" data-orig-file=\"https:\/\/www.comuna13online.com.ar\/wp-content\/uploads\/2020\/04\/corona2.jpg\" data-orig-size=\"678,180\" data-comments-opened=\"0\" data-image-meta=\"{&quot;aperture&quot;:&quot;0&quot;,&quot;credit&quot;:&quot;&quot;,&quot;camera&quot;:&quot;&quot;,&quot;caption&quot;:&quot;&quot;,&quot;created_timestamp&quot;:&quot;0&quot;,&quot;copyright&quot;:&quot;&quot;,&quot;focal_length&quot;:&quot;0&quot;,&quot;iso&quot;:&quot;0&quot;,&quot;shutter_speed&quot;:&quot;0&quot;,&quot;title&quot;:&quot;&quot;,&quot;orientation&quot;:&quot;0&quot;}\" data-image-title=\"corona2\" data-image-description=\"\" data-image-caption=\"\" data-large-file=\"https:\/\/www.comuna13online.com.ar\/wp-content\/uploads\/2020\/04\/corona2.jpg\" src=\"http:\/\/www.comuna13online.com.ar\/wp-content\/uploads\/2020\/04\/corona2.jpg\" alt=\"\" class=\"wp-image-8918\"\/><\/figure>\n","protected":false},"excerpt":{"rendered":"<div class=\"mh-excerpt\">Las restricciones de 2020 dejaron una sangr\u00eda de locales cerrados. Sin embargo, la paulatina reapertura y la \u201cnormalidad\u201d de la segunda mitad de este a\u00f1o plantean un gran repunte en <a class=\"mh-excerpt-more\" href=\"https:\/\/www.comuna13online.com.ar\/?p=14571\" title=\"Pandemia y comercios barriales: de la crisis a la oportunidad\">[&#8230;]<\/a><\/div>\n","protected":false},"author":1,"featured_media":14573,"comment_status":"closed","ping_status":"closed","sticky":false,"template":"","format":"standard","meta":{"_uag_custom_page_level_css":"","_jetpack_memberships_contains_paid_content":false,"footnotes":"","jetpack_publicize_message":"","jetpack_publicize_feature_enabled":true,"jetpack_social_post_already_shared":true,"jetpack_social_options":{"image_generator_settings":{"template":"highway","default_image_id":0,"font":"","enabled":false},"version":2}},"categories":[267],"tags":[210,246,250,296],"class_list":{"0":"post-14571","1":"post","2":"type-post","3":"status-publish","4":"format-standard","5":"has-post-thumbnail","7":"category-comercio","8":"tag-comercio","9":"tag-h1","10":"tag-h2","11":"tag-h3"},"jetpack_publicize_connections":[],"jetpack_featured_media_url":"https:\/\/www.comuna13online.com.ar\/wp-content\/uploads\/2021\/12\/20211210a_id.jpg","uagb_featured_image_src":{"full":["https:\/\/www.comuna13online.com.ar\/wp-content\/uploads\/2021\/12\/20211210a_id.jpg",1030,438,false],"thumbnail":["https:\/\/www.comuna13online.com.ar\/wp-content\/uploads\/2021\/12\/20211210a_id.jpg",128,54,false],"medium":["https:\/\/www.comuna13online.com.ar\/wp-content\/uploads\/2021\/12\/20211210a_id.jpg",1030,438,false],"medium_large":["https:\/\/www.comuna13online.com.ar\/wp-content\/uploads\/2021\/12\/20211210a_id-768x327.jpg",768,327,true],"large":["https:\/\/www.comuna13online.com.ar\/wp-content\/uploads\/2021\/12\/20211210a_id.jpg",1030,438,false],"1536x1536":["https:\/\/www.comuna13online.com.ar\/wp-content\/uploads\/2021\/12\/20211210a_id.jpg",1030,438,false],"2048x2048":["https:\/\/www.comuna13online.com.ar\/wp-content\/uploads\/2021\/12\/20211210a_id.jpg",1030,438,false],"mh-magazine-slider":["https:\/\/www.comuna13online.com.ar\/wp-content\/uploads\/2021\/12\/20211210a_id-1030x438.jpg",1030,438,true],"mh-magazine-content":["https:\/\/www.comuna13online.com.ar\/wp-content\/uploads\/2021\/12\/20211210a_id-678x381.jpg",678,381,true],"mh-magazine-large":["https:\/\/www.comuna13online.com.ar\/wp-content\/uploads\/2021\/12\/20211210a_id-678x438.jpg",678,438,true],"mh-magazine-medium":["https:\/\/www.comuna13online.com.ar\/wp-content\/uploads\/2021\/12\/20211210a_id-326x245.jpg",326,245,true],"mh-magazine-small":["https:\/\/www.comuna13online.com.ar\/wp-content\/uploads\/2021\/12\/20211210a_id-80x60.jpg",80,60,true],"sow-carousel-default":["https:\/\/www.comuna13online.com.ar\/wp-content\/uploads\/2021\/12\/20211210a_id-272x182.jpg",272,182,true]},"uagb_author_info":{"display_name":"Comuna13","author_link":"https:\/\/www.comuna13online.com.ar\/?author=1"},"uagb_comment_info":0,"uagb_excerpt":"Las restricciones de 2020 dejaron una sangr\u00eda de locales cerrados. Sin embargo, la paulatina reapertura y la \u201cnormalidad\u201d de la segunda mitad de este a\u00f1o plantean un gran repunte en [...]","jetpack_sharing_enabled":true,"_links":{"self":[{"href":"https:\/\/www.comuna13online.com.ar\/index.php?rest_route=\/wp\/v2\/posts\/14571","targetHints":{"allow":["GET"]}}],"collection":[{"href":"https:\/\/www.comuna13online.com.ar\/index.php?rest_route=\/wp\/v2\/posts"}],"about":[{"href":"https:\/\/www.comuna13online.com.ar\/index.php?rest_route=\/wp\/v2\/types\/post"}],"author":[{"embeddable":true,"href":"https:\/\/www.comuna13online.com.ar\/index.php?rest_route=\/wp\/v2\/users\/1"}],"replies":[{"embeddable":true,"href":"https:\/\/www.comuna13online.com.ar\/index.php?rest_route=%2Fwp%2Fv2%2Fcomments&post=14571"}],"version-history":[{"count":0,"href":"https:\/\/www.comuna13online.com.ar\/index.php?rest_route=\/wp\/v2\/posts\/14571\/revisions"}],"wp:featuredmedia":[{"embeddable":true,"href":"https:\/\/www.comuna13online.com.ar\/index.php?rest_route=\/wp\/v2\/media\/14573"}],"wp:attachment":[{"href":"https:\/\/www.comuna13online.com.ar\/index.php?rest_route=%2Fwp%2Fv2%2Fmedia&parent=14571"}],"wp:term":[{"taxonomy":"category","embeddable":true,"href":"https:\/\/www.comuna13online.com.ar\/index.php?rest_route=%2Fwp%2Fv2%2Fcategories&post=14571"},{"taxonomy":"post_tag","embeddable":true,"href":"https:\/\/www.comuna13online.com.ar\/index.php?rest_route=%2Fwp%2Fv2%2Ftags&post=14571"}],"curies":[{"name":"wp","href":"https:\/\/api.w.org\/{rel}","templated":true}]}}