{"id":14569,"date":"2025-12-03T09:28:00","date_gmt":"2025-12-03T12:28:00","guid":{"rendered":"http:\/\/www.comuna13online.com.ar\/?p=14569"},"modified":"2025-12-09T17:37:11","modified_gmt":"2025-12-09T20:37:11","slug":"cronograma-de-servicios-publicos-para-este-miercoles-8-de-diciembre","status":"publish","type":"post","link":"https:\/\/www.comuna13online.com.ar\/?p=14569","title":{"rendered":"Cronograma de Servicios P\u00fablicos para este mi\u00e9rcoles 8 de diciembre"},"content":{"rendered":"\n<figure class=\"wp-block-image size-full\"><img loading=\"lazy\" decoding=\"async\" width=\"678\" height=\"381\" data-attachment-id=\"20636\" data-permalink=\"https:\/\/www.comuna13online.com.ar\/?attachment_id=20636\" data-orig-file=\"https:\/\/www.comuna13online.com.ar\/wp-content\/uploads\/2021\/12\/20251205a_01.jpg\" data-orig-size=\"678,381\" data-comments-opened=\"0\" data-image-meta=\"{&quot;aperture&quot;:&quot;0&quot;,&quot;credit&quot;:&quot;&quot;,&quot;camera&quot;:&quot;&quot;,&quot;caption&quot;:&quot;&quot;,&quot;created_timestamp&quot;:&quot;0&quot;,&quot;copyright&quot;:&quot;&quot;,&quot;focal_length&quot;:&quot;0&quot;,&quot;iso&quot;:&quot;0&quot;,&quot;shutter_speed&quot;:&quot;0&quot;,&quot;title&quot;:&quot;&quot;,&quot;orientation&quot;:&quot;0&quot;}\" data-image-title=\"20251205a_01\" data-image-description=\"\" data-image-caption=\"\" data-large-file=\"https:\/\/www.comuna13online.com.ar\/wp-content\/uploads\/2021\/12\/20251205a_01.jpg\" src=\"https:\/\/www.comuna13online.com.ar\/wp-content\/uploads\/2021\/12\/20251205a_01.jpg\" alt=\"\" class=\"wp-image-20636\"\/><figcaption class=\"wp-element-caption\"><sup>Estar\u00e1 permitido estacionar sobre las avenidas y calles donde est\u00e1 prohibido estacionar los d\u00edas h\u00e1biles de 7 a 21 horas.<\/sup><\/figcaption><\/figure>\n\n\n\n<div style=\"height:20px\" aria-hidden=\"true\" class=\"wp-block-spacer\"><\/div>\n\n\n\n<p>El Gobierno de la Ciudad de Buenos Aires inform\u00f3 el cronograma de Servicios P\u00fablicos para el feriado del 8 de diciembre por el D\u00eda de la Inmaculada Concepci\u00f3n de Mar\u00eda.<\/p>\n\n\n\n<p><strong>Hospitales:<\/strong>&nbsp;las guardias y \u00e1reas cr\u00edticas de todos los hospitales permanecer\u00e1n activas las 24 horas. Los consultorios externos estar\u00e1n cerrados. No se realizar\u00e1n cirug\u00edas programadas, \u00fanicamente de urgencia por guardia. Tanto los CeSACs como los CEMAR permanecer\u00e1n cerrados.<\/p>\n\n\n\n<p><strong>Escuelas:&nbsp;<\/strong>cerradas.<\/p>\n\n\n\n<p><strong>Cementerios<\/strong>: las inhumaciones en los Cementerios de Chacarita, Flores, Recoleta y el ingreso de los fallecidos al Crematorio de la Ciudad Aut\u00f3noma de Buenos Aires se realizar\u00e1n de 7.30 a 14 horas a destino, recepcion\u00e1ndose el \u00faltimo tr\u00e1mite a las 13 horas e iniciando la \u00faltima inhumaci\u00f3n a las 13.30.<\/p>\n\n\n\n<p><strong>Administraci\u00f3n Gubernamental de Ingresos P\u00fablicos y Direcci\u00f3n General de Rentas:<\/strong>&nbsp;cerradas.<\/p>\n\n\n\n<p><strong>Sedes Comunales:<\/strong>&nbsp;cerradas.<\/p>\n\n\n\n<p><strong>Registro Civil:<\/strong>&nbsp;permanecer\u00e1 cerrado. Funcionar\u00e1 s\u00f3lo la guardia de defunciones de 8 a 12 horas.<\/p>\n\n\n\n<p><strong>Recolecci\u00f3n de residuos:&nbsp;<\/strong>el servicio funcionar\u00e1 de manera habitual.<\/p>\n\n\n\n<p><strong>Estacionamiento:<\/strong>\u00a0estar\u00e1 permitido estacionar sobre las avenidas y calles donde est\u00e1 prohibido estacionar los d\u00edas h\u00e1biles de 7 a 21 horas. El estacionamiento medido no tendr\u00e1 vigencia. Todas las excepciones est\u00e1n se\u00f1alizadas con carteler\u00eda, ya sea porque se puede estacionar donde la norma dice que est\u00e1 prohibido o viceversa. En pasajes, arterias que cuenten con Metrob\u00fas, calles de convivencia y en el espacio paralelo a las ciclov\u00edas est\u00e1 prohibido las 24 horas.<br>M\u00e1s informaci\u00f3n:\u00a0<a href=\"http:\/\/estacionamiento.gob.ar\/\" target=\"_blank\" rel=\"noreferrer noopener\">http:\/\/estacionamiento.gob.ar\/<\/a><\/p>\n\n\n\n<p><strong>Subtes y premetro:&nbsp;<\/strong>el servicio funcionar\u00e1 de 8 a 22 horas.&nbsp;El detalle de cada l\u00ednea puede ser&nbsp;<a href=\"https:\/\/emova.com.ar\/index.php\/horarios-del-servicio\/\" rel=\"noreferrer noopener\" target=\"_blank\">ac\u00e1<\/a>.<\/p>\n\n\n\n<p><strong>Ecobici.&nbsp;<\/strong>Funcionar\u00e1 s\u00f3lo con los siguientes pases: intensivos (mensual), recreativos (viaje \u00fanico y diario) y tur\u00edsticos (viaje \u00fanico y diario).<\/p>\n\n\n\n<p><strong>Peajes:<\/strong>&nbsp;funcionar\u00e1n con normalidad, tomando como hora pico el horario de fin de semana, es decir, de 11 a 15 horas sentido Provincia, y de 17 a 21 horas sentido Centro.<\/p>\n\n\n\n<p><strong>Registro de licencias para conducir, sede Roca:&nbsp;<\/strong>cerrado.<\/p>\n\n\n\n<p><strong>Pista de aprendizaje:<\/strong>&nbsp;estar\u00e1 abierta en su horario habitual.&nbsp;<\/p>\n\n\n\n<p><strong>Verificaci\u00f3n T\u00e9cnica Vehicular:<\/strong>&nbsp;las siete plantas permanecer\u00e1n cerradas.<\/p>\n\n\n\n<p><strong>Direcci\u00f3n General de Infracciones:<\/strong>&nbsp;cerrada.<\/p>\n\n\n\n<p><strong>Polic\u00eda y Bomberos de la Ciudad + Emergencias L\u00ednea 911; Log\u00edstica, Defensa Civil, Guardia de Auxilio y Emergencias + L\u00ednea 103:&nbsp;<\/strong>guardias activas las 24 horas.<\/p>\n\n\n\n<p><strong>Parques:<\/strong><\/p>\n\n\n\n<ul class=\"wp-block-list\">\n<li><strong>Jard\u00edn Bot\u00e1nico Carlos Thays:<\/strong>\u00a0abierto.<\/li>\n\n\n\n<li><strong>Ecoparque:<\/strong>\u00a0abierto.<\/li>\n\n\n\n<li><strong>Reserva Ecol\u00f3gica Costanera Sur:<\/strong>\u00a0abierta.<\/li>\n\n\n\n<li><strong>Reserva Ecol\u00f3gica Costanera Norte:<\/strong>\u00a0abierta.<\/li>\n\n\n\n<li><strong>Reserva Ecol\u00f3gica Lago Lugano:<\/strong>\u00a0abierta.<\/li>\n<\/ul>\n\n\n\n<p><strong>Museos:<\/strong>\u00a0abiertos de 11 a 20 horas.<br>Para m\u00e1s informaci\u00f3n:\u00a0<a href=\"http:\/\/www.buenosaires.gob.ar\/museos\" target=\"_blank\" rel=\"noreferrer noopener\">http:\/\/www.buenosaires.gob.ar\/museos<\/a>.<\/p>\n\n\n\n<p><strong>Torre Monumental:&nbsp;<\/strong>abierta de 10 a 18 horas.<\/p>\n\n\n\n<p><strong>Planetario:<\/strong>&nbsp;cerrado.<\/p>\n\n\n\n<p><strong>Bibliotecas p\u00fablicas:&nbsp;<\/strong>G\u00fciraldes, Parque de la Estaci\u00f3n, Casa de la Escritura y la Lectura y Reina Batata, abiertas de 10 a 20 horas.<\/p>\n\n\n\n<p><strong>Teatros dependientes del GCBA:<\/strong><\/p>\n\n\n\n<ul class=\"wp-block-list\">\n<li><strong>Complejo Teatral de Buenos Aires:<\/strong>\u00a0cerrado.<\/li>\n\n\n\n<li><strong>Centro Cultural San Mart\u00edn:<\/strong>\u00a0cerrado.<\/li>\n\n\n\n<li><strong>Centro Cultural 25 de Mayo:<\/strong>\u00a0abierto.<\/li>\n\n\n\n<li><strong>Centro Cultural Recoleta:<\/strong>\u00a0abierto.<\/li>\n\n\n\n<li><strong>Usina del Arte:<\/strong>\u00a0abierta.<\/li>\n\n\n\n<li><strong>Teatro Col\u00f3n:<\/strong>\u00a0abierto.<\/li>\n\n\n\n<li><strong>Circuito de espacios culturales:<\/strong>\u00a0abierto.<\/li>\n<\/ul>\n","protected":false},"excerpt":{"rendered":"<div class=\"mh-excerpt\">El Gobierno de la Ciudad de Buenos Aires inform\u00f3 el cronograma de Servicios P\u00fablicos para el feriado del 8 de diciembre por el D\u00eda de la Inmaculada Concepci\u00f3n de Mar\u00eda. <a class=\"mh-excerpt-more\" href=\"https:\/\/www.comuna13online.com.ar\/?p=14569\" title=\"Cronograma de Servicios P\u00fablicos para este mi\u00e9rcoles 8 de diciembre\">[&#8230;]<\/a><\/div>\n","protected":false},"author":1,"featured_media":11656,"comment_status":"closed","ping_status":"closed","sticky":false,"template":"","format":"standard","meta":{"_uag_custom_page_level_css":"","_jetpack_memberships_contains_paid_content":false,"footnotes":"","jetpack_publicize_message":"","jetpack_publicize_feature_enabled":true,"jetpack_social_post_already_shared":true,"jetpack_social_options":{"image_generator_settings":{"template":"highway","default_image_id":0,"font":"","enabled":false},"version":2}},"categories":[138],"tags":[250,296,150,15],"class_list":{"0":"post-14569","1":"post","2":"type-post","3":"status-publish","4":"format-standard","5":"has-post-thumbnail","7":"category-servicios","8":"tag-h2","9":"tag-h3","10":"tag-servicios-publicos","11":"tag-transporte"},"jetpack_publicize_connections":[],"jetpack_featured_media_url":"https:\/\/www.comuna13online.com.ar\/wp-content\/uploads\/2020\/10\/20201012a.jpg","uagb_featured_image_src":{"full":["https:\/\/www.comuna13online.com.ar\/wp-content\/uploads\/2020\/10\/20201012a.jpg",678,452,false],"thumbnail":["https:\/\/www.comuna13online.com.ar\/wp-content\/uploads\/2020\/10\/20201012a-150x150.jpg",96,96,true],"medium":["https:\/\/www.comuna13online.com.ar\/wp-content\/uploads\/2020\/10\/20201012a-678x452.jpg",678,452,true],"medium_large":["https:\/\/www.comuna13online.com.ar\/wp-content\/uploads\/2020\/10\/20201012a.jpg",678,452,false],"large":["https:\/\/www.comuna13online.com.ar\/wp-content\/uploads\/2020\/10\/20201012a.jpg",678,452,false],"1536x1536":["https:\/\/www.comuna13online.com.ar\/wp-content\/uploads\/2020\/10\/20201012a.jpg",678,452,false],"2048x2048":["https:\/\/www.comuna13online.com.ar\/wp-content\/uploads\/2020\/10\/20201012a.jpg",678,452,false],"mh-magazine-slider":["https:\/\/www.comuna13online.com.ar\/wp-content\/uploads\/2020\/10\/20201012a-678x438.jpg",678,438,true],"mh-magazine-content":["https:\/\/www.comuna13online.com.ar\/wp-content\/uploads\/2020\/10\/20201012a-678x381.jpg",678,381,true],"mh-magazine-large":["https:\/\/www.comuna13online.com.ar\/wp-content\/uploads\/2020\/10\/20201012a.jpg",678,452,false],"mh-magazine-medium":["https:\/\/www.comuna13online.com.ar\/wp-content\/uploads\/2020\/10\/20201012a-326x245.jpg",326,245,true],"mh-magazine-small":["https:\/\/www.comuna13online.com.ar\/wp-content\/uploads\/2020\/10\/20201012a-80x60.jpg",80,60,true],"sow-carousel-default":["https:\/\/www.comuna13online.com.ar\/wp-content\/uploads\/2020\/10\/20201012a-272x182.jpg",272,182,true]},"uagb_author_info":{"display_name":"Comuna13","author_link":"https:\/\/www.comuna13online.com.ar\/?author=1"},"uagb_comment_info":0,"uagb_excerpt":"El Gobierno de la Ciudad de Buenos Aires inform\u00f3 el cronograma de Servicios P\u00fablicos para el feriado del 8 de diciembre por el D\u00eda de la Inmaculada Concepci\u00f3n de Mar\u00eda. [...]","jetpack_sharing_enabled":true,"_links":{"self":[{"href":"https:\/\/www.comuna13online.com.ar\/index.php?rest_route=\/wp\/v2\/posts\/14569","targetHints":{"allow":["GET"]}}],"collection":[{"href":"https:\/\/www.comuna13online.com.ar\/index.php?rest_route=\/wp\/v2\/posts"}],"about":[{"href":"https:\/\/www.comuna13online.com.ar\/index.php?rest_route=\/wp\/v2\/types\/post"}],"author":[{"embeddable":true,"href":"https:\/\/www.comuna13online.com.ar\/index.php?rest_route=\/wp\/v2\/users\/1"}],"replies":[{"embeddable":true,"href":"https:\/\/www.comuna13online.com.ar\/index.php?rest_route=%2Fwp%2Fv2%2Fcomments&post=14569"}],"version-history":[{"count":0,"href":"https:\/\/www.comuna13online.com.ar\/index.php?rest_route=\/wp\/v2\/posts\/14569\/revisions"}],"wp:featuredmedia":[{"embeddable":true,"href":"https:\/\/www.comuna13online.com.ar\/index.php?rest_route=\/wp\/v2\/media\/11656"}],"wp:attachment":[{"href":"https:\/\/www.comuna13online.com.ar\/index.php?rest_route=%2Fwp%2Fv2%2Fmedia&parent=14569"}],"wp:term":[{"taxonomy":"category","embeddable":true,"href":"https:\/\/www.comuna13online.com.ar\/index.php?rest_route=%2Fwp%2Fv2%2Fcategories&post=14569"},{"taxonomy":"post_tag","embeddable":true,"href":"https:\/\/www.comuna13online.com.ar\/index.php?rest_route=%2Fwp%2Fv2%2Ftags&post=14569"}],"curies":[{"name":"wp","href":"https:\/\/api.w.org\/{rel}","templated":true}]}}