{"id":1454,"date":"2018-05-08T08:47:21","date_gmt":"2018-05-08T11:47:21","guid":{"rendered":"http:\/\/www.comuna13online.com.ar\/?p=1454"},"modified":"2018-05-08T08:47:21","modified_gmt":"2018-05-08T11:47:21","slug":"la-justicia-freno-el-aumento-del-subte","status":"publish","type":"post","link":"https:\/\/www.comuna13online.com.ar\/?p=1454","title":{"rendered":"La justicia fren\u00f3 el aumento del subte"},"content":{"rendered":"<p><strong>La Jueza Patricia L\u00f3pez Vergara hizo lugar al amparo presentado por legisladores opositores y suspendi\u00f3 el tarifazo que llevaba el boleto de subte de $7,50 a $11 a a partir de hoy.<\/strong><\/p>\n<p><img loading=\"lazy\" decoding=\"async\" data-attachment-id=\"896\" data-permalink=\"https:\/\/www.comuna13online.com.ar\/?attachment_id=896\" data-orig-file=\"https:\/\/www.comuna13online.com.ar\/wp-content\/uploads\/2018\/03\/20180316a1.jpg\" data-orig-size=\"678,376\" data-comments-opened=\"0\" data-image-meta=\"{&quot;aperture&quot;:&quot;0&quot;,&quot;credit&quot;:&quot;&quot;,&quot;camera&quot;:&quot;&quot;,&quot;caption&quot;:&quot;&quot;,&quot;created_timestamp&quot;:&quot;0&quot;,&quot;copyright&quot;:&quot;&quot;,&quot;focal_length&quot;:&quot;0&quot;,&quot;iso&quot;:&quot;0&quot;,&quot;shutter_speed&quot;:&quot;0&quot;,&quot;title&quot;:&quot;&quot;,&quot;orientation&quot;:&quot;0&quot;}\" data-image-title=\"20180316a1\" data-image-description=\"\" data-image-caption=\"\" data-large-file=\"https:\/\/www.comuna13online.com.ar\/wp-content\/uploads\/2018\/03\/20180316a1.jpg\" class=\"alignnone size-full wp-image-896\" src=\"http:\/\/www.comuna13online.com.ar\/wp-content\/uploads\/2018\/03\/20180316a1.jpg\" alt=\"\" width=\"678\" height=\"376\" \/><\/p>\n<p>La jueza La jueza en lo Contencioso Administrativo y Tributario N\u00b0 6 de la Ciudad de Buenos Aires, Patricia L\u00f3pez Vergara hizo lugar al amparo presentado por legisladores\u00a0Myriam Bregman y Patricio del Corro del Frente de Izquierda y de los Trabajadoresy y suspendi\u00f3 el aumento en la tarifa del subte que comenzaba a regir a partir de hoy.<\/p>\n<p>La Magistrada tambi\u00e9n solicit\u00f3 informaci\u00f3n sobre los los subsidios recibidos por la empresa Metrov\u00edas durante el per\u00edodo de 2013 a 2017. \u00aben el plazo de 5 d\u00edas\u00bb\u00a0 y\u00a0\u00abEn id\u00e9ntico plazo, deber\u00e1 remitir el informe de la Facultad de Ingenier\u00eda y el acuerdo transitorio de operaci\u00f3n y mantenimiento suscripto entre SBASE y Metrov\u00edas SA as\u00ed como todo otro documento que perfeccione la concesi\u00f3n en cuesti\u00f3n y las constancias documentales que reflejen el estado contable del servicio involucrado\u00bb para conocer el estado contable del servicio y la si existe una\u00a0real necesidad de llevar adelante un tarifazo del 66%.<\/p>\n<p>De esta manera el incremento que llevaba el costo del viaje subte de\u00a07,50 a 11 pesos en mayo y a 12,50 en junio queda suspendido, es pr\u00e1cticamente un hecho que el Gobierno de la Ciudad apele este fallo y ser\u00e1 Casaci\u00f3n qui\u00e9n decida sobre la cuesti\u00f3n.<\/p>\n<div align=\"center\">\n<blockquote class=\"twitter-tweet\" data-lang=\"es\">\n<p dir=\"ltr\" lang=\"es\"><a href=\"https:\/\/twitter.com\/hashtag\/SUBTE?src=hash&amp;ref_src=twsrc%5Etfw\">#SUBTE<\/a> La jueza que resolvi\u00f3 suspender el aumento del subte, solicita al gobierno de la ciudad que informe cu\u00e1nto recibi\u00f3 de subsidios la empresa en el per\u00edodo 2013 al 2017. Cada vez m\u00e1s subsidios y encima <a href=\"https:\/\/twitter.com\/hashtag\/Tarifazo?src=hash&amp;ref_src=twsrc%5Etfw\">#Tarifazo<\/a>!<\/p>\n<p>\u2014 Myriam Bregman (@myriambregman) <a href=\"https:\/\/twitter.com\/myriambregman\/status\/993647060539924480?ref_src=twsrc%5Etfw\">8 de mayo de 2018<\/a><\/p><\/blockquote>\n<p><script async src=\"https:\/\/platform.twitter.com\/widgets.js\" charset=\"utf-8\"><\/script><\/p>\n<\/div>\n","protected":false},"excerpt":{"rendered":"<div class=\"mh-excerpt\">La Jueza Patricia L\u00f3pez Vergara hizo lugar al amparo presentado por legisladores opositores y suspendi\u00f3 el tarifazo que llevaba el boleto de subte de $7,50 a $11 a a partir <a class=\"mh-excerpt-more\" href=\"https:\/\/www.comuna13online.com.ar\/?p=1454\" title=\"La justicia fren\u00f3 el aumento del subte\">[&#8230;]<\/a><\/div>\n","protected":false},"author":1,"featured_media":784,"comment_status":"closed","ping_status":"closed","sticky":false,"template":"","format":"standard","meta":{"_uag_custom_page_level_css":"","_jetpack_memberships_contains_paid_content":false,"footnotes":"","jetpack_publicize_message":"","jetpack_publicize_feature_enabled":true,"jetpack_social_post_already_shared":true,"jetpack_social_options":{"image_generator_settings":{"template":"highway","default_image_id":0,"font":"","enabled":false},"version":2}},"categories":[61],"tags":[25,16,56],"class_list":{"0":"post-1454","1":"post","2":"type-post","3":"status-publish","4":"format-standard","5":"has-post-thumbnail","7":"category-tarifas","8":"tag-inflacion","9":"tag-subte","10":"tag-tarifas"},"jetpack_publicize_connections":[],"jetpack_featured_media_url":"https:\/\/www.comuna13online.com.ar\/wp-content\/uploads\/2018\/03\/20180306a.jpg","uagb_featured_image_src":{"full":["https:\/\/www.comuna13online.com.ar\/wp-content\/uploads\/2018\/03\/20180306a.jpg",1030,438,false],"thumbnail":["https:\/\/www.comuna13online.com.ar\/wp-content\/uploads\/2018\/03\/20180306a-150x150.jpg",96,96,true],"medium":["https:\/\/www.comuna13online.com.ar\/wp-content\/uploads\/2018\/03\/20180306a-678x288.jpg",678,288,true],"medium_large":["https:\/\/www.comuna13online.com.ar\/wp-content\/uploads\/2018\/03\/20180306a-768x327.jpg",768,327,true],"large":["https:\/\/www.comuna13online.com.ar\/wp-content\/uploads\/2018\/03\/20180306a.jpg",1030,438,false],"1536x1536":["https:\/\/www.comuna13online.com.ar\/wp-content\/uploads\/2018\/03\/20180306a.jpg",1030,438,false],"2048x2048":["https:\/\/www.comuna13online.com.ar\/wp-content\/uploads\/2018\/03\/20180306a.jpg",1030,438,false],"mh-magazine-slider":["https:\/\/www.comuna13online.com.ar\/wp-content\/uploads\/2018\/03\/20180306a.jpg",1030,438,false],"mh-magazine-content":["https:\/\/www.comuna13online.com.ar\/wp-content\/uploads\/2018\/03\/20180306a-678x381.jpg",678,381,true],"mh-magazine-large":["https:\/\/www.comuna13online.com.ar\/wp-content\/uploads\/2018\/03\/20180306a-678x438.jpg",678,438,true],"mh-magazine-medium":["https:\/\/www.comuna13online.com.ar\/wp-content\/uploads\/2018\/03\/20180306a-326x245.jpg",326,245,true],"mh-magazine-small":["https:\/\/www.comuna13online.com.ar\/wp-content\/uploads\/2018\/03\/20180306a-80x60.jpg",80,60,true],"sow-carousel-default":["https:\/\/www.comuna13online.com.ar\/wp-content\/uploads\/2018\/03\/20180306a-272x182.jpg",272,182,true]},"uagb_author_info":{"display_name":"Comuna13","author_link":"https:\/\/www.comuna13online.com.ar\/?author=1"},"uagb_comment_info":0,"uagb_excerpt":"La Jueza Patricia L\u00f3pez Vergara hizo lugar al amparo presentado por legisladores opositores y suspendi\u00f3 el tarifazo que llevaba el boleto de subte de $7,50 a $11 a a partir [...]","jetpack_sharing_enabled":true,"_links":{"self":[{"href":"https:\/\/www.comuna13online.com.ar\/index.php?rest_route=\/wp\/v2\/posts\/1454","targetHints":{"allow":["GET"]}}],"collection":[{"href":"https:\/\/www.comuna13online.com.ar\/index.php?rest_route=\/wp\/v2\/posts"}],"about":[{"href":"https:\/\/www.comuna13online.com.ar\/index.php?rest_route=\/wp\/v2\/types\/post"}],"author":[{"embeddable":true,"href":"https:\/\/www.comuna13online.com.ar\/index.php?rest_route=\/wp\/v2\/users\/1"}],"replies":[{"embeddable":true,"href":"https:\/\/www.comuna13online.com.ar\/index.php?rest_route=%2Fwp%2Fv2%2Fcomments&post=1454"}],"version-history":[{"count":0,"href":"https:\/\/www.comuna13online.com.ar\/index.php?rest_route=\/wp\/v2\/posts\/1454\/revisions"}],"wp:featuredmedia":[{"embeddable":true,"href":"https:\/\/www.comuna13online.com.ar\/index.php?rest_route=\/wp\/v2\/media\/784"}],"wp:attachment":[{"href":"https:\/\/www.comuna13online.com.ar\/index.php?rest_route=%2Fwp%2Fv2%2Fmedia&parent=1454"}],"wp:term":[{"taxonomy":"category","embeddable":true,"href":"https:\/\/www.comuna13online.com.ar\/index.php?rest_route=%2Fwp%2Fv2%2Fcategories&post=1454"},{"taxonomy":"post_tag","embeddable":true,"href":"https:\/\/www.comuna13online.com.ar\/index.php?rest_route=%2Fwp%2Fv2%2Ftags&post=1454"}],"curies":[{"name":"wp","href":"https:\/\/api.w.org\/{rel}","templated":true}]}}