{"id":14530,"date":"2021-12-01T08:34:38","date_gmt":"2021-12-01T11:34:38","guid":{"rendered":"http:\/\/www.comuna13online.com.ar\/?p=14530"},"modified":"2021-12-01T08:34:42","modified_gmt":"2021-12-01T11:34:42","slug":"el-subte-retomo-el-horario-de-apertura-habitual","status":"publish","type":"post","link":"https:\/\/www.comuna13online.com.ar\/?p=14530","title":{"rendered":"El subte retom\u00f3 el horario de apertura habitual"},"content":{"rendered":"\n<p><strong>El subterr\u00e1neo porte\u00f1o vuelve a funcionar con el horario de apertura prepandemia y finaliza el cronograma especial implementado por el Covid-19, los d\u00edas h\u00e1biles comenzar\u00e1 a las 5.30 horas.<\/strong><\/p>\n\n\n\n<p>Desde este mi\u00e9rcoles 1\u00b0 de diciembre, el subte extender\u00e1 su servicio y volver\u00e1 a funcionar con el horario de apertura habitual, previo a la pandemia. As\u00ed, de lunes a viernes operar\u00e1 de 5.30 h a 23.30 h, los s\u00e1bados de 6 h a 24 h, y los domingos y feriados de 8 h a 22 h. De esta manera, ya no funcionar\u00e1 con un esquema especial.<\/p>\n\n\n\n<p>La medida responde al incremento de la cantidad de usuarias y usuarios que se verific\u00f3 en el \u00faltimo tiempo. Actualmente viaja casi un 50% del total prepandemia y de esta manera se podr\u00e1 acompa\u00f1ar la demanda derivada de la flexibilizaci\u00f3n de actividades. <\/p>\n\n\n\n<p><\/p>\n<div align=\"center\">\n\n<blockquote class=\"twitter-tweet\"><p lang=\"es\" dir=\"ltr\">\u00a1Desde este mi\u00e9rcoles el subte funcionar\u00e1 en su horario de apertura habitual! <a href=\"https:\/\/t.co\/NmV3v9xfhO\">pic.twitter.com\/NmV3v9xfhO<\/a><\/p>&mdash; BA Movilidad (@bamovilidad) <a href=\"https:\/\/twitter.com\/bamovilidad\/status\/1465702795160395787?ref_src=twsrc%5Etfw\">November 30, 2021<\/a><\/blockquote> <script async src=\"https:\/\/platform.twitter.com\/widgets.js\" charset=\"utf-8\"><\/script>\n\n<\/div>\n<p><\/p>\n\n\n\n\n<p>Desde el comienzo de la pandemia, el subte funcion\u00f3 con un esquema especial para cuidar a los trabajadores. Asimismo, constantemente se fueron analizando las variaciones de la demanda y en base a eso se definieron, junto a las autoridades del Ministerio de Salud, las medidas necesarias para brindar un mejor servicio. As\u00ed, se han ido abriendo estaciones y ajustando la oferta de trenes.<\/p>\n\n\n\n<p>Al mismo tiempo, siguen vigentes todos los protocolos para combatir la propagaci\u00f3n del Covid-19 y cuidar a los usuarios, trabajadores y contratistas de la red. Se contin\u00faa con el refuerzo en la limpieza y desinfecci\u00f3n de estaciones, formaciones y superficies de alto contacto; se colocaron dispensers de alcohol en gel en todas las estaciones; y se sum\u00f3 se\u00f1alizaci\u00f3n para cumplir con las medidas de distanciamiento entre usuarios.<\/p>\n\n\n\n<figure class=\"wp-block-image size-large is-resized\"><img loading=\"lazy\" decoding=\"async\" data-attachment-id=\"99\" data-permalink=\"https:\/\/www.comuna13online.com.ar\/?attachment_id=99\" data-orig-file=\"https:\/\/www.comuna13online.com.ar\/wp-content\/uploads\/2017\/12\/line.jpg\" data-orig-size=\"678,1\" data-comments-opened=\"0\" data-image-meta=\"{&quot;aperture&quot;:&quot;0&quot;,&quot;credit&quot;:&quot;&quot;,&quot;camera&quot;:&quot;&quot;,&quot;caption&quot;:&quot;&quot;,&quot;created_timestamp&quot;:&quot;0&quot;,&quot;copyright&quot;:&quot;&quot;,&quot;focal_length&quot;:&quot;0&quot;,&quot;iso&quot;:&quot;0&quot;,&quot;shutter_speed&quot;:&quot;0&quot;,&quot;title&quot;:&quot;&quot;,&quot;orientation&quot;:&quot;0&quot;}\" data-image-title=\"line\" data-image-description=\"\" data-image-caption=\"\" data-large-file=\"https:\/\/www.comuna13online.com.ar\/wp-content\/uploads\/2017\/12\/line.jpg\" src=\"http:\/\/www.comuna13online.com.ar\/wp-content\/uploads\/2017\/12\/line.jpg\" alt=\"\" class=\"wp-image-99\" width=\"678\" height=\"1\" srcset=\"https:\/\/www.comuna13online.com.ar\/wp-content\/uploads\/2017\/12\/line.jpg 678w, https:\/\/www.comuna13online.com.ar\/wp-content\/uploads\/2017\/12\/line-150x1.jpg 150w, https:\/\/www.comuna13online.com.ar\/wp-content\/uploads\/2017\/12\/line-326x1.jpg 326w, https:\/\/www.comuna13online.com.ar\/wp-content\/uploads\/2017\/12\/line-80x1.jpg 80w, https:\/\/www.comuna13online.com.ar\/wp-content\/uploads\/2017\/12\/line-272x1.jpg 272w\" sizes=\"auto, (max-width: 678px) 100vw, 678px\" \/><\/figure>\n\n\n\n<figure class=\"wp-block-image size-full\"><img loading=\"lazy\" decoding=\"async\" width=\"678\" height=\"180\" data-attachment-id=\"8918\" data-permalink=\"https:\/\/www.comuna13online.com.ar\/?attachment_id=8918\" data-orig-file=\"https:\/\/www.comuna13online.com.ar\/wp-content\/uploads\/2020\/04\/corona2.jpg\" data-orig-size=\"678,180\" data-comments-opened=\"0\" data-image-meta=\"{&quot;aperture&quot;:&quot;0&quot;,&quot;credit&quot;:&quot;&quot;,&quot;camera&quot;:&quot;&quot;,&quot;caption&quot;:&quot;&quot;,&quot;created_timestamp&quot;:&quot;0&quot;,&quot;copyright&quot;:&quot;&quot;,&quot;focal_length&quot;:&quot;0&quot;,&quot;iso&quot;:&quot;0&quot;,&quot;shutter_speed&quot;:&quot;0&quot;,&quot;title&quot;:&quot;&quot;,&quot;orientation&quot;:&quot;0&quot;}\" data-image-title=\"corona2\" data-image-description=\"\" data-image-caption=\"\" data-large-file=\"https:\/\/www.comuna13online.com.ar\/wp-content\/uploads\/2020\/04\/corona2.jpg\" src=\"http:\/\/www.comuna13online.com.ar\/wp-content\/uploads\/2020\/04\/corona2.jpg\" alt=\"\" class=\"wp-image-8918\"\/><\/figure>\n","protected":false},"excerpt":{"rendered":"<div class=\"mh-excerpt\">El subterr\u00e1neo porte\u00f1o vuelve a funcionar con el horario de apertura prepandemia y finaliza el cronograma especial implementado por el Covid-19, los d\u00edas h\u00e1biles comenzar\u00e1 a las 5.30 horas. Desde <a class=\"mh-excerpt-more\" href=\"https:\/\/www.comuna13online.com.ar\/?p=14530\" title=\"El subte retom\u00f3 el horario de apertura habitual\">[&#8230;]<\/a><\/div>\n","protected":false},"author":1,"featured_media":14531,"comment_status":"closed","ping_status":"closed","sticky":false,"template":"","format":"standard","meta":{"_uag_custom_page_level_css":"","_jetpack_memberships_contains_paid_content":false,"footnotes":"","jetpack_publicize_message":"","jetpack_publicize_feature_enabled":true,"jetpack_social_post_already_shared":true,"jetpack_social_options":{"image_generator_settings":{"template":"highway","default_image_id":0,"font":"","enabled":false},"version":2}},"categories":[14],"tags":[250,296,16,15],"class_list":{"0":"post-14530","1":"post","2":"type-post","3":"status-publish","4":"format-standard","5":"has-post-thumbnail","7":"category-subte","8":"tag-h2","9":"tag-h3","10":"tag-subte","11":"tag-transporte"},"jetpack_publicize_connections":[],"jetpack_featured_media_url":"https:\/\/www.comuna13online.com.ar\/wp-content\/uploads\/2021\/12\/20211201a_id.jpg","uagb_featured_image_src":{"full":["https:\/\/www.comuna13online.com.ar\/wp-content\/uploads\/2021\/12\/20211201a_id.jpg",678,452,false],"thumbnail":["https:\/\/www.comuna13online.com.ar\/wp-content\/uploads\/2021\/12\/20211201a_id.jpg",128,85,false],"medium":["https:\/\/www.comuna13online.com.ar\/wp-content\/uploads\/2021\/12\/20211201a_id.jpg",678,452,false],"medium_large":["https:\/\/www.comuna13online.com.ar\/wp-content\/uploads\/2021\/12\/20211201a_id.jpg",678,452,false],"large":["https:\/\/www.comuna13online.com.ar\/wp-content\/uploads\/2021\/12\/20211201a_id.jpg",678,452,false],"1536x1536":["https:\/\/www.comuna13online.com.ar\/wp-content\/uploads\/2021\/12\/20211201a_id.jpg",678,452,false],"2048x2048":["https:\/\/www.comuna13online.com.ar\/wp-content\/uploads\/2021\/12\/20211201a_id.jpg",678,452,false],"mh-magazine-slider":["https:\/\/www.comuna13online.com.ar\/wp-content\/uploads\/2021\/12\/20211201a_id-678x438.jpg",678,438,true],"mh-magazine-content":["https:\/\/www.comuna13online.com.ar\/wp-content\/uploads\/2021\/12\/20211201a_id-678x381.jpg",678,381,true],"mh-magazine-large":["https:\/\/www.comuna13online.com.ar\/wp-content\/uploads\/2021\/12\/20211201a_id.jpg",678,452,false],"mh-magazine-medium":["https:\/\/www.comuna13online.com.ar\/wp-content\/uploads\/2021\/12\/20211201a_id-326x245.jpg",326,245,true],"mh-magazine-small":["https:\/\/www.comuna13online.com.ar\/wp-content\/uploads\/2021\/12\/20211201a_id-80x60.jpg",80,60,true],"sow-carousel-default":["https:\/\/www.comuna13online.com.ar\/wp-content\/uploads\/2021\/12\/20211201a_id-272x182.jpg",272,182,true]},"uagb_author_info":{"display_name":"Comuna13","author_link":"https:\/\/www.comuna13online.com.ar\/?author=1"},"uagb_comment_info":0,"uagb_excerpt":"El subterr\u00e1neo porte\u00f1o vuelve a funcionar con el horario de apertura prepandemia y finaliza el cronograma especial implementado por el Covid-19, los d\u00edas h\u00e1biles comenzar\u00e1 a las 5.30 horas. Desde [...]","jetpack_sharing_enabled":true,"_links":{"self":[{"href":"https:\/\/www.comuna13online.com.ar\/index.php?rest_route=\/wp\/v2\/posts\/14530","targetHints":{"allow":["GET"]}}],"collection":[{"href":"https:\/\/www.comuna13online.com.ar\/index.php?rest_route=\/wp\/v2\/posts"}],"about":[{"href":"https:\/\/www.comuna13online.com.ar\/index.php?rest_route=\/wp\/v2\/types\/post"}],"author":[{"embeddable":true,"href":"https:\/\/www.comuna13online.com.ar\/index.php?rest_route=\/wp\/v2\/users\/1"}],"replies":[{"embeddable":true,"href":"https:\/\/www.comuna13online.com.ar\/index.php?rest_route=%2Fwp%2Fv2%2Fcomments&post=14530"}],"version-history":[{"count":0,"href":"https:\/\/www.comuna13online.com.ar\/index.php?rest_route=\/wp\/v2\/posts\/14530\/revisions"}],"wp:featuredmedia":[{"embeddable":true,"href":"https:\/\/www.comuna13online.com.ar\/index.php?rest_route=\/wp\/v2\/media\/14531"}],"wp:attachment":[{"href":"https:\/\/www.comuna13online.com.ar\/index.php?rest_route=%2Fwp%2Fv2%2Fmedia&parent=14530"}],"wp:term":[{"taxonomy":"category","embeddable":true,"href":"https:\/\/www.comuna13online.com.ar\/index.php?rest_route=%2Fwp%2Fv2%2Fcategories&post=14530"},{"taxonomy":"post_tag","embeddable":true,"href":"https:\/\/www.comuna13online.com.ar\/index.php?rest_route=%2Fwp%2Fv2%2Ftags&post=14530"}],"curies":[{"name":"wp","href":"https:\/\/api.w.org\/{rel}","templated":true}]}}