{"id":14349,"date":"2021-10-28T09:00:00","date_gmt":"2021-10-28T12:00:00","guid":{"rendered":"http:\/\/www.comuna13online.com.ar\/?p=14349"},"modified":"2021-10-27T16:48:47","modified_gmt":"2021-10-27T19:48:47","slug":"las-plazas-de-la-ciudad-estrenan-patios-de-juegos-completamente-renovados","status":"publish","type":"post","link":"https:\/\/www.comuna13online.com.ar\/?p=14349","title":{"rendered":"Las plazas de la Ciudad estrenan patios de juegos completamente renovados"},"content":{"rendered":"\n<p><strong>Los nuevos patios de juegos cuentan con pisos coloridos de caucho, grandes mangrullos, lomadas para los m\u00e1s peque\u00f1os y juegos para chicos con discapacidades. Son m\u00e1s inclusivos, seguros y accesibles.<\/strong><\/p>\n\n\n\n<figure class=\"wp-block-image size-full\"><img loading=\"lazy\" decoding=\"async\" width=\"678\" height=\"518\" data-attachment-id=\"14350\" data-permalink=\"https:\/\/www.comuna13online.com.ar\/?attachment_id=14350\" data-orig-file=\"https:\/\/www.comuna13online.com.ar\/wp-content\/uploads\/2021\/10\/20211028b_01.jpg\" data-orig-size=\"678,518\" data-comments-opened=\"0\" data-image-meta=\"{&quot;aperture&quot;:&quot;0&quot;,&quot;credit&quot;:&quot;&quot;,&quot;camera&quot;:&quot;&quot;,&quot;caption&quot;:&quot;&quot;,&quot;created_timestamp&quot;:&quot;0&quot;,&quot;copyright&quot;:&quot;&quot;,&quot;focal_length&quot;:&quot;0&quot;,&quot;iso&quot;:&quot;0&quot;,&quot;shutter_speed&quot;:&quot;0&quot;,&quot;title&quot;:&quot;&quot;,&quot;orientation&quot;:&quot;0&quot;}\" data-image-title=\"20211028b_01\" data-image-description=\"\" data-image-caption=\"\" data-large-file=\"https:\/\/www.comuna13online.com.ar\/wp-content\/uploads\/2021\/10\/20211028b_01.jpg\" src=\"http:\/\/www.comuna13online.com.ar\/wp-content\/uploads\/2021\/10\/20211028b_01.jpg\" alt=\"\" class=\"wp-image-14350\" srcset=\"https:\/\/www.comuna13online.com.ar\/wp-content\/uploads\/2021\/10\/20211028b_01.jpg 678w, https:\/\/www.comuna13online.com.ar\/wp-content\/uploads\/2021\/10\/20211028b_01-80x60.jpg 80w\" sizes=\"auto, (max-width: 678px) 100vw, 678px\" \/><\/figure>\n\n\n\n<p>La Ciudad estrena\u00a0<strong>9 patios de juegos renovados<\/strong>. Con el objetivo de hacerlos\u00a0<strong>m\u00e1s inclusivos, seguros y accesibles<\/strong>, los nuevos patios de juegos cuentan con una visi\u00f3n integral que considera tambi\u00e9n la circulaci\u00f3n y la comunicaci\u00f3n. Con pisos coloridos de caucho, grandes mangrullos, lomadas para los m\u00e1s peque\u00f1os y juegos para chicos con discapacidades. <\/p>\n\n\n\n<p><em><strong>\u201cEste a\u00f1o renovamos y construimos 49 patios de juegos. Dentro de nuestros parques y plazas los patios de juego ocupan un lugar destacado para los vecinos m\u00e1s chicos de la Ciudad, que los disfrutan los 365 d\u00edas del a\u00f1o junto a sus familias\u201d<\/strong><\/em>, afirm\u00f3 Felipe Miguel, jefe de gabinete de la Ciudad.<\/p>\n\n\n\n<p>Por su parte, la secretaria de Atenci\u00f3n Ciudadana y Gesti\u00f3n Comunal, Julia Domeniconi, explic\u00f3: <em><strong>\u201cTrabajamos para crear espacios que incentiven la creatividad y el juego de manera segura, inclusiva y accesible\u201d<\/strong><\/em>.<\/p>\n\n\n\n<div align=\"center\">\n<blockquote class=\"twitter-tweet\"><p lang=\"es\" dir=\"ltr\">Ya se hizo realidad el nuevo patio de juegos de <a href=\"https:\/\/twitter.com\/hashtag\/PlazaMafalda?src=hash&amp;ref_src=twsrc%5Etfw\">#PlazaMafalda<\/a>, donde se renov\u00f3 todo el espacio con juegos super modernos y una visi\u00f3n m\u00e1s inclusiva, accesible y amigable con el <a href=\"https:\/\/twitter.com\/hashtag\/autismo?src=hash&amp;ref_src=twsrc%5Etfw\">#autismo<\/a>. \u00a1Gracias <a href=\"https:\/\/twitter.com\/bacomunas?ref_src=twsrc%5Etfw\">@bacomunas<\/a> por ayudarnos con el proyecto y a <a href=\"https:\/\/twitter.com\/FundBrincar?ref_src=twsrc%5Etfw\">@FundBrincar<\/a> por acompa\u00f1arnos! ? <a href=\"https:\/\/t.co\/hjA2YmVYpJ\">pic.twitter.com\/hjA2YmVYpJ<\/a><\/p>&mdash; Comuna 13 (@bacomuna13) <a href=\"https:\/\/twitter.com\/bacomuna13\/status\/1453423643871023112?ref_src=twsrc%5Etfw\">October 27, 2021<\/a><\/blockquote> <script async src=\"https:\/\/platform.twitter.com\/widgets.js\" charset=\"utf-8\"><\/script>\n<\/div><p><\/p>\n\n\n\n<p>Las obras alcanzan los cuatro puntos cardinales, desde el sur con el patio de juegos de Parque Chacabuco hasta el norte con el de Plaza Alemania. El renovado patio de la Plaza Oesterheld al este hasta el de Plaza Ricchieri al oeste,\u00a0<strong>49 patios de juegos de espacios verdes de la Ciudad se renuevan este a\u00f1o<\/strong>\u00a0para ser m\u00e1s inclusivos y estrenan juegos, sectores de acompa\u00f1antes y pisos de solado de caucho este a\u00f1o. Ya sea en forma de barcos piratas, robots gigantes o camiones los patios de juegos incorporan un nuevo concepto de espacios recreativos para los vecinos m\u00e1s chicos.<\/p>\n\n\n\n<p>En el coraz\u00f3n del barrio de Colegiales (Comuna 13), se renovaron la Plaza Mafalda. Delimitada por las calles Santos Dumont, Concepci\u00f3n Arenal, General Mart\u00ednez y Conde; el espacio verde le rinde homenaje al personaje creado por Quino. Guiados por psic\u00f3logos,\u00a0<strong>un grupo de chicos del barrio dibuj\u00f3 lo que a ellos les gusta a la hora de jugar:<\/strong>\u00a0quieren trepar bien alto y hamacarse hasta casi tocar las nubes.<\/p>\n\n\n\n<p>En nuestra Comuna, tambi\u00e9n se renovaron los juegos de la Plaza Marechal (Freire entre Benjam\u00edn Matienzo y Concepci\u00f3n Arenal) y Plaza de los Colegiales (Benjam\u00edn Matienzo al 2900). <\/p>\n\n\n\n<p>En la Plaza Marechal, tras un largo tiempo cerrada, se realiz\u00f3 una renovaci\u00f3n completa y se recuper\u00f3 como un nuevo espacio de juegos lleno de colores y diversi\u00f3n par ni\u00f1os de todas las edades.<\/p>\n\n\n\n<p><\/p>\n<div align=\"center\">\n<blockquote class=\"twitter-tweet\"><p lang=\"es\" dir=\"ltr\">\u00a1Que linda qued\u00f3 la <a href=\"https:\/\/twitter.com\/hashtag\/PlazaMarechal?src=hash&amp;ref_src=twsrc%5Etfw\">#PlazaMarechal<\/a>! ???? En sinton\u00eda con la estaci\u00f3n de la alegr\u00eda, reabri\u00f3 este espacio verde de <a href=\"https:\/\/twitter.com\/hashtag\/Colegiales?src=hash&amp;ref_src=twsrc%5Etfw\">#Colegiales<\/a> con nuevas propuestas para todos los vecinos y con m\u00e1s diversi\u00f3n para los m\u00e1s chicos. <a href=\"https:\/\/twitter.com\/hashtag\/plazas?src=hash&amp;ref_src=twsrc%5Etfw\">#plazas<\/a> <a href=\"https:\/\/twitter.com\/hashtag\/espaciosverdes?src=hash&amp;ref_src=twsrc%5Etfw\">#espaciosverdes<\/a> <a href=\"https:\/\/twitter.com\/hashtag\/plaza?src=hash&amp;ref_src=twsrc%5Etfw\">#plaza<\/a> <a href=\"https:\/\/twitter.com\/hashtag\/juegos?src=hash&amp;ref_src=twsrc%5Etfw\">#juegos<\/a> <a href=\"https:\/\/t.co\/8bjr6ZEtTk\">pic.twitter.com\/8bjr6ZEtTk<\/a><\/p>&mdash; Comuna 13 (@bacomuna13) <a href=\"https:\/\/twitter.com\/bacomuna13\/status\/1451001631529574401?ref_src=twsrc%5Etfw\">October 21, 2021<\/a><\/blockquote> <script async src=\"https:\/\/platform.twitter.com\/widgets.js\" charset=\"utf-8\"><\/script>\n<\/div><p><\/p>\n\n\n\n<p>En tanto que la Plaza de los Colegiales, se realizaron tareas de jardiner\u00eda que incluy\u00f3 el resembrado de las \u00e1reas verdes y un nuevo estar con canteros florales, se recicl\u00f3 un viejo tablero de ajedrez humano y se reemplaz\u00f3 el viejo mobiliario. Tambi\u00e9n se repusieron los senderos de granza, se coloc\u00f3 c\u00e9sped y m\u00e1s de 3000 plantas arbustivas y herb\u00e1ceas nuevas.<\/p>\n\n\n\n<p><\/p>\n<div align=\"center\">\n<blockquote class=\"twitter-tweet\"><p lang=\"es\" dir=\"ltr\">Renovaci\u00f3n de Plaza de los Colegiales! ??? Se hicieron varias tareas para hacer un espacio m\u00e1s funcional y recreativo para chicos y grandes, creando una propuesta paisajista. <a href=\"https:\/\/t.co\/cmLMIDSkY7\">pic.twitter.com\/cmLMIDSkY7<\/a><\/p>&mdash; Comuna 13 (@bacomuna13) <a href=\"https:\/\/twitter.com\/bacomuna13\/status\/1451292194665492482?ref_src=twsrc%5Etfw\">October 21, 2021<\/a><\/blockquote> <script async src=\"https:\/\/platform.twitter.com\/widgets.js\" charset=\"utf-8\"><\/script>\n<\/div><p><\/p>\n\n\n\n<p>Tambi\u00e9n se renuevan los patios de la Plaza V\u00e9lez Sarsfield de Floresta (Comuna 10), la Plaza Oesterheld de Puerto Madero (Comuna 1), la Plaza Ricchieri de Villa Devoto (Comuna 11), la Plaza Irlanda de Caballito (Comuna 6), el Parque Chacabuco del barrio hom\u00f3nimo (Comuna 7), la Plaza Primero de Mayo de Balvanera (Comuna 3) y, en breve, los de la Plaza Alemania de Palermo (Comuna 14).<\/p>\n\n\n\n<p><strong>Los patios de juegos inaugurados cuentan con nuevos pisos de solado continuo de caucho<\/strong>. Un compuesto de dos materiales: EPDM (caucho de etileno propileno dieno) y SBR(caucho estireno-butadieno). El primero se usa para las terminaciones en color de los distintos dise\u00f1os de los suelos. El segundo se usa para la base, permite la amortiguaci\u00f3n de golpes y es reciclado.<\/p>\n\n\n\n<p>Los solados continuos tienen una caracter\u00edstica elemental: su espesor puede ajustarse seg\u00fan la necesidad y brindar mayor amortiguaci\u00f3n en las \u00e1reas de seguridad de cada juego. Tambi\u00e9n requieren menor mantenimiento y no se levantan como las baldosas.<\/p>\n\n\n\n<p>El reemplazo de la cl\u00e1sica arena por estos innovadores suelos de caucho fue uno de los principales pedidos de los vecinos. Muchos ve\u00edan a la arena como un foco de infecciones. Y es una de las modificaciones que se est\u00e1n realizando para que los juegos sean cada vez m\u00e1s inclusivos:&nbsp;<strong>los solados de caucho son aptos, por ejemplo, para circular con sillas de ruedas o muletas. La arena, no.<\/strong><\/p>\n\n\n\n<p>En l\u00edneas generales,\u00a0<strong>todos los patios llevan dos tipos de juegos que son los m\u00e1s requeridos por los chicos: las hamacas y el mangrullo<\/strong>. El mangrullo es el juego que m\u00e1s incentiva la creatividad de los chicos al ofrecerles diferentes variantes. Los chicos pueden trepar a ellos, deslizarse por sus t\u00faneles y toboganes, realizar diferentes recorridos, esconderse y buscar a otros ni\u00f1os.<\/p>\n\n\n\n<p>Adem\u00e1s,\u00a0<strong>los patios cuentan con un sector para primera infancia<\/strong>. Este sector est\u00e1 dise\u00f1ado espec\u00edficamente para los ni\u00f1os menores de 4 a\u00f1os y cuenta, por ejemplo, con lomadas para que se trepen los aventureros m\u00e1s peque\u00f1os. Estos juegos est\u00e1n cerca del espacio de descanso para los acompa\u00f1antes.<\/p>\n\n\n\n<p>Los nuevos dise\u00f1os de los patios de juegos&nbsp;<strong>son m\u00e1s inclusivos y accesibles para todos los vecinos<\/strong>. La circulaci\u00f3n hasta y en el sector de juegos se debe caracterizar por la facilidad de acceso y de desplazamiento y la seguridad al hacerlo. Por eso se incorporaron vados de acceso, rampas y solados continuos. Tambi\u00e9n es importante la comunicaci\u00f3n: se est\u00e1 trabajando en mejorar la se\u00f1alizaci\u00f3n. Por ejemplo, se est\u00e1n desarrollando planos h\u00e1pticos para las personas no videntes.<\/p>\n\n\n\n<p>En cuanto a los juegos,\u00a0<strong>hay hamacas y calesitas para sillas de ruedas y p\u00f3rticos de hamacas que tienen un butac\u00f3n dise\u00f1ado para chicos con dificultades para usar las hamacas tradicionales<\/strong>. En los sectores de descanso hay bancos con respaldos y apoyabrazos, espacios para sillas de ruedas y estacionamiento para rodados como los cochecitos de beb\u00e9s.<\/p>\n\n\n\n<figure class=\"wp-block-image size-large is-resized\"><img loading=\"lazy\" decoding=\"async\" data-attachment-id=\"99\" data-permalink=\"https:\/\/www.comuna13online.com.ar\/?attachment_id=99\" data-orig-file=\"https:\/\/www.comuna13online.com.ar\/wp-content\/uploads\/2017\/12\/line.jpg\" data-orig-size=\"678,1\" data-comments-opened=\"0\" data-image-meta=\"{&quot;aperture&quot;:&quot;0&quot;,&quot;credit&quot;:&quot;&quot;,&quot;camera&quot;:&quot;&quot;,&quot;caption&quot;:&quot;&quot;,&quot;created_timestamp&quot;:&quot;0&quot;,&quot;copyright&quot;:&quot;&quot;,&quot;focal_length&quot;:&quot;0&quot;,&quot;iso&quot;:&quot;0&quot;,&quot;shutter_speed&quot;:&quot;0&quot;,&quot;title&quot;:&quot;&quot;,&quot;orientation&quot;:&quot;0&quot;}\" data-image-title=\"line\" data-image-description=\"\" data-image-caption=\"\" data-large-file=\"https:\/\/www.comuna13online.com.ar\/wp-content\/uploads\/2017\/12\/line.jpg\" src=\"http:\/\/www.comuna13online.com.ar\/wp-content\/uploads\/2017\/12\/line.jpg\" alt=\"\" class=\"wp-image-99\" width=\"678\" height=\"1\" srcset=\"https:\/\/www.comuna13online.com.ar\/wp-content\/uploads\/2017\/12\/line.jpg 678w, https:\/\/www.comuna13online.com.ar\/wp-content\/uploads\/2017\/12\/line-150x1.jpg 150w, https:\/\/www.comuna13online.com.ar\/wp-content\/uploads\/2017\/12\/line-326x1.jpg 326w, https:\/\/www.comuna13online.com.ar\/wp-content\/uploads\/2017\/12\/line-80x1.jpg 80w, https:\/\/www.comuna13online.com.ar\/wp-content\/uploads\/2017\/12\/line-272x1.jpg 272w\" sizes=\"auto, (max-width: 678px) 100vw, 678px\" \/><\/figure>\n\n\n\n<figure class=\"wp-block-image size-full\"><img loading=\"lazy\" decoding=\"async\" width=\"678\" height=\"180\" data-attachment-id=\"8918\" data-permalink=\"https:\/\/www.comuna13online.com.ar\/?attachment_id=8918\" data-orig-file=\"https:\/\/www.comuna13online.com.ar\/wp-content\/uploads\/2020\/04\/corona2.jpg\" data-orig-size=\"678,180\" data-comments-opened=\"0\" data-image-meta=\"{&quot;aperture&quot;:&quot;0&quot;,&quot;credit&quot;:&quot;&quot;,&quot;camera&quot;:&quot;&quot;,&quot;caption&quot;:&quot;&quot;,&quot;created_timestamp&quot;:&quot;0&quot;,&quot;copyright&quot;:&quot;&quot;,&quot;focal_length&quot;:&quot;0&quot;,&quot;iso&quot;:&quot;0&quot;,&quot;shutter_speed&quot;:&quot;0&quot;,&quot;title&quot;:&quot;&quot;,&quot;orientation&quot;:&quot;0&quot;}\" data-image-title=\"corona2\" data-image-description=\"\" data-image-caption=\"\" data-large-file=\"https:\/\/www.comuna13online.com.ar\/wp-content\/uploads\/2020\/04\/corona2.jpg\" src=\"http:\/\/www.comuna13online.com.ar\/wp-content\/uploads\/2020\/04\/corona2.jpg\" alt=\"\" class=\"wp-image-8918\"\/><\/figure>\n\n\n\n<p><\/p>\n","protected":false},"excerpt":{"rendered":"<div class=\"mh-excerpt\">Los nuevos patios de juegos cuentan con pisos coloridos de caucho, grandes mangrullos, lomadas para los m\u00e1s peque\u00f1os y juegos para chicos con discapacidades. Son m\u00e1s inclusivos, seguros y accesibles. <a class=\"mh-excerpt-more\" href=\"https:\/\/www.comuna13online.com.ar\/?p=14349\" title=\"Las plazas de la Ciudad estrenan patios de juegos completamente renovados\">[&#8230;]<\/a><\/div>\n","protected":false},"author":1,"featured_media":14351,"comment_status":"closed","ping_status":"closed","sticky":false,"template":"","format":"standard","meta":{"_uag_custom_page_level_css":"","_jetpack_memberships_contains_paid_content":false,"footnotes":"","jetpack_publicize_message":"","jetpack_publicize_feature_enabled":true,"jetpack_social_post_already_shared":true,"jetpack_social_options":{"image_generator_settings":{"template":"highway","default_image_id":0,"font":"","enabled":false},"version":2}},"categories":[68],"tags":[110,250,296],"class_list":{"0":"post-14349","1":"post","2":"type-post","3":"status-publish","4":"format-standard","5":"has-post-thumbnail","7":"category-espacio-publico","8":"tag-espacio-publico","9":"tag-h2","10":"tag-h3"},"jetpack_publicize_connections":[],"jetpack_featured_media_url":"https:\/\/www.comuna13online.com.ar\/wp-content\/uploads\/2021\/10\/20211028b_id.jpg","uagb_featured_image_src":{"full":["https:\/\/www.comuna13online.com.ar\/wp-content\/uploads\/2021\/10\/20211028b_id.jpg",678,452,false],"thumbnail":["https:\/\/www.comuna13online.com.ar\/wp-content\/uploads\/2021\/10\/20211028b_id.jpg",128,85,false],"medium":["https:\/\/www.comuna13online.com.ar\/wp-content\/uploads\/2021\/10\/20211028b_id.jpg",678,452,false],"medium_large":["https:\/\/www.comuna13online.com.ar\/wp-content\/uploads\/2021\/10\/20211028b_id.jpg",678,452,false],"large":["https:\/\/www.comuna13online.com.ar\/wp-content\/uploads\/2021\/10\/20211028b_id.jpg",678,452,false],"1536x1536":["https:\/\/www.comuna13online.com.ar\/wp-content\/uploads\/2021\/10\/20211028b_id.jpg",678,452,false],"2048x2048":["https:\/\/www.comuna13online.com.ar\/wp-content\/uploads\/2021\/10\/20211028b_id.jpg",678,452,false],"mh-magazine-slider":["https:\/\/www.comuna13online.com.ar\/wp-content\/uploads\/2021\/10\/20211028b_id-678x438.jpg",678,438,true],"mh-magazine-content":["https:\/\/www.comuna13online.com.ar\/wp-content\/uploads\/2021\/10\/20211028b_id-678x381.jpg",678,381,true],"mh-magazine-large":["https:\/\/www.comuna13online.com.ar\/wp-content\/uploads\/2021\/10\/20211028b_id.jpg",678,452,false],"mh-magazine-medium":["https:\/\/www.comuna13online.com.ar\/wp-content\/uploads\/2021\/10\/20211028b_id-326x245.jpg",326,245,true],"mh-magazine-small":["https:\/\/www.comuna13online.com.ar\/wp-content\/uploads\/2021\/10\/20211028b_id-80x60.jpg",80,60,true],"sow-carousel-default":["https:\/\/www.comuna13online.com.ar\/wp-content\/uploads\/2021\/10\/20211028b_id-272x182.jpg",272,182,true]},"uagb_author_info":{"display_name":"Comuna13","author_link":"https:\/\/www.comuna13online.com.ar\/?author=1"},"uagb_comment_info":0,"uagb_excerpt":"Los nuevos patios de juegos cuentan con pisos coloridos de caucho, grandes mangrullos, lomadas para los m\u00e1s peque\u00f1os y juegos para chicos con discapacidades. Son m\u00e1s inclusivos, seguros y accesibles. [...]","jetpack_sharing_enabled":true,"_links":{"self":[{"href":"https:\/\/www.comuna13online.com.ar\/index.php?rest_route=\/wp\/v2\/posts\/14349","targetHints":{"allow":["GET"]}}],"collection":[{"href":"https:\/\/www.comuna13online.com.ar\/index.php?rest_route=\/wp\/v2\/posts"}],"about":[{"href":"https:\/\/www.comuna13online.com.ar\/index.php?rest_route=\/wp\/v2\/types\/post"}],"author":[{"embeddable":true,"href":"https:\/\/www.comuna13online.com.ar\/index.php?rest_route=\/wp\/v2\/users\/1"}],"replies":[{"embeddable":true,"href":"https:\/\/www.comuna13online.com.ar\/index.php?rest_route=%2Fwp%2Fv2%2Fcomments&post=14349"}],"version-history":[{"count":0,"href":"https:\/\/www.comuna13online.com.ar\/index.php?rest_route=\/wp\/v2\/posts\/14349\/revisions"}],"wp:featuredmedia":[{"embeddable":true,"href":"https:\/\/www.comuna13online.com.ar\/index.php?rest_route=\/wp\/v2\/media\/14351"}],"wp:attachment":[{"href":"https:\/\/www.comuna13online.com.ar\/index.php?rest_route=%2Fwp%2Fv2%2Fmedia&parent=14349"}],"wp:term":[{"taxonomy":"category","embeddable":true,"href":"https:\/\/www.comuna13online.com.ar\/index.php?rest_route=%2Fwp%2Fv2%2Fcategories&post=14349"},{"taxonomy":"post_tag","embeddable":true,"href":"https:\/\/www.comuna13online.com.ar\/index.php?rest_route=%2Fwp%2Fv2%2Ftags&post=14349"}],"curies":[{"name":"wp","href":"https:\/\/api.w.org\/{rel}","templated":true}]}}