{"id":14193,"date":"2021-09-28T09:05:35","date_gmt":"2021-09-28T12:05:35","guid":{"rendered":"http:\/\/www.comuna13online.com.ar\/?p=14193"},"modified":"2021-09-28T09:05:38","modified_gmt":"2021-09-28T12:05:38","slug":"vacunacion-se-abre-el-empadronamiento-para-los-ninos-entre-12-y-17-anos","status":"publish","type":"post","link":"https:\/\/www.comuna13online.com.ar\/?p=14193","title":{"rendered":"Vacunaci\u00f3n: Se abre el empadronamiento para los ni\u00f1os entre 12 y 17 a\u00f1os"},"content":{"rendered":"\n<p><strong>La inscripci\u00f3n se habilitar\u00e1 este martes a las 12, para vacunarse, los ni\u00f1os deber\u00e1n asistir con un adulto. En la Ciudad, el 61% de su poblaci\u00f3n cuenta con 2 dosis.<\/strong><\/p>\n\n\n\n<figure class=\"wp-block-image size-full\"><img loading=\"lazy\" decoding=\"async\" width=\"678\" height=\"452\" data-attachment-id=\"14194\" data-permalink=\"https:\/\/www.comuna13online.com.ar\/?attachment_id=14194\" data-orig-file=\"https:\/\/www.comuna13online.com.ar\/wp-content\/uploads\/2021\/09\/210928a-01.jpg\" data-orig-size=\"678,452\" data-comments-opened=\"0\" data-image-meta=\"{&quot;aperture&quot;:&quot;0&quot;,&quot;credit&quot;:&quot;&quot;,&quot;camera&quot;:&quot;&quot;,&quot;caption&quot;:&quot;&quot;,&quot;created_timestamp&quot;:&quot;0&quot;,&quot;copyright&quot;:&quot;&quot;,&quot;focal_length&quot;:&quot;0&quot;,&quot;iso&quot;:&quot;0&quot;,&quot;shutter_speed&quot;:&quot;0&quot;,&quot;title&quot;:&quot;&quot;,&quot;orientation&quot;:&quot;0&quot;}\" data-image-title=\"210928a-01\" data-image-description=\"\" data-image-caption=\"\" data-large-file=\"https:\/\/www.comuna13online.com.ar\/wp-content\/uploads\/2021\/09\/210928a-01.jpg\" src=\"http:\/\/www.comuna13online.com.ar\/wp-content\/uploads\/2021\/09\/210928a-01.jpg\" alt=\"\" class=\"wp-image-14194\" srcset=\"https:\/\/www.comuna13online.com.ar\/wp-content\/uploads\/2021\/09\/210928a-01.jpg 678w, https:\/\/www.comuna13online.com.ar\/wp-content\/uploads\/2021\/09\/210928a-01-272x182.jpg 272w\" sizes=\"auto, (max-width: 678px) 100vw, 678px\" \/><\/figure>\n\n\n\n<p>El Gobierno de la Ciudad comienza con el\u00a0Plan de Vacunaci\u00f3n\u00a0contra el Covid-19 en menores de 18 a\u00f1os, que en su primera etapa contemplaba a los menores con condiciones de riesgo priorizadas. A partir de este martes a las 12 se habilitar\u00e1 el empadronamiento online\u00a0<a rel=\"noreferrer noopener\" href=\"https:\/\/www.buenosaires.gob.ar\/coronavirus\/vacunacion-covid-19\" target=\"_blank\">buenosaires.gob.ar\/vacunacovid<\/a>\u00a0para que todos los adolescentes de entre 12 y 17 a\u00f1os puedan recibir una vacuna contra el coronavirus. <\/p>\n\n\n\n<p>Los inscriptos deber\u00e1n asistir al turno en compa\u00f1\u00eda de una persona mayor de 18 a\u00f1os. Hasta el momento, 18.692 adolescentes de entre 12 y 17 a\u00f1os con condiciones priorizadas recibieron al menos una dosis y 13.874 completaron su esquema de vacunaci\u00f3n.<\/p>\n\n\n\n<p>En los pr\u00f3ximos d\u00edas se avanzar\u00e1 con la asignaci\u00f3n de turnos. Las citas ser\u00e1n otorgadas v\u00eda mail, WhatsApp y SMS, de acuerdo al orden de inscripci\u00f3n. Una vez que se los contacte los vecinos podr\u00e1n seleccionar la fecha, la hora y el lugar de preferencia por medio de un link personalizado. Luego de recibir la vacuna permanecer\u00e1n 15 minutos en observaci\u00f3n.<\/p>\n\n\n\n<p>Hasta el momento, las vacunas aprobadas para los mayores de 12 a\u00f1os en Argentina son la Pfizer y Moderna, en tanto que es\u00a0inminente la aprobaci\u00f3n de la vacuna Sinopharm, que ya es utilizada en China para inocular a los ni\u00f1os mayores de 3 a\u00f1os.<\/p>\n\n\n\n<figure class=\"wp-block-image\"><img loading=\"lazy\" decoding=\"async\" width=\"678\" height=\"373\" data-attachment-id=\"13082\" data-permalink=\"https:\/\/www.comuna13online.com.ar\/?attachment_id=13082\" data-orig-file=\"https:\/\/www.comuna13online.com.ar\/wp-content\/uploads\/2021\/03\/210330c-02.jpg\" data-orig-size=\"678,373\" data-comments-opened=\"0\" data-image-meta=\"{&quot;aperture&quot;:&quot;0&quot;,&quot;credit&quot;:&quot;&quot;,&quot;camera&quot;:&quot;&quot;,&quot;caption&quot;:&quot;&quot;,&quot;created_timestamp&quot;:&quot;0&quot;,&quot;copyright&quot;:&quot;&quot;,&quot;focal_length&quot;:&quot;0&quot;,&quot;iso&quot;:&quot;0&quot;,&quot;shutter_speed&quot;:&quot;0&quot;,&quot;title&quot;:&quot;&quot;,&quot;orientation&quot;:&quot;0&quot;}\" data-image-title=\"210330c-02\" data-image-description=\"\" data-image-caption=\"\" data-large-file=\"https:\/\/www.comuna13online.com.ar\/wp-content\/uploads\/2021\/03\/210330c-02.jpg\" src=\"http:\/\/www.comuna13online.com.ar\/wp-content\/uploads\/2021\/03\/210330c-02.jpg\" alt=\"\" class=\"wp-image-13082\"\/><\/figure>\n\n\n\n<h3 class=\"wp-block-heading\">C\u00f3mo empadronarse<\/h3>\n\n\n\n<ul class=\"wp-block-list\"><li>Ingresar a\u00a0<a href=\"https:\/\/www.buenosaires.gob.ar\/coronavirus\/vacunacion-covid-19\" target=\"_blank\" rel=\"noreferrer noopener\">buenosaires.gob.ar\/vacunacovid<\/a><\/li><li>Completar el formulario de datos personales.<\/li><li>Se enviar\u00e1 un mail, un mensaje de WhatsApp y un SMS de confirmaci\u00f3n de empadronamiento. Luego ser\u00e1 contactado por WhatsApp, mail y\/o SMS para realizar la asignaci\u00f3n del turno. El vecino podr\u00e1 seleccionar el d\u00eda, horario y vacunatorio de preferencia por medio de un sistema de gesti\u00f3n online.<\/li><\/ul>\n\n\n\n<div align=\"center\">\n<iframe loading=\"lazy\" width=\"560\" height=\"315\" src=\"https:\/\/www.youtube.com\/embed\/Ih6_cniHo64\" title=\"YouTube video player\" frameborder=\"0\" allow=\"accelerometer; autoplay; clipboard-write; encrypted-media; gyroscope; picture-in-picture\" allowfullscreen=\"\"><\/iframe><\/div>\n<p><\/p>\n\n\n\n<p><strong>Paso a paso de la vacunaci\u00f3n<\/strong><\/p>\n\n\n\n<ol class=\"wp-block-list\"><li>Acercarse al centro en el d\u00eda y horario indicado en el turno. Los menores deber\u00e1n asistir acompa\u00f1ados de un adulto.<\/li><li>Presentar el DNI en el \u00e1rea de recepci\u00f3n y empadronamiento. Aguardar al llamado del equipo de salud para recibir la vacuna.<\/li><li>Una vez administrada, deber\u00e1 permanecer 15 minutos en observaci\u00f3n.<\/li><li>Cumplido ese plazo se le brindar\u00e1 al vecino el certificado correspondiente y podr\u00e1 regresar a su domicilio.<\/li><li>Ser\u00e1 contactado nuevamente con el fin de asignarle el turno para la aplicaci\u00f3n de la segunda dosis.<\/li><\/ol>\n\n\n\n<figure class=\"wp-block-image size-large is-resized\"><img loading=\"lazy\" decoding=\"async\" data-attachment-id=\"99\" data-permalink=\"https:\/\/www.comuna13online.com.ar\/?attachment_id=99\" data-orig-file=\"https:\/\/www.comuna13online.com.ar\/wp-content\/uploads\/2017\/12\/line.jpg\" data-orig-size=\"678,1\" data-comments-opened=\"0\" data-image-meta=\"{&quot;aperture&quot;:&quot;0&quot;,&quot;credit&quot;:&quot;&quot;,&quot;camera&quot;:&quot;&quot;,&quot;caption&quot;:&quot;&quot;,&quot;created_timestamp&quot;:&quot;0&quot;,&quot;copyright&quot;:&quot;&quot;,&quot;focal_length&quot;:&quot;0&quot;,&quot;iso&quot;:&quot;0&quot;,&quot;shutter_speed&quot;:&quot;0&quot;,&quot;title&quot;:&quot;&quot;,&quot;orientation&quot;:&quot;0&quot;}\" data-image-title=\"line\" data-image-description=\"\" data-image-caption=\"\" data-large-file=\"https:\/\/www.comuna13online.com.ar\/wp-content\/uploads\/2017\/12\/line.jpg\" src=\"http:\/\/www.comuna13online.com.ar\/wp-content\/uploads\/2017\/12\/line.jpg\" alt=\"\" class=\"wp-image-99\" width=\"678\" height=\"1\" srcset=\"https:\/\/www.comuna13online.com.ar\/wp-content\/uploads\/2017\/12\/line.jpg 678w, https:\/\/www.comuna13online.com.ar\/wp-content\/uploads\/2017\/12\/line-150x1.jpg 150w, https:\/\/www.comuna13online.com.ar\/wp-content\/uploads\/2017\/12\/line-326x1.jpg 326w, https:\/\/www.comuna13online.com.ar\/wp-content\/uploads\/2017\/12\/line-80x1.jpg 80w, https:\/\/www.comuna13online.com.ar\/wp-content\/uploads\/2017\/12\/line-272x1.jpg 272w\" sizes=\"auto, (max-width: 678px) 100vw, 678px\" \/><\/figure>\n\n\n\n<figure class=\"wp-block-image size-full\"><img loading=\"lazy\" decoding=\"async\" width=\"678\" height=\"180\" data-attachment-id=\"8918\" data-permalink=\"https:\/\/www.comuna13online.com.ar\/?attachment_id=8918\" data-orig-file=\"https:\/\/www.comuna13online.com.ar\/wp-content\/uploads\/2020\/04\/corona2.jpg\" data-orig-size=\"678,180\" data-comments-opened=\"0\" data-image-meta=\"{&quot;aperture&quot;:&quot;0&quot;,&quot;credit&quot;:&quot;&quot;,&quot;camera&quot;:&quot;&quot;,&quot;caption&quot;:&quot;&quot;,&quot;created_timestamp&quot;:&quot;0&quot;,&quot;copyright&quot;:&quot;&quot;,&quot;focal_length&quot;:&quot;0&quot;,&quot;iso&quot;:&quot;0&quot;,&quot;shutter_speed&quot;:&quot;0&quot;,&quot;title&quot;:&quot;&quot;,&quot;orientation&quot;:&quot;0&quot;}\" data-image-title=\"corona2\" data-image-description=\"\" data-image-caption=\"\" data-large-file=\"https:\/\/www.comuna13online.com.ar\/wp-content\/uploads\/2020\/04\/corona2.jpg\" src=\"http:\/\/www.comuna13online.com.ar\/wp-content\/uploads\/2020\/04\/corona2.jpg\" alt=\"\" class=\"wp-image-8918\"\/><\/figure>\n","protected":false},"excerpt":{"rendered":"<div class=\"mh-excerpt\">La inscripci\u00f3n se habilitar\u00e1 este martes a las 12, para vacunarse, los ni\u00f1os deber\u00e1n asistir con un adulto. En la Ciudad, el 61% de su poblaci\u00f3n cuenta con 2 dosis. <a class=\"mh-excerpt-more\" href=\"https:\/\/www.comuna13online.com.ar\/?p=14193\" title=\"Vacunaci\u00f3n: Se abre el empadronamiento para los ni\u00f1os entre 12 y 17 a\u00f1os\">[&#8230;]<\/a><\/div>\n","protected":false},"author":1,"featured_media":14196,"comment_status":"closed","ping_status":"closed","sticky":false,"template":"","format":"standard","meta":{"_uag_custom_page_level_css":"","_jetpack_memberships_contains_paid_content":false,"footnotes":"","jetpack_publicize_message":"","jetpack_publicize_feature_enabled":true,"jetpack_social_post_already_shared":true,"jetpack_social_options":{"image_generator_settings":{"template":"highway","default_image_id":0,"font":"","enabled":false},"version":2}},"categories":[44],"tags":[271,246,250,296,45,118],"class_list":{"0":"post-14193","1":"post","2":"type-post","3":"status-publish","4":"format-standard","5":"has-post-thumbnail","7":"category-salud","8":"tag-coronavirus","9":"tag-h1","10":"tag-h2","11":"tag-h3","12":"tag-salud","13":"tag-vacunacion"},"jetpack_publicize_connections":[],"jetpack_featured_media_url":"https:\/\/www.comuna13online.com.ar\/wp-content\/uploads\/2021\/09\/210928a-id.jpg","uagb_featured_image_src":{"full":["https:\/\/www.comuna13online.com.ar\/wp-content\/uploads\/2021\/09\/210928a-id.jpg",1030,438,false],"thumbnail":["https:\/\/www.comuna13online.com.ar\/wp-content\/uploads\/2021\/09\/210928a-id.jpg",128,54,false],"medium":["https:\/\/www.comuna13online.com.ar\/wp-content\/uploads\/2021\/09\/210928a-id.jpg",1030,438,false],"medium_large":["https:\/\/www.comuna13online.com.ar\/wp-content\/uploads\/2021\/09\/210928a-id-768x327.jpg",768,327,true],"large":["https:\/\/www.comuna13online.com.ar\/wp-content\/uploads\/2021\/09\/210928a-id.jpg",1030,438,false],"1536x1536":["https:\/\/www.comuna13online.com.ar\/wp-content\/uploads\/2021\/09\/210928a-id.jpg",1030,438,false],"2048x2048":["https:\/\/www.comuna13online.com.ar\/wp-content\/uploads\/2021\/09\/210928a-id.jpg",1030,438,false],"mh-magazine-slider":["https:\/\/www.comuna13online.com.ar\/wp-content\/uploads\/2021\/09\/210928a-id-1030x438.jpg",1030,438,true],"mh-magazine-content":["https:\/\/www.comuna13online.com.ar\/wp-content\/uploads\/2021\/09\/210928a-id-678x381.jpg",678,381,true],"mh-magazine-large":["https:\/\/www.comuna13online.com.ar\/wp-content\/uploads\/2021\/09\/210928a-id-678x438.jpg",678,438,true],"mh-magazine-medium":["https:\/\/www.comuna13online.com.ar\/wp-content\/uploads\/2021\/09\/210928a-id-326x245.jpg",326,245,true],"mh-magazine-small":["https:\/\/www.comuna13online.com.ar\/wp-content\/uploads\/2021\/09\/210928a-id-80x60.jpg",80,60,true],"sow-carousel-default":["https:\/\/www.comuna13online.com.ar\/wp-content\/uploads\/2021\/09\/210928a-id-272x182.jpg",272,182,true]},"uagb_author_info":{"display_name":"Comuna13","author_link":"https:\/\/www.comuna13online.com.ar\/?author=1"},"uagb_comment_info":0,"uagb_excerpt":"La inscripci\u00f3n se habilitar\u00e1 este martes a las 12, para vacunarse, los ni\u00f1os deber\u00e1n asistir con un adulto. En la Ciudad, el 61% de su poblaci\u00f3n cuenta con 2 dosis. [...]","jetpack_sharing_enabled":true,"_links":{"self":[{"href":"https:\/\/www.comuna13online.com.ar\/index.php?rest_route=\/wp\/v2\/posts\/14193","targetHints":{"allow":["GET"]}}],"collection":[{"href":"https:\/\/www.comuna13online.com.ar\/index.php?rest_route=\/wp\/v2\/posts"}],"about":[{"href":"https:\/\/www.comuna13online.com.ar\/index.php?rest_route=\/wp\/v2\/types\/post"}],"author":[{"embeddable":true,"href":"https:\/\/www.comuna13online.com.ar\/index.php?rest_route=\/wp\/v2\/users\/1"}],"replies":[{"embeddable":true,"href":"https:\/\/www.comuna13online.com.ar\/index.php?rest_route=%2Fwp%2Fv2%2Fcomments&post=14193"}],"version-history":[{"count":0,"href":"https:\/\/www.comuna13online.com.ar\/index.php?rest_route=\/wp\/v2\/posts\/14193\/revisions"}],"wp:featuredmedia":[{"embeddable":true,"href":"https:\/\/www.comuna13online.com.ar\/index.php?rest_route=\/wp\/v2\/media\/14196"}],"wp:attachment":[{"href":"https:\/\/www.comuna13online.com.ar\/index.php?rest_route=%2Fwp%2Fv2%2Fmedia&parent=14193"}],"wp:term":[{"taxonomy":"category","embeddable":true,"href":"https:\/\/www.comuna13online.com.ar\/index.php?rest_route=%2Fwp%2Fv2%2Fcategories&post=14193"},{"taxonomy":"post_tag","embeddable":true,"href":"https:\/\/www.comuna13online.com.ar\/index.php?rest_route=%2Fwp%2Fv2%2Ftags&post=14193"}],"curies":[{"name":"wp","href":"https:\/\/api.w.org\/{rel}","templated":true}]}}