{"id":14185,"date":"2021-09-27T01:39:00","date_gmt":"2021-09-27T04:39:00","guid":{"rendered":"http:\/\/www.comuna13online.com.ar\/?p=14185"},"modified":"2021-09-27T12:03:59","modified_gmt":"2021-09-27T15:03:59","slug":"la-legislatura-portena-brindo-un-homenaje-a-la-fundacion-vitra-en-su-56o-aniversario","status":"publish","type":"post","link":"https:\/\/www.comuna13online.com.ar\/?p=14185","title":{"rendered":"La Legislatura porte\u00f1a brind\u00f3 un homenaje a la Fundaci\u00f3n Vitra en su 56\u00ba Aniversario"},"content":{"rendered":"\n<p><strong>La Fundaci\u00f3n Vitra brinda oportunidades educativas, laborales y sociales a las personas con discapacidad motriz, promoviendo su integraci\u00f3n como sujetos activos, econ\u00f3micamente independientes y socialmente participativos.<\/strong><\/p>\n\n\n\n<figure class=\"wp-block-image size-full\"><img loading=\"lazy\" decoding=\"async\" width=\"678\" height=\"452\" data-attachment-id=\"14189\" data-permalink=\"https:\/\/www.comuna13online.com.ar\/?attachment_id=14189\" data-orig-file=\"https:\/\/www.comuna13online.com.ar\/wp-content\/uploads\/2021\/09\/210927c-id.jpg\" data-orig-size=\"678,452\" data-comments-opened=\"0\" data-image-meta=\"{&quot;aperture&quot;:&quot;0&quot;,&quot;credit&quot;:&quot;&quot;,&quot;camera&quot;:&quot;&quot;,&quot;caption&quot;:&quot;&quot;,&quot;created_timestamp&quot;:&quot;0&quot;,&quot;copyright&quot;:&quot;&quot;,&quot;focal_length&quot;:&quot;0&quot;,&quot;iso&quot;:&quot;0&quot;,&quot;shutter_speed&quot;:&quot;0&quot;,&quot;title&quot;:&quot;&quot;,&quot;orientation&quot;:&quot;0&quot;}\" data-image-title=\"210927c-id\" data-image-description=\"\" data-image-caption=\"\" data-large-file=\"https:\/\/www.comuna13online.com.ar\/wp-content\/uploads\/2021\/09\/210927c-id.jpg\" src=\"http:\/\/www.comuna13online.com.ar\/wp-content\/uploads\/2021\/09\/210927c-id.jpg\" alt=\"\" class=\"wp-image-14189\" srcset=\"https:\/\/www.comuna13online.com.ar\/wp-content\/uploads\/2021\/09\/210927c-id.jpg 678w, https:\/\/www.comuna13online.com.ar\/wp-content\/uploads\/2021\/09\/210927c-id-272x182.jpg 272w\" sizes=\"auto, (max-width: 678px) 100vw, 678px\" \/><\/figure>\n\n\n\n<p>El trabajo realizado por la instituci\u00f3n, que se dedica a brindar oportunidades educativas, laborales y sociales a las personas con discapacidad, y contribuir a la remoci\u00f3n de barreras que obstaculizan el pleno goce de sus derechos humanos y libertades, fue declarado de inter\u00e9s para la promoci\u00f3n y defensa de los derechos humanos.\u00a0<\/p>\n\n\n\n<p>La iniciativa fue propuesta por el diputado Mat\u00edas L\u00f3pez, quien junto a los legisladores Esteban Garrido y Juan Manuel Vald\u00e9s, fueron recibidos por las autoridades de VITRA en su sede de Barracas, donde se hizo la entrega de la distinci\u00f3n en el marco de la celebraci\u00f3n por cumplir 56 a\u00f1os.<\/p>\n\n\n\n<p>El trabajo de la organizaci\u00f3n no s\u00f3lo se centra en \u201cbrindar a las personas con discapacidad el conocimiento que sirve para su desarrollo intelectual, sino que se busca que el alumno reciba informaci\u00f3n para su vida diaria y dotarlo de herramientas que permitan fortalecer y contribuir a su independencia y autonom\u00eda, y as\u00ed formular y ejecutar su proyecto de vida\u201d, explican los fundamentos de la iniciativa legislativa. Adem\u00e1s se destaca que desde el a\u00f1o 1969 cuenta con escuela primaria, a la que se incorpor\u00f3 en 1970 la escuela secundaria, dos instancias educativas reconocidas oficialmente por el Ministerio de Educaci\u00f3n.<\/p>\n\n\n\n<p>VITRA fue creada el 3 de septiembre de 1965 para la rehabilitaci\u00f3n de personas afectadas por la epidemia de la poliomielitis, pero con el devenir del tiempo ampli\u00f3 su misi\u00f3n, a brindar oportunidades educativas, laborales y sociales a las personas con discapacidad motriz, promoviendo su integraci\u00f3n como sujetos activos, econ\u00f3micamente independientes y socialmente participativos.<\/p>\n\n\n\n<p class=\"has-text-align-right\"><sub>Fuente: <strong><em>DGPrensa Legislatura<\/em><\/strong><\/sub><\/p>\n\n\n\n<figure class=\"wp-block-image size-large is-resized\"><img loading=\"lazy\" decoding=\"async\" data-attachment-id=\"99\" data-permalink=\"https:\/\/www.comuna13online.com.ar\/?attachment_id=99\" data-orig-file=\"https:\/\/www.comuna13online.com.ar\/wp-content\/uploads\/2017\/12\/line.jpg\" data-orig-size=\"678,1\" data-comments-opened=\"0\" data-image-meta=\"{&quot;aperture&quot;:&quot;0&quot;,&quot;credit&quot;:&quot;&quot;,&quot;camera&quot;:&quot;&quot;,&quot;caption&quot;:&quot;&quot;,&quot;created_timestamp&quot;:&quot;0&quot;,&quot;copyright&quot;:&quot;&quot;,&quot;focal_length&quot;:&quot;0&quot;,&quot;iso&quot;:&quot;0&quot;,&quot;shutter_speed&quot;:&quot;0&quot;,&quot;title&quot;:&quot;&quot;,&quot;orientation&quot;:&quot;0&quot;}\" data-image-title=\"line\" data-image-description=\"\" data-image-caption=\"\" data-large-file=\"https:\/\/www.comuna13online.com.ar\/wp-content\/uploads\/2017\/12\/line.jpg\" src=\"http:\/\/www.comuna13online.com.ar\/wp-content\/uploads\/2017\/12\/line.jpg\" alt=\"\" class=\"wp-image-99\" width=\"678\" height=\"1\" srcset=\"https:\/\/www.comuna13online.com.ar\/wp-content\/uploads\/2017\/12\/line.jpg 678w, https:\/\/www.comuna13online.com.ar\/wp-content\/uploads\/2017\/12\/line-150x1.jpg 150w, https:\/\/www.comuna13online.com.ar\/wp-content\/uploads\/2017\/12\/line-326x1.jpg 326w, https:\/\/www.comuna13online.com.ar\/wp-content\/uploads\/2017\/12\/line-80x1.jpg 80w, https:\/\/www.comuna13online.com.ar\/wp-content\/uploads\/2017\/12\/line-272x1.jpg 272w\" sizes=\"auto, (max-width: 678px) 100vw, 678px\" \/><\/figure>\n\n\n\n<figure class=\"wp-block-image size-full\"><img loading=\"lazy\" decoding=\"async\" width=\"678\" height=\"180\" data-attachment-id=\"8918\" data-permalink=\"https:\/\/www.comuna13online.com.ar\/?attachment_id=8918\" data-orig-file=\"https:\/\/www.comuna13online.com.ar\/wp-content\/uploads\/2020\/04\/corona2.jpg\" data-orig-size=\"678,180\" data-comments-opened=\"0\" data-image-meta=\"{&quot;aperture&quot;:&quot;0&quot;,&quot;credit&quot;:&quot;&quot;,&quot;camera&quot;:&quot;&quot;,&quot;caption&quot;:&quot;&quot;,&quot;created_timestamp&quot;:&quot;0&quot;,&quot;copyright&quot;:&quot;&quot;,&quot;focal_length&quot;:&quot;0&quot;,&quot;iso&quot;:&quot;0&quot;,&quot;shutter_speed&quot;:&quot;0&quot;,&quot;title&quot;:&quot;&quot;,&quot;orientation&quot;:&quot;0&quot;}\" data-image-title=\"corona2\" data-image-description=\"\" data-image-caption=\"\" data-large-file=\"https:\/\/www.comuna13online.com.ar\/wp-content\/uploads\/2020\/04\/corona2.jpg\" src=\"http:\/\/www.comuna13online.com.ar\/wp-content\/uploads\/2020\/04\/corona2.jpg\" alt=\"\" class=\"wp-image-8918\"\/><\/figure>\n","protected":false},"excerpt":{"rendered":"<div class=\"mh-excerpt\">La Fundaci\u00f3n Vitra brinda oportunidades educativas, laborales y sociales a las personas con discapacidad motriz, promoviendo su integraci\u00f3n como sujetos activos, econ\u00f3micamente independientes y socialmente participativos. El trabajo realizado por <a class=\"mh-excerpt-more\" href=\"https:\/\/www.comuna13online.com.ar\/?p=14185\" title=\"La Legislatura porte\u00f1a brind\u00f3 un homenaje a la Fundaci\u00f3n Vitra en su 56\u00ba Aniversario\">[&#8230;]<\/a><\/div>\n","protected":false},"author":1,"featured_media":14189,"comment_status":"closed","ping_status":"closed","sticky":false,"template":"","format":"standard","meta":{"_uag_custom_page_level_css":"","_jetpack_memberships_contains_paid_content":false,"footnotes":"","jetpack_publicize_message":"","jetpack_publicize_feature_enabled":true,"jetpack_social_post_already_shared":true,"jetpack_social_options":{"image_generator_settings":{"template":"highway","default_image_id":0,"font":"","enabled":false},"version":2}},"categories":[145],"tags":[250,296,7,146],"class_list":{"0":"post-14185","1":"post","2":"type-post","3":"status-publish","4":"format-standard","5":"has-post-thumbnail","7":"category-reconocimiento","8":"tag-h2","9":"tag-h3","10":"tag-legislatura","11":"tag-reconocimiento"},"jetpack_publicize_connections":[],"jetpack_featured_media_url":"https:\/\/www.comuna13online.com.ar\/wp-content\/uploads\/2021\/09\/210927c-id.jpg","uagb_featured_image_src":{"full":["https:\/\/www.comuna13online.com.ar\/wp-content\/uploads\/2021\/09\/210927c-id.jpg",678,452,false],"thumbnail":["https:\/\/www.comuna13online.com.ar\/wp-content\/uploads\/2021\/09\/210927c-id.jpg",128,85,false],"medium":["https:\/\/www.comuna13online.com.ar\/wp-content\/uploads\/2021\/09\/210927c-id.jpg",678,452,false],"medium_large":["https:\/\/www.comuna13online.com.ar\/wp-content\/uploads\/2021\/09\/210927c-id.jpg",678,452,false],"large":["https:\/\/www.comuna13online.com.ar\/wp-content\/uploads\/2021\/09\/210927c-id.jpg",678,452,false],"1536x1536":["https:\/\/www.comuna13online.com.ar\/wp-content\/uploads\/2021\/09\/210927c-id.jpg",678,452,false],"2048x2048":["https:\/\/www.comuna13online.com.ar\/wp-content\/uploads\/2021\/09\/210927c-id.jpg",678,452,false],"mh-magazine-slider":["https:\/\/www.comuna13online.com.ar\/wp-content\/uploads\/2021\/09\/210927c-id-678x438.jpg",678,438,true],"mh-magazine-content":["https:\/\/www.comuna13online.com.ar\/wp-content\/uploads\/2021\/09\/210927c-id-678x381.jpg",678,381,true],"mh-magazine-large":["https:\/\/www.comuna13online.com.ar\/wp-content\/uploads\/2021\/09\/210927c-id.jpg",678,452,false],"mh-magazine-medium":["https:\/\/www.comuna13online.com.ar\/wp-content\/uploads\/2021\/09\/210927c-id-326x245.jpg",326,245,true],"mh-magazine-small":["https:\/\/www.comuna13online.com.ar\/wp-content\/uploads\/2021\/09\/210927c-id-80x60.jpg",80,60,true],"sow-carousel-default":["https:\/\/www.comuna13online.com.ar\/wp-content\/uploads\/2021\/09\/210927c-id-272x182.jpg",272,182,true]},"uagb_author_info":{"display_name":"Comuna13","author_link":"https:\/\/www.comuna13online.com.ar\/?author=1"},"uagb_comment_info":0,"uagb_excerpt":"La Fundaci\u00f3n Vitra brinda oportunidades educativas, laborales y sociales a las personas con discapacidad motriz, promoviendo su integraci\u00f3n como sujetos activos, econ\u00f3micamente independientes y socialmente participativos. El trabajo realizado por [...]","jetpack_sharing_enabled":true,"_links":{"self":[{"href":"https:\/\/www.comuna13online.com.ar\/index.php?rest_route=\/wp\/v2\/posts\/14185","targetHints":{"allow":["GET"]}}],"collection":[{"href":"https:\/\/www.comuna13online.com.ar\/index.php?rest_route=\/wp\/v2\/posts"}],"about":[{"href":"https:\/\/www.comuna13online.com.ar\/index.php?rest_route=\/wp\/v2\/types\/post"}],"author":[{"embeddable":true,"href":"https:\/\/www.comuna13online.com.ar\/index.php?rest_route=\/wp\/v2\/users\/1"}],"replies":[{"embeddable":true,"href":"https:\/\/www.comuna13online.com.ar\/index.php?rest_route=%2Fwp%2Fv2%2Fcomments&post=14185"}],"version-history":[{"count":0,"href":"https:\/\/www.comuna13online.com.ar\/index.php?rest_route=\/wp\/v2\/posts\/14185\/revisions"}],"wp:featuredmedia":[{"embeddable":true,"href":"https:\/\/www.comuna13online.com.ar\/index.php?rest_route=\/wp\/v2\/media\/14189"}],"wp:attachment":[{"href":"https:\/\/www.comuna13online.com.ar\/index.php?rest_route=%2Fwp%2Fv2%2Fmedia&parent=14185"}],"wp:term":[{"taxonomy":"category","embeddable":true,"href":"https:\/\/www.comuna13online.com.ar\/index.php?rest_route=%2Fwp%2Fv2%2Fcategories&post=14185"},{"taxonomy":"post_tag","embeddable":true,"href":"https:\/\/www.comuna13online.com.ar\/index.php?rest_route=%2Fwp%2Fv2%2Ftags&post=14185"}],"curies":[{"name":"wp","href":"https:\/\/api.w.org\/{rel}","templated":true}]}}