{"id":14180,"date":"2021-09-27T11:36:32","date_gmt":"2021-09-27T14:36:32","guid":{"rendered":"http:\/\/www.comuna13online.com.ar\/?p=14180"},"modified":"2021-09-27T11:54:21","modified_gmt":"2021-09-27T14:54:21","slug":"abren-la-convocatoria-al-reconocimiento-en-movilidad-sustentable-y-segura-2021","status":"publish","type":"post","link":"https:\/\/www.comuna13online.com.ar\/?p=14180","title":{"rendered":"Abren la convocatoria al Reconocimiento en Movilidad Sustentable y Segura 2021"},"content":{"rendered":"\n<p><strong>Es la novena edici\u00f3n del certamen que busca reconocer a organizaciones p\u00fablicas y\/o privadas que implementaron y promovieron acciones destinadas a mejorar la movilidad en la Ciudad.<\/strong><\/p>\n\n\n\n<figure class=\"wp-block-image size-full\"><img loading=\"lazy\" decoding=\"async\" width=\"678\" height=\"381\" data-attachment-id=\"14181\" data-permalink=\"https:\/\/www.comuna13online.com.ar\/?attachment_id=14181\" data-orig-file=\"https:\/\/www.comuna13online.com.ar\/wp-content\/uploads\/2021\/09\/210927a-01.jpg\" data-orig-size=\"678,381\" data-comments-opened=\"0\" data-image-meta=\"{&quot;aperture&quot;:&quot;0&quot;,&quot;credit&quot;:&quot;&quot;,&quot;camera&quot;:&quot;&quot;,&quot;caption&quot;:&quot;&quot;,&quot;created_timestamp&quot;:&quot;0&quot;,&quot;copyright&quot;:&quot;&quot;,&quot;focal_length&quot;:&quot;0&quot;,&quot;iso&quot;:&quot;0&quot;,&quot;shutter_speed&quot;:&quot;0&quot;,&quot;title&quot;:&quot;&quot;,&quot;orientation&quot;:&quot;0&quot;}\" data-image-title=\"210927a-01\" data-image-description=\"\" data-image-caption=\"\" data-large-file=\"https:\/\/www.comuna13online.com.ar\/wp-content\/uploads\/2021\/09\/210927a-01.jpg\" src=\"http:\/\/www.comuna13online.com.ar\/wp-content\/uploads\/2021\/09\/210927a-01.jpg\" alt=\"\" class=\"wp-image-14181\"\/><\/figure>\n\n\n\n<p><\/p>\n\n\n\n<p>El Reconocimiento de la Red de Movilidad Sustentable y Segura (RMSyS) es una iniciativa de la Secretar\u00eda de Transporte y Obras P\u00fablicas porte\u00f1a que busca reconocer a los actores de la sociedad civil que implementan las mejores acciones para promover la movilidad sustentable y la seguridad vial en la Ciudad. Ya son m\u00e1s de&nbsp;<strong>1000 las organizaciones<\/strong>&nbsp;que forman parte de esta Red.<\/p>\n\n\n\n<p>A trav\u00e9s de este programa, se convoca a comercios, empresas, universidades, emprendedores y ONG (entre otras organizaciones) a asumir el compromiso de fomentar la movilidad sustentable y la seguridad vial en sus \u00e1mbitos de trabajo y en sus entornos de influencia. <\/p>\n\n\n\n<p>En ese sentido, La Secretar\u00eda de Transporte y Obras P\u00fablicas porte\u00f1a invita a todas las organizaciones a participar de la&nbsp;<strong>9na entrega del Reconocimiento en Movilidad Sustentable y Segura<\/strong>, edici\u00f3n 2021, donde se van a destacar las iniciativas de las organizaciones en materia de movilidad sustentable y segura.<\/p>\n\n\n\n<p>A diferencia de a\u00f1os anteriores, la convocatoria es abierta y pueden participar organizaciones que hayan realizado alguna acci\u00f3n de movilidad sustentable y\/o segura entre junio de 2020 y octubre 2021.<\/p>\n\n\n\n<p>Para inscribirse ingresar <a href=\"https:\/\/forms.gle\/GtLqSXtCNsi2Ujgk9\" target=\"_blank\" rel=\"noreferrer noopener\"><strong>aqu\u00ed<\/strong><\/a>. Hay tiempo hasta el 5 de noviembre.<\/p>\n\n\n\n<p><a href=\"http:\/\/www.buenosaires.gob.ar\/sites\/gcaba\/files\/bases_y_condiciones_reconocimiento_rmsys_2021_3.pdf\" target=\"_blank\" rel=\"noreferrer noopener\"><strong>Bases y Condiciones<\/strong><\/a><\/p>\n\n\n\n<p><strong>Los participantes podr\u00e1n aplicar en una de las siguientes categor\u00edas:<\/strong><\/p>\n\n\n\n<ul class=\"wp-block-list\"><li><strong>Movilidad Sustentable<\/strong>: acciones para promover la movilidad sustentable en la<br>Ciudad.<\/li><li><strong>Movilidad Segura<\/strong>: Acciones que promueven la seguridad vial en la Ciudad.<\/li><\/ul>\n\n\n\n<h4 class=\"wp-block-heading\"><strong>El jurado estar\u00e1 compuesto por:<\/strong><\/h4>\n\n\n\n<p>&#8211; <strong>Juan Jos\u00e9 Mendez<\/strong>, Secretario de Transporte y Obras P\u00fablicas de la Ciudad de Buenos Aires.<\/p>\n\n\n\n<p>&#8211; <strong>Manuel Olivera<\/strong>, Director Regional de Am\u00e9rica Latina, C40 &#8211; Jurado de la categor\u00eda de \u201cMovilidad Sustentable\u201d.<\/p>\n\n\n\n<p>&#8211; <strong>Paula Santos<\/strong>, Active Mobility Manager, World Resources Institute &#8211; Jurada de la categor\u00eda de \u201cMovilidad Segura\u201d.<\/p>\n\n\n\n<p>&#8211; <strong>Rebecca Bavinger<\/strong>, Global Public Health Department, Bloomberg &#8211; Jurada de la categor\u00eda de \u201cMovilidad Segura\u201d<\/p>\n\n\n\n<h3 class=\"wp-block-heading\">Ganadores 2020<\/h3>\n\n\n\n<p>1.  <strong>Movilidad Segura<\/strong><br>Ganador: Woocar<br>Desarrollo e implementaci\u00f3n de la plataforma de Telematics Mobile. Con inteligencia artificial y ciencias del comportamiento, la herramienta mide y hace coaching de los h\u00e1bitos de conducci\u00f3n de m\u00e1s de 5000 conductores en m\u00e1s de 40 pa\u00edses.<br><br><strong>Menci\u00f3n especial<\/strong>: La Nueva Metropol<br>Creaci\u00f3n de \u00e1rea espec\u00edfica de Seguridad Vial. Adquisici\u00f3n de unidades Scania con tecnolog\u00eda en seguridad vial. Plataforma virtual de capacitaci\u00f3n al personal en contexto de aislamiento social.<\/p>\n\n\n\n<p><br>2. <strong>Movilidad Sustentable<\/strong><br>Ganador: Scania<br>L\u00ednea Green Efficiency, conformada por camiones, buses y motores propulsados a gas natural (tanto GNC como GNL) y biog\u00e1s, dise\u00f1ados con el objetivo de lograr el menor costo operativo y reducir las emisiones contaminantes de CO2 en un 20% en el caso de gas natural y 90% en el caso de biog\u00e1s.<br><br><strong>Menci\u00f3n especial<\/strong>: B Invasi\u00f3n Bicicleta<br>Programa de radio de promoci\u00f3n y fomento del ciclismo urbano y la movilidad sustentable.<\/p>\n\n\n\n<p><strong>Menci\u00f3n especial<\/strong>: Newsan<br>Ofrecen un pool de 15 bicicletas y 10 monopatines el\u00e9ctricos (junto a todo el equipo de protecci\u00f3n correspondiente) a quienes trabajan en Newsan<\/p>\n\n\n\n<p><strong>El jurado estuvo compuesto por<\/strong>:<br>&#8211; Roel Nieuwenkamp &#8211; Embajador de Pa\u00edses Bajos<br>&#8211; Juan Jos\u00e9 Mendez &#8211; Secretario de Transporte y Obras P\u00fablicas<br>&#8211; Romina Winer &#8211; Vicepresidenta de la Asociaci\u00f3n de Periodistas de Tr\u00e1nsito y Transporte de Argentina.<br>&#8211; Leandro Perillo &#8211; Gerente de Movilidad y Pol\u00edticas P\u00fablicas de la Regi\u00f3n IV de la Federaci\u00f3n Internacional del Autom\u00f3vil<\/p>\n\n\n\n<figure class=\"wp-block-image size-large is-resized\"><img loading=\"lazy\" decoding=\"async\" data-attachment-id=\"99\" data-permalink=\"https:\/\/www.comuna13online.com.ar\/?attachment_id=99\" data-orig-file=\"https:\/\/www.comuna13online.com.ar\/wp-content\/uploads\/2017\/12\/line.jpg\" data-orig-size=\"678,1\" data-comments-opened=\"0\" data-image-meta=\"{&quot;aperture&quot;:&quot;0&quot;,&quot;credit&quot;:&quot;&quot;,&quot;camera&quot;:&quot;&quot;,&quot;caption&quot;:&quot;&quot;,&quot;created_timestamp&quot;:&quot;0&quot;,&quot;copyright&quot;:&quot;&quot;,&quot;focal_length&quot;:&quot;0&quot;,&quot;iso&quot;:&quot;0&quot;,&quot;shutter_speed&quot;:&quot;0&quot;,&quot;title&quot;:&quot;&quot;,&quot;orientation&quot;:&quot;0&quot;}\" data-image-title=\"line\" data-image-description=\"\" data-image-caption=\"\" data-large-file=\"https:\/\/www.comuna13online.com.ar\/wp-content\/uploads\/2017\/12\/line.jpg\" src=\"http:\/\/www.comuna13online.com.ar\/wp-content\/uploads\/2017\/12\/line.jpg\" alt=\"\" class=\"wp-image-99\" width=\"678\" height=\"1\" srcset=\"https:\/\/www.comuna13online.com.ar\/wp-content\/uploads\/2017\/12\/line.jpg 678w, https:\/\/www.comuna13online.com.ar\/wp-content\/uploads\/2017\/12\/line-150x1.jpg 150w, https:\/\/www.comuna13online.com.ar\/wp-content\/uploads\/2017\/12\/line-326x1.jpg 326w, https:\/\/www.comuna13online.com.ar\/wp-content\/uploads\/2017\/12\/line-80x1.jpg 80w, https:\/\/www.comuna13online.com.ar\/wp-content\/uploads\/2017\/12\/line-272x1.jpg 272w\" sizes=\"auto, (max-width: 678px) 100vw, 678px\" \/><\/figure>\n\n\n\n<figure class=\"wp-block-image size-full\"><img loading=\"lazy\" decoding=\"async\" width=\"678\" height=\"180\" data-attachment-id=\"8918\" data-permalink=\"https:\/\/www.comuna13online.com.ar\/?attachment_id=8918\" data-orig-file=\"https:\/\/www.comuna13online.com.ar\/wp-content\/uploads\/2020\/04\/corona2.jpg\" data-orig-size=\"678,180\" data-comments-opened=\"0\" data-image-meta=\"{&quot;aperture&quot;:&quot;0&quot;,&quot;credit&quot;:&quot;&quot;,&quot;camera&quot;:&quot;&quot;,&quot;caption&quot;:&quot;&quot;,&quot;created_timestamp&quot;:&quot;0&quot;,&quot;copyright&quot;:&quot;&quot;,&quot;focal_length&quot;:&quot;0&quot;,&quot;iso&quot;:&quot;0&quot;,&quot;shutter_speed&quot;:&quot;0&quot;,&quot;title&quot;:&quot;&quot;,&quot;orientation&quot;:&quot;0&quot;}\" data-image-title=\"corona2\" data-image-description=\"\" data-image-caption=\"\" data-large-file=\"https:\/\/www.comuna13online.com.ar\/wp-content\/uploads\/2020\/04\/corona2.jpg\" src=\"http:\/\/www.comuna13online.com.ar\/wp-content\/uploads\/2020\/04\/corona2.jpg\" alt=\"\" class=\"wp-image-8918\"\/><\/figure>\n\n\n\n<p><\/p>\n\n\n\n<p>.<\/p>\n","protected":false},"excerpt":{"rendered":"<div class=\"mh-excerpt\">Es la novena edici\u00f3n del certamen que busca reconocer a organizaciones p\u00fablicas y\/o privadas que implementaron y promovieron acciones destinadas a mejorar la movilidad en la Ciudad. El Reconocimiento de <a class=\"mh-excerpt-more\" href=\"https:\/\/www.comuna13online.com.ar\/?p=14180\" title=\"Abren la convocatoria al Reconocimiento en Movilidad Sustentable y Segura 2021\">[&#8230;]<\/a><\/div>\n","protected":false},"author":1,"featured_media":14182,"comment_status":"closed","ping_status":"closed","sticky":false,"template":"","format":"standard","meta":{"_uag_custom_page_level_css":"","_jetpack_memberships_contains_paid_content":false,"footnotes":"","jetpack_publicize_message":"","jetpack_publicize_feature_enabled":true,"jetpack_social_post_already_shared":true,"jetpack_social_options":{"image_generator_settings":{"template":"highway","default_image_id":0,"font":"","enabled":false},"version":2}},"categories":[289],"tags":[250,296,285,15],"class_list":{"0":"post-14180","1":"post","2":"type-post","3":"status-publish","4":"format-standard","5":"has-post-thumbnail","7":"category-movilidad","8":"tag-h2","9":"tag-h3","10":"tag-movilidad","11":"tag-transporte"},"jetpack_publicize_connections":[],"jetpack_featured_media_url":"https:\/\/www.comuna13online.com.ar\/wp-content\/uploads\/2021\/09\/210927a-id.jpg","uagb_featured_image_src":{"full":["https:\/\/www.comuna13online.com.ar\/wp-content\/uploads\/2021\/09\/210927a-id.jpg",678,452,false],"thumbnail":["https:\/\/www.comuna13online.com.ar\/wp-content\/uploads\/2021\/09\/210927a-id.jpg",128,85,false],"medium":["https:\/\/www.comuna13online.com.ar\/wp-content\/uploads\/2021\/09\/210927a-id.jpg",678,452,false],"medium_large":["https:\/\/www.comuna13online.com.ar\/wp-content\/uploads\/2021\/09\/210927a-id.jpg",678,452,false],"large":["https:\/\/www.comuna13online.com.ar\/wp-content\/uploads\/2021\/09\/210927a-id.jpg",678,452,false],"1536x1536":["https:\/\/www.comuna13online.com.ar\/wp-content\/uploads\/2021\/09\/210927a-id.jpg",678,452,false],"2048x2048":["https:\/\/www.comuna13online.com.ar\/wp-content\/uploads\/2021\/09\/210927a-id.jpg",678,452,false],"mh-magazine-slider":["https:\/\/www.comuna13online.com.ar\/wp-content\/uploads\/2021\/09\/210927a-id-678x438.jpg",678,438,true],"mh-magazine-content":["https:\/\/www.comuna13online.com.ar\/wp-content\/uploads\/2021\/09\/210927a-id-678x381.jpg",678,381,true],"mh-magazine-large":["https:\/\/www.comuna13online.com.ar\/wp-content\/uploads\/2021\/09\/210927a-id.jpg",678,452,false],"mh-magazine-medium":["https:\/\/www.comuna13online.com.ar\/wp-content\/uploads\/2021\/09\/210927a-id-326x245.jpg",326,245,true],"mh-magazine-small":["https:\/\/www.comuna13online.com.ar\/wp-content\/uploads\/2021\/09\/210927a-id-80x60.jpg",80,60,true],"sow-carousel-default":["https:\/\/www.comuna13online.com.ar\/wp-content\/uploads\/2021\/09\/210927a-id-272x182.jpg",272,182,true]},"uagb_author_info":{"display_name":"Comuna13","author_link":"https:\/\/www.comuna13online.com.ar\/?author=1"},"uagb_comment_info":0,"uagb_excerpt":"Es la novena edici\u00f3n del certamen que busca reconocer a organizaciones p\u00fablicas y\/o privadas que implementaron y promovieron acciones destinadas a mejorar la movilidad en la Ciudad. El Reconocimiento de [...]","jetpack_sharing_enabled":true,"_links":{"self":[{"href":"https:\/\/www.comuna13online.com.ar\/index.php?rest_route=\/wp\/v2\/posts\/14180","targetHints":{"allow":["GET"]}}],"collection":[{"href":"https:\/\/www.comuna13online.com.ar\/index.php?rest_route=\/wp\/v2\/posts"}],"about":[{"href":"https:\/\/www.comuna13online.com.ar\/index.php?rest_route=\/wp\/v2\/types\/post"}],"author":[{"embeddable":true,"href":"https:\/\/www.comuna13online.com.ar\/index.php?rest_route=\/wp\/v2\/users\/1"}],"replies":[{"embeddable":true,"href":"https:\/\/www.comuna13online.com.ar\/index.php?rest_route=%2Fwp%2Fv2%2Fcomments&post=14180"}],"version-history":[{"count":0,"href":"https:\/\/www.comuna13online.com.ar\/index.php?rest_route=\/wp\/v2\/posts\/14180\/revisions"}],"wp:featuredmedia":[{"embeddable":true,"href":"https:\/\/www.comuna13online.com.ar\/index.php?rest_route=\/wp\/v2\/media\/14182"}],"wp:attachment":[{"href":"https:\/\/www.comuna13online.com.ar\/index.php?rest_route=%2Fwp%2Fv2%2Fmedia&parent=14180"}],"wp:term":[{"taxonomy":"category","embeddable":true,"href":"https:\/\/www.comuna13online.com.ar\/index.php?rest_route=%2Fwp%2Fv2%2Fcategories&post=14180"},{"taxonomy":"post_tag","embeddable":true,"href":"https:\/\/www.comuna13online.com.ar\/index.php?rest_route=%2Fwp%2Fv2%2Ftags&post=14180"}],"curies":[{"name":"wp","href":"https:\/\/api.w.org\/{rel}","templated":true}]}}