{"id":14167,"date":"2021-09-24T09:00:00","date_gmt":"2021-09-24T12:00:00","guid":{"rendered":"http:\/\/www.comuna13online.com.ar\/?p=14167"},"modified":"2021-09-27T10:33:38","modified_gmt":"2021-09-27T13:33:38","slug":"este-domingo-la-avenida-figueroa-alcorta-se-transformara-para-disfrutar-al-aire-libre%ef%bf%bc%ef%bf%bc","status":"publish","type":"post","link":"https:\/\/www.comuna13online.com.ar\/?p=14167","title":{"rendered":"Este domingo la avenida Figueroa Alcorta se transformar\u00e1 para disfrutar al aire libre"},"content":{"rendered":"\n<p><strong>En el marco de la Semana de la Movilidad Sustentable, uno de sus tramos se cerrar\u00e1 al tr\u00e1nsito para generar espacios de disfrute y juego. Se recomienda no circular en auto por la zona.<\/strong><\/p>\n\n\n\n<figure class=\"wp-block-image size-full\"><img loading=\"lazy\" decoding=\"async\" width=\"678\" height=\"452\" data-attachment-id=\"14169\" data-permalink=\"https:\/\/www.comuna13online.com.ar\/?attachment_id=14169\" data-orig-file=\"https:\/\/www.comuna13online.com.ar\/wp-content\/uploads\/2021\/09\/210924a-01.jpg\" data-orig-size=\"678,452\" data-comments-opened=\"0\" data-image-meta=\"{&quot;aperture&quot;:&quot;0&quot;,&quot;credit&quot;:&quot;&quot;,&quot;camera&quot;:&quot;&quot;,&quot;caption&quot;:&quot;&quot;,&quot;created_timestamp&quot;:&quot;0&quot;,&quot;copyright&quot;:&quot;&quot;,&quot;focal_length&quot;:&quot;0&quot;,&quot;iso&quot;:&quot;0&quot;,&quot;shutter_speed&quot;:&quot;0&quot;,&quot;title&quot;:&quot;&quot;,&quot;orientation&quot;:&quot;0&quot;}\" data-image-title=\"210924a-01\" data-image-description=\"\" data-image-caption=\"\" data-large-file=\"https:\/\/www.comuna13online.com.ar\/wp-content\/uploads\/2021\/09\/210924a-01.jpg\" src=\"http:\/\/www.comuna13online.com.ar\/wp-content\/uploads\/2021\/09\/210924a-01.jpg\" alt=\"\" class=\"wp-image-14169\" srcset=\"https:\/\/www.comuna13online.com.ar\/wp-content\/uploads\/2021\/09\/210924a-01.jpg 678w, https:\/\/www.comuna13online.com.ar\/wp-content\/uploads\/2021\/09\/210924a-01-272x182.jpg 272w\" sizes=\"auto, (max-width: 678px) 100vw, 678px\" \/><\/figure>\n\n\n\n<p>En la Semana de la Movilidad Sustentable los peatones, la bici y el transporte p\u00fablico son los verdaderos protagonistas de la Ciudad. Es por esto que, con el objetivo de seguir impulsando este cambio cultural en la movilidad a trav\u00e9s del apoyo de toda la comunidad, desde la Secretar\u00eda de Transporte y Obras P\u00fablicas,&nbsp;<strong>el domingo 26 de septiembre<\/strong>&nbsp;se realizar\u00e1 el evento&nbsp;<strong>Calles de Domingo<\/strong>.<\/p>\n\n\n\n<p>Esta iniciativa consiste en generar un espacio de disfrute y juego al aire libre, en el que se podr\u00e1n realizar varias actividades; para ello, se cortar\u00e1 un tramo de la av. Pres. Figueroa Alcorta desde av. Dorrego hasta av. Alsina (2KM). Se recomienda evitar circular en auto ese d\u00eda por la zona.<\/p>\n\n\n\n<p>Entre las\u00a0<strong>10 y las 18 horas<\/strong>\u00a0la emblem\u00e1tica avenida se convertir\u00e1 en un lugar especial para que los vecinos y vecinas de la Ciudad puedan divertirse y participar de todas las actividades programadas.<\/p>\n\n\n\n<h3 class=\"wp-block-heading\">Detalle de las actividades<\/h3>\n\n\n\n<p><strong>1. Exposici\u00f3n de colectivos<\/strong>\u00a0Se podr\u00e1 conocer distintos colectivos antiguos, un colectivo de la L\u00ednea 60 impulsado a GNC y el \u201cBici bondi\u201d de Metropol, unidad que permite sujetar bicicletas y monopatines para transportarlas dentro del colectivo.<\/p>\n\n\n\n<p><strong>2. Misi\u00f3n Ciudad Limpia 4D<\/strong>\u00a0Los concurrentes podr\u00e1n vivir una experiencia en 4D con el simulador que muestra c\u00f3mo se trabaja para que la Ciudad est\u00e9 limpia y ordenada todos los d\u00edas.<\/p>\n\n\n\n<p><strong>3. Veh\u00edculos de log\u00edstica<\/strong>\u00a0Cada vez hay m\u00e1s veh\u00edculos sustentables para el reparto de productos y las tareas de log\u00edstica en las ciudades. Quienes asistan podr\u00e1n conocer y probar estas alternativas de micromovilidad.<\/p>\n\n\n\n<p><strong>4. Bicis y monopatines<\/strong>\u00a0Para incentivar la movilidad sustentable, el domingo tambi\u00e9n se podr\u00e1 conocer y probar las bicis y los monopatines el\u00e9ctricos de Maxtrend.<\/p>\n\n\n\n<p><strong>5. Espacio Suecia<\/strong>\u00a0La Embajada de Suecia, junto con empresas suecas que trabajan en Argentina, preparar\u00e1n un espacio para conocer veh\u00edculos y tecnolog\u00edas de movilidad sustentable. Se podr\u00e1 encontrar un cami\u00f3n y un colectivo impulsado a GNC de Scania; tecnolog\u00eda 5G de Ericsson; tecnolog\u00eda de carga para autos el\u00e9ctricos de Volvo y ABB. Adem\u00e1s, la Embajada expone su campa\u00f1a de seguridad vial y m\u00e1s iniciativas sustentables.<\/p>\n\n\n\n<p><strong>6. Dej\u00e1 tus rueditas<\/strong>\u00a0El programa de ense\u00f1anza para que ni\u00f1os\/as aprendan a andar en bici llega a Calles de domingo. Los profesores de educaci\u00f3n f\u00edsica estar\u00e1n con el circuito armado para que los m\u00e1s chicos salgan pedaleando sin ayuda o incorporen nuevos conocimientos de seguridad vial.<\/p>\n\n\n\n<p><strong>7. Mec\u00e1nica sencilla gratis<\/strong>\u00a0Los mec\u00e1nicos de Canaglia van a estar listos para hacer los arreglos de mec\u00e1nica sencilla a aquellos que se acerquen con su bici \u00a1100% gratis!<\/p>\n\n\n\n<p><strong>8. Espacio ConsulTEC<\/strong>\u00a0ConsulTEC vincula a estudiantes de escuelas t\u00e9cnicas de diferentes especialidades de la Ciudad, para que generen una alternativa de soluci\u00f3n a problem\u00e1ticas desafiantes. En este espacio se dar\u00e1 a conocer el proyecto \u201cEn bici a la escuela: soluciones de estacionamiento y guardado\u201d, presentado por su equipo inventor.<\/p>\n\n\n\n<p><strong>9. Pista bici y skate<\/strong>\u00a0En esta pista con obst\u00e1culos se podr\u00e1 ver las mejores destrezas con skate y bicicletas.<\/p>\n\n\n\n<p><strong>10. Guarder\u00eda de bicis<\/strong>\u00a0Los vecinos y vecinas podr\u00e1n ir a \u201cCalles de domingo\u201d en bici y dejarla en la guarder\u00eda gratuita. No olvidar llevar la linga o candado.<\/p>\n\n\n\n<p><strong>11. Mini bondi<\/strong>\u00a0El 109 que va a \u201cCalles de domingo\u201d ser\u00e1 exclusivo para ni\u00f1os y ni\u00f1as para que disfruten de un paseo por la Av. Figueroa Alcorta en el Mini bondi.<\/p>\n\n\n\n<p><strong>12. Kartings a pedal<\/strong>\u00a0Se armar\u00e1 una mini ciudad para que ni\u00f1os y ni\u00f1as recorran sus calles en kartings a pedal, respetando las se\u00f1ales de tr\u00e1nsito y las normas de buena convivencia.<\/p>\n\n\n\n<p>Para m\u00e1s informaci\u00f3n de las actividades, ingresar al siguiente&nbsp;<a href=\"https:\/\/www.buenosaires.gob.ar\/jefaturadegabinete\/movilidad\/semana-de-la-movilidad-sustentable-2021\/calles-de-domingo?dplrid=726F6472696D6665726E616E64657A40676D61696C2E636F6D\">link<\/a>.<\/p>\n\n\n\n<figure class=\"wp-block-image size-large is-resized\"><a href=\"https:\/\/www.buenosaires.gob.ar\/sites\/gcaba\/files\/field\/image\/evento_2_0.jpg\" target=\"_blank\" rel=\"noopener\"><img loading=\"lazy\" decoding=\"async\" src=\"https:\/\/www.buenosaires.gob.ar\/sites\/gcaba\/files\/field\/image\/evento_2_0.jpg\" alt=\"\" width=\"678\" height=\"423\"\/><\/a><\/figure>\n\n\n\n<h3 class=\"wp-block-heading\">Para la realizaci\u00f3n del evento se considerar\u00e1n las siguientes afectaciones:<\/h3>\n\n\n\n<h4 class=\"wp-block-heading\">Cortes de tr\u00e1nsito<\/h4>\n\n\n\n<ul class=\"wp-block-list\"><li>Corte total en av. Pres. Figueroa Alcorta entre av. Dorrego y av. Alsina. (sentido hacia Norte).<br><strong>Horario:<\/strong>&nbsp;domingo 26 de septiembre de&nbsp;<strong>4 a 22 horas<\/strong>.<\/li><li>Corte total en av. Dorrego entre av. Pres. Figueroa Alcorta y av. Del Libertador (s\u00f3lo sentido desde av. Del Libertador hacia av. Pres. Figueroa Alcorta, de Sur a Norte).<br><strong>Horario:<\/strong>&nbsp;domingo 26 de septiembre de 8 a 22 horas.<\/li><\/ul>\n\n\n\n<h4 class=\"wp-block-heading\">Desv\u00edo de particulares:<\/h4>\n\n\n\n<ul class=\"wp-block-list\"><li>por av. Dorrego hacia av. Lugones.<\/li><li>por av. Dorrego hacia av. Del Libertador.<\/li><\/ul>\n\n\n\n<p>Cabe destacar que las siguientes l\u00edneas de colectivo tendr\u00e1n cambios en sus recorridos seg\u00fan necesidad:\u00a0<strong>34 &#8211; 37 &#8211; 57 &#8211; 130 &#8211; 160 &#8211; 166<\/strong>.<\/p>\n\n\n\n<figure class=\"wp-block-image size-large is-resized\"><a href=\"https:\/\/www.buenosaires.gob.ar\/sites\/gcaba\/files\/field\/image\/evento_8.jpg\" target=\"_blank\" rel=\"noopener\"><img loading=\"lazy\" decoding=\"async\" src=\"https:\/\/www.buenosaires.gob.ar\/sites\/gcaba\/files\/field\/image\/evento_8.jpg\" alt=\"\" width=\"678\" height=\"871\"\/><\/a><\/figure>\n\n\n\n<figure class=\"wp-block-image size-large is-resized\"><img loading=\"lazy\" decoding=\"async\" data-attachment-id=\"99\" data-permalink=\"https:\/\/www.comuna13online.com.ar\/?attachment_id=99\" data-orig-file=\"https:\/\/www.comuna13online.com.ar\/wp-content\/uploads\/2017\/12\/line.jpg\" data-orig-size=\"678,1\" data-comments-opened=\"0\" data-image-meta=\"{&quot;aperture&quot;:&quot;0&quot;,&quot;credit&quot;:&quot;&quot;,&quot;camera&quot;:&quot;&quot;,&quot;caption&quot;:&quot;&quot;,&quot;created_timestamp&quot;:&quot;0&quot;,&quot;copyright&quot;:&quot;&quot;,&quot;focal_length&quot;:&quot;0&quot;,&quot;iso&quot;:&quot;0&quot;,&quot;shutter_speed&quot;:&quot;0&quot;,&quot;title&quot;:&quot;&quot;,&quot;orientation&quot;:&quot;0&quot;}\" data-image-title=\"line\" data-image-description=\"\" data-image-caption=\"\" data-large-file=\"https:\/\/www.comuna13online.com.ar\/wp-content\/uploads\/2017\/12\/line.jpg\" src=\"http:\/\/www.comuna13online.com.ar\/wp-content\/uploads\/2017\/12\/line.jpg\" alt=\"\" class=\"wp-image-99\" width=\"678\" height=\"1\" srcset=\"https:\/\/www.comuna13online.com.ar\/wp-content\/uploads\/2017\/12\/line.jpg 678w, https:\/\/www.comuna13online.com.ar\/wp-content\/uploads\/2017\/12\/line-150x1.jpg 150w, https:\/\/www.comuna13online.com.ar\/wp-content\/uploads\/2017\/12\/line-326x1.jpg 326w, https:\/\/www.comuna13online.com.ar\/wp-content\/uploads\/2017\/12\/line-80x1.jpg 80w, https:\/\/www.comuna13online.com.ar\/wp-content\/uploads\/2017\/12\/line-272x1.jpg 272w\" sizes=\"auto, (max-width: 678px) 100vw, 678px\" \/><\/figure>\n\n\n\n<figure class=\"wp-block-image size-full\"><img loading=\"lazy\" decoding=\"async\" width=\"678\" height=\"180\" data-attachment-id=\"8918\" data-permalink=\"https:\/\/www.comuna13online.com.ar\/?attachment_id=8918\" data-orig-file=\"https:\/\/www.comuna13online.com.ar\/wp-content\/uploads\/2020\/04\/corona2.jpg\" data-orig-size=\"678,180\" data-comments-opened=\"0\" data-image-meta=\"{&quot;aperture&quot;:&quot;0&quot;,&quot;credit&quot;:&quot;&quot;,&quot;camera&quot;:&quot;&quot;,&quot;caption&quot;:&quot;&quot;,&quot;created_timestamp&quot;:&quot;0&quot;,&quot;copyright&quot;:&quot;&quot;,&quot;focal_length&quot;:&quot;0&quot;,&quot;iso&quot;:&quot;0&quot;,&quot;shutter_speed&quot;:&quot;0&quot;,&quot;title&quot;:&quot;&quot;,&quot;orientation&quot;:&quot;0&quot;}\" data-image-title=\"corona2\" data-image-description=\"\" data-image-caption=\"\" data-large-file=\"https:\/\/www.comuna13online.com.ar\/wp-content\/uploads\/2020\/04\/corona2.jpg\" src=\"http:\/\/www.comuna13online.com.ar\/wp-content\/uploads\/2020\/04\/corona2.jpg\" alt=\"\" class=\"wp-image-8918\"\/><\/figure>\n","protected":false},"excerpt":{"rendered":"<div class=\"mh-excerpt\">En el marco de la Semana de la Movilidad Sustentable, uno de sus tramos se cerrar\u00e1 al tr\u00e1nsito para generar espacios de disfrute y juego. Se recomienda no circular en <a class=\"mh-excerpt-more\" href=\"https:\/\/www.comuna13online.com.ar\/?p=14167\" title=\"Este domingo la avenida Figueroa Alcorta se transformar\u00e1 para disfrutar al aire libre\">[&#8230;]<\/a><\/div>\n","protected":false},"author":1,"featured_media":14170,"comment_status":"closed","ping_status":"closed","sticky":false,"template":"","format":"standard","meta":{"_uag_custom_page_level_css":"","_jetpack_memberships_contains_paid_content":false,"footnotes":"","jetpack_publicize_message":"","jetpack_publicize_feature_enabled":true,"jetpack_social_post_already_shared":true,"jetpack_social_options":{"image_generator_settings":{"template":"highway","default_image_id":0,"font":"","enabled":false},"version":2}},"categories":[289],"tags":[250,296,285,71],"class_list":{"0":"post-14167","1":"post","2":"type-post","3":"status-publish","4":"format-standard","5":"has-post-thumbnail","7":"category-movilidad","8":"tag-h2","9":"tag-h3","10":"tag-movilidad","11":"tag-tiempo-libre"},"jetpack_publicize_connections":[],"jetpack_featured_media_url":"https:\/\/www.comuna13online.com.ar\/wp-content\/uploads\/2021\/09\/210924b-id.jpg","uagb_featured_image_src":{"full":["https:\/\/www.comuna13online.com.ar\/wp-content\/uploads\/2021\/09\/210924b-id.jpg",1030,438,false],"thumbnail":["https:\/\/www.comuna13online.com.ar\/wp-content\/uploads\/2021\/09\/210924b-id.jpg",128,54,false],"medium":["https:\/\/www.comuna13online.com.ar\/wp-content\/uploads\/2021\/09\/210924b-id.jpg",1030,438,false],"medium_large":["https:\/\/www.comuna13online.com.ar\/wp-content\/uploads\/2021\/09\/210924b-id-768x327.jpg",768,327,true],"large":["https:\/\/www.comuna13online.com.ar\/wp-content\/uploads\/2021\/09\/210924b-id.jpg",1030,438,false],"1536x1536":["https:\/\/www.comuna13online.com.ar\/wp-content\/uploads\/2021\/09\/210924b-id.jpg",1030,438,false],"2048x2048":["https:\/\/www.comuna13online.com.ar\/wp-content\/uploads\/2021\/09\/210924b-id.jpg",1030,438,false],"mh-magazine-slider":["https:\/\/www.comuna13online.com.ar\/wp-content\/uploads\/2021\/09\/210924b-id-1030x438.jpg",1030,438,true],"mh-magazine-content":["https:\/\/www.comuna13online.com.ar\/wp-content\/uploads\/2021\/09\/210924b-id-678x381.jpg",678,381,true],"mh-magazine-large":["https:\/\/www.comuna13online.com.ar\/wp-content\/uploads\/2021\/09\/210924b-id-678x438.jpg",678,438,true],"mh-magazine-medium":["https:\/\/www.comuna13online.com.ar\/wp-content\/uploads\/2021\/09\/210924b-id-326x245.jpg",326,245,true],"mh-magazine-small":["https:\/\/www.comuna13online.com.ar\/wp-content\/uploads\/2021\/09\/210924b-id-80x60.jpg",80,60,true],"sow-carousel-default":["https:\/\/www.comuna13online.com.ar\/wp-content\/uploads\/2021\/09\/210924b-id-272x182.jpg",272,182,true]},"uagb_author_info":{"display_name":"Comuna13","author_link":"https:\/\/www.comuna13online.com.ar\/?author=1"},"uagb_comment_info":0,"uagb_excerpt":"En el marco de la Semana de la Movilidad Sustentable, uno de sus tramos se cerrar\u00e1 al tr\u00e1nsito para generar espacios de disfrute y juego. Se recomienda no circular en [...]","jetpack_sharing_enabled":true,"_links":{"self":[{"href":"https:\/\/www.comuna13online.com.ar\/index.php?rest_route=\/wp\/v2\/posts\/14167","targetHints":{"allow":["GET"]}}],"collection":[{"href":"https:\/\/www.comuna13online.com.ar\/index.php?rest_route=\/wp\/v2\/posts"}],"about":[{"href":"https:\/\/www.comuna13online.com.ar\/index.php?rest_route=\/wp\/v2\/types\/post"}],"author":[{"embeddable":true,"href":"https:\/\/www.comuna13online.com.ar\/index.php?rest_route=\/wp\/v2\/users\/1"}],"replies":[{"embeddable":true,"href":"https:\/\/www.comuna13online.com.ar\/index.php?rest_route=%2Fwp%2Fv2%2Fcomments&post=14167"}],"version-history":[{"count":0,"href":"https:\/\/www.comuna13online.com.ar\/index.php?rest_route=\/wp\/v2\/posts\/14167\/revisions"}],"wp:featuredmedia":[{"embeddable":true,"href":"https:\/\/www.comuna13online.com.ar\/index.php?rest_route=\/wp\/v2\/media\/14170"}],"wp:attachment":[{"href":"https:\/\/www.comuna13online.com.ar\/index.php?rest_route=%2Fwp%2Fv2%2Fmedia&parent=14167"}],"wp:term":[{"taxonomy":"category","embeddable":true,"href":"https:\/\/www.comuna13online.com.ar\/index.php?rest_route=%2Fwp%2Fv2%2Fcategories&post=14167"},{"taxonomy":"post_tag","embeddable":true,"href":"https:\/\/www.comuna13online.com.ar\/index.php?rest_route=%2Fwp%2Fv2%2Ftags&post=14167"}],"curies":[{"name":"wp","href":"https:\/\/api.w.org\/{rel}","templated":true}]}}