{"id":14115,"date":"2021-09-15T11:39:45","date_gmt":"2021-09-15T14:39:45","guid":{"rendered":"http:\/\/www.comuna13online.com.ar\/?p=14115"},"modified":"2021-09-15T11:39:50","modified_gmt":"2021-09-15T14:39:50","slug":"la-ciudad-registro-una-inflacion-de-29-durante-agosto","status":"publish","type":"post","link":"https:\/\/www.comuna13online.com.ar\/?p=14115","title":{"rendered":"La Ciudad registr\u00f3 una inflaci\u00f3n de 2,9% durante agosto."},"content":{"rendered":"\n<p id=\"block-cb0c066a-1ac1-4146-b3e9-7ac62d190022\"><strong>La Direcci\u00f3n de Estad\u00edsticas y Censos inform\u00f3 el incremento de precios promedio en la Ciudad durante agosto fue de 2,9%, en tanto que la variaci\u00f3n interanual trep\u00f3 a 46,5%.<\/strong><\/p>\n\n\n\n<figure class=\"wp-block-image size-full\"><img loading=\"lazy\" decoding=\"async\" width=\"678\" height=\"284\" data-attachment-id=\"14111\" data-permalink=\"https:\/\/www.comuna13online.com.ar\/?attachment_id=14111\" data-orig-file=\"https:\/\/www.comuna13online.com.ar\/wp-content\/uploads\/2021\/09\/inflacion01.gif\" data-orig-size=\"678,284\" data-comments-opened=\"0\" data-image-meta=\"{&quot;aperture&quot;:&quot;0&quot;,&quot;credit&quot;:&quot;&quot;,&quot;camera&quot;:&quot;&quot;,&quot;caption&quot;:&quot;&quot;,&quot;created_timestamp&quot;:&quot;0&quot;,&quot;copyright&quot;:&quot;&quot;,&quot;focal_length&quot;:&quot;0&quot;,&quot;iso&quot;:&quot;0&quot;,&quot;shutter_speed&quot;:&quot;0&quot;,&quot;title&quot;:&quot;&quot;,&quot;orientation&quot;:&quot;0&quot;}\" data-image-title=\"inflacion01\" data-image-description=\"\" data-image-caption=\"\" data-large-file=\"https:\/\/www.comuna13online.com.ar\/wp-content\/uploads\/2021\/09\/inflacion01.gif\" src=\"http:\/\/www.comuna13online.com.ar\/wp-content\/uploads\/2021\/09\/inflacion01.gif\" alt=\"\" class=\"wp-image-14111\"\/><\/figure>\n\n\n\n<p id=\"block-7ffc93d9-e09d-4c46-a2a6-d217af559b57\">El <strong>\u00edndice de precios al consumidor<\/strong> de la Ciudad registr\u00f3 <strong>en agosto <\/strong>una suba promedio de los precios de 2,9%, 0,4% por encima del registro a nivel nacional (<strong>2,5%<\/strong>) elaborada por el Instituto Nacional de Estad\u00edstica y Censos (Indec). As\u00ed, cumplido el segundo tercio del a\u00f1o, la inflaci\u00f3n acumulada en la Ciudad asciende a <strong>30,8%<\/strong>, en tanto que la <strong>trayectoria interanual <\/strong>de este indicador se ubic\u00f3 en <strong>46,5%<\/strong> (+0,7 puntos porcentuales arriba del mes previo).<\/p>\n\n\n\n<p>Seg\u00fan el organismo encargado de la medici\u00f3n, la variaci\u00f3n del \u00edndice de precios porte\u00f1o respondi\u00f3 fundamentalmente a las subas en las divisiones: Salud, Vivienda, agua, electricidad y otros combustibles, Restaurantes y hoteles, Alimentos y bebidas no alcoh\u00f3licas y Equipamiento y mantenimiento del hogar, que en conjunto explicaron el 66,7% del alza del Nivel General<\/p>\n\n\n\n<p><strong>Salud<\/strong> promedi\u00f3 un aumento de 5,3% por actualizaciones en las cuotas de medicina prepaga3 y en menor medida, incrementos en los valores de los medicamentos.<\/p>\n\n\n\n<p><strong>Vivienda, agua, electricidad y otros combustibles<\/strong> registr\u00f3 una suba de <strong>2,9%<\/strong> al impactar principalmente los aumentos en los valores de los <strong>gastos comunes de la vivienda<\/strong> debido al ajuste en el <strong>salario de los encargados de edificio<\/strong> y en los honorarios de la administraci\u00f3n de consorcio. Le siguieron en importancia, las alzas en los precios de los alquileres.<\/p>\n\n\n\n<p><strong>Restaurantes y hoteles<\/strong> se elev\u00f3 <strong>3,9%<\/strong> por subas en los valores de los alimentos preparados en restaurantes, bares y casas de comida.<\/p>\n\n\n\n<p><strong>Alimentos y bebidas no alcoh\u00f3licas<\/strong> promedi\u00f3 un aumento de <strong>2,0%<\/strong>. impulsado principalmente por <strong>Leche, productos l\u00e1cteos y huevos<\/strong> (3,4%) y <strong>Pan y cereales<\/strong> (3,7%). En sentido contrario, se registraron <strong>ca\u00eddas en Verduras, tub\u00e9rculos y legumbres<\/strong> (-3,1%), que contribuyeron a quitar presi\u00f3n sobre esta divisi\u00f3n.<\/p>\n\n\n\n<p><strong>Equipamiento y mantenimiento del hogar<\/strong> subi\u00f3 <strong>5,3%<\/strong> al impactar principalmente los incrementos en las <strong>remuneraciones del personal de servicio dom\u00e9stico<\/strong>. <strong>En menor medida<\/strong>, se destacaron las alzas en los precios de los <strong>productos de limpieza<\/strong> y de los grandes electrodom\u00e9sticos.<\/p>\n\n\n\n<h4 class=\"wp-block-heading\">Bienes y Servicios<\/h4>\n\n\n\n<p>Durante el mes de agosto los <strong>Servicios<\/strong> registraron una suba de <strong>3,3%<\/strong>, por encima de los <strong>Bienes<\/strong> que aumentaron <strong>2,6%<\/strong>. La din\u00e1mica mensual de los Servicios respondi\u00f3 principalmente a los aumentos en los precios de los alimentos preparados en restaurantes, bares y casas de comida, en los valores de los gastos comunes de la vivienda y en las cuotas de medicina prepaga. Le siguieron en importancia, las subas en las remuneraciones del personal de servicio dom\u00e9stico. <\/p>\n\n\n\n<p>Por otro lado, el comportamiento de los Bienes reflej\u00f3 fundamentalmente los incrementos en los precios de los alimentos (principalmente l\u00e1cteos y panificados). En menor medida, se destacaron las subas en los valores de los autom\u00f3viles y de los medicamentos. <\/p>\n\n\n\n<p>As\u00ed, en los <strong>primeros ocho meses<\/strong> del a\u00f1o los <strong>Servicios<\/strong> acumularon un incremento de <strong>27,6%<\/strong> y los Bienes de <strong>33,8%<\/strong>. En <strong>t\u00e9rminos interanuales<\/strong>, los <strong>Servicios<\/strong> marcaron una aceleraci\u00f3n hasta <strong>38,5%<\/strong> (+2,3% respecto del mes previo), mientras que los <strong>Bienes<\/strong> disminuyeron su ritmo de suba hasta <strong>54,6%<\/strong>. (-1,1%).<\/p>\n\n\n\n<figure class=\"wp-block-image size-full\"><img loading=\"lazy\" decoding=\"async\" width=\"678\" height=\"564\" data-attachment-id=\"14112\" data-permalink=\"https:\/\/www.comuna13online.com.ar\/?attachment_id=14112\" data-orig-file=\"https:\/\/www.comuna13online.com.ar\/wp-content\/uploads\/2021\/09\/inflacion02.gif\" data-orig-size=\"678,564\" data-comments-opened=\"0\" data-image-meta=\"{&quot;aperture&quot;:&quot;0&quot;,&quot;credit&quot;:&quot;&quot;,&quot;camera&quot;:&quot;&quot;,&quot;caption&quot;:&quot;&quot;,&quot;created_timestamp&quot;:&quot;0&quot;,&quot;copyright&quot;:&quot;&quot;,&quot;focal_length&quot;:&quot;0&quot;,&quot;iso&quot;:&quot;0&quot;,&quot;shutter_speed&quot;:&quot;0&quot;,&quot;title&quot;:&quot;&quot;,&quot;orientation&quot;:&quot;0&quot;}\" data-image-title=\"_inflacion02\" data-image-description=\"\" data-image-caption=\"\" data-large-file=\"https:\/\/www.comuna13online.com.ar\/wp-content\/uploads\/2021\/09\/inflacion02.gif\" src=\"http:\/\/www.comuna13online.com.ar\/wp-content\/uploads\/2021\/09\/inflacion02.gif\" alt=\"\" class=\"wp-image-14112\"\/><\/figure>\n\n\n\n<figure class=\"wp-block-image\" id=\"block-f53647a2-413e-4fc2-8a43-6d59b72fbe6b\"><img decoding=\"async\" src=\"http:\/\/www.comuna13online.com.ar\/wp-content\/uploads\/2017\/12\/line.jpg\" alt=\"La imagen tiene un atributo ALT vac\u00edo; su nombre de archivo es line.jpg\"\/><\/figure>\n\n\n\n<figure class=\"wp-block-image\" id=\"block-0efe343f-612a-4a56-af94-a4990634f008\"><img decoding=\"async\" src=\"http:\/\/www.comuna13online.com.ar\/wp-content\/uploads\/2020\/04\/corona2.jpg\" alt=\"La imagen tiene un atributo ALT vac\u00edo; su nombre de archivo es corona2.jpg\"\/><\/figure>\n\n\n\n<p><\/p>\n","protected":false},"excerpt":{"rendered":"<div class=\"mh-excerpt\">La Direcci\u00f3n de Estad\u00edsticas y Censos inform\u00f3 el incremento de precios promedio en la Ciudad durante agosto fue de 2,9%, en tanto que la variaci\u00f3n interanual trep\u00f3 a 46,5%. El <a class=\"mh-excerpt-more\" href=\"https:\/\/www.comuna13online.com.ar\/?p=14115\" title=\"La Ciudad registr\u00f3 una inflaci\u00f3n de 2,9% durante agosto.\">[&#8230;]<\/a><\/div>\n","protected":false},"author":1,"featured_media":14110,"comment_status":"closed","ping_status":"closed","sticky":false,"template":"","format":"standard","meta":{"_uag_custom_page_level_css":"","_jetpack_memberships_contains_paid_content":false,"footnotes":"","jetpack_publicize_message":"","jetpack_publicize_feature_enabled":true,"jetpack_social_post_already_shared":true,"jetpack_social_options":{"image_generator_settings":{"template":"highway","default_image_id":0,"font":"","enabled":false},"version":2}},"categories":[24],"tags":[246,250,296],"class_list":{"0":"post-14115","1":"post","2":"type-post","3":"status-publish","4":"format-standard","5":"has-post-thumbnail","7":"category-inflacion","8":"tag-h1","9":"tag-h2","10":"tag-h3"},"jetpack_publicize_connections":[],"jetpack_featured_media_url":"https:\/\/www.comuna13online.com.ar\/wp-content\/uploads\/2021\/09\/210915a-id..jpg","uagb_featured_image_src":{"full":["https:\/\/www.comuna13online.com.ar\/wp-content\/uploads\/2021\/09\/210915a-id..jpg",1030,438,false],"thumbnail":["https:\/\/www.comuna13online.com.ar\/wp-content\/uploads\/2021\/09\/210915a-id..jpg",128,54,false],"medium":["https:\/\/www.comuna13online.com.ar\/wp-content\/uploads\/2021\/09\/210915a-id..jpg",1030,438,false],"medium_large":["https:\/\/www.comuna13online.com.ar\/wp-content\/uploads\/2021\/09\/210915a-id.-768x327.jpg",768,327,true],"large":["https:\/\/www.comuna13online.com.ar\/wp-content\/uploads\/2021\/09\/210915a-id..jpg",1030,438,false],"1536x1536":["https:\/\/www.comuna13online.com.ar\/wp-content\/uploads\/2021\/09\/210915a-id..jpg",1030,438,false],"2048x2048":["https:\/\/www.comuna13online.com.ar\/wp-content\/uploads\/2021\/09\/210915a-id..jpg",1030,438,false],"mh-magazine-slider":["https:\/\/www.comuna13online.com.ar\/wp-content\/uploads\/2021\/09\/210915a-id.-1030x438.jpg",1030,438,true],"mh-magazine-content":["https:\/\/www.comuna13online.com.ar\/wp-content\/uploads\/2021\/09\/210915a-id.-678x381.jpg",678,381,true],"mh-magazine-large":["https:\/\/www.comuna13online.com.ar\/wp-content\/uploads\/2021\/09\/210915a-id.-678x438.jpg",678,438,true],"mh-magazine-medium":["https:\/\/www.comuna13online.com.ar\/wp-content\/uploads\/2021\/09\/210915a-id.-326x245.jpg",326,245,true],"mh-magazine-small":["https:\/\/www.comuna13online.com.ar\/wp-content\/uploads\/2021\/09\/210915a-id.-80x60.jpg",80,60,true],"sow-carousel-default":["https:\/\/www.comuna13online.com.ar\/wp-content\/uploads\/2021\/09\/210915a-id.-272x182.jpg",272,182,true]},"uagb_author_info":{"display_name":"Comuna13","author_link":"https:\/\/www.comuna13online.com.ar\/?author=1"},"uagb_comment_info":0,"uagb_excerpt":"La Direcci\u00f3n de Estad\u00edsticas y Censos inform\u00f3 el incremento de precios promedio en la Ciudad durante agosto fue de 2,9%, en tanto que la variaci\u00f3n interanual trep\u00f3 a 46,5%. El [...]","jetpack_sharing_enabled":true,"_links":{"self":[{"href":"https:\/\/www.comuna13online.com.ar\/index.php?rest_route=\/wp\/v2\/posts\/14115","targetHints":{"allow":["GET"]}}],"collection":[{"href":"https:\/\/www.comuna13online.com.ar\/index.php?rest_route=\/wp\/v2\/posts"}],"about":[{"href":"https:\/\/www.comuna13online.com.ar\/index.php?rest_route=\/wp\/v2\/types\/post"}],"author":[{"embeddable":true,"href":"https:\/\/www.comuna13online.com.ar\/index.php?rest_route=\/wp\/v2\/users\/1"}],"replies":[{"embeddable":true,"href":"https:\/\/www.comuna13online.com.ar\/index.php?rest_route=%2Fwp%2Fv2%2Fcomments&post=14115"}],"version-history":[{"count":0,"href":"https:\/\/www.comuna13online.com.ar\/index.php?rest_route=\/wp\/v2\/posts\/14115\/revisions"}],"wp:featuredmedia":[{"embeddable":true,"href":"https:\/\/www.comuna13online.com.ar\/index.php?rest_route=\/wp\/v2\/media\/14110"}],"wp:attachment":[{"href":"https:\/\/www.comuna13online.com.ar\/index.php?rest_route=%2Fwp%2Fv2%2Fmedia&parent=14115"}],"wp:term":[{"taxonomy":"category","embeddable":true,"href":"https:\/\/www.comuna13online.com.ar\/index.php?rest_route=%2Fwp%2Fv2%2Fcategories&post=14115"},{"taxonomy":"post_tag","embeddable":true,"href":"https:\/\/www.comuna13online.com.ar\/index.php?rest_route=%2Fwp%2Fv2%2Ftags&post=14115"}],"curies":[{"name":"wp","href":"https:\/\/api.w.org\/{rel}","templated":true}]}}