{"id":14065,"date":"2021-09-07T07:30:00","date_gmt":"2021-09-07T10:30:00","guid":{"rendered":"http:\/\/www.comuna13online.com.ar\/?p=14065"},"modified":"2021-09-06T19:28:27","modified_gmt":"2021-09-06T22:28:27","slug":"subte-reabrieron-las-ultimas-diez-estaciones-y-la-red-esta-completamente-operativa","status":"publish","type":"post","link":"https:\/\/www.comuna13online.com.ar\/?p=14065","title":{"rendered":"Subte: reabrieron las \u00faltimas diez estaciones y la red est\u00e1 completamente operativa"},"content":{"rendered":"\n<p><strong>Son S\u00e1enz Pe\u00f1a, Pasco y Alberti (L\u00ednea A), Florida y Pasteur-Amia (L\u00ednea B), Ag\u00fcero y Scalabrini Ortiz (L\u00ednea D), y San Jos\u00e9, Pichincha y Varela (L\u00ednea E). Adem\u00e1s se restringe el horario para el trasporte de bicicletas y monopatines.<\/strong><\/p>\n\n\n\n<figure class=\"wp-block-image size-full\"><img loading=\"lazy\" decoding=\"async\" width=\"678\" height=\"452\" data-attachment-id=\"13998\" data-permalink=\"https:\/\/www.comuna13online.com.ar\/?attachment_id=13998\" data-orig-file=\"https:\/\/www.comuna13online.com.ar\/wp-content\/uploads\/2021\/09\/210901a-id.jpg\" data-orig-size=\"678,452\" data-comments-opened=\"0\" data-image-meta=\"{&quot;aperture&quot;:&quot;0&quot;,&quot;credit&quot;:&quot;&quot;,&quot;camera&quot;:&quot;&quot;,&quot;caption&quot;:&quot;&quot;,&quot;created_timestamp&quot;:&quot;0&quot;,&quot;copyright&quot;:&quot;&quot;,&quot;focal_length&quot;:&quot;0&quot;,&quot;iso&quot;:&quot;0&quot;,&quot;shutter_speed&quot;:&quot;0&quot;,&quot;title&quot;:&quot;&quot;,&quot;orientation&quot;:&quot;0&quot;}\" data-image-title=\"210901a-id\" data-image-description=\"\" data-image-caption=\"\" data-large-file=\"https:\/\/www.comuna13online.com.ar\/wp-content\/uploads\/2021\/09\/210901a-id.jpg\" src=\"http:\/\/www.comuna13online.com.ar\/wp-content\/uploads\/2021\/09\/210901a-id.jpg\" alt=\"\" class=\"wp-image-13998\" srcset=\"https:\/\/www.comuna13online.com.ar\/wp-content\/uploads\/2021\/09\/210901a-id.jpg 678w, https:\/\/www.comuna13online.com.ar\/wp-content\/uploads\/2021\/09\/210901a-id-272x182.jpg 272w\" sizes=\"auto, (max-width: 678px) 100vw, 678px\" \/><\/figure>\n\n\n\n<p>El gobierno porte\u00f1o habilit\u00f3 este martes las \u00faltimas diez estaciones que permanec\u00edan cerradas desde el inicio de la pandemia en marzo del a\u00f1o pasado, as\u00ed la red de subterr\u00e1neos de la ciudad de Buenos Aires se encuentra completamente operativa con el protocolo de prevenci\u00f3n para la emergencia sanitaria por el COVID-19.<\/p>\n\n\n\n<p>La apertura de las estaciones se da en el marco del plan para retomar de manera gradual y progresiva la normalidad presentado del Gobierno de la Ciudad y responde al incremento de la cantidad de pasajeros y que, actualmente, viajan alrededor de un 30% de los usuarios que lo hac\u00edan antes de la pandemia.<\/p>\n\n\n\n<p>Al mismo tiempo, siguen vigentes todos los protocolos para combatir la propagaci\u00f3n del Covid-19 y cuidar a los usuarios, trabajadores y contratistas de la red. Se contin\u00faa con el refuerzo en la limpieza y desinfecci\u00f3n de estaciones, formaciones y superficies de alto contacto; se colocaron dispensers de alcohol en gel en todas las estaciones; se sum\u00f3 se\u00f1alizaci\u00f3n para cumplir con las medidas de distanciamiento entre usuarios; y se mantiene el cupo de hasta 40 personas paradas por coche. Adem\u00e1s, se opera con esquemas de horario especial para proteger a los trabajadores.<\/p>\n\n\n\n<p>Asimismo, se contin\u00faa implementando el control de aforo, con foco en aquellas estaciones de mayor tr\u00e1nsito, con un equipo destinado a controlar el ingreso de pasajeros y evitar concentraciones en andenes y formaciones.<\/p>\n\n\n\n<h3 class=\"wp-block-heading\">Traslado de bicicletas y monopatines en el subte<\/h3>\n\n\n\n<p>Debido al aumento progresivo de la demanda, el traslado de bicicletas y monopatines habilitado el a\u00f1o pasado cuando reg\u00eda el aislamiento estricto se ver\u00e1 restringido al horario valle durante los d\u00edas h\u00e1biles -desde el inicio del servicio hasta las 8 h, de 10 h a 16 h y de 19 h al cierre- y a los fines de semana y feriados, con el objetivo de garantizar una mayor capacidad dentro de los trenes.<\/p>\n\n\n\n<p>Las l\u00edneas habilitadas para hacerlo son las mismas que hasta ahora: la A, B, D, E y H. La C queda excluida por tener una alta demanda, contar con distintas combinaciones internas y ser la m\u00e1s corta de la red -se recomienda que los trayectos de alrededor de 5 km se hagan en bicicleta-.<\/p>\n\n\n\n<p><strong>Normas para subir al subte con bici o monopat\u00edn<\/strong><\/p>\n\n\n\n<ul class=\"wp-block-list\"><li>Se puede viajar en las l\u00edneas A, B, D, E y H.<\/li><li>D\u00edas y horarios permitidos: los d\u00edas h\u00e1biles desde el inicio del servicio hasta las 8, de 10 a 16 y de 19 al cierre; los fines de semana y feriados.<\/li><li>Solo se podr\u00e1 transportar la bicicleta o el monopat\u00edn en el primer y \u00faltimo coche de cada formaci\u00f3n. La zona de acceso y el interior de las formaciones est\u00e1n se\u00f1alizados.<\/li><li>Dos veh\u00edculos como m\u00e1ximo por coche. Cuatro por formaci\u00f3n.<\/li><li>Se deber\u00e1n usar las escaleras fijas y estar\u00e1 prohibido, por seguridad, hacer uso de las escaleras mec\u00e1nicas y ascensores para subir o bajar con los veh\u00edculos.<\/li><li>Los pasajeros deber\u00e1n viajar parados al lado de sus veh\u00edculos.<\/li><li>Se deber\u00e1 respetar la prioridad y los espacios destinados a las personas con movilidad reducida.<\/li><li>En las estaciones la bicicleta\/monopat\u00edn deber\u00e1 trasladarse a pie, no circulando.<\/li><li>Se recomienda evitar combinaciones con otras l\u00edneas.<\/li><li>Se aconseja subir con bicicletas personales y no del sistema Ecobici (ya que est\u00e1n destinadas a los trayectos cortos).<\/li><\/ul>\n\n\n\n<figure class=\"wp-block-image size-large is-resized\"><img loading=\"lazy\" decoding=\"async\" data-attachment-id=\"99\" data-permalink=\"https:\/\/www.comuna13online.com.ar\/?attachment_id=99\" data-orig-file=\"https:\/\/www.comuna13online.com.ar\/wp-content\/uploads\/2017\/12\/line.jpg\" data-orig-size=\"678,1\" data-comments-opened=\"0\" data-image-meta=\"{&quot;aperture&quot;:&quot;0&quot;,&quot;credit&quot;:&quot;&quot;,&quot;camera&quot;:&quot;&quot;,&quot;caption&quot;:&quot;&quot;,&quot;created_timestamp&quot;:&quot;0&quot;,&quot;copyright&quot;:&quot;&quot;,&quot;focal_length&quot;:&quot;0&quot;,&quot;iso&quot;:&quot;0&quot;,&quot;shutter_speed&quot;:&quot;0&quot;,&quot;title&quot;:&quot;&quot;,&quot;orientation&quot;:&quot;0&quot;}\" data-image-title=\"line\" data-image-description=\"\" data-image-caption=\"\" data-large-file=\"https:\/\/www.comuna13online.com.ar\/wp-content\/uploads\/2017\/12\/line.jpg\" src=\"http:\/\/www.comuna13online.com.ar\/wp-content\/uploads\/2017\/12\/line.jpg\" alt=\"\" class=\"wp-image-99\" width=\"678\" height=\"1\" srcset=\"https:\/\/www.comuna13online.com.ar\/wp-content\/uploads\/2017\/12\/line.jpg 678w, https:\/\/www.comuna13online.com.ar\/wp-content\/uploads\/2017\/12\/line-150x1.jpg 150w, https:\/\/www.comuna13online.com.ar\/wp-content\/uploads\/2017\/12\/line-326x1.jpg 326w, https:\/\/www.comuna13online.com.ar\/wp-content\/uploads\/2017\/12\/line-80x1.jpg 80w, https:\/\/www.comuna13online.com.ar\/wp-content\/uploads\/2017\/12\/line-272x1.jpg 272w\" sizes=\"auto, (max-width: 678px) 100vw, 678px\" \/><\/figure>\n\n\n\n<figure class=\"wp-block-image size-full\"><img loading=\"lazy\" decoding=\"async\" width=\"678\" height=\"180\" data-attachment-id=\"8918\" data-permalink=\"https:\/\/www.comuna13online.com.ar\/?attachment_id=8918\" data-orig-file=\"https:\/\/www.comuna13online.com.ar\/wp-content\/uploads\/2020\/04\/corona2.jpg\" data-orig-size=\"678,180\" data-comments-opened=\"0\" data-image-meta=\"{&quot;aperture&quot;:&quot;0&quot;,&quot;credit&quot;:&quot;&quot;,&quot;camera&quot;:&quot;&quot;,&quot;caption&quot;:&quot;&quot;,&quot;created_timestamp&quot;:&quot;0&quot;,&quot;copyright&quot;:&quot;&quot;,&quot;focal_length&quot;:&quot;0&quot;,&quot;iso&quot;:&quot;0&quot;,&quot;shutter_speed&quot;:&quot;0&quot;,&quot;title&quot;:&quot;&quot;,&quot;orientation&quot;:&quot;0&quot;}\" data-image-title=\"corona2\" data-image-description=\"\" data-image-caption=\"\" data-large-file=\"https:\/\/www.comuna13online.com.ar\/wp-content\/uploads\/2020\/04\/corona2.jpg\" src=\"http:\/\/www.comuna13online.com.ar\/wp-content\/uploads\/2020\/04\/corona2.jpg\" alt=\"\" class=\"wp-image-8918\"\/><\/figure>\n","protected":false},"excerpt":{"rendered":"<div class=\"mh-excerpt\">Son S\u00e1enz Pe\u00f1a, Pasco y Alberti (L\u00ednea A), Florida y Pasteur-Amia (L\u00ednea B), Ag\u00fcero y Scalabrini Ortiz (L\u00ednea D), y San Jos\u00e9, Pichincha y Varela (L\u00ednea E). Adem\u00e1s se restringe <a class=\"mh-excerpt-more\" href=\"https:\/\/www.comuna13online.com.ar\/?p=14065\" title=\"Subte: reabrieron las \u00faltimas diez estaciones y la red est\u00e1 completamente operativa\">[&#8230;]<\/a><\/div>\n","protected":false},"author":1,"featured_media":13781,"comment_status":"closed","ping_status":"closed","sticky":false,"template":"","format":"standard","meta":{"_uag_custom_page_level_css":"","_jetpack_memberships_contains_paid_content":false,"footnotes":"","jetpack_publicize_message":"","jetpack_publicize_feature_enabled":true,"jetpack_social_post_already_shared":true,"jetpack_social_options":{"image_generator_settings":{"template":"highway","default_image_id":0,"font":"","enabled":false},"version":2}},"categories":[14],"tags":[250,296,16,15],"class_list":{"0":"post-14065","1":"post","2":"type-post","3":"status-publish","4":"format-standard","5":"has-post-thumbnail","7":"category-subte","8":"tag-h2","9":"tag-h3","10":"tag-subte","11":"tag-transporte"},"jetpack_publicize_connections":[],"jetpack_featured_media_url":"https:\/\/www.comuna13online.com.ar\/wp-content\/uploads\/2021\/07\/210716c-id.jpg","uagb_featured_image_src":{"full":["https:\/\/www.comuna13online.com.ar\/wp-content\/uploads\/2021\/07\/210716c-id.jpg",678,452,false],"thumbnail":["https:\/\/www.comuna13online.com.ar\/wp-content\/uploads\/2021\/07\/210716c-id.jpg",128,85,false],"medium":["https:\/\/www.comuna13online.com.ar\/wp-content\/uploads\/2021\/07\/210716c-id.jpg",678,452,false],"medium_large":["https:\/\/www.comuna13online.com.ar\/wp-content\/uploads\/2021\/07\/210716c-id.jpg",678,452,false],"large":["https:\/\/www.comuna13online.com.ar\/wp-content\/uploads\/2021\/07\/210716c-id.jpg",678,452,false],"1536x1536":["https:\/\/www.comuna13online.com.ar\/wp-content\/uploads\/2021\/07\/210716c-id.jpg",678,452,false],"2048x2048":["https:\/\/www.comuna13online.com.ar\/wp-content\/uploads\/2021\/07\/210716c-id.jpg",678,452,false],"mh-magazine-slider":["https:\/\/www.comuna13online.com.ar\/wp-content\/uploads\/2021\/07\/210716c-id-678x438.jpg",678,438,true],"mh-magazine-content":["https:\/\/www.comuna13online.com.ar\/wp-content\/uploads\/2021\/07\/210716c-id-678x381.jpg",678,381,true],"mh-magazine-large":["https:\/\/www.comuna13online.com.ar\/wp-content\/uploads\/2021\/07\/210716c-id.jpg",678,452,false],"mh-magazine-medium":["https:\/\/www.comuna13online.com.ar\/wp-content\/uploads\/2021\/07\/210716c-id-326x245.jpg",326,245,true],"mh-magazine-small":["https:\/\/www.comuna13online.com.ar\/wp-content\/uploads\/2021\/07\/210716c-id-80x60.jpg",80,60,true],"sow-carousel-default":["https:\/\/www.comuna13online.com.ar\/wp-content\/uploads\/2021\/07\/210716c-id-272x182.jpg",272,182,true]},"uagb_author_info":{"display_name":"Comuna13","author_link":"https:\/\/www.comuna13online.com.ar\/?author=1"},"uagb_comment_info":0,"uagb_excerpt":"Son S\u00e1enz Pe\u00f1a, Pasco y Alberti (L\u00ednea A), Florida y Pasteur-Amia (L\u00ednea B), Ag\u00fcero y Scalabrini Ortiz (L\u00ednea D), y San Jos\u00e9, Pichincha y Varela (L\u00ednea E). Adem\u00e1s se restringe [...]","jetpack_sharing_enabled":true,"_links":{"self":[{"href":"https:\/\/www.comuna13online.com.ar\/index.php?rest_route=\/wp\/v2\/posts\/14065","targetHints":{"allow":["GET"]}}],"collection":[{"href":"https:\/\/www.comuna13online.com.ar\/index.php?rest_route=\/wp\/v2\/posts"}],"about":[{"href":"https:\/\/www.comuna13online.com.ar\/index.php?rest_route=\/wp\/v2\/types\/post"}],"author":[{"embeddable":true,"href":"https:\/\/www.comuna13online.com.ar\/index.php?rest_route=\/wp\/v2\/users\/1"}],"replies":[{"embeddable":true,"href":"https:\/\/www.comuna13online.com.ar\/index.php?rest_route=%2Fwp%2Fv2%2Fcomments&post=14065"}],"version-history":[{"count":0,"href":"https:\/\/www.comuna13online.com.ar\/index.php?rest_route=\/wp\/v2\/posts\/14065\/revisions"}],"wp:featuredmedia":[{"embeddable":true,"href":"https:\/\/www.comuna13online.com.ar\/index.php?rest_route=\/wp\/v2\/media\/13781"}],"wp:attachment":[{"href":"https:\/\/www.comuna13online.com.ar\/index.php?rest_route=%2Fwp%2Fv2%2Fmedia&parent=14065"}],"wp:term":[{"taxonomy":"category","embeddable":true,"href":"https:\/\/www.comuna13online.com.ar\/index.php?rest_route=%2Fwp%2Fv2%2Fcategories&post=14065"},{"taxonomy":"post_tag","embeddable":true,"href":"https:\/\/www.comuna13online.com.ar\/index.php?rest_route=%2Fwp%2Fv2%2Ftags&post=14065"}],"curies":[{"name":"wp","href":"https:\/\/api.w.org\/{rel}","templated":true}]}}