{"id":13837,"date":"2021-08-02T09:30:00","date_gmt":"2021-08-02T12:30:00","guid":{"rendered":"http:\/\/www.comuna13online.com.ar\/?p=13837"},"modified":"2021-08-02T11:16:23","modified_gmt":"2021-08-02T14:16:23","slug":"el-lunes-vuelven-a-regir-las-reglas-habituales-de-estacionamiento","status":"publish","type":"post","link":"https:\/\/www.comuna13online.com.ar\/?p=13837","title":{"rendered":"Vuelven a regir las reglas habituales de estacionamiento"},"content":{"rendered":"\n<p><strong>La Secretar\u00eda de Transporte de la Ciudad anunci\u00f3 que desde este 2 de agosto que se reestablecer\u00e1n todas las normas de estacionamiento, vuelve el estacionamiento medido y las gr\u00faas.<\/strong><\/p>\n\n\n\n<figure class=\"wp-block-image size-full\"><img loading=\"lazy\" decoding=\"async\" width=\"678\" height=\"383\" data-attachment-id=\"2452\" data-permalink=\"https:\/\/www.comuna13online.com.ar\/?attachment_id=2452\" data-orig-file=\"https:\/\/www.comuna13online.com.ar\/wp-content\/uploads\/2018\/08\/2018_08_30a1.jpg\" data-orig-size=\"678,383\" data-comments-opened=\"0\" data-image-meta=\"{&quot;aperture&quot;:&quot;0&quot;,&quot;credit&quot;:&quot;&quot;,&quot;camera&quot;:&quot;&quot;,&quot;caption&quot;:&quot;&quot;,&quot;created_timestamp&quot;:&quot;0&quot;,&quot;copyright&quot;:&quot;&quot;,&quot;focal_length&quot;:&quot;0&quot;,&quot;iso&quot;:&quot;0&quot;,&quot;shutter_speed&quot;:&quot;0&quot;,&quot;title&quot;:&quot;&quot;,&quot;orientation&quot;:&quot;0&quot;}\" data-image-title=\"2018_08_30a1\" data-image-description=\"\" data-image-caption=\"\" data-large-file=\"https:\/\/www.comuna13online.com.ar\/wp-content\/uploads\/2018\/08\/2018_08_30a1.jpg\" src=\"http:\/\/www.comuna13online.com.ar\/wp-content\/uploads\/2018\/08\/2018_08_30a1.jpg\" alt=\"\" class=\"wp-image-2452\"\/><\/figure>\n\n\n\n<p>La pandemia oblig\u00f3 a la gente modificar la manera de trasladarse, con el transporte p\u00fablico destinado \u00fanicamente para personal esencial, los vecinos debieron volcarse al transporte particular para poder movilizarse y en su mayor\u00eda al autom\u00f3vil. Por tal motivo, el Gobierno de la Ciudad permiti\u00f3 el estacionamiento general de veh\u00edculos en las arterias y calles donde estaba prohibido el estacionamiento los d\u00edas h\u00e1biles de 7 a 21 horas.<\/p>\n\n\n\n<p>Con un volumen vehicular que supera el 90% respecto a los niveles prepandemia, la vuelta de las clases presenciales y la apertura de casi todas actividades comerciales, El gobierno de la Ciudad anunci\u00f3 que <strong>a partir del lunes 02 de agosto se restablecer\u00e1n las reglas habituales de estacionamiento en la Ciudad de Buenos Aires<\/strong>.<\/p>\n\n\n\n<p><em><strong>\u201cEsto es necesario para ordenar las calles que tienen un l\u00edmite en su capacidad de uso para garantizar la circulaci\u00f3n y la seguridad vial: para que se reduzcan los embotellamientos, que los colectivos maniobren en forma segura o los camiones puedan realizar la operaci\u00f3n de carga y descarga sin afectar la fluidez del tr\u00e1nsito coloc\u00e1ndose en doble fila, por ejemplo\u201d<\/strong><\/em>, argumentaron desde el gobierno porte\u00f1o.<\/p>\n\n\n\n<p><\/p>\n<div align=\"center\">\n<blockquote class=\"twitter-tweet\"><p lang=\"es\" dir=\"ltr\">A partir del 2 de agosto se restablecen las reglas de estacionamiento en la Ciudad ? <a href=\"https:\/\/t.co\/JMw3eqWlWm\">pic.twitter.com\/JMw3eqWlWm<\/a><\/p>\u2014 BA Movilidad (@bamovilidad) <a href=\"https:\/\/twitter.com\/bamovilidad\/status\/1420125348495347712?ref_src=twsrc%5Etfw\">July 27, 2021<\/a><\/blockquote> <script async=\"\" src=\"https:\/\/platform.twitter.com\/widgets.js\" charset=\"utf-8\"><\/script>\n<\/div>\n<p><\/p>\n\n\n\n<h4 class=\"wp-block-heading\"><strong>Reglas de estacionamiento que vuelven a regir a partir del 02 de agosto:<\/strong><\/h4>\n\n\n\n<ul class=\"wp-block-list\"><li>No se podr\u00e1 estacionar en avenidas y calles donde no se permite estacionar los d\u00edas h\u00e1biles de 7 a 21 horas.<\/li><li>No se podr\u00e1 estacionar en avenidas y calles donde no se permite estacionar las 24 horas.<\/li><li><strong>Entra en vigencia nuevamente el estacionamiento medido<\/strong>.<\/li><li>Est\u00e1 prohibido estacionar en las rampas, ochavas, cocheras, paradas de colectivos, d\u00e1rsenas exclusivas durante las 24 horas.<\/li><\/ul>\n\n\n\n<p><strong>Contin\u00faa suspendida la restricci\u00f3n para circular en el Centro y Tribunales Peatonal, no se permite estacionar.<\/strong><\/p>\n\n\n\n<h4 class=\"wp-block-heading\"><strong>Valor de las infracciones por mal estacionamiento:<\/strong><\/h4>\n\n\n\n<ul class=\"wp-block-list\"><li>Estacionamiento indebido&nbsp;<strong>$3.905 <\/strong><\/li><li>Obstruir rampas para discapacitados,&nbsp;<strong>$11.715<\/strong><\/li><li>Obstrucci\u00f3n en carriles exclusivos de Metrob\u00fas;&nbsp;<strong>$5.857,50<\/strong><\/li><\/ul>\n\n\n\n<p>A trav\u00e9s de Boti (1150500147) se puede consultar v\u00eda Whatsapp por direcciones exactas, intersecciones de calles o bien compartir la ubicaci\u00f3n actual para confirmar que est\u00e9 permitido estacionar. Boti tambi\u00e9n informa d\u00f3nde funciona el estacionamiento medido.<br>El estacionamiento indebido es una falta que no solo entorpece el tr\u00e1nsito, sino que imposibilita que el transporte p\u00fablico se acerque a la parada o que una persona con movilidad reducida pueda cruzar la calle de manera segura. Por eso, durante 6 meses un equipo del equipo de la Secretar\u00eda de Transporte y Obras P\u00fablicas llev\u00f3 a cabo un relevamiento integral para evaluar y reunir la normativa vigente en materia de estacionamiento y poder volcarla al chatbot de la Ciudad.<\/p>\n\n\n\n<p><strong><em>Paso a paso para saber d\u00f3nde est\u00e1 permitido estacionar a trav\u00e9s del chat de la ciudad<\/em><\/strong>:<br>1. Enviar un mensaje v\u00eda Whatsapp al 1150500147 preguntando: \u00bfD\u00f3nde puedo estacionar?<br>2. Seleccionar la opci\u00f3n por ubicaci\u00f3n o por direcci\u00f3n.<br>3. Compartir la ubicaci\u00f3n o escribir la direcci\u00f3n.<br>4. Confirmar la ubicaci\u00f3n que Boti indique, por ejemplo: Gurruchaga 1013<br>Boti confirmar\u00e1 si est\u00e1 permitido o no estacionar. Funciona las 24 hs, los 365 d\u00edas del a\u00f1o.<\/p>\n\n\n\n<p>Durante los pr\u00f3ximos d\u00edas, la Secretar\u00eda de Transporte porte\u00f1a realizar\u00e1 una campa\u00f1a de concientizaci\u00f3n colocando stickers a los veh\u00edculos que se encuentran estacionados en los lugares prohibidos.<\/p>\n\n\n\n<figure class=\"wp-block-image size-large is-resized\"><img loading=\"lazy\" decoding=\"async\" data-attachment-id=\"99\" data-permalink=\"https:\/\/www.comuna13online.com.ar\/?attachment_id=99\" data-orig-file=\"https:\/\/www.comuna13online.com.ar\/wp-content\/uploads\/2017\/12\/line.jpg\" data-orig-size=\"678,1\" data-comments-opened=\"0\" data-image-meta=\"{&quot;aperture&quot;:&quot;0&quot;,&quot;credit&quot;:&quot;&quot;,&quot;camera&quot;:&quot;&quot;,&quot;caption&quot;:&quot;&quot;,&quot;created_timestamp&quot;:&quot;0&quot;,&quot;copyright&quot;:&quot;&quot;,&quot;focal_length&quot;:&quot;0&quot;,&quot;iso&quot;:&quot;0&quot;,&quot;shutter_speed&quot;:&quot;0&quot;,&quot;title&quot;:&quot;&quot;,&quot;orientation&quot;:&quot;0&quot;}\" data-image-title=\"line\" data-image-description=\"\" data-image-caption=\"\" data-large-file=\"https:\/\/www.comuna13online.com.ar\/wp-content\/uploads\/2017\/12\/line.jpg\" src=\"http:\/\/www.comuna13online.com.ar\/wp-content\/uploads\/2017\/12\/line.jpg\" alt=\"\" class=\"wp-image-99\" width=\"678\" height=\"1\" srcset=\"https:\/\/www.comuna13online.com.ar\/wp-content\/uploads\/2017\/12\/line.jpg 678w, https:\/\/www.comuna13online.com.ar\/wp-content\/uploads\/2017\/12\/line-150x1.jpg 150w, https:\/\/www.comuna13online.com.ar\/wp-content\/uploads\/2017\/12\/line-326x1.jpg 326w, https:\/\/www.comuna13online.com.ar\/wp-content\/uploads\/2017\/12\/line-80x1.jpg 80w, https:\/\/www.comuna13online.com.ar\/wp-content\/uploads\/2017\/12\/line-272x1.jpg 272w\" sizes=\"auto, (max-width: 678px) 100vw, 678px\" \/><\/figure>\n\n\n\n<figure class=\"wp-block-image size-full\"><img loading=\"lazy\" decoding=\"async\" width=\"678\" height=\"180\" data-attachment-id=\"8918\" data-permalink=\"https:\/\/www.comuna13online.com.ar\/?attachment_id=8918\" data-orig-file=\"https:\/\/www.comuna13online.com.ar\/wp-content\/uploads\/2020\/04\/corona2.jpg\" data-orig-size=\"678,180\" data-comments-opened=\"0\" data-image-meta=\"{&quot;aperture&quot;:&quot;0&quot;,&quot;credit&quot;:&quot;&quot;,&quot;camera&quot;:&quot;&quot;,&quot;caption&quot;:&quot;&quot;,&quot;created_timestamp&quot;:&quot;0&quot;,&quot;copyright&quot;:&quot;&quot;,&quot;focal_length&quot;:&quot;0&quot;,&quot;iso&quot;:&quot;0&quot;,&quot;shutter_speed&quot;:&quot;0&quot;,&quot;title&quot;:&quot;&quot;,&quot;orientation&quot;:&quot;0&quot;}\" data-image-title=\"corona2\" data-image-description=\"\" data-image-caption=\"\" data-large-file=\"https:\/\/www.comuna13online.com.ar\/wp-content\/uploads\/2020\/04\/corona2.jpg\" src=\"http:\/\/www.comuna13online.com.ar\/wp-content\/uploads\/2020\/04\/corona2.jpg\" alt=\"\" class=\"wp-image-8918\"\/><\/figure>\n","protected":false},"excerpt":{"rendered":"<div class=\"mh-excerpt\">La Secretar\u00eda de Transporte de la Ciudad anunci\u00f3 que desde este 2 de agosto que se reestablecer\u00e1n todas las normas de estacionamiento, vuelve el estacionamiento medido y las gr\u00faas. La <a class=\"mh-excerpt-more\" href=\"https:\/\/www.comuna13online.com.ar\/?p=13837\" title=\"Vuelven a regir las reglas habituales de estacionamiento\">[&#8230;]<\/a><\/div>\n","protected":false},"author":1,"featured_media":13838,"comment_status":"closed","ping_status":"closed","sticky":false,"template":"","format":"standard","meta":{"_uag_custom_page_level_css":"","_jetpack_memberships_contains_paid_content":false,"footnotes":"","jetpack_publicize_message":"","jetpack_publicize_feature_enabled":true,"jetpack_social_post_already_shared":true,"jetpack_social_options":{"image_generator_settings":{"template":"highway","default_image_id":0,"font":"","enabled":false},"version":2}},"categories":[53],"tags":[271,250,296,54],"class_list":{"0":"post-13837","1":"post","2":"type-post","3":"status-publish","4":"format-standard","5":"has-post-thumbnail","7":"category-transito","8":"tag-coronavirus","9":"tag-h2","10":"tag-h3","11":"tag-transito"},"jetpack_publicize_connections":[],"jetpack_featured_media_url":"https:\/\/www.comuna13online.com.ar\/wp-content\/uploads\/2021\/07\/210729a-id.jpg","uagb_featured_image_src":{"full":["https:\/\/www.comuna13online.com.ar\/wp-content\/uploads\/2021\/07\/210729a-id.jpg",684,452,false],"thumbnail":["https:\/\/www.comuna13online.com.ar\/wp-content\/uploads\/2021\/07\/210729a-id.jpg",128,85,false],"medium":["https:\/\/www.comuna13online.com.ar\/wp-content\/uploads\/2021\/07\/210729a-id.jpg",684,452,false],"medium_large":["https:\/\/www.comuna13online.com.ar\/wp-content\/uploads\/2021\/07\/210729a-id.jpg",684,452,false],"large":["https:\/\/www.comuna13online.com.ar\/wp-content\/uploads\/2021\/07\/210729a-id.jpg",684,452,false],"1536x1536":["https:\/\/www.comuna13online.com.ar\/wp-content\/uploads\/2021\/07\/210729a-id.jpg",684,452,false],"2048x2048":["https:\/\/www.comuna13online.com.ar\/wp-content\/uploads\/2021\/07\/210729a-id.jpg",684,452,false],"mh-magazine-slider":["https:\/\/www.comuna13online.com.ar\/wp-content\/uploads\/2021\/07\/210729a-id-684x438.jpg",684,438,true],"mh-magazine-content":["https:\/\/www.comuna13online.com.ar\/wp-content\/uploads\/2021\/07\/210729a-id-678x381.jpg",678,381,true],"mh-magazine-large":["https:\/\/www.comuna13online.com.ar\/wp-content\/uploads\/2021\/07\/210729a-id-678x452.jpg",678,452,true],"mh-magazine-medium":["https:\/\/www.comuna13online.com.ar\/wp-content\/uploads\/2021\/07\/210729a-id-326x245.jpg",326,245,true],"mh-magazine-small":["https:\/\/www.comuna13online.com.ar\/wp-content\/uploads\/2021\/07\/210729a-id-80x60.jpg",80,60,true],"sow-carousel-default":["https:\/\/www.comuna13online.com.ar\/wp-content\/uploads\/2021\/07\/210729a-id-272x182.jpg",272,182,true]},"uagb_author_info":{"display_name":"Comuna13","author_link":"https:\/\/www.comuna13online.com.ar\/?author=1"},"uagb_comment_info":0,"uagb_excerpt":"La Secretar\u00eda de Transporte de la Ciudad anunci\u00f3 que desde este 2 de agosto que se reestablecer\u00e1n todas las normas de estacionamiento, vuelve el estacionamiento medido y las gr\u00faas. La [...]","jetpack_sharing_enabled":true,"_links":{"self":[{"href":"https:\/\/www.comuna13online.com.ar\/index.php?rest_route=\/wp\/v2\/posts\/13837","targetHints":{"allow":["GET"]}}],"collection":[{"href":"https:\/\/www.comuna13online.com.ar\/index.php?rest_route=\/wp\/v2\/posts"}],"about":[{"href":"https:\/\/www.comuna13online.com.ar\/index.php?rest_route=\/wp\/v2\/types\/post"}],"author":[{"embeddable":true,"href":"https:\/\/www.comuna13online.com.ar\/index.php?rest_route=\/wp\/v2\/users\/1"}],"replies":[{"embeddable":true,"href":"https:\/\/www.comuna13online.com.ar\/index.php?rest_route=%2Fwp%2Fv2%2Fcomments&post=13837"}],"version-history":[{"count":0,"href":"https:\/\/www.comuna13online.com.ar\/index.php?rest_route=\/wp\/v2\/posts\/13837\/revisions"}],"wp:featuredmedia":[{"embeddable":true,"href":"https:\/\/www.comuna13online.com.ar\/index.php?rest_route=\/wp\/v2\/media\/13838"}],"wp:attachment":[{"href":"https:\/\/www.comuna13online.com.ar\/index.php?rest_route=%2Fwp%2Fv2%2Fmedia&parent=13837"}],"wp:term":[{"taxonomy":"category","embeddable":true,"href":"https:\/\/www.comuna13online.com.ar\/index.php?rest_route=%2Fwp%2Fv2%2Fcategories&post=13837"},{"taxonomy":"post_tag","embeddable":true,"href":"https:\/\/www.comuna13online.com.ar\/index.php?rest_route=%2Fwp%2Fv2%2Ftags&post=13837"}],"curies":[{"name":"wp","href":"https:\/\/api.w.org\/{rel}","templated":true}]}}