{"id":13796,"date":"2021-07-26T05:35:00","date_gmt":"2021-07-26T08:35:00","guid":{"rendered":"http:\/\/www.comuna13online.com.ar\/?p=13796"},"modified":"2021-07-26T07:46:16","modified_gmt":"2021-07-26T10:46:16","slug":"distinguieron-a-fernando-bravo-como-personalidad-destacada","status":"publish","type":"post","link":"https:\/\/www.comuna13online.com.ar\/?p=13796","title":{"rendered":"Distinguieron a Fernando Bravo como Personalidad Destacada"},"content":{"rendered":"\n<p><strong>Con m\u00e1s de 50 a\u00f1os de trayectoria en radio y TV, el locutor fue distinguido por la Legislatura de la Ciudad de Buenos Aires como Personalidad Destaca de la Cultura.<\/strong><\/p>\n\n\n\n<iframe loading=\"lazy\" width=\"678\" height=\"381\" src=\"https:\/\/www.youtube.com\/embed\/c-4dWeTgUA4\" title=\"YouTube video player\" frameborder=\"0\" allow=\"accelerometer; autoplay; clipboard-write; encrypted-media; gyroscope; picture-in-picture\" allowfullscreen><\/iframe>\n<p><\/p>\n\n\n\n<p>El locutor y conductor de programas de radio y televisi\u00f3n Alberto Fernando Pochulu, conocido como&nbsp;<strong>Fernando Bravo<\/strong>, recibi\u00f3 este martes el diploma que lo acredita como Personalidad Destacada en el \u00e1mbito de la cultura de la Ciudad Aut\u00f3noma de Buenos Aires.<\/p>\n\n\n\n<p>La iniciativa surgi\u00f3 de la diputada\u00a0<strong>Mar\u00eda Luisa Gonz\u00e1lez Estevarena<\/strong>\u00a0(VJ), quien encabez\u00f3 el evento y\u00a0dijo <em>\u201cQueremos premiar esa voz que se volvi\u00f3 un \u00edcono para la Ciudad. Fernando representa los valores que todos disfrutamos a trav\u00e9s de su entrega y compromiso con la verdad. La Ciudad te deb\u00eda este homenaje, gracias por tantos a\u00f1os de talento\u201d<\/em>.<\/p>\n\n\n\n<p>Por su parte, el ministro de cultura,\u00a0<strong>Enrique Avogadro<\/strong>, expres\u00f3 que <em>\u201cFernando es una parte muy importante de la voz cultural del pa\u00eds. Es una distinci\u00f3n enormemente merecida y de toda la Ciudad. Le agradezco el acompa\u00f1amiento de todos estos a\u00f1os y de lo que resta por delante\u201d<\/em>.<\/p>\n\n\n\n<p>El tambi\u00e9n locutor y conductor\u00a0<strong>Julio Lagos<\/strong>\u00a0halag\u00f3 a su amigo y coment\u00f3 <em>\u201cHace 54 a\u00f1os nos conocemos y nunca imaginamos esto, me emociona mucho este reconocimiento. La gente le cree porque Fernando es como parece que es:\u00a0 leal, compa\u00f1ero y familiero\u201d<\/em>.<\/p>\n\n\n\n<p>El homenajeado comparti\u00f3 su emoci\u00f3n y\u00a0coment\u00f3 <em>\u201cEs una de las primeras veces que me quedo sin palabras. Un gracias engloba el sentimiento m\u00e1s profundo que tengo para entregarles. El trabajo radial y televisivo no es individual, uno sirve y se vale de muchos colaboradores as\u00ed que le agradezco a ellos tambi\u00e9n. La distinci\u00f3n que hoy me entregan la coloco en un lugar destacad\u00edsimo de mi carrera\u201d<\/em>.<\/p>\n\n\n\n<p>El acto se realiz\u00f3 en el sal\u00f3n Dorado del Palacio Legislativo, al que asistieron familiares y amigos del homenajeado y los legisladores&nbsp;<strong>Claudio Cingolani, Cecilia Ferrero, Paola Michielotto, Hern\u00e1n Reyes<\/strong>&nbsp;(VJ) y Marcelo Guouman (UCR-Ev).<\/p>\n\n\n\n<h4 class=\"wp-block-heading\"><strong>50 a\u00f1os de trayectoria<\/strong><\/h4>\n\n\n\n<div class=\"wp-block-image\"><figure class=\"alignright size-full\"><img loading=\"lazy\" decoding=\"async\" width=\"300\" height=\"225\" data-attachment-id=\"13797\" data-permalink=\"https:\/\/www.comuna13online.com.ar\/?attachment_id=13797\" data-orig-file=\"https:\/\/www.comuna13online.com.ar\/wp-content\/uploads\/2021\/07\/210726b-01.jpg\" data-orig-size=\"300,225\" data-comments-opened=\"0\" data-image-meta=\"{&quot;aperture&quot;:&quot;0&quot;,&quot;credit&quot;:&quot;&quot;,&quot;camera&quot;:&quot;&quot;,&quot;caption&quot;:&quot;&quot;,&quot;created_timestamp&quot;:&quot;0&quot;,&quot;copyright&quot;:&quot;&quot;,&quot;focal_length&quot;:&quot;0&quot;,&quot;iso&quot;:&quot;0&quot;,&quot;shutter_speed&quot;:&quot;0&quot;,&quot;title&quot;:&quot;&quot;,&quot;orientation&quot;:&quot;0&quot;}\" data-image-title=\"210726b-01\" data-image-description=\"\" data-image-caption=\"\" data-large-file=\"https:\/\/www.comuna13online.com.ar\/wp-content\/uploads\/2021\/07\/210726b-01.jpg\" src=\"http:\/\/www.comuna13online.com.ar\/wp-content\/uploads\/2021\/07\/210726b-01.jpg\" alt=\"\" class=\"wp-image-13797\" srcset=\"https:\/\/www.comuna13online.com.ar\/wp-content\/uploads\/2021\/07\/210726b-01.jpg 300w, https:\/\/www.comuna13online.com.ar\/wp-content\/uploads\/2021\/07\/210726b-01-80x60.jpg 80w\" sizes=\"auto, (max-width: 300px) 100vw, 300px\" \/><\/figure><\/div>\n\n\n\n<p>Fernando Bravo es una voz masculina emblem\u00e1tica de la radiofon\u00eda, considerada \u00edcono en su medio. El locutor tiene una carrera de m\u00e1s de cincuenta a\u00f1os en la radio y televisi\u00f3n y ha recibido innumerables premios.<\/p>\n\n\n\n<p>A lo largo de su vasta trayectoria particip\u00f3 en diversos ciclos televisivos, entre ellos: la comedia \u00abMesa de Noticias\u00bb (de 1983 a 1986), el programa femenino \u00abVeinte mujeres\u00bb (1985), el magazine \u00abCon ustedes\u00bb (de 1986 a 1989) el programa \u00abSiglo XX cambalache\u00bb (de 1991 a 1996) y el concurso \u00abFer play\u00bb (1994).<\/p>\n\n\n\n<p>En radio, cabe destacar la conducci\u00f3n de programas como \u00abSiempre Rivadavia\u00bb por radio Rivadavia (entre 1976 y 1979), \u00abRevista 5\u00bb por radio Continental (entre 1985 y 1986), \u00abBravo 1030\u00bb y \u00abQu\u00e9 te parece\u00bb por Radio del Plata (entre 1995 y 2008). En febrero de 2009 retorn\u00f3 a radio Continental para conducir \u00abBravo Continental \u00bb junto a varios periodistas destacados.<\/p>\n\n\n\n<p>En octubre de 2010 la editorial Aguilar public\u00f3 su autobiograf\u00eda \u00abMi domicilio es el aire: 40 a\u00f1os de radio y televisi\u00f3n\u00bb, un libro donde hace un repaso de su carrera, relata an\u00e9cdotas y cuenta algunos pasajes de su vida personal.<\/p>\n\n\n\n<p class=\"has-text-align-right\"><sub>Fuente: D.G. Prensa Legislatura de de la Ciudad de Buenos Aires<\/sub><\/p>\n\n\n\n<figure class=\"wp-block-image size-large is-resized\"><img loading=\"lazy\" decoding=\"async\" data-attachment-id=\"99\" data-permalink=\"https:\/\/www.comuna13online.com.ar\/?attachment_id=99\" data-orig-file=\"https:\/\/www.comuna13online.com.ar\/wp-content\/uploads\/2017\/12\/line.jpg\" data-orig-size=\"678,1\" data-comments-opened=\"0\" data-image-meta=\"{&quot;aperture&quot;:&quot;0&quot;,&quot;credit&quot;:&quot;&quot;,&quot;camera&quot;:&quot;&quot;,&quot;caption&quot;:&quot;&quot;,&quot;created_timestamp&quot;:&quot;0&quot;,&quot;copyright&quot;:&quot;&quot;,&quot;focal_length&quot;:&quot;0&quot;,&quot;iso&quot;:&quot;0&quot;,&quot;shutter_speed&quot;:&quot;0&quot;,&quot;title&quot;:&quot;&quot;,&quot;orientation&quot;:&quot;0&quot;}\" data-image-title=\"line\" data-image-description=\"\" data-image-caption=\"\" data-large-file=\"https:\/\/www.comuna13online.com.ar\/wp-content\/uploads\/2017\/12\/line.jpg\" src=\"http:\/\/www.comuna13online.com.ar\/wp-content\/uploads\/2017\/12\/line.jpg\" alt=\"\" class=\"wp-image-99\" width=\"678\" height=\"1\" srcset=\"https:\/\/www.comuna13online.com.ar\/wp-content\/uploads\/2017\/12\/line.jpg 678w, https:\/\/www.comuna13online.com.ar\/wp-content\/uploads\/2017\/12\/line-150x1.jpg 150w, https:\/\/www.comuna13online.com.ar\/wp-content\/uploads\/2017\/12\/line-326x1.jpg 326w, https:\/\/www.comuna13online.com.ar\/wp-content\/uploads\/2017\/12\/line-80x1.jpg 80w, https:\/\/www.comuna13online.com.ar\/wp-content\/uploads\/2017\/12\/line-272x1.jpg 272w\" sizes=\"auto, (max-width: 678px) 100vw, 678px\" \/><\/figure>\n\n\n\n<figure class=\"wp-block-image size-full\"><img loading=\"lazy\" decoding=\"async\" width=\"678\" height=\"180\" data-attachment-id=\"8918\" data-permalink=\"https:\/\/www.comuna13online.com.ar\/?attachment_id=8918\" data-orig-file=\"https:\/\/www.comuna13online.com.ar\/wp-content\/uploads\/2020\/04\/corona2.jpg\" data-orig-size=\"678,180\" data-comments-opened=\"0\" data-image-meta=\"{&quot;aperture&quot;:&quot;0&quot;,&quot;credit&quot;:&quot;&quot;,&quot;camera&quot;:&quot;&quot;,&quot;caption&quot;:&quot;&quot;,&quot;created_timestamp&quot;:&quot;0&quot;,&quot;copyright&quot;:&quot;&quot;,&quot;focal_length&quot;:&quot;0&quot;,&quot;iso&quot;:&quot;0&quot;,&quot;shutter_speed&quot;:&quot;0&quot;,&quot;title&quot;:&quot;&quot;,&quot;orientation&quot;:&quot;0&quot;}\" data-image-title=\"corona2\" data-image-description=\"\" data-image-caption=\"\" data-large-file=\"https:\/\/www.comuna13online.com.ar\/wp-content\/uploads\/2020\/04\/corona2.jpg\" src=\"http:\/\/www.comuna13online.com.ar\/wp-content\/uploads\/2020\/04\/corona2.jpg\" alt=\"\" class=\"wp-image-8918\"\/><\/figure>\n","protected":false},"excerpt":{"rendered":"<div class=\"mh-excerpt\">Con m\u00e1s de 50 a\u00f1os de trayectoria en radio y TV, el locutor fue distinguido por la Legislatura de la Ciudad de Buenos Aires como Personalidad Destaca de la Cultura. <a class=\"mh-excerpt-more\" href=\"https:\/\/www.comuna13online.com.ar\/?p=13796\" title=\"Distinguieron a Fernando Bravo como Personalidad Destacada\">[&#8230;]<\/a><\/div>\n","protected":false},"author":1,"featured_media":13798,"comment_status":"closed","ping_status":"closed","sticky":false,"template":"","format":"standard","meta":{"_uag_custom_page_level_css":"","_jetpack_memberships_contains_paid_content":false,"footnotes":"","jetpack_publicize_message":"","jetpack_publicize_feature_enabled":true,"jetpack_social_post_already_shared":true,"jetpack_social_options":{"image_generator_settings":{"template":"highway","default_image_id":0,"font":"","enabled":false},"version":2}},"categories":[195],"tags":[250,296,7,146],"class_list":{"0":"post-13796","1":"post","2":"type-post","3":"status-publish","4":"format-standard","5":"has-post-thumbnail","7":"category-distincion","8":"tag-h2","9":"tag-h3","10":"tag-legislatura","11":"tag-reconocimiento"},"jetpack_publicize_connections":[],"jetpack_featured_media_url":"https:\/\/www.comuna13online.com.ar\/wp-content\/uploads\/2021\/07\/210726b-id.jpg","uagb_featured_image_src":{"full":["https:\/\/www.comuna13online.com.ar\/wp-content\/uploads\/2021\/07\/210726b-id.jpg",678,452,false],"thumbnail":["https:\/\/www.comuna13online.com.ar\/wp-content\/uploads\/2021\/07\/210726b-id.jpg",128,85,false],"medium":["https:\/\/www.comuna13online.com.ar\/wp-content\/uploads\/2021\/07\/210726b-id.jpg",678,452,false],"medium_large":["https:\/\/www.comuna13online.com.ar\/wp-content\/uploads\/2021\/07\/210726b-id.jpg",678,452,false],"large":["https:\/\/www.comuna13online.com.ar\/wp-content\/uploads\/2021\/07\/210726b-id.jpg",678,452,false],"1536x1536":["https:\/\/www.comuna13online.com.ar\/wp-content\/uploads\/2021\/07\/210726b-id.jpg",678,452,false],"2048x2048":["https:\/\/www.comuna13online.com.ar\/wp-content\/uploads\/2021\/07\/210726b-id.jpg",678,452,false],"mh-magazine-slider":["https:\/\/www.comuna13online.com.ar\/wp-content\/uploads\/2021\/07\/210726b-id-678x438.jpg",678,438,true],"mh-magazine-content":["https:\/\/www.comuna13online.com.ar\/wp-content\/uploads\/2021\/07\/210726b-id-678x381.jpg",678,381,true],"mh-magazine-large":["https:\/\/www.comuna13online.com.ar\/wp-content\/uploads\/2021\/07\/210726b-id.jpg",678,452,false],"mh-magazine-medium":["https:\/\/www.comuna13online.com.ar\/wp-content\/uploads\/2021\/07\/210726b-id-326x245.jpg",326,245,true],"mh-magazine-small":["https:\/\/www.comuna13online.com.ar\/wp-content\/uploads\/2021\/07\/210726b-id-80x60.jpg",80,60,true],"sow-carousel-default":["https:\/\/www.comuna13online.com.ar\/wp-content\/uploads\/2021\/07\/210726b-id-272x182.jpg",272,182,true]},"uagb_author_info":{"display_name":"Comuna13","author_link":"https:\/\/www.comuna13online.com.ar\/?author=1"},"uagb_comment_info":0,"uagb_excerpt":"Con m\u00e1s de 50 a\u00f1os de trayectoria en radio y TV, el locutor fue distinguido por la Legislatura de la Ciudad de Buenos Aires como Personalidad Destaca de la Cultura. [...]","jetpack_sharing_enabled":true,"_links":{"self":[{"href":"https:\/\/www.comuna13online.com.ar\/index.php?rest_route=\/wp\/v2\/posts\/13796","targetHints":{"allow":["GET"]}}],"collection":[{"href":"https:\/\/www.comuna13online.com.ar\/index.php?rest_route=\/wp\/v2\/posts"}],"about":[{"href":"https:\/\/www.comuna13online.com.ar\/index.php?rest_route=\/wp\/v2\/types\/post"}],"author":[{"embeddable":true,"href":"https:\/\/www.comuna13online.com.ar\/index.php?rest_route=\/wp\/v2\/users\/1"}],"replies":[{"embeddable":true,"href":"https:\/\/www.comuna13online.com.ar\/index.php?rest_route=%2Fwp%2Fv2%2Fcomments&post=13796"}],"version-history":[{"count":0,"href":"https:\/\/www.comuna13online.com.ar\/index.php?rest_route=\/wp\/v2\/posts\/13796\/revisions"}],"wp:featuredmedia":[{"embeddable":true,"href":"https:\/\/www.comuna13online.com.ar\/index.php?rest_route=\/wp\/v2\/media\/13798"}],"wp:attachment":[{"href":"https:\/\/www.comuna13online.com.ar\/index.php?rest_route=%2Fwp%2Fv2%2Fmedia&parent=13796"}],"wp:term":[{"taxonomy":"category","embeddable":true,"href":"https:\/\/www.comuna13online.com.ar\/index.php?rest_route=%2Fwp%2Fv2%2Fcategories&post=13796"},{"taxonomy":"post_tag","embeddable":true,"href":"https:\/\/www.comuna13online.com.ar\/index.php?rest_route=%2Fwp%2Fv2%2Ftags&post=13796"}],"curies":[{"name":"wp","href":"https:\/\/api.w.org\/{rel}","templated":true}]}}