{"id":13784,"date":"2021-07-16T19:20:00","date_gmt":"2021-07-16T22:20:00","guid":{"rendered":"http:\/\/www.comuna13online.com.ar\/?p=13784"},"modified":"2021-07-17T20:06:25","modified_gmt":"2021-07-17T23:06:25","slug":"la-ciudad-dio-a-conocer-la-agenda-turistica-invernal","status":"publish","type":"post","link":"https:\/\/www.comuna13online.com.ar\/?p=13784","title":{"rendered":"La Ciudad dio a conocer la agenda tur\u00edstica invernal"},"content":{"rendered":"\n<p><strong>La Ciudad de Buenos Aires present\u00f3 su agenda de propuestas tur\u00edsticas y culturales para las vacaciones de invierno, que incluye m\u00e1s de 230 actividades, m\u00e1s de 80 de ellas gratuitas o con descuentos en las tarifas, adem\u00e1s de ofrecer tests de coronavirus sin cargo a los turistas.<\/strong><\/p>\n\n\n\n<figure class=\"wp-block-image size-full\"><img loading=\"lazy\" decoding=\"async\" width=\"678\" height=\"452\" data-attachment-id=\"13786\" data-permalink=\"https:\/\/www.comuna13online.com.ar\/?attachment_id=13786\" data-orig-file=\"https:\/\/www.comuna13online.com.ar\/wp-content\/uploads\/2021\/07\/210716d-01.jpg\" data-orig-size=\"678,452\" data-comments-opened=\"0\" data-image-meta=\"{&quot;aperture&quot;:&quot;0&quot;,&quot;credit&quot;:&quot;&quot;,&quot;camera&quot;:&quot;&quot;,&quot;caption&quot;:&quot;&quot;,&quot;created_timestamp&quot;:&quot;0&quot;,&quot;copyright&quot;:&quot;&quot;,&quot;focal_length&quot;:&quot;0&quot;,&quot;iso&quot;:&quot;0&quot;,&quot;shutter_speed&quot;:&quot;0&quot;,&quot;title&quot;:&quot;&quot;,&quot;orientation&quot;:&quot;0&quot;}\" data-image-title=\"210716d-01\" data-image-description=\"\" data-image-caption=\"\" data-large-file=\"https:\/\/www.comuna13online.com.ar\/wp-content\/uploads\/2021\/07\/210716d-01.jpg\" src=\"http:\/\/www.comuna13online.com.ar\/wp-content\/uploads\/2021\/07\/210716d-01.jpg\" alt=\"\" class=\"wp-image-13786\" srcset=\"https:\/\/www.comuna13online.com.ar\/wp-content\/uploads\/2021\/07\/210716d-01.jpg 678w, https:\/\/www.comuna13online.com.ar\/wp-content\/uploads\/2021\/07\/210716d-01-272x182.jpg 272w\" sizes=\"auto, (max-width: 678px) 100vw, 678px\" \/><figcaption><span style=\"color:#777777\" class=\"has-inline-color\"><sup><strong>Tour Diego Maradona. Visita guiada recorriendo los principales sitios de la carrera deportiva y de la vida del numero 10 mas famoso del mundo<\/strong><\/sup><\/span><\/figcaption><\/figure>\n\n\n\n<p>La oferta incluye actividades al aire libre y en espacios cerrados con protocolos sanitarios, que pueden ser culturales, paseos gratuitos y experiencias p\u00fablicas y privadas, tours, recorridos en bicicleta, rooftops (terrazas de altura), espacios al aire libre, mercados y patios gastron\u00f3micos, entre otras.<\/p>\n\n\n\n<p>Bajo la consigna \u00abQu\u00e9 hacer en vacaciones de invierno\u00bb, el Ente de Turismo (Entur) porte\u00f1o detalla en el sitio\u00a0<a href=\"https:\/\/turismo.buenosaires.gob.ar\/es\/que-hacer-en-la-ciudad\" target=\"_blank\" rel=\"noreferrer noopener\">https:\/\/turismo.buenosaires.gob.ar\/es\/que-hacer-en-la-ciudad<\/a>\u00a0que los descuentos podr\u00e1n ser de 2&#215;1 o 3&#215;2, y entre un 10% al 50% de la tarifa establecida para actividades que se pueden filtrar por precio, edad, d\u00edas y tipo.<\/p>\n\n\n\n<p>Algunas experiencias que se pueden disfrutar son \u00abVisita guiada al Centro Ana Frank\u00bb, con un 20% de descuento; \u00abWalking tour Palermo Soho\u00bb, con el sistema 3&#215;2; \u00abFileteado 054\u00bb, el primer tour dedicado al Fileteado Porte\u00f1o ,que incluye la recorrida por el barrio de San Telmo y la oportunidad de aprender a realizarlo con 30% de descuento.<\/p>\n\n\n\n<p><\/p>\n<div align=\"center\"><blockquote class=\"twitter-tweet\"><p lang=\"es\" dir=\"ltr\">En <a href=\"https:\/\/twitter.com\/hashtag\/VacacionesDeInvierno?src=hash&amp;ref_src=twsrc%5Etfw\">#VacacionesDeInvierno<\/a>, <a href=\"https:\/\/twitter.com\/hashtag\/BuenosAires?src=hash&amp;ref_src=twsrc%5Etfw\">#BuenosAires<\/a> te espera ?\u2764\ufe0f<br><br> Para caminar, para pedalear o deleitarte con su incre\u00edble gastronom\u00eda. La Ciudad te espera para que la disfrutes de la forma que m\u00e1s te guste.<br><br> ? Mir\u00e1 toda la oferta &gt; &gt; <a href=\"https:\/\/t.co\/NQEomae6sI\">https:\/\/t.co\/NQEomae6sI<\/a><a href=\"https:\/\/twitter.com\/hashtag\/TravelBuenosAires?src=hash&amp;ref_src=twsrc%5Etfw\">#TravelBuenosAires<\/a> <a href=\"https:\/\/t.co\/B4WR3gqWGc\">pic.twitter.com\/B4WR3gqWGc<\/a><\/p>&mdash; Ente de Turismo &#8211; Buenos Aires (@EnTurBA) <a href=\"https:\/\/twitter.com\/EnTurBA\/status\/1414691038040625152?ref_src=twsrc%5Etfw\">July 12, 2021<\/a><\/blockquote> <script async src=\"https:\/\/platform.twitter.com\/widgets.js\" charset=\"utf-8\"><\/script><\/div>\n<p><\/p>\n\n\n\n<p>Otras propuestas son \u00abUn Viaje en Bici desde la \u00c9poca Colonial hasta el Siglo XXI\u00bb, con 20% de descuento o 50% (en caso de ir con bice propia), que combina caminata por el casco hist\u00f3rico, pedaleada por parques, y \u00abTour gastron\u00f3mico cata de vinos argentinos\u00bb con un 15% de descuento en catas programadas.<\/p>\n\n\n\n<p>Tambi\u00e9n se detallan museos, centros culturales y espect\u00e1culos; deportes y aventura; compras; patios gastron\u00f3micos y actividades en las reservas naturales, Jard\u00edn Bot\u00e1nico, Ecoparque y espacios verdes, en contacto con la flora y fauna o los circuitos caminables y de bicicletas en barrios.<\/p>\n\n\n\n<p>El presidente del Entur, Gonzalo Robredo, sostuvo que \u00ablas vacaciones de invierno son una gran oportunidad para recorrer, conocer y disfrutar de la ciudad\u00bb.<\/p>\n\n\n\n<p><em>\u00abQueremos volver a reencontrarnos con las personas que nos eligen como destino, y sabemos que muchos quieren volver para disfrutar y vivir de todos los atractivos que tiene Buenos Aires as\u00ed como ver nuevamente a familiares y amigos\u00bb<\/em>, a\u00f1adi\u00f3<\/p>\n\n\n\n<p>El 12 de este mes, la Ciudad puso en marcha el refuerzo de la pol\u00edtica integral de testeos y protocolos sanitarios para recibir a los turistas nacionales, gratuitos y sin cuarentena, para lo que sum\u00f3 cinco nuevos centros en nodos tur\u00edsticos a los siete centros de testeo que ya estaban en funcionamiento.<\/p>\n\n\n\n<p>En la web de turismo habr\u00e1 una plataforma para que los visitantes puedan acceder al listado de gu\u00edas registrados de la Ciudad (<a href=\"https:\/\/turismo.buenosaires.gob.ar\/es\/guias-de-turismo\" target=\"_blank\" rel=\"noreferrer noopener\">https:\/\/turismo.buenosaires.gob.ar\/es\/guias-de-turismo<\/a>), donde podr\u00e1n filtrar por idiomas y tipo de actividad y obtener los datos de los gu\u00edas que se adecuen al perfil de la experiencia tur\u00edstica que buscan en Buenos Aires.<\/p>\n\n\n\n<p><\/p>\n<div align=\"center\"><blockquote class=\"twitter-tweet\" data-conversation=\"none\"><p lang=\"es\" dir=\"ltr\">Al reactivarse el movimiento tur\u00edstico, se organiz\u00f3 una estrategia a trav\u00e9s de 7 centros diferentes: Ezeiza, la estaci\u00f3n Dellepiane, el Centro de Convenciones, el edificio de la Munich, Costa Salguero, La Rural y la unidad m\u00f3vil de Callao y Tucum\u00e1n. <a href=\"https:\/\/t.co\/qKE6shC6Vk\">pic.twitter.com\/qKE6shC6Vk<\/a><\/p>&mdash; Buenos Aires Ciudad ??\u200d\u2642\ufe0f\u2194\ufe0f??\u200d\u2640\ufe0f (@gcba) <a href=\"https:\/\/twitter.com\/gcba\/status\/1366354451905339398?ref_src=twsrc%5Etfw\">March 1, 2021<\/a><\/blockquote> <script async src=\"https:\/\/platform.twitter.com\/widgets.js\" charset=\"utf-8\"><\/script><\/div>\n<p><\/p>\n\n\n\n<figure class=\"wp-block-image size-large is-resized\"><img loading=\"lazy\" decoding=\"async\" data-attachment-id=\"99\" data-permalink=\"https:\/\/www.comuna13online.com.ar\/?attachment_id=99\" data-orig-file=\"https:\/\/www.comuna13online.com.ar\/wp-content\/uploads\/2017\/12\/line.jpg\" data-orig-size=\"678,1\" data-comments-opened=\"0\" data-image-meta=\"{&quot;aperture&quot;:&quot;0&quot;,&quot;credit&quot;:&quot;&quot;,&quot;camera&quot;:&quot;&quot;,&quot;caption&quot;:&quot;&quot;,&quot;created_timestamp&quot;:&quot;0&quot;,&quot;copyright&quot;:&quot;&quot;,&quot;focal_length&quot;:&quot;0&quot;,&quot;iso&quot;:&quot;0&quot;,&quot;shutter_speed&quot;:&quot;0&quot;,&quot;title&quot;:&quot;&quot;,&quot;orientation&quot;:&quot;0&quot;}\" data-image-title=\"line\" data-image-description=\"\" data-image-caption=\"\" data-large-file=\"https:\/\/www.comuna13online.com.ar\/wp-content\/uploads\/2017\/12\/line.jpg\" src=\"http:\/\/www.comuna13online.com.ar\/wp-content\/uploads\/2017\/12\/line.jpg\" alt=\"\" class=\"wp-image-99\" width=\"678\" height=\"1\" srcset=\"https:\/\/www.comuna13online.com.ar\/wp-content\/uploads\/2017\/12\/line.jpg 678w, https:\/\/www.comuna13online.com.ar\/wp-content\/uploads\/2017\/12\/line-150x1.jpg 150w, https:\/\/www.comuna13online.com.ar\/wp-content\/uploads\/2017\/12\/line-326x1.jpg 326w, https:\/\/www.comuna13online.com.ar\/wp-content\/uploads\/2017\/12\/line-80x1.jpg 80w, https:\/\/www.comuna13online.com.ar\/wp-content\/uploads\/2017\/12\/line-272x1.jpg 272w\" sizes=\"auto, (max-width: 678px) 100vw, 678px\" \/><\/figure>\n\n\n\n<figure class=\"wp-block-image size-full\"><img loading=\"lazy\" decoding=\"async\" width=\"678\" height=\"180\" data-attachment-id=\"8918\" data-permalink=\"https:\/\/www.comuna13online.com.ar\/?attachment_id=8918\" data-orig-file=\"https:\/\/www.comuna13online.com.ar\/wp-content\/uploads\/2020\/04\/corona2.jpg\" data-orig-size=\"678,180\" data-comments-opened=\"0\" data-image-meta=\"{&quot;aperture&quot;:&quot;0&quot;,&quot;credit&quot;:&quot;&quot;,&quot;camera&quot;:&quot;&quot;,&quot;caption&quot;:&quot;&quot;,&quot;created_timestamp&quot;:&quot;0&quot;,&quot;copyright&quot;:&quot;&quot;,&quot;focal_length&quot;:&quot;0&quot;,&quot;iso&quot;:&quot;0&quot;,&quot;shutter_speed&quot;:&quot;0&quot;,&quot;title&quot;:&quot;&quot;,&quot;orientation&quot;:&quot;0&quot;}\" data-image-title=\"corona2\" data-image-description=\"\" data-image-caption=\"\" data-large-file=\"https:\/\/www.comuna13online.com.ar\/wp-content\/uploads\/2020\/04\/corona2.jpg\" src=\"http:\/\/www.comuna13online.com.ar\/wp-content\/uploads\/2020\/04\/corona2.jpg\" alt=\"\" class=\"wp-image-8918\"\/><\/figure>\n","protected":false},"excerpt":{"rendered":"<div class=\"mh-excerpt\">La Ciudad de Buenos Aires present\u00f3 su agenda de propuestas tur\u00edsticas y culturales para las vacaciones de invierno, que incluye m\u00e1s de 230 actividades, m\u00e1s de 80 de ellas gratuitas <a class=\"mh-excerpt-more\" href=\"https:\/\/www.comuna13online.com.ar\/?p=13784\" title=\"La Ciudad dio a conocer la agenda tur\u00edstica invernal\">[&#8230;]<\/a><\/div>\n","protected":false},"author":1,"featured_media":13787,"comment_status":"closed","ping_status":"closed","sticky":false,"template":"","format":"standard","meta":{"_uag_custom_page_level_css":"","_jetpack_memberships_contains_paid_content":false,"footnotes":"","jetpack_publicize_message":"","jetpack_publicize_feature_enabled":true,"jetpack_social_post_already_shared":true,"jetpack_social_options":{"image_generator_settings":{"template":"highway","default_image_id":0,"font":"","enabled":false},"version":2}},"categories":[198],"tags":[250,296,199],"class_list":{"0":"post-13784","1":"post","2":"type-post","3":"status-publish","4":"format-standard","5":"has-post-thumbnail","7":"category-turismo","8":"tag-h2","9":"tag-h3","10":"tag-turismo"},"jetpack_publicize_connections":[],"jetpack_featured_media_url":"https:\/\/www.comuna13online.com.ar\/wp-content\/uploads\/2021\/07\/210716d-id.jpg","uagb_featured_image_src":{"full":["https:\/\/www.comuna13online.com.ar\/wp-content\/uploads\/2021\/07\/210716d-id.jpg",678,452,false],"thumbnail":["https:\/\/www.comuna13online.com.ar\/wp-content\/uploads\/2021\/07\/210716d-id.jpg",128,85,false],"medium":["https:\/\/www.comuna13online.com.ar\/wp-content\/uploads\/2021\/07\/210716d-id.jpg",678,452,false],"medium_large":["https:\/\/www.comuna13online.com.ar\/wp-content\/uploads\/2021\/07\/210716d-id.jpg",678,452,false],"large":["https:\/\/www.comuna13online.com.ar\/wp-content\/uploads\/2021\/07\/210716d-id.jpg",678,452,false],"1536x1536":["https:\/\/www.comuna13online.com.ar\/wp-content\/uploads\/2021\/07\/210716d-id.jpg",678,452,false],"2048x2048":["https:\/\/www.comuna13online.com.ar\/wp-content\/uploads\/2021\/07\/210716d-id.jpg",678,452,false],"mh-magazine-slider":["https:\/\/www.comuna13online.com.ar\/wp-content\/uploads\/2021\/07\/210716d-id-678x438.jpg",678,438,true],"mh-magazine-content":["https:\/\/www.comuna13online.com.ar\/wp-content\/uploads\/2021\/07\/210716d-id-678x381.jpg",678,381,true],"mh-magazine-large":["https:\/\/www.comuna13online.com.ar\/wp-content\/uploads\/2021\/07\/210716d-id.jpg",678,452,false],"mh-magazine-medium":["https:\/\/www.comuna13online.com.ar\/wp-content\/uploads\/2021\/07\/210716d-id-326x245.jpg",326,245,true],"mh-magazine-small":["https:\/\/www.comuna13online.com.ar\/wp-content\/uploads\/2021\/07\/210716d-id-80x60.jpg",80,60,true],"sow-carousel-default":["https:\/\/www.comuna13online.com.ar\/wp-content\/uploads\/2021\/07\/210716d-id-272x182.jpg",272,182,true]},"uagb_author_info":{"display_name":"Comuna13","author_link":"https:\/\/www.comuna13online.com.ar\/?author=1"},"uagb_comment_info":0,"uagb_excerpt":"La Ciudad de Buenos Aires present\u00f3 su agenda de propuestas tur\u00edsticas y culturales para las vacaciones de invierno, que incluye m\u00e1s de 230 actividades, m\u00e1s de 80 de ellas gratuitas [...]","jetpack_sharing_enabled":true,"_links":{"self":[{"href":"https:\/\/www.comuna13online.com.ar\/index.php?rest_route=\/wp\/v2\/posts\/13784","targetHints":{"allow":["GET"]}}],"collection":[{"href":"https:\/\/www.comuna13online.com.ar\/index.php?rest_route=\/wp\/v2\/posts"}],"about":[{"href":"https:\/\/www.comuna13online.com.ar\/index.php?rest_route=\/wp\/v2\/types\/post"}],"author":[{"embeddable":true,"href":"https:\/\/www.comuna13online.com.ar\/index.php?rest_route=\/wp\/v2\/users\/1"}],"replies":[{"embeddable":true,"href":"https:\/\/www.comuna13online.com.ar\/index.php?rest_route=%2Fwp%2Fv2%2Fcomments&post=13784"}],"version-history":[{"count":0,"href":"https:\/\/www.comuna13online.com.ar\/index.php?rest_route=\/wp\/v2\/posts\/13784\/revisions"}],"wp:featuredmedia":[{"embeddable":true,"href":"https:\/\/www.comuna13online.com.ar\/index.php?rest_route=\/wp\/v2\/media\/13787"}],"wp:attachment":[{"href":"https:\/\/www.comuna13online.com.ar\/index.php?rest_route=%2Fwp%2Fv2%2Fmedia&parent=13784"}],"wp:term":[{"taxonomy":"category","embeddable":true,"href":"https:\/\/www.comuna13online.com.ar\/index.php?rest_route=%2Fwp%2Fv2%2Fcategories&post=13784"},{"taxonomy":"post_tag","embeddable":true,"href":"https:\/\/www.comuna13online.com.ar\/index.php?rest_route=%2Fwp%2Fv2%2Ftags&post=13784"}],"curies":[{"name":"wp","href":"https:\/\/api.w.org\/{rel}","templated":true}]}}