{"id":13779,"date":"2021-07-16T07:22:00","date_gmt":"2021-07-16T10:22:00","guid":{"rendered":"http:\/\/www.comuna13online.com.ar\/?p=13779"},"modified":"2021-07-16T14:46:19","modified_gmt":"2021-07-16T17:46:19","slug":"reabrieron-otras-5-estaciones-de-subte","status":"publish","type":"post","link":"https:\/\/www.comuna13online.com.ar\/?p=13779","title":{"rendered":"Reabrieron otras 5 estaciones de subte"},"content":{"rendered":"\n<p><strong>Se suman a las 10 que volvieron a operar el lunes, la medida es parte de las flexibilizaciones que el Gobierno porte\u00f1o lleva adelante en el marco de la pandemia por Covid-19.<\/strong><\/p>\n\n\n\n<figure class=\"wp-block-image size-full\"><img loading=\"lazy\" decoding=\"async\" width=\"678\" height=\"381\" data-attachment-id=\"13780\" data-permalink=\"https:\/\/www.comuna13online.com.ar\/?attachment_id=13780\" data-orig-file=\"https:\/\/www.comuna13online.com.ar\/wp-content\/uploads\/2021\/07\/210716c-01.jpg\" data-orig-size=\"678,381\" data-comments-opened=\"0\" data-image-meta=\"{&quot;aperture&quot;:&quot;0&quot;,&quot;credit&quot;:&quot;&quot;,&quot;camera&quot;:&quot;&quot;,&quot;caption&quot;:&quot;&quot;,&quot;created_timestamp&quot;:&quot;0&quot;,&quot;copyright&quot;:&quot;&quot;,&quot;focal_length&quot;:&quot;0&quot;,&quot;iso&quot;:&quot;0&quot;,&quot;shutter_speed&quot;:&quot;0&quot;,&quot;title&quot;:&quot;&quot;,&quot;orientation&quot;:&quot;0&quot;}\" data-image-title=\"210716c-01\" data-image-description=\"\" data-image-caption=\"\" data-large-file=\"https:\/\/www.comuna13online.com.ar\/wp-content\/uploads\/2021\/07\/210716c-01.jpg\" src=\"http:\/\/www.comuna13online.com.ar\/wp-content\/uploads\/2021\/07\/210716c-01.jpg\" alt=\"\" class=\"wp-image-13780\"\/><\/figure>\n\n\n\n<p>Este jueves 15 de julio volvieron a estar operativas otras 5 estaciones del Subte porte\u00f1o: Loria y Carabobo (L\u00ednea A), San Mart\u00edn (L\u00ednea C), Jos\u00e9 M. Moreno (L\u00ednea E) y Venezuela (L\u00ednea H). El proceso se llev\u00f3 adelante en dos etapas. Primero reabrieron 10 estaciones, mientras que ahora lo hacen otras cinco.<\/p>\n\n\n\n<p>La Ciudad hace esto para mejorar la fluidez en la operaci\u00f3n y circulaci\u00f3n y ofrecer un mejor servicio a los usuarios.<\/p>\n\n\n\n<p>En total, quedar\u00e1n\u00a0<strong>operativas 69 de las 90 estaciones de la red<\/strong>. Tambi\u00e9n reabri\u00f3 esta semana Plaza de Mayo, cabecera de la L\u00ednea A, luego de su puesta en valor.<\/p>\n\n\n\n<p><strong>A partir de este jueves 15, las estaciones abiertas ser\u00e1n:<\/strong><\/p>\n\n\n\n<ul class=\"wp-block-list\"><li><strong>L\u00ednea A:<\/strong>&nbsp;Plaza de Mayo, Per\u00fa, Lima, Congreso, Plaza Miserere, Loria, Castro Barros, Acoyte, Primera Junta, Puan, Carabobo, San Jos\u00e9 de Flores y San Pedrito.<\/li><li><strong>L\u00ednea B:<\/strong>&nbsp;Leandro N. Alem, Carlos Pellegrini, Uruguay, Callao, Pueyrred\u00f3n, Carlos Gardel, Medrano, \u00c1ngel Gallardo, Malabia, Dorrego, Federico Lacroze, De los Incas y Juan Manuel de Rosas.<\/li><li><strong>L\u00ednea C:<\/strong>&nbsp;Constituci\u00f3n, Independencia, Av. de Mayo, Diagonal Norte, Lavalle, San Mart\u00edn y Retiro.<\/li><li><strong>L\u00ednea D:<\/strong>&nbsp;Catedral, 9 de Julio, Tribunales, Callao, Facultad de Medicina, Pueyrred\u00f3n, Bulnes, Plaza Italia, Palermo, Ministro Carranza, Olleros, Juramento y Congreso de Tucum\u00e1n.<\/li><li><strong>L\u00ednea E:<\/strong>&nbsp;Retiro, Correo Central, Bol\u00edvar, Independencia, Entre R\u00edos, Jujuy, General Urquiza, Boedo, Av. La Plata, Jos\u00e9 M. Moreno, Emilio Mitre, Medalla Milagrosa y Plaza de los Virreyes.<\/li><li><strong>L\u00ednea H:<\/strong>&nbsp;Hospitales, Parque Patricios, Caseros, Humberto 1\u00ba, Venezuela, Once, Corrientes, Santa Fe, Las Heras y Facultad de Derecho.<\/li><\/ul>\n\n\n\n<p>El lunes 12, en tanto, ya volvieron a funcionar: Acoyte y Plaza de Mayo (L\u00ednea A); Callao, Carlos Gardel y Dorrego (L\u00ednea B); Lavalle (L\u00ednea C); Callao y Palermo (L\u00ednea D); y Boedo y Medalla Milagrosa (L\u00ednea E).<\/p>\n\n\n\n<figure class=\"wp-block-image size-large\"><a href=\"https:\/\/www.buenosaires.gob.ar\/sites\/gcaba\/files\/field\/image\/mapa.jpeg\" target=\"_blank\" rel=\"noopener\"><img decoding=\"async\" src=\"https:\/\/www.buenosaires.gob.ar\/sites\/gcaba\/files\/field\/image\/mapa.jpeg\" alt=\"\"\/><\/a><\/figure>\n\n\n\n<figure class=\"wp-block-image size-large is-resized\"><img loading=\"lazy\" decoding=\"async\" data-attachment-id=\"99\" data-permalink=\"https:\/\/www.comuna13online.com.ar\/?attachment_id=99\" data-orig-file=\"https:\/\/www.comuna13online.com.ar\/wp-content\/uploads\/2017\/12\/line.jpg\" data-orig-size=\"678,1\" data-comments-opened=\"0\" data-image-meta=\"{&quot;aperture&quot;:&quot;0&quot;,&quot;credit&quot;:&quot;&quot;,&quot;camera&quot;:&quot;&quot;,&quot;caption&quot;:&quot;&quot;,&quot;created_timestamp&quot;:&quot;0&quot;,&quot;copyright&quot;:&quot;&quot;,&quot;focal_length&quot;:&quot;0&quot;,&quot;iso&quot;:&quot;0&quot;,&quot;shutter_speed&quot;:&quot;0&quot;,&quot;title&quot;:&quot;&quot;,&quot;orientation&quot;:&quot;0&quot;}\" data-image-title=\"line\" data-image-description=\"\" data-image-caption=\"\" data-large-file=\"https:\/\/www.comuna13online.com.ar\/wp-content\/uploads\/2017\/12\/line.jpg\" src=\"http:\/\/www.comuna13online.com.ar\/wp-content\/uploads\/2017\/12\/line.jpg\" alt=\"\" class=\"wp-image-99\" width=\"678\" height=\"1\" srcset=\"https:\/\/www.comuna13online.com.ar\/wp-content\/uploads\/2017\/12\/line.jpg 678w, https:\/\/www.comuna13online.com.ar\/wp-content\/uploads\/2017\/12\/line-150x1.jpg 150w, https:\/\/www.comuna13online.com.ar\/wp-content\/uploads\/2017\/12\/line-326x1.jpg 326w, https:\/\/www.comuna13online.com.ar\/wp-content\/uploads\/2017\/12\/line-80x1.jpg 80w, https:\/\/www.comuna13online.com.ar\/wp-content\/uploads\/2017\/12\/line-272x1.jpg 272w\" sizes=\"auto, (max-width: 678px) 100vw, 678px\" \/><\/figure>\n\n\n\n<figure class=\"wp-block-image size-full\"><img loading=\"lazy\" decoding=\"async\" width=\"678\" height=\"180\" data-attachment-id=\"8918\" data-permalink=\"https:\/\/www.comuna13online.com.ar\/?attachment_id=8918\" data-orig-file=\"https:\/\/www.comuna13online.com.ar\/wp-content\/uploads\/2020\/04\/corona2.jpg\" data-orig-size=\"678,180\" data-comments-opened=\"0\" data-image-meta=\"{&quot;aperture&quot;:&quot;0&quot;,&quot;credit&quot;:&quot;&quot;,&quot;camera&quot;:&quot;&quot;,&quot;caption&quot;:&quot;&quot;,&quot;created_timestamp&quot;:&quot;0&quot;,&quot;copyright&quot;:&quot;&quot;,&quot;focal_length&quot;:&quot;0&quot;,&quot;iso&quot;:&quot;0&quot;,&quot;shutter_speed&quot;:&quot;0&quot;,&quot;title&quot;:&quot;&quot;,&quot;orientation&quot;:&quot;0&quot;}\" data-image-title=\"corona2\" data-image-description=\"\" data-image-caption=\"\" data-large-file=\"https:\/\/www.comuna13online.com.ar\/wp-content\/uploads\/2020\/04\/corona2.jpg\" src=\"http:\/\/www.comuna13online.com.ar\/wp-content\/uploads\/2020\/04\/corona2.jpg\" alt=\"\" class=\"wp-image-8918\"\/><\/figure>\n","protected":false},"excerpt":{"rendered":"<div class=\"mh-excerpt\">Se suman a las 10 que volvieron a operar el lunes, la medida es parte de las flexibilizaciones que el Gobierno porte\u00f1o lleva adelante en el marco de la pandemia <a class=\"mh-excerpt-more\" href=\"https:\/\/www.comuna13online.com.ar\/?p=13779\" title=\"Reabrieron otras 5 estaciones de subte\">[&#8230;]<\/a><\/div>\n","protected":false},"author":1,"featured_media":13781,"comment_status":"closed","ping_status":"closed","sticky":false,"template":"","format":"standard","meta":{"_uag_custom_page_level_css":"","_jetpack_memberships_contains_paid_content":false,"footnotes":"","jetpack_publicize_message":"","jetpack_publicize_feature_enabled":true,"jetpack_social_post_already_shared":true,"jetpack_social_options":{"image_generator_settings":{"template":"highway","default_image_id":0,"font":"","enabled":false},"version":2}},"categories":[14],"tags":[250,296,16,15],"class_list":{"0":"post-13779","1":"post","2":"type-post","3":"status-publish","4":"format-standard","5":"has-post-thumbnail","7":"category-subte","8":"tag-h2","9":"tag-h3","10":"tag-subte","11":"tag-transporte"},"jetpack_publicize_connections":[],"jetpack_featured_media_url":"https:\/\/www.comuna13online.com.ar\/wp-content\/uploads\/2021\/07\/210716c-id.jpg","uagb_featured_image_src":{"full":["https:\/\/www.comuna13online.com.ar\/wp-content\/uploads\/2021\/07\/210716c-id.jpg",678,452,false],"thumbnail":["https:\/\/www.comuna13online.com.ar\/wp-content\/uploads\/2021\/07\/210716c-id.jpg",128,85,false],"medium":["https:\/\/www.comuna13online.com.ar\/wp-content\/uploads\/2021\/07\/210716c-id.jpg",678,452,false],"medium_large":["https:\/\/www.comuna13online.com.ar\/wp-content\/uploads\/2021\/07\/210716c-id.jpg",678,452,false],"large":["https:\/\/www.comuna13online.com.ar\/wp-content\/uploads\/2021\/07\/210716c-id.jpg",678,452,false],"1536x1536":["https:\/\/www.comuna13online.com.ar\/wp-content\/uploads\/2021\/07\/210716c-id.jpg",678,452,false],"2048x2048":["https:\/\/www.comuna13online.com.ar\/wp-content\/uploads\/2021\/07\/210716c-id.jpg",678,452,false],"mh-magazine-slider":["https:\/\/www.comuna13online.com.ar\/wp-content\/uploads\/2021\/07\/210716c-id-678x438.jpg",678,438,true],"mh-magazine-content":["https:\/\/www.comuna13online.com.ar\/wp-content\/uploads\/2021\/07\/210716c-id-678x381.jpg",678,381,true],"mh-magazine-large":["https:\/\/www.comuna13online.com.ar\/wp-content\/uploads\/2021\/07\/210716c-id.jpg",678,452,false],"mh-magazine-medium":["https:\/\/www.comuna13online.com.ar\/wp-content\/uploads\/2021\/07\/210716c-id-326x245.jpg",326,245,true],"mh-magazine-small":["https:\/\/www.comuna13online.com.ar\/wp-content\/uploads\/2021\/07\/210716c-id-80x60.jpg",80,60,true],"sow-carousel-default":["https:\/\/www.comuna13online.com.ar\/wp-content\/uploads\/2021\/07\/210716c-id-272x182.jpg",272,182,true]},"uagb_author_info":{"display_name":"Comuna13","author_link":"https:\/\/www.comuna13online.com.ar\/?author=1"},"uagb_comment_info":0,"uagb_excerpt":"Se suman a las 10 que volvieron a operar el lunes, la medida es parte de las flexibilizaciones que el Gobierno porte\u00f1o lleva adelante en el marco de la pandemia [...]","jetpack_sharing_enabled":true,"_links":{"self":[{"href":"https:\/\/www.comuna13online.com.ar\/index.php?rest_route=\/wp\/v2\/posts\/13779","targetHints":{"allow":["GET"]}}],"collection":[{"href":"https:\/\/www.comuna13online.com.ar\/index.php?rest_route=\/wp\/v2\/posts"}],"about":[{"href":"https:\/\/www.comuna13online.com.ar\/index.php?rest_route=\/wp\/v2\/types\/post"}],"author":[{"embeddable":true,"href":"https:\/\/www.comuna13online.com.ar\/index.php?rest_route=\/wp\/v2\/users\/1"}],"replies":[{"embeddable":true,"href":"https:\/\/www.comuna13online.com.ar\/index.php?rest_route=%2Fwp%2Fv2%2Fcomments&post=13779"}],"version-history":[{"count":0,"href":"https:\/\/www.comuna13online.com.ar\/index.php?rest_route=\/wp\/v2\/posts\/13779\/revisions"}],"wp:featuredmedia":[{"embeddable":true,"href":"https:\/\/www.comuna13online.com.ar\/index.php?rest_route=\/wp\/v2\/media\/13781"}],"wp:attachment":[{"href":"https:\/\/www.comuna13online.com.ar\/index.php?rest_route=%2Fwp%2Fv2%2Fmedia&parent=13779"}],"wp:term":[{"taxonomy":"category","embeddable":true,"href":"https:\/\/www.comuna13online.com.ar\/index.php?rest_route=%2Fwp%2Fv2%2Fcategories&post=13779"},{"taxonomy":"post_tag","embeddable":true,"href":"https:\/\/www.comuna13online.com.ar\/index.php?rest_route=%2Fwp%2Fv2%2Ftags&post=13779"}],"curies":[{"name":"wp","href":"https:\/\/api.w.org\/{rel}","templated":true}]}}