{"id":13757,"date":"2021-07-14T16:09:01","date_gmt":"2021-07-14T19:09:01","guid":{"rendered":"http:\/\/www.comuna13online.com.ar\/?p=13757"},"modified":"2021-07-14T16:12:58","modified_gmt":"2021-07-14T19:12:58","slug":"jugar-en-la-ciudad-la-propuesta-de-la-ciudad-para-las-vacaciones-de-invierno","status":"publish","type":"post","link":"https:\/\/www.comuna13online.com.ar\/?p=13757","title":{"rendered":"\u201cJugar en la Ciudad\u201d, la propuesta porte\u00f1a para las vacaciones de invierno"},"content":{"rendered":"\n<p><strong>El Gobierno porte\u00f1o busca convertir la ciudad en un gran patio de juegos, 16 d\u00edas con m\u00e1s de 500 actividades presenciales y virtuales para todas las etapas de la ni\u00f1ez<\/strong>.<\/p>\n\n\n\n<p><\/p>\n<div align=\"center\"><iframe loading=\"lazy\" width=\"678\" height=\"381\" src=\"https:\/\/www.youtube.com\/embed\/4FrK_kuXYgc\" title=\"YouTube video player\" frameborder=\"0\" allow=\"accelerometer; autoplay; clipboard-write; encrypted-media; gyroscope; picture-in-picture\" allowfullscreen=\"\"><\/iframe><\/div>\n<p><\/p>\n\n\n\n<p>El Ministerio de Cultura porte\u00f1o presenta&nbsp;<strong>Jugar la Ciudad<\/strong>, con una programaci\u00f3n desde el s\u00e1bado 17 de julio hasta el domingo 1\u00b0 de agosto con diferentes actividades sobre m\u00fasica, danza, literatura, teatro, artes visuales, recreaci\u00f3n, tecnolog\u00eda, cine y gastronom\u00eda en la Usina del Arte, los Museos BA, Arte en Barrios, Casco Hist\u00f3rico de Buenos Aires, el Cultural San Mart\u00edn y por diferentes plataformas virtuales y la web&nbsp;<a rel=\"noreferrer noopener\" target=\"_blank\" href=\"https:\/\/vivamoscultura.buenosaires.gob.ar\/\">Vivamos Cultura<\/a>. &nbsp;<\/p>\n\n\n\n<p>El Juego tiene el poder de sanar, de funcionar como escudo protector que nos ampara en situaciones dif\u00edciles, que permite imaginar mundos donde todo es posible, permite incorporar conductas de cuidado, autonom\u00eda y fundamentalmente es un recurso para entusiasmarse. Por eso, la propuesta de la Ciudad, con el asesoramiento del Ministerio P\u00fablico Tutelar, plantea la programaci\u00f3n de vacaciones en 4 grandes Patios donde en cada uno de ellos se abordar\u00e1n tem\u00e1ticas centrales para el bienestar de los m\u00e1s chicos. &nbsp;<\/p>\n\n\n\n<p>El Patio de los&nbsp;<strong>Amigos<\/strong>&nbsp;ser\u00e1 un espacio que invita a jugar con otros, a compartir, a interactuar con amigos y familia. El Patio de la&nbsp;<strong>Creatividad<\/strong>&nbsp;ser\u00e1 un espacio que invita a desplegar la imaginaci\u00f3n, a jugar con distintos elementos y poner el cuerpo en acci\u00f3n. El Patio del&nbsp;<strong>Futuro<\/strong>&nbsp;ser\u00e1 un espacio que invita a jugar con la exploraci\u00f3n, con la tecnolog\u00eda como aliada para construir un futuro reparador. Y el Patio de las&nbsp;<strong>Historias<\/strong>&nbsp;ser\u00e1 un espacio que invita a identificar y revalorizar vivencias cotidianas y a expresarlas a trav\u00e9s del arte. &nbsp;<\/p>\n\n\n\n<p><em>\u201cTrabajamos para que en estas vacaciones de invierno la Ciudad tenga una amplia oferta cultural para toda la familia. Este a\u00f1o llega Jugar la Ciudad con propuestas, tanto virtuales como presenciales, y de todas las disciplinas art\u00edsticas. Es fundamental que continuemos con todos los cuidados sanitarios necesarios para poder controlar esta pandemia que nos sigue golpeando. Mientras, debemos encontrar formas de expresi\u00f3n para construir espacios especialmente planificados para los m\u00e1s peque\u00f1os. Los invitamos a vivir estas vacaciones de invierno en la Ciudad.\u201d<\/em>-asegura Enrique Avogadro, ministro de cultura de la ciudad de Buenos Aires. &nbsp;<\/p>\n\n\n\n<p><em>\u201cDesde el Gobierno de la Ciudad tenemos un objetivo claro para estas vacaciones de invierno: que los chicos jueguen, porque de esa forma, se desarrollan, crecen y se entusiasman. Por eso continuamos apoyando a los artistas que divierten, entretienen y educan a chicos y chicas. Los m\u00e1s chicos son los que m\u00e1s sufrieron el cambio de vida desde marzo del a\u00f1o pasado y para los hacedores de cultura sigue siendo un per\u00edodo complejo. Estamos trabajando junto al Ministerio P\u00fablico Tutelar el derecho al juego de chicos y chicas en todas las actividades de estas vacaciones\u201d.&nbsp;<\/em>Detalla Vivi Cantoni, subsecretar\u00eda de gesti\u00f3n cultural de la ciudad de Buenos Aires. &nbsp;<\/p>\n\n\n\n<figure class=\"wp-block-image size-full\"><img loading=\"lazy\" decoding=\"async\" width=\"678\" height=\"452\" data-attachment-id=\"13759\" data-permalink=\"https:\/\/www.comuna13online.com.ar\/?attachment_id=13759\" data-orig-file=\"https:\/\/www.comuna13online.com.ar\/wp-content\/uploads\/2021\/07\/210714a-01.jpg\" data-orig-size=\"678,452\" data-comments-opened=\"0\" data-image-meta=\"{&quot;aperture&quot;:&quot;0&quot;,&quot;credit&quot;:&quot;&quot;,&quot;camera&quot;:&quot;&quot;,&quot;caption&quot;:&quot;&quot;,&quot;created_timestamp&quot;:&quot;0&quot;,&quot;copyright&quot;:&quot;&quot;,&quot;focal_length&quot;:&quot;0&quot;,&quot;iso&quot;:&quot;0&quot;,&quot;shutter_speed&quot;:&quot;0&quot;,&quot;title&quot;:&quot;&quot;,&quot;orientation&quot;:&quot;0&quot;}\" data-image-title=\"210714a-01\" data-image-description=\"\" data-image-caption=\"\" data-large-file=\"https:\/\/www.comuna13online.com.ar\/wp-content\/uploads\/2021\/07\/210714a-01.jpg\" src=\"http:\/\/www.comuna13online.com.ar\/wp-content\/uploads\/2021\/07\/210714a-01.jpg\" alt=\"\" class=\"wp-image-13759\" srcset=\"https:\/\/www.comuna13online.com.ar\/wp-content\/uploads\/2021\/07\/210714a-01.jpg 678w, https:\/\/www.comuna13online.com.ar\/wp-content\/uploads\/2021\/07\/210714a-01-272x182.jpg 272w\" sizes=\"auto, (max-width: 678px) 100vw, 678px\" \/><\/figure>\n\n\n\n<p>En estas vacaciones de invierno hay actividades gratuitas, algunas con reserva online previa en el caso de experiencias y funciones, y otras con inscripci\u00f3n online previa, en el caso de talleres y clases. La inscripci\u00f3n a talleres y reserva de entradas gratuitas estar\u00e1n disponible dos d\u00edas antes de cada evento, a las 10 de la ma\u00f1ana. <\/p>\n\n\n\n<p>En&nbsp;<a rel=\"noreferrer noopener\" target=\"_blank\" href=\"https:\/\/www.buenosaires.gob.ar\/vacacionesdeinvierno\"><strong>https:\/\/www.buenosaires.gob.ar\/vacacionesdeinvierno<\/strong><\/a>&nbsp;se podr\u00e1 encontrar toda la programaci\u00f3n y buscar c\u00f3mo se puede participar de cada actividad en estas vacaciones de invierno. &nbsp;<\/p>\n\n\n\n<p>Todas las actividades, funciones, talleres, clases y experiencias se presentan bajo los protocolos sanitarios vigentes, tanto en espacios al aire libre como en interiores como son museos, teatros y cines. &nbsp;<\/p>\n\n\n\n<p>Los&nbsp;<strong>Museos BA<\/strong>&nbsp;tendr\u00e1n 12 d\u00edas de programaci\u00f3n presencial y virtual con programaci\u00f3n de mi\u00e9rcoles a domingo que incluyen recorridos accesibles, juegos de construcci\u00f3n, instalaciones participativas, obras de teatro, shows de m\u00fasica y narraciones. Dentro de las propuestas presenciales, en el&nbsp;<strong>Museo S\u00edvori<\/strong>&nbsp;M\u00f3nica Casella desarrollar\u00e1 un espacio de arte sustentable y colectivo. A trav\u00e9s de una propuesta l\u00fadica, los ni\u00f1os y ni\u00f1as co-crear\u00e1n con la artista una instalaci\u00f3n en el jard\u00edn con distintos materiales reciclables.&nbsp;En el&nbsp;<strong>Museo Larreta<\/strong>&nbsp;tendr\u00e1 un laberinto de cajas para que los chicos puedan jugar, teniendo la posibilidad de entrar a las cajas donde se encontrar\u00e1n con frases y juegos de palabras. Tambi\u00e9n podr\u00e1n intervenirlas con distintos materiales.&nbsp;La actividad estar\u00e1 acompa\u00f1ada de encuentros de Cuentacuentos en vivo y talleres. El&nbsp;<strong>Museo Fern\u00e1ndez Blanco&nbsp;<\/strong>invita a los chicos a que jueguen a la arquitectura y creen con su imaginaci\u00f3n y diferentes materiales sus palacios para disfrutar con amigos. Por otro lado, el&nbsp;<strong>Museo Perlotti<\/strong>, el&nbsp;<strong>Museo Jos\u00e9 Hern\u00e1ndez<\/strong>, el&nbsp;<strong>Museo Gardel<\/strong>&nbsp;y el&nbsp;<strong>Museo Saavedra<\/strong>&nbsp;tendr\u00e1n sus propuestas de manera virtual. &nbsp;<\/p>\n\n\n\n<p>El&nbsp;<strong>Casco Hist\u00f3rico de Buenos Aires<\/strong>&nbsp;tendr\u00e1 recorridos culturales, creaci\u00f3n digital colectiva, identificaci\u00f3n de personajes y edificios emblem\u00e1ticos del \u00e1rea m\u00e1s antigua de la Ciudad. Se recorrer\u00e1 el espacio buscando la historia en los detalles, se buscar\u00e1n objetos, dise\u00f1os e im\u00e1genes ocultos en el Casco Hist\u00f3rico. Adem\u00e1s, se realizar\u00e1n juegos y propuestas virtuales.&nbsp;&nbsp;<\/p>\n\n\n\n<p>La&nbsp;<strong>Usina del Arte<\/strong>&nbsp;tendr\u00e1 16 d\u00edas de programaci\u00f3n presencial y virtual con m\u00e1s de 290 actividades de lunes a lunes, que incluyen sustentabilidad y reciclaje, tecnolog\u00eda, cosplay, stop motion, tik tok, juegos r\u00edtmicos, micro shows al aire libre, streamings en Vivamos Cultura y talleres virtuales donde se suman encuentros de juegos para toda la familia junto a las juegotecas de la Ciudad. Vuelve&nbsp;<strong>iUpiiii<\/strong>, el primer espacio cultural para la primera infancia de la Ciudad que potencia y estimula la sensorialidad, la curiosidad, la sorpresa y el juego. Un espacio seguro, con texturas, colores y diferentes estaciones que permitir\u00e1 que los beb\u00e9s transiten de una actividad a otra eligiendo lo que m\u00e1s les atrae. Por otro lado, los ni\u00f1os de 8 a 12 podr\u00e1n disfrutar de juegos de escape&nbsp;con su burbuja de amigos donde podr\u00e1n develar secretos, acertijos y hacer alianzas. M\u00fasica y teatro en el Auditorio para los chicos de 0 a 12 a\u00f1os y libroteca y ludo-taller para todas las etapas de la ni\u00f1ez. &nbsp;<\/p>\n\n\n\n<figure class=\"wp-block-image size-full\"><img loading=\"lazy\" decoding=\"async\" width=\"678\" height=\"452\" data-attachment-id=\"13760\" data-permalink=\"https:\/\/www.comuna13online.com.ar\/?attachment_id=13760\" data-orig-file=\"https:\/\/www.comuna13online.com.ar\/wp-content\/uploads\/2021\/07\/210714a-02.jpg\" data-orig-size=\"678,452\" data-comments-opened=\"0\" data-image-meta=\"{&quot;aperture&quot;:&quot;0&quot;,&quot;credit&quot;:&quot;&quot;,&quot;camera&quot;:&quot;&quot;,&quot;caption&quot;:&quot;&quot;,&quot;created_timestamp&quot;:&quot;0&quot;,&quot;copyright&quot;:&quot;&quot;,&quot;focal_length&quot;:&quot;0&quot;,&quot;iso&quot;:&quot;0&quot;,&quot;shutter_speed&quot;:&quot;0&quot;,&quot;title&quot;:&quot;&quot;,&quot;orientation&quot;:&quot;0&quot;}\" data-image-title=\"210714a-02\" data-image-description=\"\" data-image-caption=\"\" data-large-file=\"https:\/\/www.comuna13online.com.ar\/wp-content\/uploads\/2021\/07\/210714a-02.jpg\" src=\"http:\/\/www.comuna13online.com.ar\/wp-content\/uploads\/2021\/07\/210714a-02.jpg\" alt=\"\" class=\"wp-image-13760\" srcset=\"https:\/\/www.comuna13online.com.ar\/wp-content\/uploads\/2021\/07\/210714a-02.jpg 678w, https:\/\/www.comuna13online.com.ar\/wp-content\/uploads\/2021\/07\/210714a-02-272x182.jpg 272w\" sizes=\"auto, (max-width: 678px) 100vw, 678px\" \/><\/figure>\n\n\n\n<p><strong>Arte en Barrios<\/strong>&nbsp;tendr\u00e1 16 actividades para las edades de 4 a 12 a\u00f1os en 12 barrios de la Ciudad. Habr\u00e1 jornadas de juego en Juegotecas de la Ciudad con postas de juegos al aire libre, talleres y m\u00fasica en vivo en el Centro L\u00fadico (La Pampa 750) abierto al p\u00fablico, y tambi\u00e9n abierto a&nbsp;400 ni\u00f1os de jardines de infantes de Estaci\u00f3n Buenos Aires y Nueva Pompeya. Tambi\u00e9n, se organizar\u00e1n Salidas culturales: 500 alumnos del programa y chicos que asisten a comedores disfrutar\u00e1n las actividades y shows en los jardines de los Museos BA y en la Usina del Arte. &nbsp;<\/p>\n\n\n\n<p>Por \u00faltimo,&nbsp;<strong>Festivales BA<\/strong>&nbsp;presenta una variada programaci\u00f3n en los Museos de la Ciudad de Buenos Aires.&nbsp;<strong>Emergentito<\/strong>, la c\u00e1psula de programaci\u00f3n para los m\u00e1s chicos del Festival<strong>&nbsp;Ciudad Emergente<\/strong>,estar\u00e1 presente en el Museo S\u00edvori:&nbsp;<strong>Veni a Rockearla<\/strong>: Tres shows pensados para que los m\u00e1s chicos puedan sumergirse y conocer sobre la historia del rock en Argentina. Funciones interactivas con bandas en vivo y Corina Gonz\u00e1lez Tejedor como moderadora para sacar los rockeros que los chicos tienen dentro. Padres y chicos dejan de ser espectadores para ser protagonistas y terminar\u00e1n bailando, cantando y disfrutando un momento en familia \u00fanico. De manera amena y l\u00fadica buscamos despertar la nueva generaci\u00f3n del rock. Rayos y centellas + Hab\u00eda una vez Rock + Mecache rock. &nbsp;<\/p>\n\n\n\n<p>Adem\u00e1s, habr\u00e1 propuestas presentadas por&nbsp;<strong>Emergentito<\/strong>&nbsp;para que los m\u00e1s chicos jueguen, creen y se diviertan haci\u00e9ndolo:&nbsp;<strong>Artie-rockers<\/strong>&nbsp;quienes asistan podr\u00e1n customizar sus prendas favoritas y convertirse en estrellas de rock, en&nbsp;<strong>Foodie-rockers<\/strong>&nbsp;decorar\u00e1n galletitas rockeras y armar\u00e1n las m\u00e1s ricas trufas y en&nbsp;<strong>Techno-rockers<\/strong>&nbsp;jugar\u00e1n y compondr\u00e1n m\u00fasica en formato digital siendo los mejores Djs. Las tres propuestas contar\u00e1n con la presencia de Corina Gonz\u00e1lez Tejedor, periodista experta en m\u00fasica, quien durante la experiencia les relatar\u00e1 diferentes an\u00e9cdotas, historias y datos de color de la historia del rock argentino de manera l\u00fadica y did\u00e1ctica, vinculando con la tem\u00e1tica que cada taller propone: la moda, la gastronom\u00eda y el v\u00ednculo del rock con la m\u00fasica electr\u00f3nica.<\/p>\n\n\n\n<figure class=\"wp-block-image size-full\"><img loading=\"lazy\" decoding=\"async\" width=\"678\" height=\"452\" data-attachment-id=\"13761\" data-permalink=\"https:\/\/www.comuna13online.com.ar\/?attachment_id=13761\" data-orig-file=\"https:\/\/www.comuna13online.com.ar\/wp-content\/uploads\/2021\/07\/210714a-03.jpg\" data-orig-size=\"678,452\" data-comments-opened=\"0\" data-image-meta=\"{&quot;aperture&quot;:&quot;0&quot;,&quot;credit&quot;:&quot;&quot;,&quot;camera&quot;:&quot;&quot;,&quot;caption&quot;:&quot;&quot;,&quot;created_timestamp&quot;:&quot;0&quot;,&quot;copyright&quot;:&quot;&quot;,&quot;focal_length&quot;:&quot;0&quot;,&quot;iso&quot;:&quot;0&quot;,&quot;shutter_speed&quot;:&quot;0&quot;,&quot;title&quot;:&quot;&quot;,&quot;orientation&quot;:&quot;0&quot;}\" data-image-title=\"210714a-03\" data-image-description=\"\" data-image-caption=\"\" data-large-file=\"https:\/\/www.comuna13online.com.ar\/wp-content\/uploads\/2021\/07\/210714a-03.jpg\" src=\"http:\/\/www.comuna13online.com.ar\/wp-content\/uploads\/2021\/07\/210714a-03.jpg\" alt=\"\" class=\"wp-image-13761\" srcset=\"https:\/\/www.comuna13online.com.ar\/wp-content\/uploads\/2021\/07\/210714a-03.jpg 678w, https:\/\/www.comuna13online.com.ar\/wp-content\/uploads\/2021\/07\/210714a-03-272x182.jpg 272w\" sizes=\"auto, (max-width: 678px) 100vw, 678px\" \/><\/figure>\n\n\n\n<p><strong>Buenos Aires Jazz<\/strong>&nbsp;tambi\u00e9n estar\u00e1 presente en este patio con dos propuestas:&nbsp;<strong>Mini-luthiers&nbsp;<\/strong>para hacer instrumentos con elementos reciclados y dos funciones interactivas de<strong>&nbsp;Jazz&amp;Jam<\/strong>, de la mano de Par\u00eds Jazz Club.&nbsp;<strong>Tango BA<\/strong>&nbsp;se har\u00e1 presente en el Patio de las Historias (Museo Larreta) con dos talleres:&nbsp;<strong>Rapeate un tango&nbsp;<\/strong>(partiendo de letras de tangos cl\u00e1sicos los chicos improvisar\u00e1n y armar\u00e1n raps de forma colectiva, una manera l\u00fadica de conocer el cl\u00e1sico g\u00e9nero musical porte\u00f1o en fusi\u00f3n con el actual furor de la m\u00fasica urbana) y&nbsp;<strong>Nosotrxs fileteamos<\/strong>,un taller de dibujo bajo la t\u00e9cnica de fileteado.&nbsp;<strong>Danza BA&nbsp;<\/strong>y&nbsp;<strong>Emergentito<\/strong>&nbsp;en el Patio de los Amigos (Museo Fern\u00e1ndez Blanco) presenta diferentes propuestas para mover el cuerpo:&nbsp;<strong>Tik tokers en acci\u00f3n<\/strong>&nbsp;para hacer los mejores videos bailando para tu red social favorita,&nbsp;<strong>Mis coreos favoritas<\/strong>&nbsp;para recrear videoclips que hoy est\u00e1n de moda y&nbsp;<strong>\u00a1A todo ritmo! #ATR<\/strong>&nbsp;para bailar al ritmo de estilos urbanos. &nbsp;<\/p>\n\n\n\n<p>Mediante una acci\u00f3n p\u00fablico-privada con el Alto Palermo se presenta&nbsp;<strong>Emergentito<\/strong>: un espacio para que chicos y padres se acerquen a disfrutar durante todos los d\u00edas de estas vacaciones de invierno. Tres experiencias interactivas y grupales donde los chicos podr\u00e1n rockearla desde la c\u00fapula del shopping m\u00e1s visitado de la Ciudad. Podr\u00e1n escuchar la m\u00fasica que les gusta y participar de talleres de customizado de prendas, realizaci\u00f3n de fanzines rockeros y tocar\u00e1n sus instrumentos favoritos.&nbsp;Para participar de estas actividades debe realizarse inscripci\u00f3n previa en el mismo shopping desde una hora antes de comenzar cada actividad. &nbsp;<\/p>\n\n\n\n<p><strong>FIBITA<\/strong>&nbsp;estar\u00e1 presente en La Usina del Arte con funciones de las obras&nbsp;<strong>SUE\u00d1O y MABEL<\/strong>, ambas con direcci\u00f3n de Emiliano Dionisi, director de la Compa\u00f1\u00eda Criolla.&nbsp;Las entradas para disfrutar de estas dos obras estar\u00e1n a la venta en&nbsp;<a rel=\"noreferrer noopener\" target=\"_blank\" href=\"http:\/\/www.alternativateatral.com.ar\/\">Alternativa Teatral<\/a>. &nbsp;<\/p>\n\n\n\n<p>Por \u00faltimo, vuelve&nbsp;<strong>BAFICITO animado &#8211; edici\u00f3n de Invierno<\/strong>, abrigado, con cuidados y por supuesto, con ganas de que redescubramos de forma gratuita el cine argentino para chicos de los \u00faltimos a\u00f1os en todos sus formatos. &nbsp;<\/p>\n\n\n\n<p>Entre largos y cortos, estrenos, series de TV, trabajos en proceso y un foco, el ciclo que suceder\u00e1 en una de las salas del Cultural San Mart\u00edn dedica la mayor\u00eda de su edici\u00f3n a la producci\u00f3n local. Desde las im\u00e1genes nuevas del largo en producci\u00f3n&nbsp;<strong>Dalia y el libro rojo<\/strong>&nbsp;a cortos como&nbsp;<strong>El \u00e1rbol<\/strong>&nbsp;ya fue plantado, se propone un paseo por muchos rincones, todos poderosos, de nuestra la creaci\u00f3n cinematogr\u00e1fica local. El estudio&nbsp;<strong>Can Can<\/strong>, la serie&nbsp;<strong>Anton<\/strong>, m\u00e1s veinte cortos argentinos y algunas perlas internacionales hacen a la nueva etiqueta de&nbsp;<strong>BAFICITO<\/strong>. &nbsp;<\/p>\n\n\n\n<p>Las entradas se podr\u00e1n reservar de forma gratuita y online, desde dos d\u00edas antes de cada funci\u00f3n, a las 10 de la ma\u00f1ana, en la p\u00e1gina web de&nbsp;<a rel=\"noreferrer noopener\" target=\"_blank\" href=\"http:\/\/www.buenosaires.gob.ar\/festivalesba\">Festivales de la Ciudad<\/a>. &nbsp;<\/p>\n\n\n\n<p>Adem\u00e1s, dentro de la programaci\u00f3n se presentan los 10 seleccionados de la convocatoria abierta a todo el pa\u00eds para cortometrajes infantiles lanzada recientemente en b\u00fasqueda de apoyar al campo cultural del cine. Estos contenidos tambi\u00e9n podr\u00e1n ser disfrutados desde cualquier punto de la Argentina gracias a la plataforma&nbsp;<strong>Vivamos Cultura<\/strong>. &nbsp;<\/p>\n\n\n\n<p><strong>M\u00e1s informaci\u00f3n: &nbsp;<\/strong><\/p>\n\n\n\n<ul class=\"wp-block-list\"><li><a rel=\"noreferrer noopener\" target=\"_blank\" href=\"https:\/\/www.buenosaires.gob.ar\/usinadelarte\">www.buenosaires.gob.ar\/usinadelarte<\/a><\/li><li><a rel=\"noreferrer noopener\" target=\"_blank\" href=\"https:\/\/www.buenosaires.gob.ar\/cultura\/museos\">www.buenosaires.gob.ar\/cultura\/museos<\/a><\/li><li><a rel=\"noreferrer noopener\" target=\"_blank\" href=\"https:\/\/www.buenosaires.gob.ar\/festivalesba\">www.buenosaires.gob.ar\/festivalesba<\/a>&nbsp;&nbsp;<\/li><\/ul>\n\n\n\n<h2 class=\"wp-block-heading\">Toda la programaci\u00f3n<\/h2>\n\n\n\n<div class=\"wp-block-pdf-viewer-block-standard\" style=\"text-align:left\"><div class=\"uploaded-pdf\"><a href=\"http:\/\/www.comuna13online.com.ar\/wp-content\/uploads\/2021\/07\/vacaciones_programacionpdf.pdf\" data-width=\"\" data-height=\"\"><\/a><\/div><\/div>\n\n\n\n<div class=\"wp-block-image\"><figure class=\"aligncenter size-full is-resized\"><a href=\"http:\/\/www.comuna13online.com.ar\/wp-content\/uploads\/2021\/07\/vacaciones_programacionpdf.pdf\" target=\"_blank\" rel=\"noopener\"><img loading=\"lazy\" decoding=\"async\" data-attachment-id=\"503\" data-permalink=\"https:\/\/www.comuna13online.com.ar\/?attachment_id=503\" data-orig-file=\"https:\/\/www.comuna13online.com.ar\/wp-content\/uploads\/2018\/01\/descargar-pdf.png\" data-orig-size=\"400,100\" data-comments-opened=\"0\" data-image-meta=\"{&quot;aperture&quot;:&quot;0&quot;,&quot;credit&quot;:&quot;&quot;,&quot;camera&quot;:&quot;&quot;,&quot;caption&quot;:&quot;&quot;,&quot;created_timestamp&quot;:&quot;0&quot;,&quot;copyright&quot;:&quot;&quot;,&quot;focal_length&quot;:&quot;0&quot;,&quot;iso&quot;:&quot;0&quot;,&quot;shutter_speed&quot;:&quot;0&quot;,&quot;title&quot;:&quot;&quot;,&quot;orientation&quot;:&quot;0&quot;}\" data-image-title=\"descargar-pdf\" data-image-description=\"\" data-image-caption=\"\" data-large-file=\"https:\/\/www.comuna13online.com.ar\/wp-content\/uploads\/2018\/01\/descargar-pdf.png\" src=\"http:\/\/www.comuna13online.com.ar\/wp-content\/uploads\/2018\/01\/descargar-pdf.png\" alt=\"\" class=\"wp-image-503\" width=\"194\" height=\"49\"\/><\/a><\/figure><\/div>\n\n\n\n<p><\/p>\n\n\n\n<figure class=\"wp-block-image size-large is-resized\"><img loading=\"lazy\" decoding=\"async\" data-attachment-id=\"99\" data-permalink=\"https:\/\/www.comuna13online.com.ar\/?attachment_id=99\" data-orig-file=\"https:\/\/www.comuna13online.com.ar\/wp-content\/uploads\/2017\/12\/line.jpg\" data-orig-size=\"678,1\" data-comments-opened=\"0\" data-image-meta=\"{&quot;aperture&quot;:&quot;0&quot;,&quot;credit&quot;:&quot;&quot;,&quot;camera&quot;:&quot;&quot;,&quot;caption&quot;:&quot;&quot;,&quot;created_timestamp&quot;:&quot;0&quot;,&quot;copyright&quot;:&quot;&quot;,&quot;focal_length&quot;:&quot;0&quot;,&quot;iso&quot;:&quot;0&quot;,&quot;shutter_speed&quot;:&quot;0&quot;,&quot;title&quot;:&quot;&quot;,&quot;orientation&quot;:&quot;0&quot;}\" data-image-title=\"line\" data-image-description=\"\" data-image-caption=\"\" data-large-file=\"https:\/\/www.comuna13online.com.ar\/wp-content\/uploads\/2017\/12\/line.jpg\" src=\"http:\/\/www.comuna13online.com.ar\/wp-content\/uploads\/2017\/12\/line.jpg\" alt=\"\" class=\"wp-image-99\" width=\"678\" height=\"1\" srcset=\"https:\/\/www.comuna13online.com.ar\/wp-content\/uploads\/2017\/12\/line.jpg 678w, https:\/\/www.comuna13online.com.ar\/wp-content\/uploads\/2017\/12\/line-150x1.jpg 150w, https:\/\/www.comuna13online.com.ar\/wp-content\/uploads\/2017\/12\/line-326x1.jpg 326w, https:\/\/www.comuna13online.com.ar\/wp-content\/uploads\/2017\/12\/line-80x1.jpg 80w, https:\/\/www.comuna13online.com.ar\/wp-content\/uploads\/2017\/12\/line-272x1.jpg 272w\" sizes=\"auto, (max-width: 678px) 100vw, 678px\" \/><\/figure>\n\n\n\n<figure class=\"wp-block-image size-full\"><img loading=\"lazy\" decoding=\"async\" width=\"678\" height=\"180\" data-attachment-id=\"8918\" data-permalink=\"https:\/\/www.comuna13online.com.ar\/?attachment_id=8918\" data-orig-file=\"https:\/\/www.comuna13online.com.ar\/wp-content\/uploads\/2020\/04\/corona2.jpg\" data-orig-size=\"678,180\" data-comments-opened=\"0\" data-image-meta=\"{&quot;aperture&quot;:&quot;0&quot;,&quot;credit&quot;:&quot;&quot;,&quot;camera&quot;:&quot;&quot;,&quot;caption&quot;:&quot;&quot;,&quot;created_timestamp&quot;:&quot;0&quot;,&quot;copyright&quot;:&quot;&quot;,&quot;focal_length&quot;:&quot;0&quot;,&quot;iso&quot;:&quot;0&quot;,&quot;shutter_speed&quot;:&quot;0&quot;,&quot;title&quot;:&quot;&quot;,&quot;orientation&quot;:&quot;0&quot;}\" data-image-title=\"corona2\" data-image-description=\"\" data-image-caption=\"\" data-large-file=\"https:\/\/www.comuna13online.com.ar\/wp-content\/uploads\/2020\/04\/corona2.jpg\" src=\"http:\/\/www.comuna13online.com.ar\/wp-content\/uploads\/2020\/04\/corona2.jpg\" alt=\"\" class=\"wp-image-8918\"\/><\/figure>\n","protected":false},"excerpt":{"rendered":"<div class=\"mh-excerpt\">El Gobierno porte\u00f1o busca convertir la ciudad en un gran patio de juegos, 16 d\u00edas con m\u00e1s de 500 actividades presenciales y virtuales para todas las etapas de la ni\u00f1ez. <a class=\"mh-excerpt-more\" href=\"https:\/\/www.comuna13online.com.ar\/?p=13757\" title=\"\u201cJugar en la Ciudad\u201d, la propuesta porte\u00f1a para las vacaciones de invierno\">[&#8230;]<\/a><\/div>\n","protected":false},"author":1,"featured_media":13763,"comment_status":"closed","ping_status":"closed","sticky":false,"template":"","format":"standard","meta":{"_uag_custom_page_level_css":"","_jetpack_memberships_contains_paid_content":false,"footnotes":"","jetpack_publicize_message":"","jetpack_publicize_feature_enabled":true,"jetpack_social_post_already_shared":true,"jetpack_social_options":{"image_generator_settings":{"template":"highway","default_image_id":0,"font":"","enabled":false},"version":2}},"categories":[42],"tags":[246,250,296,71,43],"class_list":{"0":"post-13757","1":"post","2":"type-post","3":"status-publish","4":"format-standard","5":"has-post-thumbnail","7":"category-vacaciones","8":"tag-h1","9":"tag-h2","10":"tag-h3","11":"tag-tiempo-libre","12":"tag-vacaciones"},"jetpack_publicize_connections":[],"jetpack_featured_media_url":"https:\/\/www.comuna13online.com.ar\/wp-content\/uploads\/2021\/07\/210714a-id.jpg","uagb_featured_image_src":{"full":["https:\/\/www.comuna13online.com.ar\/wp-content\/uploads\/2021\/07\/210714a-id.jpg",1030,438,false],"thumbnail":["https:\/\/www.comuna13online.com.ar\/wp-content\/uploads\/2021\/07\/210714a-id.jpg",128,54,false],"medium":["https:\/\/www.comuna13online.com.ar\/wp-content\/uploads\/2021\/07\/210714a-id.jpg",1030,438,false],"medium_large":["https:\/\/www.comuna13online.com.ar\/wp-content\/uploads\/2021\/07\/210714a-id-768x327.jpg",768,327,true],"large":["https:\/\/www.comuna13online.com.ar\/wp-content\/uploads\/2021\/07\/210714a-id.jpg",1030,438,false],"1536x1536":["https:\/\/www.comuna13online.com.ar\/wp-content\/uploads\/2021\/07\/210714a-id.jpg",1030,438,false],"2048x2048":["https:\/\/www.comuna13online.com.ar\/wp-content\/uploads\/2021\/07\/210714a-id.jpg",1030,438,false],"mh-magazine-slider":["https:\/\/www.comuna13online.com.ar\/wp-content\/uploads\/2021\/07\/210714a-id-1030x438.jpg",1030,438,true],"mh-magazine-content":["https:\/\/www.comuna13online.com.ar\/wp-content\/uploads\/2021\/07\/210714a-id-678x381.jpg",678,381,true],"mh-magazine-large":["https:\/\/www.comuna13online.com.ar\/wp-content\/uploads\/2021\/07\/210714a-id-678x438.jpg",678,438,true],"mh-magazine-medium":["https:\/\/www.comuna13online.com.ar\/wp-content\/uploads\/2021\/07\/210714a-id-326x245.jpg",326,245,true],"mh-magazine-small":["https:\/\/www.comuna13online.com.ar\/wp-content\/uploads\/2021\/07\/210714a-id-80x60.jpg",80,60,true],"sow-carousel-default":["https:\/\/www.comuna13online.com.ar\/wp-content\/uploads\/2021\/07\/210714a-id-272x182.jpg",272,182,true]},"uagb_author_info":{"display_name":"Comuna13","author_link":"https:\/\/www.comuna13online.com.ar\/?author=1"},"uagb_comment_info":0,"uagb_excerpt":"El Gobierno porte\u00f1o busca convertir la ciudad en un gran patio de juegos, 16 d\u00edas con m\u00e1s de 500 actividades presenciales y virtuales para todas las etapas de la ni\u00f1ez. [...]","jetpack_sharing_enabled":true,"_links":{"self":[{"href":"https:\/\/www.comuna13online.com.ar\/index.php?rest_route=\/wp\/v2\/posts\/13757","targetHints":{"allow":["GET"]}}],"collection":[{"href":"https:\/\/www.comuna13online.com.ar\/index.php?rest_route=\/wp\/v2\/posts"}],"about":[{"href":"https:\/\/www.comuna13online.com.ar\/index.php?rest_route=\/wp\/v2\/types\/post"}],"author":[{"embeddable":true,"href":"https:\/\/www.comuna13online.com.ar\/index.php?rest_route=\/wp\/v2\/users\/1"}],"replies":[{"embeddable":true,"href":"https:\/\/www.comuna13online.com.ar\/index.php?rest_route=%2Fwp%2Fv2%2Fcomments&post=13757"}],"version-history":[{"count":0,"href":"https:\/\/www.comuna13online.com.ar\/index.php?rest_route=\/wp\/v2\/posts\/13757\/revisions"}],"wp:featuredmedia":[{"embeddable":true,"href":"https:\/\/www.comuna13online.com.ar\/index.php?rest_route=\/wp\/v2\/media\/13763"}],"wp:attachment":[{"href":"https:\/\/www.comuna13online.com.ar\/index.php?rest_route=%2Fwp%2Fv2%2Fmedia&parent=13757"}],"wp:term":[{"taxonomy":"category","embeddable":true,"href":"https:\/\/www.comuna13online.com.ar\/index.php?rest_route=%2Fwp%2Fv2%2Fcategories&post=13757"},{"taxonomy":"post_tag","embeddable":true,"href":"https:\/\/www.comuna13online.com.ar\/index.php?rest_route=%2Fwp%2Fv2%2Ftags&post=13757"}],"curies":[{"name":"wp","href":"https:\/\/api.w.org\/{rel}","templated":true}]}}