{"id":13736,"date":"2021-07-09T00:19:00","date_gmt":"2021-07-09T03:19:00","guid":{"rendered":"http:\/\/www.comuna13online.com.ar\/?p=13736"},"modified":"2021-07-10T13:04:02","modified_gmt":"2021-07-10T16:04:02","slug":"las-nuevas-medidas-que-rigen-desde-hoy-en-la-ciudad","status":"publish","type":"post","link":"https:\/\/www.comuna13online.com.ar\/?p=13736","title":{"rendered":"Las nuevas medidas que rigen desde hoy en la Ciudad"},"content":{"rendered":"\n<p><strong>Rodr\u00edguez Larreta anunci\u00f3 que\u00a0se permitir\u00e1n reuniones de hasta diez personas en casas y hasta veinte en lugares p\u00fablicos. Habilitan el trabajo presencial y se reabrir\u00e1n 15 estaciones de subte.<\/strong><\/p>\n\n\n\n<figure class=\"wp-block-image size-full\"><img loading=\"lazy\" decoding=\"async\" width=\"678\" height=\"452\" data-attachment-id=\"13737\" data-permalink=\"https:\/\/www.comuna13online.com.ar\/?attachment_id=13737\" data-orig-file=\"https:\/\/www.comuna13online.com.ar\/wp-content\/uploads\/2021\/07\/210709a-01.jpg\" data-orig-size=\"678,452\" data-comments-opened=\"0\" data-image-meta=\"{&quot;aperture&quot;:&quot;0&quot;,&quot;credit&quot;:&quot;&quot;,&quot;camera&quot;:&quot;&quot;,&quot;caption&quot;:&quot;&quot;,&quot;created_timestamp&quot;:&quot;0&quot;,&quot;copyright&quot;:&quot;&quot;,&quot;focal_length&quot;:&quot;0&quot;,&quot;iso&quot;:&quot;0&quot;,&quot;shutter_speed&quot;:&quot;0&quot;,&quot;title&quot;:&quot;&quot;,&quot;orientation&quot;:&quot;0&quot;}\" data-image-title=\"210709a-01\" data-image-description=\"\" data-image-caption=\"\" data-large-file=\"https:\/\/www.comuna13online.com.ar\/wp-content\/uploads\/2021\/07\/210709a-01.jpg\" src=\"http:\/\/www.comuna13online.com.ar\/wp-content\/uploads\/2021\/07\/210709a-01.jpg\" alt=\"\" class=\"wp-image-13737\" srcset=\"https:\/\/www.comuna13online.com.ar\/wp-content\/uploads\/2021\/07\/210709a-01.jpg 678w, https:\/\/www.comuna13online.com.ar\/wp-content\/uploads\/2021\/07\/210709a-01-272x182.jpg 272w\" sizes=\"auto, (max-width: 678px) 100vw, 678px\" \/><\/figure>\n\n\n\n<p>El jefe de Gobierno de la Ciudad,\u00a0Horacio Rodr\u00edguez Larreta, anunci\u00f3 las flexibilizaciones a las restricciones impuestas en el marco de la pandemia por el\u00a0coronavirus. Se habilitaron las reuniones sociales de hasta 20 personas en espacios abiertos, y de hasta 10 en lugares al aire libre, patios, SUM, balcones, terrazas,  anunci\u00f3 la vuelta a las actividades profesionales con un 30% de ocupaci\u00f3n y orden\u00f3 la reapertura de 15 estaciones de subte de las 35 que permanecen cerradas.<\/p>\n\n\n\n<p>Durante la conferencia de prensa, el primer mandatario porte\u00f1o asegur\u00f3 que <em><strong>\u201cla situaci\u00f3n sanitaria est\u00e1 mejorando\u201d<\/strong><\/em> en la Ciudad y que <em><strong>\u201cla baja de casos de coronavirus se sigue consolidando\u201d<\/strong><\/em>.<\/p>\n\n\n\n<p><strong>\u201dEl promedio de casos nuevos por d\u00eda baj\u00f3 de 2.500 a 1.100, la tasa de contagiosidad se mantiene por debajo de uno, en 0,98, y la ocupaci\u00f3n de camas de terapia intensiva del sector p\u00fablico sigue bajando, aunque a un ritmo lento y pas\u00f3 del 81% al 43%\u201d<\/strong>, detall\u00f3 Larreta.<\/p>\n\n\n\n<p>Sobre las flexibilizaciones precis\u00f3 que comenzar\u00e1n a regir de manera gradual desde este viernes con los encuentros sociales, aumenta a un m\u00e1ximo de 20 personas las reuniones en el espacio p\u00fablico y se habilitan las reuniones en lugares al aire libre de las casas y departamentos con un tope de 10 personas.<\/p>\n\n\n\n<p>Tambi\u00e9n podr\u00e1n volver a la presencialidad las actividades profesionales con un aforo del 30% y se abrir\u00e1n progresivamente 15 estaciones de subte sobre un total de 35 cerradas actualmente. <strong><em>\u201cEstamos logrando retomar las actividades que hacen a nuestro bienestar integral\u201d<\/em><\/strong>. sostuvo Larreta<\/p>\n\n\n\n<h3 class=\"wp-block-heading\">Detalle de las Medidas<\/h3>\n\n\n\n<ul class=\"wp-block-list\"><li>Los encuentros sociales en el espacio p\u00fablico van a estar permitidos con un m\u00e1ximo de 20 personas.<\/li><\/ul>\n\n\n\n<ul class=\"wp-block-list\"><li>Los encuentros de hasta 10 personas en espacios al aire libre dentro de casas y departamentos, y en espacios comunes de edificios.<\/li><\/ul>\n\n\n\n<ul class=\"wp-block-list\"><li>Las actividades profesionales van a poder volver a la presencialidad con un m\u00e1ximo del 30% de ocupaci\u00f3n de las oficinas.<\/li><\/ul>\n\n\n\n<ul class=\"wp-block-list\"><li>Tambi\u00e9n se va a permitir el uso de los espacios comunes en hoteles, con 30% de capacidad.<\/li><\/ul>\n\n\n\n<p>A partir del lunes 12 de julio van a reabrir progresivamente 15 estaciones de subte: <\/p>\n\n\n\n<p>Desde el 12 volver\u00e1n a funcionar las estaciones Plaza de Mayo y Acoyte, en la l\u00ednea A; Callao, Dorrego y Carlos Gardel, en la B; Lavalle en la C; Callao y Palermo, en la D, y Boedo y Medalla Milagrosa en la E.<\/p>\n\n\n\n<p>Y desde el jueves 15 quedar\u00e1n abiertas a los usuarios del subte las paradas de Carabobo y Loria, en la A; San Mart\u00edn en la C; Jos\u00e9 Mar\u00eda Moreno en la E, y Venezuela en la H.<\/p>\n\n\n\n<p>Por otro lado estiman que en agosto podr\u00edan volver son los eventos culturales al aire libre, pero con un m\u00e1ximo de 1.000 personas.<\/p>\n\n\n\n<figure class=\"wp-block-image size-large is-resized\"><img loading=\"lazy\" decoding=\"async\" data-attachment-id=\"99\" data-permalink=\"https:\/\/www.comuna13online.com.ar\/?attachment_id=99\" data-orig-file=\"https:\/\/www.comuna13online.com.ar\/wp-content\/uploads\/2017\/12\/line.jpg\" data-orig-size=\"678,1\" data-comments-opened=\"0\" data-image-meta=\"{&quot;aperture&quot;:&quot;0&quot;,&quot;credit&quot;:&quot;&quot;,&quot;camera&quot;:&quot;&quot;,&quot;caption&quot;:&quot;&quot;,&quot;created_timestamp&quot;:&quot;0&quot;,&quot;copyright&quot;:&quot;&quot;,&quot;focal_length&quot;:&quot;0&quot;,&quot;iso&quot;:&quot;0&quot;,&quot;shutter_speed&quot;:&quot;0&quot;,&quot;title&quot;:&quot;&quot;,&quot;orientation&quot;:&quot;0&quot;}\" data-image-title=\"line\" data-image-description=\"\" data-image-caption=\"\" data-large-file=\"https:\/\/www.comuna13online.com.ar\/wp-content\/uploads\/2017\/12\/line.jpg\" src=\"http:\/\/www.comuna13online.com.ar\/wp-content\/uploads\/2017\/12\/line.jpg\" alt=\"\" class=\"wp-image-99\" width=\"678\" height=\"1\" srcset=\"https:\/\/www.comuna13online.com.ar\/wp-content\/uploads\/2017\/12\/line.jpg 678w, https:\/\/www.comuna13online.com.ar\/wp-content\/uploads\/2017\/12\/line-150x1.jpg 150w, https:\/\/www.comuna13online.com.ar\/wp-content\/uploads\/2017\/12\/line-326x1.jpg 326w, https:\/\/www.comuna13online.com.ar\/wp-content\/uploads\/2017\/12\/line-80x1.jpg 80w, https:\/\/www.comuna13online.com.ar\/wp-content\/uploads\/2017\/12\/line-272x1.jpg 272w\" sizes=\"auto, (max-width: 678px) 100vw, 678px\" \/><\/figure>\n\n\n\n<figure class=\"wp-block-image size-full\"><img loading=\"lazy\" decoding=\"async\" width=\"678\" height=\"180\" data-attachment-id=\"8918\" data-permalink=\"https:\/\/www.comuna13online.com.ar\/?attachment_id=8918\" data-orig-file=\"https:\/\/www.comuna13online.com.ar\/wp-content\/uploads\/2020\/04\/corona2.jpg\" data-orig-size=\"678,180\" data-comments-opened=\"0\" data-image-meta=\"{&quot;aperture&quot;:&quot;0&quot;,&quot;credit&quot;:&quot;&quot;,&quot;camera&quot;:&quot;&quot;,&quot;caption&quot;:&quot;&quot;,&quot;created_timestamp&quot;:&quot;0&quot;,&quot;copyright&quot;:&quot;&quot;,&quot;focal_length&quot;:&quot;0&quot;,&quot;iso&quot;:&quot;0&quot;,&quot;shutter_speed&quot;:&quot;0&quot;,&quot;title&quot;:&quot;&quot;,&quot;orientation&quot;:&quot;0&quot;}\" data-image-title=\"corona2\" data-image-description=\"\" data-image-caption=\"\" data-large-file=\"https:\/\/www.comuna13online.com.ar\/wp-content\/uploads\/2020\/04\/corona2.jpg\" src=\"http:\/\/www.comuna13online.com.ar\/wp-content\/uploads\/2020\/04\/corona2.jpg\" alt=\"\" class=\"wp-image-8918\"\/><\/figure>\n\n\n\n<p><\/p>\n","protected":false},"excerpt":{"rendered":"<div class=\"mh-excerpt\">Rodr\u00edguez Larreta anunci\u00f3 que\u00a0se permitir\u00e1n reuniones de hasta diez personas en casas y hasta veinte en lugares p\u00fablicos. Habilitan el trabajo presencial y se reabrir\u00e1n 15 estaciones de subte. El <a class=\"mh-excerpt-more\" href=\"https:\/\/www.comuna13online.com.ar\/?p=13736\" title=\"Las nuevas medidas que rigen desde hoy en la Ciudad\">[&#8230;]<\/a><\/div>\n","protected":false},"author":1,"featured_media":13738,"comment_status":"closed","ping_status":"closed","sticky":false,"template":"","format":"standard","meta":{"_uag_custom_page_level_css":"","_jetpack_memberships_contains_paid_content":false,"footnotes":"","jetpack_publicize_message":"","jetpack_publicize_feature_enabled":true,"jetpack_social_post_already_shared":true,"jetpack_social_options":{"image_generator_settings":{"template":"highway","default_image_id":0,"font":"","enabled":false},"version":2}},"categories":[44],"tags":[271,246,250,296,45],"class_list":{"0":"post-13736","1":"post","2":"type-post","3":"status-publish","4":"format-standard","5":"has-post-thumbnail","7":"category-salud","8":"tag-coronavirus","9":"tag-h1","10":"tag-h2","11":"tag-h3","12":"tag-salud"},"jetpack_publicize_connections":[],"jetpack_featured_media_url":"https:\/\/www.comuna13online.com.ar\/wp-content\/uploads\/2021\/07\/210709a-id.jpg","uagb_featured_image_src":{"full":["https:\/\/www.comuna13online.com.ar\/wp-content\/uploads\/2021\/07\/210709a-id.jpg",1030,438,false],"thumbnail":["https:\/\/www.comuna13online.com.ar\/wp-content\/uploads\/2021\/07\/210709a-id.jpg",128,54,false],"medium":["https:\/\/www.comuna13online.com.ar\/wp-content\/uploads\/2021\/07\/210709a-id.jpg",1030,438,false],"medium_large":["https:\/\/www.comuna13online.com.ar\/wp-content\/uploads\/2021\/07\/210709a-id-768x327.jpg",768,327,true],"large":["https:\/\/www.comuna13online.com.ar\/wp-content\/uploads\/2021\/07\/210709a-id.jpg",1030,438,false],"1536x1536":["https:\/\/www.comuna13online.com.ar\/wp-content\/uploads\/2021\/07\/210709a-id.jpg",1030,438,false],"2048x2048":["https:\/\/www.comuna13online.com.ar\/wp-content\/uploads\/2021\/07\/210709a-id.jpg",1030,438,false],"mh-magazine-slider":["https:\/\/www.comuna13online.com.ar\/wp-content\/uploads\/2021\/07\/210709a-id-1030x438.jpg",1030,438,true],"mh-magazine-content":["https:\/\/www.comuna13online.com.ar\/wp-content\/uploads\/2021\/07\/210709a-id-678x381.jpg",678,381,true],"mh-magazine-large":["https:\/\/www.comuna13online.com.ar\/wp-content\/uploads\/2021\/07\/210709a-id-678x438.jpg",678,438,true],"mh-magazine-medium":["https:\/\/www.comuna13online.com.ar\/wp-content\/uploads\/2021\/07\/210709a-id-326x245.jpg",326,245,true],"mh-magazine-small":["https:\/\/www.comuna13online.com.ar\/wp-content\/uploads\/2021\/07\/210709a-id-80x60.jpg",80,60,true],"sow-carousel-default":["https:\/\/www.comuna13online.com.ar\/wp-content\/uploads\/2021\/07\/210709a-id-272x182.jpg",272,182,true]},"uagb_author_info":{"display_name":"Comuna13","author_link":"https:\/\/www.comuna13online.com.ar\/?author=1"},"uagb_comment_info":0,"uagb_excerpt":"Rodr\u00edguez Larreta anunci\u00f3 que\u00a0se permitir\u00e1n reuniones de hasta diez personas en casas y hasta veinte en lugares p\u00fablicos. Habilitan el trabajo presencial y se reabrir\u00e1n 15 estaciones de subte. El [...]","jetpack_sharing_enabled":true,"_links":{"self":[{"href":"https:\/\/www.comuna13online.com.ar\/index.php?rest_route=\/wp\/v2\/posts\/13736","targetHints":{"allow":["GET"]}}],"collection":[{"href":"https:\/\/www.comuna13online.com.ar\/index.php?rest_route=\/wp\/v2\/posts"}],"about":[{"href":"https:\/\/www.comuna13online.com.ar\/index.php?rest_route=\/wp\/v2\/types\/post"}],"author":[{"embeddable":true,"href":"https:\/\/www.comuna13online.com.ar\/index.php?rest_route=\/wp\/v2\/users\/1"}],"replies":[{"embeddable":true,"href":"https:\/\/www.comuna13online.com.ar\/index.php?rest_route=%2Fwp%2Fv2%2Fcomments&post=13736"}],"version-history":[{"count":0,"href":"https:\/\/www.comuna13online.com.ar\/index.php?rest_route=\/wp\/v2\/posts\/13736\/revisions"}],"wp:featuredmedia":[{"embeddable":true,"href":"https:\/\/www.comuna13online.com.ar\/index.php?rest_route=\/wp\/v2\/media\/13738"}],"wp:attachment":[{"href":"https:\/\/www.comuna13online.com.ar\/index.php?rest_route=%2Fwp%2Fv2%2Fmedia&parent=13736"}],"wp:term":[{"taxonomy":"category","embeddable":true,"href":"https:\/\/www.comuna13online.com.ar\/index.php?rest_route=%2Fwp%2Fv2%2Fcategories&post=13736"},{"taxonomy":"post_tag","embeddable":true,"href":"https:\/\/www.comuna13online.com.ar\/index.php?rest_route=%2Fwp%2Fv2%2Ftags&post=13736"}],"curies":[{"name":"wp","href":"https:\/\/api.w.org\/{rel}","templated":true}]}}