{"id":13723,"date":"2021-07-06T16:16:18","date_gmt":"2021-07-06T19:16:18","guid":{"rendered":"http:\/\/www.comuna13online.com.ar\/?p=13723"},"modified":"2021-07-06T16:16:30","modified_gmt":"2021-07-06T19:16:30","slug":"se-encuentra-abierta-la-inscripcion-para-la-escuela-de-invierno-2021","status":"publish","type":"post","link":"https:\/\/www.comuna13online.com.ar\/?p=13723","title":{"rendered":"Se encuentra abierta la inscripci\u00f3n para la Escuela de Invierno 2021"},"content":{"rendered":"\n<p><strong>Hay tiempo hasta el 11 de julio, pensado para ni\u00f1os y adolescentes de todos los niveles educativos, busca intensificar la ense\u00f1anza a trav\u00e9s de actividades l\u00fadicas, recreativas, deportivas y culturales.<\/strong><\/p>\n\n\n\n<figure class=\"wp-block-image size-large\"><img loading=\"lazy\" decoding=\"async\" width=\"678\" height=\"452\" data-attachment-id=\"13724\" data-permalink=\"https:\/\/www.comuna13online.com.ar\/?attachment_id=13724\" data-orig-file=\"https:\/\/www.comuna13online.com.ar\/wp-content\/uploads\/2021\/07\/210706a-01.jpg\" data-orig-size=\"678,452\" data-comments-opened=\"0\" data-image-meta=\"{&quot;aperture&quot;:&quot;0&quot;,&quot;credit&quot;:&quot;&quot;,&quot;camera&quot;:&quot;&quot;,&quot;caption&quot;:&quot;&quot;,&quot;created_timestamp&quot;:&quot;0&quot;,&quot;copyright&quot;:&quot;&quot;,&quot;focal_length&quot;:&quot;0&quot;,&quot;iso&quot;:&quot;0&quot;,&quot;shutter_speed&quot;:&quot;0&quot;,&quot;title&quot;:&quot;&quot;,&quot;orientation&quot;:&quot;0&quot;}\" data-image-title=\"210706a-01\" data-image-description=\"\" data-image-caption=\"\" data-large-file=\"https:\/\/www.comuna13online.com.ar\/wp-content\/uploads\/2021\/07\/210706a-01.jpg\" src=\"http:\/\/www.comuna13online.com.ar\/wp-content\/uploads\/2021\/07\/210706a-01.jpg\" alt=\"\" class=\"wp-image-13724\" srcset=\"https:\/\/www.comuna13online.com.ar\/wp-content\/uploads\/2021\/07\/210706a-01.jpg 678w, https:\/\/www.comuna13online.com.ar\/wp-content\/uploads\/2021\/07\/210706a-01-272x182.jpg 272w\" sizes=\"auto, (max-width: 678px) 100vw, 678px\" \/><\/figure>\n\n\n\n<p>Es un programa educativo para ni\u00f1os y adolescentes que ofrece la posibilidad de compartir, interactuar y aprender en distintos escenarios entendiendo a la Ciudad de Buenos Aires como un espacio educador, con el prop\u00f3sito de intensificar la ense\u00f1anza en los contenidos priorizados determinados por el Ministerio de Educaci\u00f3n.<\/p>\n\n\n\n<p>En el marco de los lineamientos ministeriales establecidos, la edici\u00f3n Invierno 2021 se propone ofrecer continuidad en las instancias de ense\u00f1anza profundizando el plan de alfabetizaci\u00f3n durante el receso escolar focalizando en aquellos ni\u00f1os j\u00f3venes que se encuentran transitando los pasajes de niveles educativos y\/o tuvieron una vinculaci\u00f3n intermitente con la escuela durante el Ciclo Lectivo 2020.<\/p>\n\n\n\n<p>La propuesta es totalmente gratuita y llega a m\u00e1s de 18.000 chicos\/as y adolescentes e incluye a los niveles educativos Inicial, Primario, Secundario, y las modalidades Especial, Hospitalaria y Contexto de Encierro.<\/p>\n\n\n\n<p>Ni\u00f1os y j\u00f3venes participar\u00e1n de encuentros presenciales en las escuelas sedes del programa y otras modalidades como tambi\u00e9n salidas y experiencias directas en el territorio vinculadas con la Ciudad Educadora.<\/p>\n\n\n\n<h3 class=\"wp-block-heading\">Prop\u00f3sitos del programa:<\/h3>\n\n\n\n<ul class=\"wp-block-list\"><li>Ofrecer un espacio que favorezca la inclusi\u00f3n educativa de todos\/as los\/as alumnos\/as que participen en el programa.<\/li><\/ul>\n\n\n\n<ul class=\"wp-block-list\"><li>Brindar un espacio educativo de calidad donde los\/as participantes sean protagonistas.<\/li><\/ul>\n\n\n\n<ul class=\"wp-block-list\"><li>Generar estrategias para abordar los contenidos priorizados a trav\u00e9s de las progresiones de los aprendizajes.<\/li><\/ul>\n\n\n\n<ul class=\"wp-block-list\"><li>Promover el desarrollo y conocimiento de las distintas expresiones art\u00edsticas, expresivas, culturales y deportivas a trav\u00e9s de estrategias recreativas.<\/li><\/ul>\n\n\n\n<ul class=\"wp-block-list\"><li>Colaborar en la construcci\u00f3n y respeto de las normas y reglas como elementos fundamentales de la vida en comunidad.<\/li><\/ul>\n\n\n\n<ul class=\"wp-block-list\"><li>Promover el trabajo grupal fortaleciendo la capacidad de autogesti\u00f3n y los v\u00ednculos de solidaridad y confianza.<\/li><\/ul>\n\n\n\n<ul class=\"wp-block-list\"><li>Contribuir al ejercicio de la capacidad de reflexi\u00f3n cr\u00edtica y de la autonom\u00eda.<\/li><\/ul>\n\n\n\n<ul class=\"wp-block-list\"><li>Propiciar un v\u00ednculo colaborativo entre el Programa, la Escuela y la Familia.<\/li><\/ul>\n\n\n\n<p><\/p>\n\n\n\n<p><strong>Informes: <\/strong><br>Perette y Calle 10. 2do piso<br>Tel: 6076-6000 &#8211; internos: 2309 \/ 2324<br><span class=\"has-inline-color has-vivid-cyan-blue-color\">vacacionesenlaescuela@bue.edu.ar<\/span><\/p>\n\n\n\n<h3 class=\"wp-block-heading\">Inscripci\u00f3n para alumnos y alumnas:<\/h3>\n\n\n\n<p><a href=\"https:\/\/www.buenosaires.gob.ar\/educacion\/escuelaabierta\/vacaciones-en-la-escuela\/inscripcion-para-alumnos\" target=\"_blank\" rel=\"noreferrer noopener\">https:\/\/www.buenosaires.gob.ar\/educacion\/escuelaabierta\/vacaciones-en-la-escuela\/inscripcion-para-alumnos<\/a><\/p>\n\n\n\n<p><\/p>\n\n\n\n<h3 class=\"wp-block-heading\">Preguntas frecuentes<\/h3>\n\n\n\n<p><strong>\u00bfC\u00f3mo es la inscripci\u00f3n?<\/strong><br>Del&nbsp;<strong>30 de junio al 11 de julio de 2021<\/strong>&nbsp;se estar\u00e1 llevando a cabo la inscripci\u00f3n en l\u00ednea ingresando en:&nbsp;<a href=\"http:\/\/colonias.bue.edu.ar\/\">http:\/\/colonias.bue.edu.ar<\/a><\/p>\n\n\n\n<p><strong>\u00bfEn qu\u00e9 horarios funcionan las escuelas?<\/strong><\/p>\n\n\n\n<p><strong>Inicial (sala de 4 y 5 a\u00f1os):<\/strong><\/p>\n\n\n\n<ul class=\"wp-block-list\"><li>Turno ma\u00f1ana: 9:30 a 12:30 h.<\/li><li>Turno tarde: 13:30 a 16:30 h.<\/li><\/ul>\n\n\n\n<p><strong>Primaria (de 6 a 12\/13 a\u00f1os):<\/strong><\/p>\n\n\n\n<ul class=\"wp-block-list\"><li>Turno ma\u00f1ana: 9:30 a 12:30 h.<\/li><li>Turno tarde: 13:30 a 16:30 h.<\/li><\/ul>\n\n\n\n<p><strong>Secundaria (a partir de 12\/13 a\u00f1os):<\/strong><\/p>\n\n\n\n<ul class=\"wp-block-list\"><li>Turno ma\u00f1ana: 9:30 a 12:30 h.<\/li><li>Turno tarde: 13:30 a 16:30 h.<\/li><\/ul>\n\n\n\n<p><strong>Modalidad Especial:<\/strong><\/p>\n\n\n\n<ul class=\"wp-block-list\"><li>Turno ma\u00f1ana: 9:30 a 12:30 h.<\/li><li>Turno tarde: 13:30 a 16:30 h.<\/li><\/ul>\n\n\n\n<p><strong>\u00bfFecha de funcionamiento?<\/strong><br>Del 19 al 30 de julio de 2021.<\/p>\n\n\n\n<p><strong>\u00bfLos\/as ni\u00f1os\/as con discapacidad pueden asistir?<\/strong><br>S\u00ed, pueden asistir. El programa cuenta con docentes integradores en las escuelas.<\/p>\n\n\n\n<p><strong>\u00bfLos\/as alumnos\/as que concurren a escuelas de gesti\u00f3n privada, pueden asistir?<\/strong><br>S\u00ed, pueden asistir todos los ni\u00f1os, ni\u00f1as y adolescentes que est\u00e9n o no escolarizados en establecimientos de gesti\u00f3n estatal o privada.<\/p>\n\n\n\n<p><strong>\u00bfLos\/as alumnos\/as pueden retirarse solos de los establecimientos?<\/strong><br>Los ni\u00f1os y ni\u00f1as pueden retirarse solos \u00fanicamente si los\/as autorizan sus responsables, para ello deben presentar la debida informaci\u00f3n por escrito a los\/as docentes del grupo. Hay una planilla donde se especifica qui\u00e9n o qui\u00e9nes tienen autorizaci\u00f3n para retirarlos\/as durante o despu\u00e9s del horario del programa. Con respecto a los\/as adolescentes que concurran a las escuelas del programa, se retiran solos\/as al finalizar la jornada. En caso de hacerlo durante el horario de las actividades, debe concurrir un responsable autorizado\/a, mayor de edad, para retirarlo\/a.<\/p>\n\n\n\n<p><strong>\u00bfQu\u00e9 sucede si un\/a alumno\/a necesita una dieta especial?<\/strong><br>Sus responsables deben gestionar el men\u00fa adecuado mediante una prescripci\u00f3n m\u00e9dica para que la escuela pida la dieta correspondiente. La misma deber\u00e1n presentarla al Secretario\/a Administrativo\/a de cada sede.<\/p>\n\n\n\n<p><strong>\u00bfQu\u00e9 sucede si a mi hijo\/a le pasa algo durante la jornada?<\/strong><br>El\/la Responsable de Escuela dar\u00e1 aviso de inmediato a la familia (por lo que es obligatorio anotar los tel\u00e9fonos de contacto correspondientes en el momento de completar la Inscripci\u00f3n en el sistema), mientras pone en funcionamiento el operativo correspondiente para el caso de accidente de un ni\u00f1o\/a o joven. Los padres, madres y\/o tutores deben estar totalmente seguros que ser\u00e1n avisados de inmediato.<\/p>\n\n\n\n<p><strong>\u00bfPuede alguien no autorizado retirar a mi hijo\/a?<\/strong><br>No, nunca se permitir\u00e1 que un\/a adulto\/a no autorizado\/a retire a un ni\u00f1o, ni\u00f1a o joven. La persona que retira al ni\u00f1o, ni\u00f1a o joven debe estar debidamente autorizada por escrito y con todos sus datos.<\/p>\n\n\n\n<p><strong>\u00bfHay escuelas donde funciona el nivel inicial (sala de 4 y 5 a\u00f1os) y el nivel primario en el mismo lugar?<\/strong><br>S\u00ed.<\/p>\n\n\n\n<p><strong>\u00bfEl ni\u00f1o\/a y\/o joven se tiene que inscribir en la misma sede a la que asiste durante el a\u00f1o?<\/strong><br>No es necesario.<\/p>\n\n\n\n<figure class=\"wp-block-image size-large is-resized\"><img loading=\"lazy\" decoding=\"async\" data-attachment-id=\"99\" data-permalink=\"https:\/\/www.comuna13online.com.ar\/?attachment_id=99\" data-orig-file=\"https:\/\/www.comuna13online.com.ar\/wp-content\/uploads\/2017\/12\/line.jpg\" data-orig-size=\"678,1\" data-comments-opened=\"0\" data-image-meta=\"{&quot;aperture&quot;:&quot;0&quot;,&quot;credit&quot;:&quot;&quot;,&quot;camera&quot;:&quot;&quot;,&quot;caption&quot;:&quot;&quot;,&quot;created_timestamp&quot;:&quot;0&quot;,&quot;copyright&quot;:&quot;&quot;,&quot;focal_length&quot;:&quot;0&quot;,&quot;iso&quot;:&quot;0&quot;,&quot;shutter_speed&quot;:&quot;0&quot;,&quot;title&quot;:&quot;&quot;,&quot;orientation&quot;:&quot;0&quot;}\" data-image-title=\"line\" data-image-description=\"\" data-image-caption=\"\" data-large-file=\"https:\/\/www.comuna13online.com.ar\/wp-content\/uploads\/2017\/12\/line.jpg\" src=\"http:\/\/www.comuna13online.com.ar\/wp-content\/uploads\/2017\/12\/line.jpg\" alt=\"\" class=\"wp-image-99\" width=\"678\" height=\"1\" srcset=\"https:\/\/www.comuna13online.com.ar\/wp-content\/uploads\/2017\/12\/line.jpg 678w, https:\/\/www.comuna13online.com.ar\/wp-content\/uploads\/2017\/12\/line-150x1.jpg 150w, https:\/\/www.comuna13online.com.ar\/wp-content\/uploads\/2017\/12\/line-326x1.jpg 326w, https:\/\/www.comuna13online.com.ar\/wp-content\/uploads\/2017\/12\/line-80x1.jpg 80w, https:\/\/www.comuna13online.com.ar\/wp-content\/uploads\/2017\/12\/line-272x1.jpg 272w\" sizes=\"auto, (max-width: 678px) 100vw, 678px\" \/><\/figure>\n\n\n\n<figure class=\"wp-block-image size-full\"><img loading=\"lazy\" decoding=\"async\" width=\"678\" height=\"180\" data-attachment-id=\"8918\" data-permalink=\"https:\/\/www.comuna13online.com.ar\/?attachment_id=8918\" data-orig-file=\"https:\/\/www.comuna13online.com.ar\/wp-content\/uploads\/2020\/04\/corona2.jpg\" data-orig-size=\"678,180\" data-comments-opened=\"0\" data-image-meta=\"{&quot;aperture&quot;:&quot;0&quot;,&quot;credit&quot;:&quot;&quot;,&quot;camera&quot;:&quot;&quot;,&quot;caption&quot;:&quot;&quot;,&quot;created_timestamp&quot;:&quot;0&quot;,&quot;copyright&quot;:&quot;&quot;,&quot;focal_length&quot;:&quot;0&quot;,&quot;iso&quot;:&quot;0&quot;,&quot;shutter_speed&quot;:&quot;0&quot;,&quot;title&quot;:&quot;&quot;,&quot;orientation&quot;:&quot;0&quot;}\" data-image-title=\"corona2\" data-image-description=\"\" data-image-caption=\"\" data-large-file=\"https:\/\/www.comuna13online.com.ar\/wp-content\/uploads\/2020\/04\/corona2.jpg\" src=\"http:\/\/www.comuna13online.com.ar\/wp-content\/uploads\/2020\/04\/corona2.jpg\" alt=\"\" class=\"wp-image-8918\"\/><\/figure>\n","protected":false},"excerpt":{"rendered":"<div class=\"mh-excerpt\">Hay tiempo hasta el 11 de julio, pensado para ni\u00f1os y adolescentes de todos los niveles educativos, busca intensificar la ense\u00f1anza a trav\u00e9s de actividades l\u00fadicas, recreativas, deportivas y culturales. <a class=\"mh-excerpt-more\" href=\"https:\/\/www.comuna13online.com.ar\/?p=13723\" title=\"Se encuentra abierta la inscripci\u00f3n para la Escuela de Invierno 2021\">[&#8230;]<\/a><\/div>\n","protected":false},"author":1,"featured_media":13725,"comment_status":"closed","ping_status":"closed","sticky":false,"template":"","format":"standard","meta":{"_uag_custom_page_level_css":"","_jetpack_memberships_contains_paid_content":false,"footnotes":"","jetpack_publicize_message":"","jetpack_publicize_feature_enabled":true,"jetpack_social_post_already_shared":true,"jetpack_social_options":{"image_generator_settings":{"template":"highway","default_image_id":0,"font":"","enabled":false},"version":2}},"categories":[42],"tags":[250,296,71,43,215],"class_list":{"0":"post-13723","1":"post","2":"type-post","3":"status-publish","4":"format-standard","5":"has-post-thumbnail","7":"category-vacaciones","8":"tag-h2","9":"tag-h3","10":"tag-tiempo-libre","11":"tag-vacaciones","12":"tag-vacaciones-en-la-escuela"},"jetpack_publicize_connections":[],"jetpack_featured_media_url":"https:\/\/www.comuna13online.com.ar\/wp-content\/uploads\/2021\/07\/210706a-id.jpg","uagb_featured_image_src":{"full":["https:\/\/www.comuna13online.com.ar\/wp-content\/uploads\/2021\/07\/210706a-id.jpg",678,452,false],"thumbnail":["https:\/\/www.comuna13online.com.ar\/wp-content\/uploads\/2021\/07\/210706a-id.jpg",128,85,false],"medium":["https:\/\/www.comuna13online.com.ar\/wp-content\/uploads\/2021\/07\/210706a-id.jpg",678,452,false],"medium_large":["https:\/\/www.comuna13online.com.ar\/wp-content\/uploads\/2021\/07\/210706a-id.jpg",678,452,false],"large":["https:\/\/www.comuna13online.com.ar\/wp-content\/uploads\/2021\/07\/210706a-id.jpg",678,452,false],"1536x1536":["https:\/\/www.comuna13online.com.ar\/wp-content\/uploads\/2021\/07\/210706a-id.jpg",678,452,false],"2048x2048":["https:\/\/www.comuna13online.com.ar\/wp-content\/uploads\/2021\/07\/210706a-id.jpg",678,452,false],"mh-magazine-slider":["https:\/\/www.comuna13online.com.ar\/wp-content\/uploads\/2021\/07\/210706a-id-678x438.jpg",678,438,true],"mh-magazine-content":["https:\/\/www.comuna13online.com.ar\/wp-content\/uploads\/2021\/07\/210706a-id-678x381.jpg",678,381,true],"mh-magazine-large":["https:\/\/www.comuna13online.com.ar\/wp-content\/uploads\/2021\/07\/210706a-id.jpg",678,452,false],"mh-magazine-medium":["https:\/\/www.comuna13online.com.ar\/wp-content\/uploads\/2021\/07\/210706a-id-326x245.jpg",326,245,true],"mh-magazine-small":["https:\/\/www.comuna13online.com.ar\/wp-content\/uploads\/2021\/07\/210706a-id-80x60.jpg",80,60,true],"sow-carousel-default":["https:\/\/www.comuna13online.com.ar\/wp-content\/uploads\/2021\/07\/210706a-id-272x182.jpg",272,182,true]},"uagb_author_info":{"display_name":"Comuna13","author_link":"https:\/\/www.comuna13online.com.ar\/?author=1"},"uagb_comment_info":0,"uagb_excerpt":"Hay tiempo hasta el 11 de julio, pensado para ni\u00f1os y adolescentes de todos los niveles educativos, busca intensificar la ense\u00f1anza a trav\u00e9s de actividades l\u00fadicas, recreativas, deportivas y culturales. [...]","jetpack_sharing_enabled":true,"_links":{"self":[{"href":"https:\/\/www.comuna13online.com.ar\/index.php?rest_route=\/wp\/v2\/posts\/13723","targetHints":{"allow":["GET"]}}],"collection":[{"href":"https:\/\/www.comuna13online.com.ar\/index.php?rest_route=\/wp\/v2\/posts"}],"about":[{"href":"https:\/\/www.comuna13online.com.ar\/index.php?rest_route=\/wp\/v2\/types\/post"}],"author":[{"embeddable":true,"href":"https:\/\/www.comuna13online.com.ar\/index.php?rest_route=\/wp\/v2\/users\/1"}],"replies":[{"embeddable":true,"href":"https:\/\/www.comuna13online.com.ar\/index.php?rest_route=%2Fwp%2Fv2%2Fcomments&post=13723"}],"version-history":[{"count":0,"href":"https:\/\/www.comuna13online.com.ar\/index.php?rest_route=\/wp\/v2\/posts\/13723\/revisions"}],"wp:featuredmedia":[{"embeddable":true,"href":"https:\/\/www.comuna13online.com.ar\/index.php?rest_route=\/wp\/v2\/media\/13725"}],"wp:attachment":[{"href":"https:\/\/www.comuna13online.com.ar\/index.php?rest_route=%2Fwp%2Fv2%2Fmedia&parent=13723"}],"wp:term":[{"taxonomy":"category","embeddable":true,"href":"https:\/\/www.comuna13online.com.ar\/index.php?rest_route=%2Fwp%2Fv2%2Fcategories&post=13723"},{"taxonomy":"post_tag","embeddable":true,"href":"https:\/\/www.comuna13online.com.ar\/index.php?rest_route=%2Fwp%2Fv2%2Ftags&post=13723"}],"curies":[{"name":"wp","href":"https:\/\/api.w.org\/{rel}","templated":true}]}}