{"id":13696,"date":"2021-07-02T08:00:00","date_gmt":"2021-07-02T11:00:00","guid":{"rendered":"http:\/\/www.comuna13online.com.ar\/?p=13696"},"modified":"2021-07-01T19:23:48","modified_gmt":"2021-07-01T22:23:48","slug":"la-ciudad-abrio-la-inscripcion-para-los-mayores-de-35-anos","status":"publish","type":"post","link":"https:\/\/www.comuna13online.com.ar\/?p=13696","title":{"rendered":"La Ciudad abri\u00f3 la inscripci\u00f3n para los mayores de 35 a\u00f1os"},"content":{"rendered":"\n<p><strong>Desde este viernes a las 8.30 horas las personas mayores de 35 a\u00f1os podr\u00e1n inscribirse recibir la vacuna contra el Covid-19, Los turnos se asignar\u00e1n a medida que arriben<\/strong>.<\/p>\n\n\n\n<figure class=\"wp-block-image size-large\"><img loading=\"lazy\" decoding=\"async\" width=\"678\" height=\"452\" data-attachment-id=\"13698\" data-permalink=\"https:\/\/www.comuna13online.com.ar\/?attachment_id=13698\" data-orig-file=\"https:\/\/www.comuna13online.com.ar\/wp-content\/uploads\/2021\/07\/210702a-01.jpg\" data-orig-size=\"678,452\" data-comments-opened=\"0\" data-image-meta=\"{&quot;aperture&quot;:&quot;0&quot;,&quot;credit&quot;:&quot;&quot;,&quot;camera&quot;:&quot;&quot;,&quot;caption&quot;:&quot;&quot;,&quot;created_timestamp&quot;:&quot;0&quot;,&quot;copyright&quot;:&quot;&quot;,&quot;focal_length&quot;:&quot;0&quot;,&quot;iso&quot;:&quot;0&quot;,&quot;shutter_speed&quot;:&quot;0&quot;,&quot;title&quot;:&quot;&quot;,&quot;orientation&quot;:&quot;0&quot;}\" data-image-title=\"210702a-01\" data-image-description=\"\" data-image-caption=\"\" data-large-file=\"https:\/\/www.comuna13online.com.ar\/wp-content\/uploads\/2021\/07\/210702a-01.jpg\" src=\"http:\/\/www.comuna13online.com.ar\/wp-content\/uploads\/2021\/07\/210702a-01.jpg\" alt=\"\" class=\"wp-image-13698\" srcset=\"https:\/\/www.comuna13online.com.ar\/wp-content\/uploads\/2021\/07\/210702a-01.jpg 678w, https:\/\/www.comuna13online.com.ar\/wp-content\/uploads\/2021\/07\/210702a-01-272x182.jpg 272w\" sizes=\"auto, (max-width: 678px) 100vw, 678px\" \/><\/figure>\n\n\n\n<p>a Ciudad avanza con la inmunizaci\u00f3n de la poblaci\u00f3n general en el marco del Plan de Vacunaci\u00f3n contra el COVID-19. DE este modo se anunci\u00f3 la apertura del empadronamiento online (buenosaires.gob.ar\/vacunacovid) para todos los vecinos de 35 a 39 a\u00f1os. Ya se encontraba habilitado para los de 40 en adelante y contin\u00faa abierto para todas las personas contempladas en las instancias anteriores.<\/p>\n\n\n\n<p>En los pr\u00f3ximos d\u00edas se iniciar\u00e1 con la asignaci\u00f3n de turnos a medida que se reciban nuevas dosis por parte del Gobierno nacional. La decisi\u00f3n fue tomada en base a que la edad es el principal factor determinante para que una persona desarrolle una enfermedad grave o mortal.<\/p>\n\n\n\n<p>Las citas ser\u00e1n otorgadas v\u00eda mail, WhatsApp y SMS, de acuerdo al orden de inscripci\u00f3n. Una vez que se los contacte los vecinos podr\u00e1n seleccionar la fecha, la hora y el lugar de preferencia por medio de un link personalizado. Luego de recibir la vacuna permanecer\u00e1n 15 minutos en observaci\u00f3n. Se recomienda asistir con 15 minutos de anticipaci\u00f3n. Aquellas personas que lo requieran podr\u00e1n concurrir con un acompa\u00f1ante.<\/p>\n\n\n\n<p class=\"has-pale-cyan-blue-background-color has-background\"><strong>Es importante que te apliques la vacuna antigripal o cualquier otra vacuna 15 d\u00edas antes o hasta 15 d\u00edas despu\u00e9s de haber recibido una dosis de la vacuna contra el COVID-19.<\/strong><\/p>\n\n\n\n<p><\/p>\n<div align=\"center\">\n<blockquote class=\"twitter-tweet\"><p lang=\"es\" dir=\"ltr\">\u00a1Seguimos adelante con el Plan de Vacunaci\u00f3n! ? Los vecinos y las vecinas mayores de 40 a\u00f1os ya pueden empadronarse para recibir la primera dosis de la vacuna contra el COVID-19 haciendo clic debajo del video o escribiendo al WhatsApp de la Ciudad (11-5050-0147).<\/p>\u2014 Buenos Aires Ciudad ??\u200d\u2642\ufe0f\u2194\ufe0f??\u200d\u2640\ufe0f (@gcba) <a href=\"https:\/\/twitter.com\/gcba\/status\/1407301696146059269?ref_src=twsrc%5Etfw\">June 22, 2021<\/a><\/blockquote> <script async=\"\" src=\"https:\/\/platform.twitter.com\/widgets.js\" charset=\"utf-8\"><\/script>\n<\/div>\n<p><\/p>\n\n\n\n<figure class=\"wp-block-image\"><img loading=\"lazy\" decoding=\"async\" width=\"678\" height=\"373\" data-attachment-id=\"13082\" data-permalink=\"https:\/\/www.comuna13online.com.ar\/?attachment_id=13082\" data-orig-file=\"https:\/\/www.comuna13online.com.ar\/wp-content\/uploads\/2021\/03\/210330c-02.jpg\" data-orig-size=\"678,373\" data-comments-opened=\"0\" data-image-meta=\"{&quot;aperture&quot;:&quot;0&quot;,&quot;credit&quot;:&quot;&quot;,&quot;camera&quot;:&quot;&quot;,&quot;caption&quot;:&quot;&quot;,&quot;created_timestamp&quot;:&quot;0&quot;,&quot;copyright&quot;:&quot;&quot;,&quot;focal_length&quot;:&quot;0&quot;,&quot;iso&quot;:&quot;0&quot;,&quot;shutter_speed&quot;:&quot;0&quot;,&quot;title&quot;:&quot;&quot;,&quot;orientation&quot;:&quot;0&quot;}\" data-image-title=\"210330c-02\" data-image-description=\"\" data-image-caption=\"\" data-large-file=\"https:\/\/www.comuna13online.com.ar\/wp-content\/uploads\/2021\/03\/210330c-02.jpg\" src=\"http:\/\/www.comuna13online.com.ar\/wp-content\/uploads\/2021\/03\/210330c-02.jpg\" alt=\"\" class=\"wp-image-13082\"\/><\/figure>\n\n\n\n<h3 class=\"wp-block-heading\">\u00bfC\u00f3mo empadronarse?<\/h3>\n\n\n\n<ul class=\"wp-block-list\"><li>Ingresar a&nbsp;<a rel=\"noreferrer noopener\" href=\"http:\/\/buenosaires.gob.ar\/vacunacovid\" target=\"_blank\">buenosaires.gob.ar\/vacunacovid<\/a> o en el&nbsp;WhatsApp de la Ciudad (BOTI):&nbsp;115-5050-0147<\/li><li>Completar el formulario de datos personales.<\/li><li>Se enviar\u00e1 un mail, un mensaje de WhatsApp o un SMS de confirmaci\u00f3n de empadronamiento.<\/li><\/ul>\n\n\n\n<p>Luego ser\u00e1 contactado por WhatsApp, mail y\/o SMS, de acuerdo a los datos de contacto brindados, para realizar la asignaci\u00f3n del turno. El vecino podr\u00e1 seleccionar el d\u00eda, horario y vacunatorio de preferencia por medio de un sistema de gesti\u00f3n online.<\/p>\n\n\n\n<div align=\"center\">\n<iframe loading=\"lazy\" width=\"560\" height=\"315\" src=\"https:\/\/www.youtube.com\/embed\/Ih6_cniHo64\" title=\"YouTube video player\" frameborder=\"0\" allow=\"accelerometer; autoplay; clipboard-write; encrypted-media; gyroscope; picture-in-picture\" allowfullscreen=\"\"><\/iframe><\/div>\n<p><\/p>\n\n\n\n<h3 class=\"wp-block-heading\">Paso a paso de la vacunaci\u00f3n<\/h3>\n\n\n\n<p><strong>1<\/strong>.&nbsp;Acercarse al centro en el d\u00eda y horario indicado en el turno.<\/p>\n\n\n\n<p><strong>2.<\/strong>&nbsp;Presentar DNI en el \u00e1rea de recepci\u00f3n.<\/p>\n\n\n\n<p><strong>3.<\/strong>&nbsp;Aguardar al llamado del equipo de salud para recibir la vacuna.<\/p>\n\n\n\n<p><strong>4.<\/strong>&nbsp;Una vez administrada, deber\u00e1 permanecer media hora en observaci\u00f3n.<\/p>\n\n\n\n<p><strong>5.<\/strong>&nbsp;Cumplido ese plazo se le brindar\u00e1 al vecino el certificado correspondiente y podr\u00e1 regresar a su domicilio.<\/p>\n\n\n\n<p><strong>6.<\/strong>&nbsp;Ser\u00e1 contactado nuevamente con el fin de asignarle el turno para la aplicaci\u00f3n de la segunda dosis que podr\u00e1 brindarse tras un intervalo de 12 semanas.<\/p>\n\n\n\n<figure class=\"wp-block-image size-large is-resized\"><img loading=\"lazy\" decoding=\"async\" data-attachment-id=\"99\" data-permalink=\"https:\/\/www.comuna13online.com.ar\/?attachment_id=99\" data-orig-file=\"https:\/\/www.comuna13online.com.ar\/wp-content\/uploads\/2017\/12\/line.jpg\" data-orig-size=\"678,1\" data-comments-opened=\"0\" data-image-meta=\"{&quot;aperture&quot;:&quot;0&quot;,&quot;credit&quot;:&quot;&quot;,&quot;camera&quot;:&quot;&quot;,&quot;caption&quot;:&quot;&quot;,&quot;created_timestamp&quot;:&quot;0&quot;,&quot;copyright&quot;:&quot;&quot;,&quot;focal_length&quot;:&quot;0&quot;,&quot;iso&quot;:&quot;0&quot;,&quot;shutter_speed&quot;:&quot;0&quot;,&quot;title&quot;:&quot;&quot;,&quot;orientation&quot;:&quot;0&quot;}\" data-image-title=\"line\" data-image-description=\"\" data-image-caption=\"\" data-large-file=\"https:\/\/www.comuna13online.com.ar\/wp-content\/uploads\/2017\/12\/line.jpg\" src=\"http:\/\/www.comuna13online.com.ar\/wp-content\/uploads\/2017\/12\/line.jpg\" alt=\"\" class=\"wp-image-99\" width=\"678\" height=\"1\" srcset=\"https:\/\/www.comuna13online.com.ar\/wp-content\/uploads\/2017\/12\/line.jpg 678w, https:\/\/www.comuna13online.com.ar\/wp-content\/uploads\/2017\/12\/line-150x1.jpg 150w, https:\/\/www.comuna13online.com.ar\/wp-content\/uploads\/2017\/12\/line-326x1.jpg 326w, https:\/\/www.comuna13online.com.ar\/wp-content\/uploads\/2017\/12\/line-80x1.jpg 80w, https:\/\/www.comuna13online.com.ar\/wp-content\/uploads\/2017\/12\/line-272x1.jpg 272w\" sizes=\"auto, (max-width: 678px) 100vw, 678px\" \/><\/figure>\n\n\n\n<figure class=\"wp-block-image size-full\"><img loading=\"lazy\" decoding=\"async\" width=\"678\" height=\"180\" data-attachment-id=\"8918\" data-permalink=\"https:\/\/www.comuna13online.com.ar\/?attachment_id=8918\" data-orig-file=\"https:\/\/www.comuna13online.com.ar\/wp-content\/uploads\/2020\/04\/corona2.jpg\" data-orig-size=\"678,180\" data-comments-opened=\"0\" data-image-meta=\"{&quot;aperture&quot;:&quot;0&quot;,&quot;credit&quot;:&quot;&quot;,&quot;camera&quot;:&quot;&quot;,&quot;caption&quot;:&quot;&quot;,&quot;created_timestamp&quot;:&quot;0&quot;,&quot;copyright&quot;:&quot;&quot;,&quot;focal_length&quot;:&quot;0&quot;,&quot;iso&quot;:&quot;0&quot;,&quot;shutter_speed&quot;:&quot;0&quot;,&quot;title&quot;:&quot;&quot;,&quot;orientation&quot;:&quot;0&quot;}\" data-image-title=\"corona2\" data-image-description=\"\" data-image-caption=\"\" data-large-file=\"https:\/\/www.comuna13online.com.ar\/wp-content\/uploads\/2020\/04\/corona2.jpg\" src=\"http:\/\/www.comuna13online.com.ar\/wp-content\/uploads\/2020\/04\/corona2.jpg\" alt=\"\" class=\"wp-image-8918\"\/><\/figure>\n","protected":false},"excerpt":{"rendered":"<div class=\"mh-excerpt\">Desde este viernes a las 8.30 horas las personas mayores de 35 a\u00f1os podr\u00e1n inscribirse recibir la vacuna contra el Covid-19, Los turnos se asignar\u00e1n a medida que arriben. a <a class=\"mh-excerpt-more\" href=\"https:\/\/www.comuna13online.com.ar\/?p=13696\" title=\"La Ciudad abri\u00f3 la inscripci\u00f3n para los mayores de 35 a\u00f1os\">[&#8230;]<\/a><\/div>\n","protected":false},"author":1,"featured_media":13586,"comment_status":"closed","ping_status":"closed","sticky":false,"template":"","format":"standard","meta":{"_uag_custom_page_level_css":"","_jetpack_memberships_contains_paid_content":false,"footnotes":"","jetpack_publicize_message":"","jetpack_publicize_feature_enabled":true,"jetpack_social_post_already_shared":true,"jetpack_social_options":{"image_generator_settings":{"template":"highway","default_image_id":0,"font":"","enabled":false},"version":2}},"categories":[44],"tags":[271,246,250,296,45,118],"class_list":{"0":"post-13696","1":"post","2":"type-post","3":"status-publish","4":"format-standard","5":"has-post-thumbnail","7":"category-salud","8":"tag-coronavirus","9":"tag-h1","10":"tag-h2","11":"tag-h3","12":"tag-salud","13":"tag-vacunacion"},"jetpack_publicize_connections":[],"jetpack_featured_media_url":"https:\/\/www.comuna13online.com.ar\/wp-content\/uploads\/2021\/06\/210615a-id.jpg","uagb_featured_image_src":{"full":["https:\/\/www.comuna13online.com.ar\/wp-content\/uploads\/2021\/06\/210615a-id.jpg",1030,438,false],"thumbnail":["https:\/\/www.comuna13online.com.ar\/wp-content\/uploads\/2021\/06\/210615a-id.jpg",128,54,false],"medium":["https:\/\/www.comuna13online.com.ar\/wp-content\/uploads\/2021\/06\/210615a-id.jpg",1030,438,false],"medium_large":["https:\/\/www.comuna13online.com.ar\/wp-content\/uploads\/2021\/06\/210615a-id-768x327.jpg",768,327,true],"large":["https:\/\/www.comuna13online.com.ar\/wp-content\/uploads\/2021\/06\/210615a-id.jpg",1030,438,false],"1536x1536":["https:\/\/www.comuna13online.com.ar\/wp-content\/uploads\/2021\/06\/210615a-id.jpg",1030,438,false],"2048x2048":["https:\/\/www.comuna13online.com.ar\/wp-content\/uploads\/2021\/06\/210615a-id.jpg",1030,438,false],"mh-magazine-slider":["https:\/\/www.comuna13online.com.ar\/wp-content\/uploads\/2021\/06\/210615a-id-1030x438.jpg",1030,438,true],"mh-magazine-content":["https:\/\/www.comuna13online.com.ar\/wp-content\/uploads\/2021\/06\/210615a-id-678x381.jpg",678,381,true],"mh-magazine-large":["https:\/\/www.comuna13online.com.ar\/wp-content\/uploads\/2021\/06\/210615a-id-678x438.jpg",678,438,true],"mh-magazine-medium":["https:\/\/www.comuna13online.com.ar\/wp-content\/uploads\/2021\/06\/210615a-id-326x245.jpg",326,245,true],"mh-magazine-small":["https:\/\/www.comuna13online.com.ar\/wp-content\/uploads\/2021\/06\/210615a-id-80x60.jpg",80,60,true],"sow-carousel-default":["https:\/\/www.comuna13online.com.ar\/wp-content\/uploads\/2021\/06\/210615a-id-272x182.jpg",272,182,true]},"uagb_author_info":{"display_name":"Comuna13","author_link":"https:\/\/www.comuna13online.com.ar\/?author=1"},"uagb_comment_info":0,"uagb_excerpt":"Desde este viernes a las 8.30 horas las personas mayores de 35 a\u00f1os podr\u00e1n inscribirse recibir la vacuna contra el Covid-19, Los turnos se asignar\u00e1n a medida que arriben. a [...]","jetpack_sharing_enabled":true,"_links":{"self":[{"href":"https:\/\/www.comuna13online.com.ar\/index.php?rest_route=\/wp\/v2\/posts\/13696","targetHints":{"allow":["GET"]}}],"collection":[{"href":"https:\/\/www.comuna13online.com.ar\/index.php?rest_route=\/wp\/v2\/posts"}],"about":[{"href":"https:\/\/www.comuna13online.com.ar\/index.php?rest_route=\/wp\/v2\/types\/post"}],"author":[{"embeddable":true,"href":"https:\/\/www.comuna13online.com.ar\/index.php?rest_route=\/wp\/v2\/users\/1"}],"replies":[{"embeddable":true,"href":"https:\/\/www.comuna13online.com.ar\/index.php?rest_route=%2Fwp%2Fv2%2Fcomments&post=13696"}],"version-history":[{"count":0,"href":"https:\/\/www.comuna13online.com.ar\/index.php?rest_route=\/wp\/v2\/posts\/13696\/revisions"}],"wp:featuredmedia":[{"embeddable":true,"href":"https:\/\/www.comuna13online.com.ar\/index.php?rest_route=\/wp\/v2\/media\/13586"}],"wp:attachment":[{"href":"https:\/\/www.comuna13online.com.ar\/index.php?rest_route=%2Fwp%2Fv2%2Fmedia&parent=13696"}],"wp:term":[{"taxonomy":"category","embeddable":true,"href":"https:\/\/www.comuna13online.com.ar\/index.php?rest_route=%2Fwp%2Fv2%2Fcategories&post=13696"},{"taxonomy":"post_tag","embeddable":true,"href":"https:\/\/www.comuna13online.com.ar\/index.php?rest_route=%2Fwp%2Fv2%2Ftags&post=13696"}],"curies":[{"name":"wp","href":"https:\/\/api.w.org\/{rel}","templated":true}]}}