{"id":13645,"date":"2021-06-24T18:04:00","date_gmt":"2021-06-24T21:04:00","guid":{"rendered":"http:\/\/www.comuna13online.com.ar\/?p=13645"},"modified":"2021-06-25T18:13:53","modified_gmt":"2021-06-25T21:13:53","slug":"se-llevo-a-cabo-la-3-edicion-de-la-mesa-regional-de-desarrollo-humano-de-ciudades-latinoamericanas","status":"publish","type":"post","link":"https:\/\/www.comuna13online.com.ar\/?p=13645","title":{"rendered":"Se llev\u00f3 a cabo la 3\u00b0 edici\u00f3n de la Mesa Regional de desarrollo humano de Ciudades latinoamericanas"},"content":{"rendered":"\n<p><strong>Participaron autoridades de la Ciudades de Buenos Aires, Ciudad de M\u00e9xico, Lima, La Paz y el Estado de San Pablo, disertaron sobre pol\u00edticas p\u00fablicas orientadas al desarrollo de las comunidades y personas en un contexto de pandemia que ya lleva m\u00e1s de 15 meses.\u00a0<\/strong><\/p>\n\n\n\n<figure class=\"wp-block-image size-large\"><img loading=\"lazy\" decoding=\"async\" width=\"678\" height=\"452\" data-attachment-id=\"13646\" data-permalink=\"https:\/\/www.comuna13online.com.ar\/?attachment_id=13646\" data-orig-file=\"https:\/\/www.comuna13online.com.ar\/wp-content\/uploads\/2021\/06\/210624a-01.jpg\" data-orig-size=\"678,452\" data-comments-opened=\"0\" data-image-meta=\"{&quot;aperture&quot;:&quot;0&quot;,&quot;credit&quot;:&quot;&quot;,&quot;camera&quot;:&quot;&quot;,&quot;caption&quot;:&quot;&quot;,&quot;created_timestamp&quot;:&quot;0&quot;,&quot;copyright&quot;:&quot;&quot;,&quot;focal_length&quot;:&quot;0&quot;,&quot;iso&quot;:&quot;0&quot;,&quot;shutter_speed&quot;:&quot;0&quot;,&quot;title&quot;:&quot;&quot;,&quot;orientation&quot;:&quot;0&quot;}\" data-image-title=\"210624a-01\" data-image-description=\"\" data-image-caption=\"\" data-large-file=\"https:\/\/www.comuna13online.com.ar\/wp-content\/uploads\/2021\/06\/210624a-01.jpg\" src=\"http:\/\/www.comuna13online.com.ar\/wp-content\/uploads\/2021\/06\/210624a-01.jpg\" alt=\"\" class=\"wp-image-13646\" srcset=\"https:\/\/www.comuna13online.com.ar\/wp-content\/uploads\/2021\/06\/210624a-01.jpg 678w, https:\/\/www.comuna13online.com.ar\/wp-content\/uploads\/2021\/06\/210624a-01-272x182.jpg 272w\" sizes=\"auto, (max-width: 678px) 100vw, 678px\" \/><figcaption><strong><span style=\"color:#777777\" class=\"has-inline-color\"><sup>Mar\u00eda Migliore, Ministra de Desarrollo Humano y H\u00e1bitat de la Ciudad de Buenos Aires, junto a trabajadoras textiles de los barrios populares.<\/sup><\/span><\/strong><\/figcaption><\/figure>\n\n\n\n<p>Se llev\u00f3 a cabo la 3\u00b0 Mesa Regional Latinoamericana de desarrollo humano de Ciudades Latinoamericanas, espacio creado en 2020 para poner en com\u00fan las pol\u00edticas p\u00fablicas sociales de las principales ciudades de la regi\u00f3n.\u00a0<\/p>\n\n\n\n<p>Participaron de este encuentro virtual Mar\u00eda Migliore, ministra de desarrollo humano y h\u00e1bitat; Almudena Ocejo, Secretaria de Inclusi\u00f3n y Bienestar Social de Ciudad de M\u00e9xico;&nbsp; Patricia Talavera, Gerente de Desarrollo Econ\u00f3mico de Lima; Celia Parnes, Secretaria Estadual de Desenvolvimento Social de San Pablo; y Tania Ivana Calle de Calasich, Secretaria Municipal de Desarrollo Social de La Paz.<\/p>\n\n\n\n<p>Migliore remarc\u00f3 la importancia del espacio para intercambiar experiencias, pol\u00edticas y miradas en ciudades con realidades similares, destac\u00f3 el trabajo que hace la Ciudad de Buenos Aires hace m\u00e1s de 5 a\u00f1os en procesos de integraci\u00f3n social y urbana de los barrios populares, y puso especial foco en el aspecto de integraci\u00f3n socioecon\u00f3mica, con acento en la econom\u00eda social y popular.<\/p>\n\n\n\n<p><em>\u201cPara nosotros esta dimensi\u00f3n es central y la estamos trabajando en todos los barrios populares de la Ciudad. Nuestra pol\u00edtica de integraci\u00f3n apunta a romper la matriz estructural de pobreza, plasmar una pol\u00edtica de integraci\u00f3n y desarrollo que se haga cargo de la generaci\u00f3n de riqueza desde la base de la sociedad. Estamos convencidos de que la mejor pol\u00edtica social es el trabajo\u201d<\/em>, afirm\u00f3 Migliore.\u00a0<\/p>\n\n\n\n<p><em>\u201cEn estos barrios hay un nivel de producci\u00f3n muy alto por parte de muchos emprendimientos populares vinculados a lo gastron\u00f3mico, al textil, cooperativas y cuentapropistas; este sector productivo hoy encuentra barreras estructurales que le impiden crecer e integrarse. Por eso nuestro trabajo apunta a crear nuevos marcos y herramientas concretas que puedan romper esas barreras, crecer y consolidarse\u201d<\/em>, explic\u00f3 la ministra\u00a0<\/p>\n\n\n\n<p>Sobre este punto, el gobierno porte\u00f1o impuls\u00f3 la sanci\u00f3n de la Ley de Econom\u00eda Popular, para que las unidades productivas de los barrios puedan acceder al cr\u00e9dito productivo, generar esquemas para que puedan participar en las compras del Estado y establecer reducciones impositivas para que puedan iniciar el camino a su formalizaci\u00f3n, entre otros beneficios.&nbsp;<\/p>\n\n\n\n<h3 class=\"wp-block-heading\"><strong>Voces latinoamericanas para el desarrollo<\/strong><\/h3>\n\n\n\n<p>Almudena Ocejo, Secretaria de Inclusi\u00f3n y Bienestar Social de Ciudad de M\u00e9xico, hizo hincapi\u00e9 en la importancia de la atenci\u00f3n en la emergencia con la pol\u00edtica para personas en situaci\u00f3n de calle, especialmente durante la pandemia. <em>\u201cUn contexto como este nos mostr\u00f3 que fortaleciendo las pol\u00edticas orientadas a este sector las personas son proclives a tomar la posibilidad de no dormir en la calle e ir a los albergues\u201d<\/em>, asegur\u00f3 Ocejo graficando una realidad que tambi\u00e9n ocurri\u00f3 en Buenos Aires. La Secretaria tambi\u00e9n hizo foco en lo importante de estos espacios de intercambio de carteras que son lideradas por mujeres.<\/p>\n\n\n\n<p>Celina Parn\u00e9s, tambi\u00e9n puso el acento en la respuesta de su cartera durante la pandemia, pero con foco en la seguridad alimentaria. <em>\u201cPara nosotros la cuesti\u00f3n alimentaria es fundamental. Desplegamos un conjunto amplio de programas, como restaurantes sociales y cestas de alimentos sin cocci\u00f3n que ayudaron a paliar el momento\u201d<\/em>, cont\u00f3. Asimismo, sostuvo que es necesario pensar c\u00f3mo ser\u00e1 la econom\u00eda post pandemia, ya que sin este horizonte no se podr\u00e1 garantizar la movilidad social. En este punto remarc\u00f3 la importancia de la generaci\u00f3n de empleo .<\/p>\n\n\n\n<p>En esta misma l\u00ednea reflexion\u00f3 Patricia Tavalera, quien present\u00f3 la creaci\u00f3n \u201cMercado de Lima\u201d, una plataforma web orientada a emprendedores para que puedan ofrecer sus productos y servicios. <em>\u201cLas micro y peque\u00f1as empresas representan el 75% de las empresas, el 85% del trabajo y el 40% del pbi en LIma. En pandemia tuvimos la posibilidad de que puedan dinamizar el trabajo emprendedor a trav\u00e9s de una plataforma online que ya cuenta con m\u00e1s de 1900 vendedores<em>\u201d<\/em><\/em>, dijo Tavalera.<\/p>\n\n\n\n<p>Finalmente, Ivana Calle dijo que <em>\u201cesta alianza regional es fundamental tambi\u00e9n para apoyar el trabajo social y para que sea m\u00e1s tenido en cuenta en las agendas gubernamentales, porque hay desigualdades profundas\u201d<\/em>. Adem\u00e1s, durante su disertaci\u00f3n, puso el acento en torno a las pol\u00edticas p\u00fablicas sobre el tema de la violencia contra mujeres, ni\u00f1as, ni\u00f1os y adolescentes, ya que en La Paz hay un gran desaf\u00edo. En este sentido, la Mesa coincidi\u00f3 en sostener e incrementar el esfuerzo de los Estados para esta problem\u00e1tica regional.<\/p>\n\n\n\n<figure class=\"wp-block-image size-large is-resized\"><img loading=\"lazy\" decoding=\"async\" data-attachment-id=\"99\" data-permalink=\"https:\/\/www.comuna13online.com.ar\/?attachment_id=99\" data-orig-file=\"https:\/\/www.comuna13online.com.ar\/wp-content\/uploads\/2017\/12\/line.jpg\" data-orig-size=\"678,1\" data-comments-opened=\"0\" data-image-meta=\"{&quot;aperture&quot;:&quot;0&quot;,&quot;credit&quot;:&quot;&quot;,&quot;camera&quot;:&quot;&quot;,&quot;caption&quot;:&quot;&quot;,&quot;created_timestamp&quot;:&quot;0&quot;,&quot;copyright&quot;:&quot;&quot;,&quot;focal_length&quot;:&quot;0&quot;,&quot;iso&quot;:&quot;0&quot;,&quot;shutter_speed&quot;:&quot;0&quot;,&quot;title&quot;:&quot;&quot;,&quot;orientation&quot;:&quot;0&quot;}\" data-image-title=\"line\" data-image-description=\"\" data-image-caption=\"\" data-large-file=\"https:\/\/www.comuna13online.com.ar\/wp-content\/uploads\/2017\/12\/line.jpg\" src=\"http:\/\/www.comuna13online.com.ar\/wp-content\/uploads\/2017\/12\/line.jpg\" alt=\"\" class=\"wp-image-99\" width=\"678\" height=\"1\" srcset=\"https:\/\/www.comuna13online.com.ar\/wp-content\/uploads\/2017\/12\/line.jpg 678w, https:\/\/www.comuna13online.com.ar\/wp-content\/uploads\/2017\/12\/line-150x1.jpg 150w, https:\/\/www.comuna13online.com.ar\/wp-content\/uploads\/2017\/12\/line-326x1.jpg 326w, https:\/\/www.comuna13online.com.ar\/wp-content\/uploads\/2017\/12\/line-80x1.jpg 80w, https:\/\/www.comuna13online.com.ar\/wp-content\/uploads\/2017\/12\/line-272x1.jpg 272w\" sizes=\"auto, (max-width: 678px) 100vw, 678px\" \/><\/figure>\n\n\n\n<figure class=\"wp-block-image size-full\"><img loading=\"lazy\" decoding=\"async\" width=\"678\" height=\"180\" data-attachment-id=\"8918\" data-permalink=\"https:\/\/www.comuna13online.com.ar\/?attachment_id=8918\" data-orig-file=\"https:\/\/www.comuna13online.com.ar\/wp-content\/uploads\/2020\/04\/corona2.jpg\" data-orig-size=\"678,180\" data-comments-opened=\"0\" data-image-meta=\"{&quot;aperture&quot;:&quot;0&quot;,&quot;credit&quot;:&quot;&quot;,&quot;camera&quot;:&quot;&quot;,&quot;caption&quot;:&quot;&quot;,&quot;created_timestamp&quot;:&quot;0&quot;,&quot;copyright&quot;:&quot;&quot;,&quot;focal_length&quot;:&quot;0&quot;,&quot;iso&quot;:&quot;0&quot;,&quot;shutter_speed&quot;:&quot;0&quot;,&quot;title&quot;:&quot;&quot;,&quot;orientation&quot;:&quot;0&quot;}\" data-image-title=\"corona2\" data-image-description=\"\" data-image-caption=\"\" data-large-file=\"https:\/\/www.comuna13online.com.ar\/wp-content\/uploads\/2020\/04\/corona2.jpg\" src=\"http:\/\/www.comuna13online.com.ar\/wp-content\/uploads\/2020\/04\/corona2.jpg\" alt=\"\" class=\"wp-image-8918\"\/><\/figure>\n","protected":false},"excerpt":{"rendered":"<div class=\"mh-excerpt\">Participaron autoridades de la Ciudades de Buenos Aires, Ciudad de M\u00e9xico, Lima, La Paz y el Estado de San Pablo, disertaron sobre pol\u00edticas p\u00fablicas orientadas al desarrollo de las comunidades <a class=\"mh-excerpt-more\" href=\"https:\/\/www.comuna13online.com.ar\/?p=13645\" title=\"Se llev\u00f3 a cabo la 3\u00b0 edici\u00f3n de la Mesa Regional de desarrollo humano de Ciudades latinoamericanas\">[&#8230;]<\/a><\/div>\n","protected":false},"author":1,"featured_media":13647,"comment_status":"closed","ping_status":"closed","sticky":false,"template":"","format":"standard","meta":{"_uag_custom_page_level_css":"","_jetpack_memberships_contains_paid_content":false,"footnotes":"","jetpack_publicize_message":"","jetpack_publicize_feature_enabled":true,"jetpack_social_post_already_shared":true,"jetpack_social_options":{"image_generator_settings":{"template":"highway","default_image_id":0,"font":"","enabled":false},"version":2}},"categories":[282],"tags":[283,250,296],"class_list":{"0":"post-13645","1":"post","2":"type-post","3":"status-publish","4":"format-standard","5":"has-post-thumbnail","7":"category-desarrollo-social","8":"tag-desarrollo-social","9":"tag-h2","10":"tag-h3"},"jetpack_publicize_connections":[],"jetpack_featured_media_url":"https:\/\/www.comuna13online.com.ar\/wp-content\/uploads\/2021\/06\/210624a-id.jpg","uagb_featured_image_src":{"full":["https:\/\/www.comuna13online.com.ar\/wp-content\/uploads\/2021\/06\/210624a-id.jpg",678,452,false],"thumbnail":["https:\/\/www.comuna13online.com.ar\/wp-content\/uploads\/2021\/06\/210624a-id.jpg",128,85,false],"medium":["https:\/\/www.comuna13online.com.ar\/wp-content\/uploads\/2021\/06\/210624a-id.jpg",678,452,false],"medium_large":["https:\/\/www.comuna13online.com.ar\/wp-content\/uploads\/2021\/06\/210624a-id.jpg",678,452,false],"large":["https:\/\/www.comuna13online.com.ar\/wp-content\/uploads\/2021\/06\/210624a-id.jpg",678,452,false],"1536x1536":["https:\/\/www.comuna13online.com.ar\/wp-content\/uploads\/2021\/06\/210624a-id.jpg",678,452,false],"2048x2048":["https:\/\/www.comuna13online.com.ar\/wp-content\/uploads\/2021\/06\/210624a-id.jpg",678,452,false],"mh-magazine-slider":["https:\/\/www.comuna13online.com.ar\/wp-content\/uploads\/2021\/06\/210624a-id-678x438.jpg",678,438,true],"mh-magazine-content":["https:\/\/www.comuna13online.com.ar\/wp-content\/uploads\/2021\/06\/210624a-id-678x381.jpg",678,381,true],"mh-magazine-large":["https:\/\/www.comuna13online.com.ar\/wp-content\/uploads\/2021\/06\/210624a-id.jpg",678,452,false],"mh-magazine-medium":["https:\/\/www.comuna13online.com.ar\/wp-content\/uploads\/2021\/06\/210624a-id-326x245.jpg",326,245,true],"mh-magazine-small":["https:\/\/www.comuna13online.com.ar\/wp-content\/uploads\/2021\/06\/210624a-id-80x60.jpg",80,60,true],"sow-carousel-default":["https:\/\/www.comuna13online.com.ar\/wp-content\/uploads\/2021\/06\/210624a-id-272x182.jpg",272,182,true]},"uagb_author_info":{"display_name":"Comuna13","author_link":"https:\/\/www.comuna13online.com.ar\/?author=1"},"uagb_comment_info":0,"uagb_excerpt":"Participaron autoridades de la Ciudades de Buenos Aires, Ciudad de M\u00e9xico, Lima, La Paz y el Estado de San Pablo, disertaron sobre pol\u00edticas p\u00fablicas orientadas al desarrollo de las comunidades [...]","jetpack_sharing_enabled":true,"_links":{"self":[{"href":"https:\/\/www.comuna13online.com.ar\/index.php?rest_route=\/wp\/v2\/posts\/13645","targetHints":{"allow":["GET"]}}],"collection":[{"href":"https:\/\/www.comuna13online.com.ar\/index.php?rest_route=\/wp\/v2\/posts"}],"about":[{"href":"https:\/\/www.comuna13online.com.ar\/index.php?rest_route=\/wp\/v2\/types\/post"}],"author":[{"embeddable":true,"href":"https:\/\/www.comuna13online.com.ar\/index.php?rest_route=\/wp\/v2\/users\/1"}],"replies":[{"embeddable":true,"href":"https:\/\/www.comuna13online.com.ar\/index.php?rest_route=%2Fwp%2Fv2%2Fcomments&post=13645"}],"version-history":[{"count":0,"href":"https:\/\/www.comuna13online.com.ar\/index.php?rest_route=\/wp\/v2\/posts\/13645\/revisions"}],"wp:featuredmedia":[{"embeddable":true,"href":"https:\/\/www.comuna13online.com.ar\/index.php?rest_route=\/wp\/v2\/media\/13647"}],"wp:attachment":[{"href":"https:\/\/www.comuna13online.com.ar\/index.php?rest_route=%2Fwp%2Fv2%2Fmedia&parent=13645"}],"wp:term":[{"taxonomy":"category","embeddable":true,"href":"https:\/\/www.comuna13online.com.ar\/index.php?rest_route=%2Fwp%2Fv2%2Fcategories&post=13645"},{"taxonomy":"post_tag","embeddable":true,"href":"https:\/\/www.comuna13online.com.ar\/index.php?rest_route=%2Fwp%2Fv2%2Ftags&post=13645"}],"curies":[{"name":"wp","href":"https:\/\/api.w.org\/{rel}","templated":true}]}}