{"id":13631,"date":"2021-06-22T04:59:00","date_gmt":"2021-06-22T07:59:00","guid":{"rendered":"http:\/\/www.comuna13online.com.ar\/?p=13631"},"modified":"2021-06-22T17:18:51","modified_gmt":"2021-06-22T20:18:51","slug":"extienden-dos-anos-la-antiguedad-para-el-uso-de-vehiculos-para-taxis","status":"publish","type":"post","link":"https:\/\/www.comuna13online.com.ar\/?p=13631","title":{"rendered":"Extienden dos a\u00f1os la antig\u00fcedad para el uso de veh\u00edculos para taxis"},"content":{"rendered":"\n<p><strong>La Legislatura de la Ciudad extendi\u00f3 por dos a\u00f1os el uso de los veh\u00edculos destinados al servicio de taxis y modific\u00f3 la normativa sobre los rodados con motores el\u00e9ctricos.<\/strong><\/p>\n\n\n\n<figure class=\"wp-block-image size-large is-resized\"><img loading=\"lazy\" decoding=\"async\" data-attachment-id=\"13633\" data-permalink=\"https:\/\/www.comuna13online.com.ar\/?attachment_id=13633\" data-orig-file=\"https:\/\/www.comuna13online.com.ar\/wp-content\/uploads\/2021\/06\/210622b-01.jpg\" data-orig-size=\"678,452\" data-comments-opened=\"0\" data-image-meta=\"{&quot;aperture&quot;:&quot;0&quot;,&quot;credit&quot;:&quot;&quot;,&quot;camera&quot;:&quot;&quot;,&quot;caption&quot;:&quot;&quot;,&quot;created_timestamp&quot;:&quot;0&quot;,&quot;copyright&quot;:&quot;&quot;,&quot;focal_length&quot;:&quot;0&quot;,&quot;iso&quot;:&quot;0&quot;,&quot;shutter_speed&quot;:&quot;0&quot;,&quot;title&quot;:&quot;&quot;,&quot;orientation&quot;:&quot;0&quot;}\" data-image-title=\"210622b-01\" data-image-description=\"\" data-image-caption=\"\" data-large-file=\"https:\/\/www.comuna13online.com.ar\/wp-content\/uploads\/2021\/06\/210622b-01.jpg\" src=\"http:\/\/www.comuna13online.com.ar\/wp-content\/uploads\/2021\/06\/210622b-01.jpg\" alt=\"\" class=\"wp-image-13633\" width=\"678\" height=\"452\" srcset=\"https:\/\/www.comuna13online.com.ar\/wp-content\/uploads\/2021\/06\/210622b-01.jpg 678w, https:\/\/www.comuna13online.com.ar\/wp-content\/uploads\/2021\/06\/210622b-01-272x182.jpg 272w\" sizes=\"auto, (max-width: 678px) 100vw, 678px\" \/><figcaption><strong><sup><span style=\"color:#777777\" class=\"has-inline-color\">Diputada Cristina Garc\u00eda (Vamos Juntos), Presidenta de la Comisi\u00f3n de Tr\u00e1nsito y Transporte<\/span><\/sup><\/strong><\/figcaption><\/figure>\n\n\n\n<p>Con despacho de la Comisi\u00f3n de Tr\u00e1nsito y Transporte y el voto mayoritario de los diputados de la Ciudad de Buenos Aires, se dispuso extender por dos a\u00f1os m\u00e1s la utilidad de los veh\u00edculos destinados a taxis, que hasta el momento ten\u00edan un l\u00edmite de antig\u00fcedad de 6 a\u00f1os y fue ampliado a 8 a\u00f1os.<\/p>\n\n\n\n<p><em>\u201cEsta modificaci\u00f3n es sin dudas trascendental porque resulta en un alivio para el sector de taxis que siempre cumple un rol esencial y en pandemia mucho m\u00e1s. Viene a facilitar el recambio de las unidades en este contexto econ\u00f3mico desfavorable producto de la emergencia sanitaria\u201d<\/em>, argument\u00f3 la diputada Garc\u00eda.<\/p>\n\n\n\n<p><\/p>\n<div align=\"center\"><blockquote class=\"twitter-tweet\"><p lang=\"es\" dir=\"ltr\">En la sesi\u00f3n de hoy de <a href=\"https:\/\/twitter.com\/LegisCABA?ref_src=twsrc%5Etfw\">@LegisCABA<\/a> aprobamos un proyecto que viene a extender los a\u00f1os de antig\u00fcedad de 6 a 8 a\u00f1os de las unidades de taxis cuando se incorporan por renovaci\u00f3n. Adem\u00e1s, podr\u00e1n ser como m\u00e1ximo hasta un a\u00f1o m\u00e1s antiguo que el modelo que se est\u00e1 sustituyendo. <a href=\"https:\/\/t.co\/3laAHGiluc\">pic.twitter.com\/3laAHGiluc<\/a><\/p>&mdash; Cristina Garc\u00eda (@vascagarcia) <a href=\"https:\/\/twitter.com\/vascagarcia\/status\/1405615519231877123?ref_src=twsrc%5Etfw\">June 17, 2021<\/a><\/blockquote> <script async src=\"https:\/\/platform.twitter.com\/widgets.js\" charset=\"utf-8\"><\/script><\/div>\n<p><\/p>\n\n\n\n<p><strong>Las nuevas disposiciones al respecto, quedaron redactadas de la siguiente manera:<\/strong><\/p>\n\n\n\n<p><strong>a) <\/strong>Veh\u00edculo que se incorpore al servicio por otorgamiento de Licencia: deber\u00e1 ser 0 Km.<\/p>\n\n\n\n<p><strong>b)<\/strong> Veh\u00edculo que se incorpore por renovaci\u00f3n o cambio de material: el a\u00f1o-modelo no podr\u00e1 exceder los ocho (8) a\u00f1os de antig\u00fcedad a la fecha de iniciaci\u00f3n del tr\u00e1mite, y puede ser como m\u00e1ximo hasta un (1) a\u00f1o m\u00e1s antiguo que el a\u00f1o-modelo que se sustituye.<\/p>\n\n\n\n<p><strong>c)<\/strong> Veh\u00edculo que se incorpore por robo o destrucci\u00f3n total de la unidad afectada al servicio: Se admite que sea hasta un a\u00f1o m\u00e1s antiguo que el a\u00f1o-modelo del que se sustituye.\u00a0<\/p>\n\n\n\n<p><\/p>\n\n\n\n<figure class=\"wp-block-image size-large\"><img loading=\"lazy\" decoding=\"async\" width=\"678\" height=\"452\" data-attachment-id=\"13632\" data-permalink=\"https:\/\/www.comuna13online.com.ar\/?attachment_id=13632\" data-orig-file=\"https:\/\/www.comuna13online.com.ar\/wp-content\/uploads\/2021\/06\/210622b-02.jpg\" data-orig-size=\"678,452\" data-comments-opened=\"0\" data-image-meta=\"{&quot;aperture&quot;:&quot;0&quot;,&quot;credit&quot;:&quot;&quot;,&quot;camera&quot;:&quot;&quot;,&quot;caption&quot;:&quot;&quot;,&quot;created_timestamp&quot;:&quot;0&quot;,&quot;copyright&quot;:&quot;&quot;,&quot;focal_length&quot;:&quot;0&quot;,&quot;iso&quot;:&quot;0&quot;,&quot;shutter_speed&quot;:&quot;0&quot;,&quot;title&quot;:&quot;&quot;,&quot;orientation&quot;:&quot;0&quot;}\" data-image-title=\"210622b-02\" data-image-description=\"\" data-image-caption=\"\" data-large-file=\"https:\/\/www.comuna13online.com.ar\/wp-content\/uploads\/2021\/06\/210622b-02.jpg\" src=\"http:\/\/www.comuna13online.com.ar\/wp-content\/uploads\/2021\/06\/210622b-02.jpg\" alt=\"\" class=\"wp-image-13632\" srcset=\"https:\/\/www.comuna13online.com.ar\/wp-content\/uploads\/2021\/06\/210622b-02.jpg 678w, https:\/\/www.comuna13online.com.ar\/wp-content\/uploads\/2021\/06\/210622b-02-272x182.jpg 272w\" sizes=\"auto, (max-width: 678px) 100vw, 678px\" \/><\/figure>\n\n\n\n<p>Respecto a los veh\u00edculos con motores el\u00e9ctricos, tambi\u00e9n con despacho de la comisi\u00f3n de Tr\u00e1nsito y Transporte, se aprobaron modificaciones al C\u00f3digo en esa materia, en su parte referida a las definiciones de veh\u00edculos de dos ruedas y otros, con el prop\u00f3sito de incorporar a los rodados con motores el\u00e9ctricos y establecer tambi\u00e9n el otorgamiento de licencias a sus conductores de esas unidades.<\/p>\n\n\n\n<p><strong>Las nuevas definiciones son:<\/strong><\/p>\n\n\n\n<p><strong>Ciclomotor<\/strong>: veh\u00edculo de dos (2) ruedas con hasta cincuenta (50) cent\u00edmetros c\u00fabicos de cilindrada o hasta cuatro (4) Kilowatts de potencia m\u00e1xima continua nominal si se trata de motorizaci\u00f3n el\u00e9ctrica, y con capacidad para desarrollar, en ambos supuestos, no m\u00e1s de cincuenta (50) kil\u00f3metros por hora de velocidad.<\/p>\n\n\n\n<p><strong>Motocicleta<\/strong>: veh\u00edculo de dos (2) ruedas con motor a tracci\u00f3n propia de m\u00e1s de cincuenta (50) cent\u00edmetros c\u00fabicos de cilindrada o m\u00e1s de cuatro (4) Kilowatts de potencia m\u00e1xima continua nominal si se trata de motorizaci\u00f3n el\u00e9ctrica, y con capacidad para desarrollar, en ambos casos, velocidades superiores a cincuenta (50) kil\u00f3metros por hora.<\/p>\n\n\n\n<p><strong>Motofurg\u00f3n<\/strong>: triciclo o cuatriciclo motorizado destinado al transporte de cargas.<\/p>\n\n\n\n<p><strong>Motoveh\u00edculo<\/strong>: veh\u00edculo motorizado. Incluye solo a ciclomotores, triciclos y cuatriciclos motorizados, motocicletas y motofurgones.<\/p>\n\n\n\n<figure class=\"wp-block-image size-large is-resized\"><img loading=\"lazy\" decoding=\"async\" data-attachment-id=\"99\" data-permalink=\"https:\/\/www.comuna13online.com.ar\/?attachment_id=99\" data-orig-file=\"https:\/\/www.comuna13online.com.ar\/wp-content\/uploads\/2017\/12\/line.jpg\" data-orig-size=\"678,1\" data-comments-opened=\"0\" data-image-meta=\"{&quot;aperture&quot;:&quot;0&quot;,&quot;credit&quot;:&quot;&quot;,&quot;camera&quot;:&quot;&quot;,&quot;caption&quot;:&quot;&quot;,&quot;created_timestamp&quot;:&quot;0&quot;,&quot;copyright&quot;:&quot;&quot;,&quot;focal_length&quot;:&quot;0&quot;,&quot;iso&quot;:&quot;0&quot;,&quot;shutter_speed&quot;:&quot;0&quot;,&quot;title&quot;:&quot;&quot;,&quot;orientation&quot;:&quot;0&quot;}\" data-image-title=\"line\" data-image-description=\"\" data-image-caption=\"\" data-large-file=\"https:\/\/www.comuna13online.com.ar\/wp-content\/uploads\/2017\/12\/line.jpg\" src=\"http:\/\/www.comuna13online.com.ar\/wp-content\/uploads\/2017\/12\/line.jpg\" alt=\"\" class=\"wp-image-99\" width=\"678\" height=\"1\" srcset=\"https:\/\/www.comuna13online.com.ar\/wp-content\/uploads\/2017\/12\/line.jpg 678w, https:\/\/www.comuna13online.com.ar\/wp-content\/uploads\/2017\/12\/line-150x1.jpg 150w, https:\/\/www.comuna13online.com.ar\/wp-content\/uploads\/2017\/12\/line-326x1.jpg 326w, https:\/\/www.comuna13online.com.ar\/wp-content\/uploads\/2017\/12\/line-80x1.jpg 80w, https:\/\/www.comuna13online.com.ar\/wp-content\/uploads\/2017\/12\/line-272x1.jpg 272w\" sizes=\"auto, (max-width: 678px) 100vw, 678px\" \/><\/figure>\n\n\n\n<figure class=\"wp-block-image size-full\"><img loading=\"lazy\" decoding=\"async\" width=\"678\" height=\"180\" data-attachment-id=\"8918\" data-permalink=\"https:\/\/www.comuna13online.com.ar\/?attachment_id=8918\" data-orig-file=\"https:\/\/www.comuna13online.com.ar\/wp-content\/uploads\/2020\/04\/corona2.jpg\" data-orig-size=\"678,180\" data-comments-opened=\"0\" data-image-meta=\"{&quot;aperture&quot;:&quot;0&quot;,&quot;credit&quot;:&quot;&quot;,&quot;camera&quot;:&quot;&quot;,&quot;caption&quot;:&quot;&quot;,&quot;created_timestamp&quot;:&quot;0&quot;,&quot;copyright&quot;:&quot;&quot;,&quot;focal_length&quot;:&quot;0&quot;,&quot;iso&quot;:&quot;0&quot;,&quot;shutter_speed&quot;:&quot;0&quot;,&quot;title&quot;:&quot;&quot;,&quot;orientation&quot;:&quot;0&quot;}\" data-image-title=\"corona2\" data-image-description=\"\" data-image-caption=\"\" data-large-file=\"https:\/\/www.comuna13online.com.ar\/wp-content\/uploads\/2020\/04\/corona2.jpg\" src=\"http:\/\/www.comuna13online.com.ar\/wp-content\/uploads\/2020\/04\/corona2.jpg\" alt=\"\" class=\"wp-image-8918\"\/><\/figure>\n\n\n\n<p><\/p>\n\n\n\n<p><\/p>\n","protected":false},"excerpt":{"rendered":"<div class=\"mh-excerpt\">La Legislatura de la Ciudad extendi\u00f3 por dos a\u00f1os el uso de los veh\u00edculos destinados al servicio de taxis y modific\u00f3 la normativa sobre los rodados con motores el\u00e9ctricos. Con <a class=\"mh-excerpt-more\" href=\"https:\/\/www.comuna13online.com.ar\/?p=13631\" title=\"Extienden dos a\u00f1os la antig\u00fcedad para el uso de veh\u00edculos para taxis\">[&#8230;]<\/a><\/div>\n","protected":false},"author":1,"featured_media":600,"comment_status":"closed","ping_status":"closed","sticky":false,"template":"","format":"standard","meta":{"_uag_custom_page_level_css":"","_jetpack_memberships_contains_paid_content":false,"footnotes":"","jetpack_publicize_message":"","jetpack_publicize_feature_enabled":true,"jetpack_social_post_already_shared":true,"jetpack_social_options":{"image_generator_settings":{"template":"highway","default_image_id":0,"font":"","enabled":false},"version":2}},"categories":[13],"tags":[250,296],"class_list":{"0":"post-13631","1":"post","2":"type-post","3":"status-publish","4":"format-standard","5":"has-post-thumbnail","7":"category-transporte","8":"tag-h2","9":"tag-h3"},"jetpack_publicize_connections":[],"jetpack_featured_media_url":"https:\/\/www.comuna13online.com.ar\/wp-content\/uploads\/2018\/02\/20180215a.jpg","uagb_featured_image_src":{"full":["https:\/\/www.comuna13online.com.ar\/wp-content\/uploads\/2018\/02\/20180215a.jpg",1030,438,false],"thumbnail":["https:\/\/www.comuna13online.com.ar\/wp-content\/uploads\/2018\/02\/20180215a-150x150.jpg",96,96,true],"medium":["https:\/\/www.comuna13online.com.ar\/wp-content\/uploads\/2018\/02\/20180215a-678x288.jpg",678,288,true],"medium_large":["https:\/\/www.comuna13online.com.ar\/wp-content\/uploads\/2018\/02\/20180215a-768x327.jpg",768,327,true],"large":["https:\/\/www.comuna13online.com.ar\/wp-content\/uploads\/2018\/02\/20180215a.jpg",1030,438,false],"1536x1536":["https:\/\/www.comuna13online.com.ar\/wp-content\/uploads\/2018\/02\/20180215a.jpg",1030,438,false],"2048x2048":["https:\/\/www.comuna13online.com.ar\/wp-content\/uploads\/2018\/02\/20180215a.jpg",1030,438,false],"mh-magazine-slider":["https:\/\/www.comuna13online.com.ar\/wp-content\/uploads\/2018\/02\/20180215a.jpg",1030,438,false],"mh-magazine-content":["https:\/\/www.comuna13online.com.ar\/wp-content\/uploads\/2018\/02\/20180215a-678x381.jpg",678,381,true],"mh-magazine-large":["https:\/\/www.comuna13online.com.ar\/wp-content\/uploads\/2018\/02\/20180215a-678x438.jpg",678,438,true],"mh-magazine-medium":["https:\/\/www.comuna13online.com.ar\/wp-content\/uploads\/2018\/02\/20180215a-326x245.jpg",326,245,true],"mh-magazine-small":["https:\/\/www.comuna13online.com.ar\/wp-content\/uploads\/2018\/02\/20180215a-80x60.jpg",80,60,true],"sow-carousel-default":["https:\/\/www.comuna13online.com.ar\/wp-content\/uploads\/2018\/02\/20180215a-272x182.jpg",272,182,true]},"uagb_author_info":{"display_name":"Comuna13","author_link":"https:\/\/www.comuna13online.com.ar\/?author=1"},"uagb_comment_info":0,"uagb_excerpt":"La Legislatura de la Ciudad extendi\u00f3 por dos a\u00f1os el uso de los veh\u00edculos destinados al servicio de taxis y modific\u00f3 la normativa sobre los rodados con motores el\u00e9ctricos. Con [...]","jetpack_sharing_enabled":true,"_links":{"self":[{"href":"https:\/\/www.comuna13online.com.ar\/index.php?rest_route=\/wp\/v2\/posts\/13631","targetHints":{"allow":["GET"]}}],"collection":[{"href":"https:\/\/www.comuna13online.com.ar\/index.php?rest_route=\/wp\/v2\/posts"}],"about":[{"href":"https:\/\/www.comuna13online.com.ar\/index.php?rest_route=\/wp\/v2\/types\/post"}],"author":[{"embeddable":true,"href":"https:\/\/www.comuna13online.com.ar\/index.php?rest_route=\/wp\/v2\/users\/1"}],"replies":[{"embeddable":true,"href":"https:\/\/www.comuna13online.com.ar\/index.php?rest_route=%2Fwp%2Fv2%2Fcomments&post=13631"}],"version-history":[{"count":0,"href":"https:\/\/www.comuna13online.com.ar\/index.php?rest_route=\/wp\/v2\/posts\/13631\/revisions"}],"wp:featuredmedia":[{"embeddable":true,"href":"https:\/\/www.comuna13online.com.ar\/index.php?rest_route=\/wp\/v2\/media\/600"}],"wp:attachment":[{"href":"https:\/\/www.comuna13online.com.ar\/index.php?rest_route=%2Fwp%2Fv2%2Fmedia&parent=13631"}],"wp:term":[{"taxonomy":"category","embeddable":true,"href":"https:\/\/www.comuna13online.com.ar\/index.php?rest_route=%2Fwp%2Fv2%2Fcategories&post=13631"},{"taxonomy":"post_tag","embeddable":true,"href":"https:\/\/www.comuna13online.com.ar\/index.php?rest_route=%2Fwp%2Fv2%2Ftags&post=13631"}],"curies":[{"name":"wp","href":"https:\/\/api.w.org\/{rel}","templated":true}]}}