{"id":13596,"date":"2021-06-17T13:33:40","date_gmt":"2021-06-17T16:33:40","guid":{"rendered":"http:\/\/www.comuna13online.com.ar\/?p=13596"},"modified":"2021-06-17T13:48:16","modified_gmt":"2021-06-17T16:48:16","slug":"arranca-el-ciclo-de-cine-de-colectividades-mira-toda-la-programacion","status":"publish","type":"post","link":"https:\/\/www.comuna13online.com.ar\/?p=13596","title":{"rendered":"Arranca el Ciclo de Cine de Colectividades, mira toda la programaci\u00f3n"},"content":{"rendered":"\n<p><strong>Del 18 al 20 y del 25 al 27 de junio se desarrollar\u00e1 una nueva edici\u00f3n del Ciclo de Cine de Colectividades, se proyectar\u00e1n 6 largometrajes de ficci\u00f3n y documental.<\/strong><\/p>\n\n\n\n<figure class=\"wp-block-image size-large\"><img loading=\"lazy\" decoding=\"async\" width=\"678\" height=\"452\" data-attachment-id=\"13597\" data-permalink=\"https:\/\/www.comuna13online.com.ar\/?attachment_id=13597\" data-orig-file=\"https:\/\/www.comuna13online.com.ar\/wp-content\/uploads\/2021\/06\/210617a-01.jpg\" data-orig-size=\"678,452\" data-comments-opened=\"0\" data-image-meta=\"{&quot;aperture&quot;:&quot;0&quot;,&quot;credit&quot;:&quot;&quot;,&quot;camera&quot;:&quot;&quot;,&quot;caption&quot;:&quot;&quot;,&quot;created_timestamp&quot;:&quot;0&quot;,&quot;copyright&quot;:&quot;&quot;,&quot;focal_length&quot;:&quot;0&quot;,&quot;iso&quot;:&quot;0&quot;,&quot;shutter_speed&quot;:&quot;0&quot;,&quot;title&quot;:&quot;&quot;,&quot;orientation&quot;:&quot;0&quot;}\" data-image-title=\"210617a-01\" data-image-description=\"\" data-image-caption=\"\" data-large-file=\"https:\/\/www.comuna13online.com.ar\/wp-content\/uploads\/2021\/06\/210617a-01.jpg\" src=\"http:\/\/www.comuna13online.com.ar\/wp-content\/uploads\/2021\/06\/210617a-01.jpg\" alt=\"\" class=\"wp-image-13597\" srcset=\"https:\/\/www.comuna13online.com.ar\/wp-content\/uploads\/2021\/06\/210617a-01.jpg 678w, https:\/\/www.comuna13online.com.ar\/wp-content\/uploads\/2021\/06\/210617a-01-272x182.jpg 272w\" sizes=\"auto, (max-width: 678px) 100vw, 678px\" \/><\/figure>\n\n\n\n<p>El&nbsp;<strong>Ciclo de Cine de Colectividades<\/strong>&nbsp;propone&nbsp;<strong>reflexionar desde una perspectiva fresca y joven sobre el cruce de las distintas identidades dentro de las comunidades.<\/strong>&nbsp;Curado y producido por el equipo de Noches de Alfombra -el ciclo de experiencias culturales de la Asociaci\u00f3n Cultural Armenia- y desarrollado con el apoyo de Mecenazgo, contar\u00e1 con&nbsp;<strong>6 largometrajes en total, tanto de ficci\u00f3n como documentales<\/strong>, que se podr\u00e1n ver de manera gratuita a trav\u00e9s de&nbsp;<a rel=\"noreferrer noopener\" target=\"_blank\" href=\"https:\/\/facebook.us15.list-manage.com\/track\/click?u=2cc2c05d949ac2326ab4b4f52&amp;id=b147318a32&amp;e=38fa18d147\">nochesdealfombra.com.ar<\/a>.<br>&nbsp;<\/p>\n\n\n\n<p>Del 18 al 20 de junio, las pel\u00edculas online disponibles ser\u00e1n:&nbsp;<em><strong>Guaran\u00ed<\/strong><\/em>, de Luis Zorraquin;&nbsp;<em><strong>Armenian Rhapsody<\/strong><\/em>, de Cassiana Der Haroutiounian, Cesar Gananian y Gary Gananian e&nbsp;<em><strong>Invitaci\u00f3n de boda<\/strong><\/em>, de Annemarie Jacir.&nbsp;<\/p>\n\n\n\n<p><br>Adem\u00e1s,&nbsp;<strong>el s\u00e1bado 19, a las 20hs, tendr\u00e1 lugar el panel \u00abLa otra identidad\u00bb<\/strong>&nbsp;con Ana Arzoumanian, escritora; Gary Gananian, codirector de Armenian Rhapsody; Luis Zorraquin, director de Guaran\u00ed; y la periodista cultural Lala Toutonian.&nbsp;<strong>Se podr\u00e1 ver en vivo desde el&nbsp;<a rel=\"noreferrer noopener\" target=\"_blank\" href=\"https:\/\/facebook.us15.list-manage.com\/track\/click?u=2cc2c05d949ac2326ab4b4f52&amp;id=4ee98e3b33&amp;e=38fa18d147\">canal de YouTube<\/a>&nbsp;de Audici\u00f3n Gomidas<\/strong>.<\/p>\n\n\n\n<p><\/p>\n\n\n\n<h3 class=\"wp-block-heading\">Programaci\u00f3n completa:<\/h3>\n\n\n\n<p><strong>Del 18 al 20 de junio, las pel\u00edculas disponibles ser\u00e1n:<\/strong><\/p>\n\n\n\n<h3 class=\"wp-block-heading\"><strong>Guaran\u00ed<\/strong><\/h3>\n\n\n\n<p><strong><em>De Luis Zorraquin<\/em><\/strong><br>(Argentina\/Paraguay, 2016, 84 minutos, ficci\u00f3n)&nbsp;<\/p>\n\n\n\n<p>Sinopsis:&nbsp;Atilio es un pescador que vive con algunas de sus hijas y su nieta Iara. Su gran anhelo es tener un nieto var\u00f3n para poder transmitirle los secretos de la pesca, de su idioma y de su cultura guaran\u00ed. La madre de Iara, Helena, vive en Buenos Aires, a 1.100 kms de distancia. Atilio descubre una carta donde se entera de que Helena est\u00e1 embarazada, que va a tener un var\u00f3n, y decide ir junto a Iara a buscarla a Buenos Aires, con la esperanza de que su nieto nazca en tierra paraguaya. <\/p>\n\n\n\n<iframe loading=\"lazy\" width=\"678\" height=\"381\" src=\"https:\/\/www.youtube.com\/embed\/tlMlNph1dr4\" title=\"YouTube video player\" frameborder=\"0\" allow=\"accelerometer; autoplay; clipboard-write; encrypted-media; gyroscope; picture-in-picture\" allowfullscreen=\"\"><\/iframe>\n\n\n\n<div style=\"height:30px\" aria-hidden=\"true\" class=\"wp-block-spacer\"><\/div>\n\n\n\n<h3 class=\"wp-block-heading\"><strong>Armenian Rhapsody<\/strong><\/h3>\n\n\n\n<p><em><strong>De\u00a0Cassiana Der Haroutiounian, Cesar Gananian y Gary Gananian<\/strong><br><\/em>(Brasil\/Armenia, 2012, 63 minutos, documental)<\/p>\n\n\n\n<p>Sinopsis:&nbsp;Una road movie en tierras armenias con muchos personajes, en la que los rostros y la m\u00fasica son los verdaderos protagonistas. Como en una rapsodia, el film est\u00e1 compuesto de la yuxtaposici\u00f3n musical y narrativa de fragmentos que var\u00edan en tema, intensidad y en tono.<\/p>\n\n\n\n<iframe loading=\"lazy\" width=\"678\" height=\"381\" src=\"https:\/\/www.youtube.com\/embed\/SAWdzLHm9aY\" title=\"YouTube video player\" frameborder=\"0\" allow=\"accelerometer; autoplay; clipboard-write; encrypted-media; gyroscope; picture-in-picture\" allowfullscreen=\"\"><\/iframe>\n\n\n\n<div style=\"height:30px\" aria-hidden=\"true\" class=\"wp-block-spacer\"><\/div>\n\n\n\n<h3 class=\"wp-block-heading\"><strong>Invitaci\u00f3n de boda<\/strong><\/h3>\n\n\n\n<p><em><strong>De Annemarie Jacir<\/strong><br><\/em>(Palestina, 2017, 96 minutos, ficci\u00f3n)<\/p>\n\n\n\n<p>Sinopsis:&nbsp;Abu Shadi, un profesor divorciado de 65 a\u00f1os que vive en Nazareth,&nbsp; prepara la boda de su hija. En un mes, ella se habr\u00e1 ido de casa. Shadi, el hijo, es un arquitecto que vive en Roma desde hace a\u00f1os, y vuelve a Palestina a ayudar a su padre a entregar las invitaciones \u2014en mano\u2014, tal como lo requiere la tradici\u00f3n del Wajib. Padre e hijo comienzan a visitar a familiares y conocidos, mientras la tensi\u00f3n va en aumento por las diferencias que mantienen y su relaci\u00f3n es puesta a prueba.<\/p>\n\n\n\n<iframe loading=\"lazy\" width=\"678\" height=\"381\" src=\"https:\/\/www.youtube.com\/embed\/baTVF6jDlRY\" title=\"YouTube video player\" frameborder=\"0\" allow=\"accelerometer; autoplay; clipboard-write; encrypted-media; gyroscope; picture-in-picture\" allowfullscreen=\"\"><\/iframe>\n\n\n\n<div style=\"height:20px\" aria-hidden=\"true\" class=\"wp-block-spacer\"><\/div>\n\n\n\n<figure class=\"wp-block-image size-large\"><img loading=\"lazy\" decoding=\"async\" width=\"678\" height=\"2\" data-attachment-id=\"2965\" data-permalink=\"https:\/\/www.comuna13online.com.ar\/?attachment_id=2965\" data-orig-file=\"https:\/\/www.comuna13online.com.ar\/wp-content\/uploads\/2018\/10\/line.gif\" data-orig-size=\"678,2\" data-comments-opened=\"0\" data-image-meta=\"{&quot;aperture&quot;:&quot;0&quot;,&quot;credit&quot;:&quot;&quot;,&quot;camera&quot;:&quot;&quot;,&quot;caption&quot;:&quot;&quot;,&quot;created_timestamp&quot;:&quot;0&quot;,&quot;copyright&quot;:&quot;&quot;,&quot;focal_length&quot;:&quot;0&quot;,&quot;iso&quot;:&quot;0&quot;,&quot;shutter_speed&quot;:&quot;0&quot;,&quot;title&quot;:&quot;&quot;,&quot;orientation&quot;:&quot;0&quot;}\" data-image-title=\"line\" data-image-description=\"\" data-image-caption=\"\" data-large-file=\"https:\/\/www.comuna13online.com.ar\/wp-content\/uploads\/2018\/10\/line.gif\" src=\"http:\/\/www.comuna13online.com.ar\/wp-content\/uploads\/2018\/10\/line.gif\" alt=\"\" class=\"wp-image-2965\"\/><\/figure>\n\n\n\n<h3 class=\"wp-block-heading\">Programaci\u00f3n del 25 al 27 de junio<\/h3>\n\n\n\n<p>Las pel\u00edculas seleccionadas en esta semana exploran cuestiones vinculadas a las identidades de g\u00e9nero y la diversidad dentro de las colectividades.<\/p>\n\n\n\n<h3 class=\"wp-block-heading\"><strong>Apricot Groves<\/strong><\/h3>\n\n\n\n<p><em><strong>De\u00a0Pouria Heidary Oureh<br><\/strong><\/em>(Armenia\/ir\u00e1n, 2016, 78 minutos, ficci\u00f3n)\u00a0<\/p>\n\n\n\n<p>Sinopsis:&nbsp;Aram, un joven armenio-iran\u00ed que emigr\u00f3 a los EE.UU. cuando era ni\u00f1o, vuelve a Armenia por primera vez para proponerle matrimonio a su novia tambi\u00e9n armenia a la que conoci\u00f3 en los EE.UU. y con la que vive. Aram ve muchas diferencias culturales y religiosas en el viaje, pero los obst\u00e1culos m\u00e1s dif\u00edciles est\u00e1n a\u00fan por llegar.<br><\/p>\n\n\n\n<iframe loading=\"lazy\" width=\"678\" height=\"381\" src=\"https:\/\/www.youtube.com\/embed\/uFLEeG5RfZE\" title=\"YouTube video player\" frameborder=\"0\" allow=\"accelerometer; autoplay; clipboard-write; encrypted-media; gyroscope; picture-in-picture\" allowfullscreen=\"\"><\/iframe>\n\n\n\n<div style=\"height:30px\" aria-hidden=\"true\" class=\"wp-block-spacer\"><\/div>\n\n\n\n<h3 class=\"wp-block-heading\"><strong>Leona<\/strong><\/h3>\n\n\n\n<p><strong><em>De Isaac Cherem<br><\/em><\/strong>(M\u00e9xico, 2018, 94 minutos, ficci\u00f3n)<\/p>\n\n\n\n<p>Sinopsis:&nbsp;Una joven jud\u00eda de la Ciudad de M\u00e9xico se encuentra dividida entre su familia y su amor prohibido con un hombre no jud\u00edo. \u00c9l le permite descubrir el mundo fuera de la burbuja de su comunidad, lo que la lleva a una importante transici\u00f3n en su vida adulta.<\/p>\n\n\n\n<iframe loading=\"lazy\" width=\"678\" height=\"381\" src=\"https:\/\/www.youtube.com\/embed\/0kL5zEEpLdw\" title=\"YouTube video player\" frameborder=\"0\" allow=\"accelerometer; autoplay; clipboard-write; encrypted-media; gyroscope; picture-in-picture\" allowfullscreen=\"\"><\/iframe>\n\n\n\n<div style=\"height:30px\" aria-hidden=\"true\" class=\"wp-block-spacer\"><\/div>\n\n\n\n<h3 class=\"wp-block-heading\"><strong>Mi \u00faltimo fracaso<\/strong><\/h3>\n\n\n\n<p><strong><em>De Cecilia Kang<br><\/em><\/strong>(Argentina\/Corea del Sur, 2016, 63 minutos, documental)<\/p>\n\n\n\n<p>Sinopsis:&nbsp;En un pa\u00eds a la vez extranjero y propio, el recorrido a trav\u00e9s de las relaciones sentimentales de tres mujeres de la colectividad coreana en la Argentina nos lleva a comprender las distintas maneras en que nuestra identidad cultural afecta nuestras decisiones m\u00e1s \u00edntimas.<\/p>\n\n\n\n<iframe loading=\"lazy\" width=\"678\" height=\"381\" src=\"https:\/\/www.youtube.com\/embed\/QAGAewgxsXM\" title=\"YouTube video player\" frameborder=\"0\" allow=\"accelerometer; autoplay; clipboard-write; encrypted-media; gyroscope; picture-in-picture\" allowfullscreen=\"\"><\/iframe>\n\n\n\n<div style=\"height:30px\" aria-hidden=\"true\" class=\"wp-block-spacer\"><\/div>\n\n\n\n<p><\/p>\n\n\n\n<h3 class=\"wp-block-heading\"><strong>Fundamentos&nbsp;Ciclo de Cine de Colectividades<\/strong><\/h3>\n\n\n\n<p><em>\u00bfC\u00f3mo es ser argentino y, a la vez, paraguayo, coreano o \u00e1rabe? \u00bfEs lo mismo pertenecer a la comunidad armenia siendo var\u00f3n, mujer,&nbsp;no binarie? \u00bfQui\u00e9nes somos cuando somos muchas cosas a la vez? \u00bfCu\u00e1les son nuestros miedos? \u00bfQui\u00e9n es el otro y c\u00f3mo somos en relaci\u00f3n a \u00e9l? \u00bfCu\u00e1ndo y c\u00f3mo aparece la identidad que prevalece?<\/em><\/p>\n\n\n\n<p>Sabido es que la Argentina y, en particular, la Ciudad de Buenos Aires, recibi\u00f3 a millones de extranjeros durante su historia y que, en su seno, se han organizado numerosas colectividades que con su trabajo y costumbres han nutrido a este pa\u00eds.&nbsp;<strong>Las comunidades se fundan en el momento en que personas migrantes o refugiadas se organizan en torno a la identidad de su lugar de origen.<\/strong>&nbsp;Con el fin de asegurar la persistencia de sus tradiciones y su cultura, construyen instituciones como colegios, clubes y templos, cocinan sus comidas, celebran sus festividades y comparten sus duelos. Adem\u00e1s, establecen mecanismos de solidaridad entre sus miembros y articulan reclamos pol\u00edticos frente a las autoridades. Sin embargo, los integrantes de las colectividades no siempre desbordan de las certezas que buscan otorgar esas estructuras.&nbsp;<strong>Con el paso de las generaciones surgen preguntas vinculadas con el cruce, el punto en el que las identidades \u2013la que da origen a la comunidad y las que se construyen con el paso del tiempo en el lugar que se habita\u2013 se chocan, dialogan, se nutren, mutan y persisten.<\/strong><\/p>\n\n\n\n<p>Pero la identidad no es solo aquella que est\u00e1 anclada en una religi\u00f3n o en una naci\u00f3n, tampoco puede ser nunca solo colectiva: si as\u00ed fuera todos los integrantes de una colectividad ser\u00edan iguales. \u00bfC\u00f3mo dialogan nuestros deseos, gustos, ideales con lo que nos fue heredado? \u00bfDe qu\u00e9 forma puede convivir todo aquello que somos para sentirnos libres?<\/p>\n\n\n\n<p>El&nbsp;<strong>Ciclo de Cine de Colectividades<\/strong>&nbsp;<strong>buscar\u00e1 explorar algunos de los interrogantes que surgen en torno a la identidad<\/strong>&nbsp;-o mejor dicho, a las identidades- en las comunidades. En sus escritos sobre cine, Tarkovsky sostiene que, con ayuda del arte, \u201clas personas intentan avanzar la una en direcci\u00f3n a la otra, estableciendo comunicaciones sobre s\u00ed mismas y adoptando experiencias ajenas\u201d. Tal vez no haya mejor manera de presentar la propuesta que a trav\u00e9s de estas palabras, porque las pel\u00edculas seleccionadas buscar\u00e1n precisamente eso: ser v\u00edas que comuniquen a las colectividades entre s\u00ed. Al final, puede que lo m\u00e1s llamativo no sea la ajenidad de una experiencia comunitaria respecto de otra, sino la inmensa familiaridad que puede existir entre ambas.<\/p>\n\n\n\n<hr class=\"wp-block-separator\"\/>\n\n\n\n<h4 class=\"wp-block-heading\"><strong>Los organizadores<\/strong><\/h4>\n\n\n\n<p><strong>Noches de Alfombra&nbsp;<\/strong>es el ciclo de experiencias culturales de la&nbsp;<strong>Asociaci\u00f3n Cultural Armenia de Buenos Aires,&nbsp;<\/strong>una de las principales instituciones de la comunidad armenia de Argentina. Detr\u00e1s de Noches de Alfombra hay un equipo de personas curiosas que disfrutan de entrecruzar elementos de la identidad armenia con otros provenientes de manifestaciones culturales diversas. Fundado en 2018, su esp\u00edritu se basa en acercar mundos en apariencia lejanos a trav\u00e9s de propuestas aut\u00e9nticas y originales.<\/p>\n","protected":false},"excerpt":{"rendered":"<div class=\"mh-excerpt\">Del 18 al 20 y del 25 al 27 de junio se desarrollar\u00e1 una nueva edici\u00f3n del Ciclo de Cine de Colectividades, se proyectar\u00e1n 6 largometrajes de ficci\u00f3n y documental. <a class=\"mh-excerpt-more\" href=\"https:\/\/www.comuna13online.com.ar\/?p=13596\" title=\"Arranca el Ciclo de Cine de Colectividades, mira toda la programaci\u00f3n\">[&#8230;]<\/a><\/div>\n","protected":false},"author":1,"featured_media":13598,"comment_status":"closed","ping_status":"closed","sticky":false,"template":"","format":"standard","meta":{"_uag_custom_page_level_css":"","_jetpack_memberships_contains_paid_content":false,"footnotes":"","jetpack_publicize_message":"","jetpack_publicize_feature_enabled":true,"jetpack_social_post_already_shared":true,"jetpack_social_options":{"image_generator_settings":{"template":"highway","default_image_id":0,"font":"","enabled":false},"version":2}},"categories":[142],"tags":[143,246,250,296,71],"class_list":{"0":"post-13596","1":"post","2":"type-post","3":"status-publish","4":"format-standard","5":"has-post-thumbnail","7":"category-cine","8":"tag-cine","9":"tag-h1","10":"tag-h2","11":"tag-h3","12":"tag-tiempo-libre"},"jetpack_publicize_connections":[],"jetpack_featured_media_url":"https:\/\/www.comuna13online.com.ar\/wp-content\/uploads\/2021\/06\/210617a-id.jpg","uagb_featured_image_src":{"full":["https:\/\/www.comuna13online.com.ar\/wp-content\/uploads\/2021\/06\/210617a-id.jpg",1030,438,false],"thumbnail":["https:\/\/www.comuna13online.com.ar\/wp-content\/uploads\/2021\/06\/210617a-id.jpg",128,54,false],"medium":["https:\/\/www.comuna13online.com.ar\/wp-content\/uploads\/2021\/06\/210617a-id.jpg",1030,438,false],"medium_large":["https:\/\/www.comuna13online.com.ar\/wp-content\/uploads\/2021\/06\/210617a-id-768x327.jpg",768,327,true],"large":["https:\/\/www.comuna13online.com.ar\/wp-content\/uploads\/2021\/06\/210617a-id.jpg",1030,438,false],"1536x1536":["https:\/\/www.comuna13online.com.ar\/wp-content\/uploads\/2021\/06\/210617a-id.jpg",1030,438,false],"2048x2048":["https:\/\/www.comuna13online.com.ar\/wp-content\/uploads\/2021\/06\/210617a-id.jpg",1030,438,false],"mh-magazine-slider":["https:\/\/www.comuna13online.com.ar\/wp-content\/uploads\/2021\/06\/210617a-id-1030x438.jpg",1030,438,true],"mh-magazine-content":["https:\/\/www.comuna13online.com.ar\/wp-content\/uploads\/2021\/06\/210617a-id-678x381.jpg",678,381,true],"mh-magazine-large":["https:\/\/www.comuna13online.com.ar\/wp-content\/uploads\/2021\/06\/210617a-id-678x438.jpg",678,438,true],"mh-magazine-medium":["https:\/\/www.comuna13online.com.ar\/wp-content\/uploads\/2021\/06\/210617a-id-326x245.jpg",326,245,true],"mh-magazine-small":["https:\/\/www.comuna13online.com.ar\/wp-content\/uploads\/2021\/06\/210617a-id-80x60.jpg",80,60,true],"sow-carousel-default":["https:\/\/www.comuna13online.com.ar\/wp-content\/uploads\/2021\/06\/210617a-id-272x182.jpg",272,182,true]},"uagb_author_info":{"display_name":"Comuna13","author_link":"https:\/\/www.comuna13online.com.ar\/?author=1"},"uagb_comment_info":0,"uagb_excerpt":"Del 18 al 20 y del 25 al 27 de junio se desarrollar\u00e1 una nueva edici\u00f3n del Ciclo de Cine de Colectividades, se proyectar\u00e1n 6 largometrajes de ficci\u00f3n y documental. [...]","jetpack_sharing_enabled":true,"_links":{"self":[{"href":"https:\/\/www.comuna13online.com.ar\/index.php?rest_route=\/wp\/v2\/posts\/13596","targetHints":{"allow":["GET"]}}],"collection":[{"href":"https:\/\/www.comuna13online.com.ar\/index.php?rest_route=\/wp\/v2\/posts"}],"about":[{"href":"https:\/\/www.comuna13online.com.ar\/index.php?rest_route=\/wp\/v2\/types\/post"}],"author":[{"embeddable":true,"href":"https:\/\/www.comuna13online.com.ar\/index.php?rest_route=\/wp\/v2\/users\/1"}],"replies":[{"embeddable":true,"href":"https:\/\/www.comuna13online.com.ar\/index.php?rest_route=%2Fwp%2Fv2%2Fcomments&post=13596"}],"version-history":[{"count":0,"href":"https:\/\/www.comuna13online.com.ar\/index.php?rest_route=\/wp\/v2\/posts\/13596\/revisions"}],"wp:featuredmedia":[{"embeddable":true,"href":"https:\/\/www.comuna13online.com.ar\/index.php?rest_route=\/wp\/v2\/media\/13598"}],"wp:attachment":[{"href":"https:\/\/www.comuna13online.com.ar\/index.php?rest_route=%2Fwp%2Fv2%2Fmedia&parent=13596"}],"wp:term":[{"taxonomy":"category","embeddable":true,"href":"https:\/\/www.comuna13online.com.ar\/index.php?rest_route=%2Fwp%2Fv2%2Fcategories&post=13596"},{"taxonomy":"post_tag","embeddable":true,"href":"https:\/\/www.comuna13online.com.ar\/index.php?rest_route=%2Fwp%2Fv2%2Ftags&post=13596"}],"curies":[{"name":"wp","href":"https:\/\/api.w.org\/{rel}","templated":true}]}}