{"id":1357,"date":"2018-04-26T05:00:01","date_gmt":"2018-04-26T08:00:01","guid":{"rendered":"http:\/\/www.comuna13online.com.ar\/?p=1357"},"modified":"2018-04-26T10:56:01","modified_gmt":"2018-04-26T13:56:01","slug":"la-legislatura-portena-declaro-a-martin-caparros-como-ciudadano-ilustre","status":"publish","type":"post","link":"https:\/\/www.comuna13online.com.ar\/?p=1357","title":{"rendered":"La Legislatura porte\u00f1a declar\u00f3 a Mart\u00edn Caparr\u00f3s como \u201cCiudadano Ilustre\u201d"},"content":{"rendered":"<p><strong>Por iniciativa del Diputado porte\u00f1o Roy Cortina, el prestigiosos escritor y periodista recibi\u00f3 la medalla y el diploma que lo declara Ciudadano Ilustre en el Sal\u00f3n Dorado del Palacio Legislativo.<\/strong><\/p>\n<p><img loading=\"lazy\" decoding=\"async\" data-attachment-id=\"1359\" data-permalink=\"https:\/\/www.comuna13online.com.ar\/?attachment_id=1359\" data-orig-file=\"https:\/\/www.comuna13online.com.ar\/wp-content\/uploads\/2018\/04\/20180426b1.jpg\" data-orig-size=\"678,452\" data-comments-opened=\"0\" data-image-meta=\"{&quot;aperture&quot;:&quot;0&quot;,&quot;credit&quot;:&quot;&quot;,&quot;camera&quot;:&quot;&quot;,&quot;caption&quot;:&quot;&quot;,&quot;created_timestamp&quot;:&quot;0&quot;,&quot;copyright&quot;:&quot;&quot;,&quot;focal_length&quot;:&quot;0&quot;,&quot;iso&quot;:&quot;0&quot;,&quot;shutter_speed&quot;:&quot;0&quot;,&quot;title&quot;:&quot;&quot;,&quot;orientation&quot;:&quot;0&quot;}\" data-image-title=\"20180426b1\" data-image-description=\"\" data-image-caption=\"\" data-large-file=\"https:\/\/www.comuna13online.com.ar\/wp-content\/uploads\/2018\/04\/20180426b1-657x438.jpg\" class=\"alignnone size-full wp-image-1359\" src=\"http:\/\/www.comuna13online.com.ar\/wp-content\/uploads\/2018\/04\/20180426b1.jpg\" alt=\"\" width=\"678\" height=\"452\" srcset=\"https:\/\/www.comuna13online.com.ar\/wp-content\/uploads\/2018\/04\/20180426b1.jpg 678w, https:\/\/www.comuna13online.com.ar\/wp-content\/uploads\/2018\/04\/20180426b1-657x438.jpg 657w, https:\/\/www.comuna13online.com.ar\/wp-content\/uploads\/2018\/04\/20180426b1-272x182.jpg 272w\" sizes=\"auto, (max-width: 678px) 100vw, 678px\" \/><\/p>\n<p>El periodista Mart\u00edn Caparros fue declarado \u201cCiudadano Ilustre de la Ciudad de Buenos Aires\u201d durante un acto en el Sal\u00f3n Dorado. La iniciativa fue del Vicepresidente III, diputado Roy Cortina (Partido Socialista), qui\u00e9n exclam\u00f3 que el reconocimiento es <em>\u201cuna respuesta institucional ineludible\u201d<\/em>, ya que su <em>\u201cextenso recorrido\u201d<\/em> lo transform\u00f3 en un <em>\u201creferente intelectual\u201d<\/em>.<\/p>\n<p>Caparros naci\u00f3 en la Ciudad de Buenos Aires el 29 de mayo de 1957. En 1973 se inici\u00f3 en el Diario Noticias, apenas termin\u00f3 sus estudios secundarios en el Colegio Nacional Buenos Aires (CNBA). Luego del golpe de estado de 1976, se exili\u00f3 en Europa. En Par\u00eds se gradu\u00f3 como licenciado en Historia por la Universidad de La Sorbona.<\/p>\n<p>Con la consolidaci\u00f3n de la democracia en la Argentina, regres\u00f3 al pa\u00eds y trabaj\u00f3 en los diarios Tiempo Argentino, P\u00e1gina\/12 y la revista El Porte\u00f1o, adem\u00e1s de participar en programas de radio y televisi\u00f3n. En 1992 recibi\u00f3 el Premio de Periodismo Rey de Espa\u00f1a.<\/p>\n<p>A lo largo de su carrera, tambi\u00e9n ha colaborado en diarios nacionales y extranjeros como The New York Times, Le Monde, El Pa\u00eds, Le NouvelObservateur y L\u2019Internazionale. Adem\u00e1s ha publicado m\u00e1s de treinta libros, como su novela \u201cValfierno\u201d (2004), que recibi\u00f3 el Premio Planeta. En la actualidad, integra el Consejo Rector de la Fundaci\u00f3n Garc\u00eda M\u00e1rquez para el Nuevo Periodismo Iberoamericano.<\/p>\n<p><img loading=\"lazy\" decoding=\"async\" data-attachment-id=\"1360\" data-permalink=\"https:\/\/www.comuna13online.com.ar\/?attachment_id=1360\" data-orig-file=\"https:\/\/www.comuna13online.com.ar\/wp-content\/uploads\/2018\/04\/20180426b2.jpg\" data-orig-size=\"678,499\" data-comments-opened=\"0\" data-image-meta=\"{&quot;aperture&quot;:&quot;0&quot;,&quot;credit&quot;:&quot;&quot;,&quot;camera&quot;:&quot;&quot;,&quot;caption&quot;:&quot;&quot;,&quot;created_timestamp&quot;:&quot;0&quot;,&quot;copyright&quot;:&quot;&quot;,&quot;focal_length&quot;:&quot;0&quot;,&quot;iso&quot;:&quot;0&quot;,&quot;shutter_speed&quot;:&quot;0&quot;,&quot;title&quot;:&quot;&quot;,&quot;orientation&quot;:&quot;0&quot;}\" data-image-title=\"20180426b2\" data-image-description=\"\" data-image-caption=\"\" data-large-file=\"https:\/\/www.comuna13online.com.ar\/wp-content\/uploads\/2018\/04\/20180426b2-595x438.jpg\" class=\"alignnone size-full wp-image-1360\" src=\"http:\/\/www.comuna13online.com.ar\/wp-content\/uploads\/2018\/04\/20180426b2.jpg\" alt=\"\" width=\"678\" height=\"499\" srcset=\"https:\/\/www.comuna13online.com.ar\/wp-content\/uploads\/2018\/04\/20180426b2.jpg 678w, https:\/\/www.comuna13online.com.ar\/wp-content\/uploads\/2018\/04\/20180426b2-614x452.jpg 614w, https:\/\/www.comuna13online.com.ar\/wp-content\/uploads\/2018\/04\/20180426b2-595x438.jpg 595w, https:\/\/www.comuna13online.com.ar\/wp-content\/uploads\/2018\/04\/20180426b2-80x60.jpg 80w\" sizes=\"auto, (max-width: 678px) 100vw, 678px\" \/><\/p>\n<p>Cortina record\u00f3 que en sus escritos <em>\u201casumi\u00f3 el riesgo de nombrar situaciones intimas, que algunos no quieren que se vean\u201d<\/em>, como las de \u201cmilitantes revolucionarios\u201d, \u201cla concentraci\u00f3n injusta de la riqueza\u201d, \u201clas virtudes y defectos de los argentinos\u201d, \u201cla desigualdad\u201d, \u201cla violencia\u201d, \u201cla corrupci\u00f3n de los gobiernos\u201d o \u201cel discurso del orden\u201d, entre otros. Afirm\u00f3 que Caparr\u00f3s <em>\u201ctom\u00f3 distancia de los repetidores de consignas\u201d<\/em> y nunca ha dejado de <em>\u201cdesnudar contradicciones\u201d<\/em>.<\/p>\n<p>Luego, el diputado Cortina le entreg\u00f3 la distinci\u00f3n que lo consagr\u00f3 ciudadano ilustre a Mart\u00edn Caparr\u00f3s, el cual, ya en el atril, afirm\u00f3 que la situaci\u00f3n le provoca <em>\u201cmucho gozo y bastante culpa\u201d<\/em>, ya que se enorgullece que la Ciudad crea en \u00e9l, aunque no est\u00e1 todo el tiempo aqu\u00ed. Record\u00f3 que <em>\u201cvivo en Buenos Aires de la forma que puedo y de la forma m\u00e1s intensa, escribo sobre ella\u201d<\/em>.<\/p>\n","protected":false},"excerpt":{"rendered":"<div class=\"mh-excerpt\">Por iniciativa del Diputado porte\u00f1o Roy Cortina, el prestigiosos escritor y periodista recibi\u00f3 la medalla y el diploma que lo declara Ciudadano Ilustre en el Sal\u00f3n Dorado del Palacio Legislativo. <a class=\"mh-excerpt-more\" href=\"https:\/\/www.comuna13online.com.ar\/?p=1357\" title=\"La Legislatura porte\u00f1a declar\u00f3 a Mart\u00edn Caparr\u00f3s como \u201cCiudadano Ilustre\u201d\">[&#8230;]<\/a><\/div>\n","protected":false},"author":1,"featured_media":1358,"comment_status":"closed","ping_status":"closed","sticky":false,"template":"","format":"standard","meta":{"_uag_custom_page_level_css":"","_jetpack_memberships_contains_paid_content":false,"footnotes":"","jetpack_publicize_message":"La Legislatura porte\u00f1a declar\u00f3 a Mart\u00edn Caparr\u00f3s como \u201cCiudadano Ilustre\u201d","jetpack_publicize_feature_enabled":true,"jetpack_social_post_already_shared":true,"jetpack_social_options":{"image_generator_settings":{"template":"highway","default_image_id":0,"font":"","enabled":false},"version":2}},"categories":[145],"tags":[7,146],"class_list":{"0":"post-1357","1":"post","2":"type-post","3":"status-publish","4":"format-standard","5":"has-post-thumbnail","7":"category-reconocimiento","8":"tag-legislatura","9":"tag-reconocimiento"},"jetpack_publicize_connections":[],"jetpack_featured_media_url":"https:\/\/www.comuna13online.com.ar\/wp-content\/uploads\/2018\/04\/20180426b.jpg","uagb_featured_image_src":{"full":["https:\/\/www.comuna13online.com.ar\/wp-content\/uploads\/2018\/04\/20180426b.jpg",1030,438,false],"thumbnail":["https:\/\/www.comuna13online.com.ar\/wp-content\/uploads\/2018\/04\/20180426b-150x150.jpg",96,96,true],"medium":["https:\/\/www.comuna13online.com.ar\/wp-content\/uploads\/2018\/04\/20180426b-678x288.jpg",678,288,true],"medium_large":["https:\/\/www.comuna13online.com.ar\/wp-content\/uploads\/2018\/04\/20180426b-768x327.jpg",768,327,true],"large":["https:\/\/www.comuna13online.com.ar\/wp-content\/uploads\/2018\/04\/20180426b.jpg",1030,438,false],"1536x1536":["https:\/\/www.comuna13online.com.ar\/wp-content\/uploads\/2018\/04\/20180426b.jpg",1030,438,false],"2048x2048":["https:\/\/www.comuna13online.com.ar\/wp-content\/uploads\/2018\/04\/20180426b.jpg",1030,438,false],"mh-magazine-slider":["https:\/\/www.comuna13online.com.ar\/wp-content\/uploads\/2018\/04\/20180426b.jpg",1030,438,false],"mh-magazine-content":["https:\/\/www.comuna13online.com.ar\/wp-content\/uploads\/2018\/04\/20180426b-678x381.jpg",678,381,true],"mh-magazine-large":["https:\/\/www.comuna13online.com.ar\/wp-content\/uploads\/2018\/04\/20180426b-678x438.jpg",678,438,true],"mh-magazine-medium":["https:\/\/www.comuna13online.com.ar\/wp-content\/uploads\/2018\/04\/20180426b-326x245.jpg",326,245,true],"mh-magazine-small":["https:\/\/www.comuna13online.com.ar\/wp-content\/uploads\/2018\/04\/20180426b-80x60.jpg",80,60,true],"sow-carousel-default":["https:\/\/www.comuna13online.com.ar\/wp-content\/uploads\/2018\/04\/20180426b-272x182.jpg",272,182,true]},"uagb_author_info":{"display_name":"Comuna13","author_link":"https:\/\/www.comuna13online.com.ar\/?author=1"},"uagb_comment_info":0,"uagb_excerpt":"Por iniciativa del Diputado porte\u00f1o Roy Cortina, el prestigiosos escritor y periodista recibi\u00f3 la medalla y el diploma que lo declara Ciudadano Ilustre en el Sal\u00f3n Dorado del Palacio Legislativo. [...]","jetpack_sharing_enabled":true,"_links":{"self":[{"href":"https:\/\/www.comuna13online.com.ar\/index.php?rest_route=\/wp\/v2\/posts\/1357","targetHints":{"allow":["GET"]}}],"collection":[{"href":"https:\/\/www.comuna13online.com.ar\/index.php?rest_route=\/wp\/v2\/posts"}],"about":[{"href":"https:\/\/www.comuna13online.com.ar\/index.php?rest_route=\/wp\/v2\/types\/post"}],"author":[{"embeddable":true,"href":"https:\/\/www.comuna13online.com.ar\/index.php?rest_route=\/wp\/v2\/users\/1"}],"replies":[{"embeddable":true,"href":"https:\/\/www.comuna13online.com.ar\/index.php?rest_route=%2Fwp%2Fv2%2Fcomments&post=1357"}],"version-history":[{"count":0,"href":"https:\/\/www.comuna13online.com.ar\/index.php?rest_route=\/wp\/v2\/posts\/1357\/revisions"}],"wp:featuredmedia":[{"embeddable":true,"href":"https:\/\/www.comuna13online.com.ar\/index.php?rest_route=\/wp\/v2\/media\/1358"}],"wp:attachment":[{"href":"https:\/\/www.comuna13online.com.ar\/index.php?rest_route=%2Fwp%2Fv2%2Fmedia&parent=1357"}],"wp:term":[{"taxonomy":"category","embeddable":true,"href":"https:\/\/www.comuna13online.com.ar\/index.php?rest_route=%2Fwp%2Fv2%2Fcategories&post=1357"},{"taxonomy":"post_tag","embeddable":true,"href":"https:\/\/www.comuna13online.com.ar\/index.php?rest_route=%2Fwp%2Fv2%2Ftags&post=1357"}],"curies":[{"name":"wp","href":"https:\/\/api.w.org\/{rel}","templated":true}]}}