{"id":1354,"date":"2018-04-26T06:44:10","date_gmt":"2018-04-26T09:44:10","guid":{"rendered":"http:\/\/www.comuna13online.com.ar\/?p=1354"},"modified":"2018-04-26T10:14:34","modified_gmt":"2018-04-26T13:14:34","slug":"cortes-de-transito-en-la-zona-del-monumental-por-el-partido-river-emelec","status":"publish","type":"post","link":"https:\/\/www.comuna13online.com.ar\/?p=1354","title":{"rendered":"Cortes de tr\u00e1nsito en la zona del Monumental por el partido River &#8211; Emelec"},"content":{"rendered":"<p><strong>El Gobierno porte\u00f1o dio a conocer el esquema de cortes de tr\u00e1nsito en las inmediaciones del estadio Monumental por partido que se disputar\u00e1 hoy entre River y Emelec a las 19.15 horas.<\/strong><\/p>\n<p>Con motivo del encuentro de que disputar\u00e1n hoy el Club Atl\u00e9tico River Plate y Emelec de Ecuador por la cuarta fecha de la zona de grupos de la Copa Libertadores en el estadio Monumental, la Direcci\u00f3n de Tr\u00e1nsito del Gobierno de la Ciudad inform\u00f3 las interrupciones en el tr\u00e1nsito que habr\u00e9 en el per\u00edmetro cercano al estadio.<\/p>\n<p>Entre las 17.15 y las 23.15 horas habr\u00e1 un fuerte operativo de control con personal de la Polic\u00eda de la Ciudad y Agentes de Tr\u00e1nsito, se prohibir\u00e1 el acceso veh\u00edculos al per\u00edmetro delimitado por las Avenidas Udaondo, Libertador, Figueroa Alcorta y Monroe.<\/p>\n<p>Se recomienda evitar la zona y utilizar como alternativas a la Av. Libertador, la Av. Cabildo o la Av. Cantilo y en lugar de Monroe circular por La Pampa.<\/p>\n<p><img loading=\"lazy\" decoding=\"async\" class=\"size-full aligncenter\" src=\"http:\/\/www.comuna13online.com.ar\/Notas\/2017\/10\/2017_10_24c1.jpg\" width=\"600\" height=\"543\" \/><\/p>\n<p>&nbsp;<\/p>\n","protected":false},"excerpt":{"rendered":"<div class=\"mh-excerpt\">El Gobierno porte\u00f1o dio a conocer el esquema de cortes de tr\u00e1nsito en las inmediaciones del estadio Monumental por partido que se disputar\u00e1 hoy entre River y Emelec a las <a class=\"mh-excerpt-more\" href=\"https:\/\/www.comuna13online.com.ar\/?p=1354\" title=\"Cortes de tr\u00e1nsito en la zona del Monumental por el partido River &#8211; Emelec\">[&#8230;]<\/a><\/div>\n","protected":false},"author":1,"featured_media":1355,"comment_status":"closed","ping_status":"closed","sticky":false,"template":"","format":"standard","meta":{"_uag_custom_page_level_css":"","_jetpack_memberships_contains_paid_content":false,"footnotes":"","jetpack_publicize_message":"","jetpack_publicize_feature_enabled":true,"jetpack_social_post_already_shared":true,"jetpack_social_options":{"image_generator_settings":{"template":"highway","default_image_id":0,"font":"","enabled":false},"version":2}},"categories":[53],"tags":[175,54],"class_list":{"0":"post-1354","1":"post","2":"type-post","3":"status-publish","4":"format-standard","5":"has-post-thumbnail","7":"category-transito","8":"tag-river","9":"tag-transito"},"jetpack_publicize_connections":[],"jetpack_featured_media_url":"https:\/\/www.comuna13online.com.ar\/wp-content\/uploads\/2018\/04\/20180426a.jpg","uagb_featured_image_src":{"full":["https:\/\/www.comuna13online.com.ar\/wp-content\/uploads\/2018\/04\/20180426a.jpg",1030,438,false],"thumbnail":["https:\/\/www.comuna13online.com.ar\/wp-content\/uploads\/2018\/04\/20180426a-150x150.jpg",96,96,true],"medium":["https:\/\/www.comuna13online.com.ar\/wp-content\/uploads\/2018\/04\/20180426a-678x288.jpg",678,288,true],"medium_large":["https:\/\/www.comuna13online.com.ar\/wp-content\/uploads\/2018\/04\/20180426a-768x327.jpg",768,327,true],"large":["https:\/\/www.comuna13online.com.ar\/wp-content\/uploads\/2018\/04\/20180426a.jpg",1030,438,false],"1536x1536":["https:\/\/www.comuna13online.com.ar\/wp-content\/uploads\/2018\/04\/20180426a.jpg",1030,438,false],"2048x2048":["https:\/\/www.comuna13online.com.ar\/wp-content\/uploads\/2018\/04\/20180426a.jpg",1030,438,false],"mh-magazine-slider":["https:\/\/www.comuna13online.com.ar\/wp-content\/uploads\/2018\/04\/20180426a.jpg",1030,438,false],"mh-magazine-content":["https:\/\/www.comuna13online.com.ar\/wp-content\/uploads\/2018\/04\/20180426a-678x381.jpg",678,381,true],"mh-magazine-large":["https:\/\/www.comuna13online.com.ar\/wp-content\/uploads\/2018\/04\/20180426a-678x438.jpg",678,438,true],"mh-magazine-medium":["https:\/\/www.comuna13online.com.ar\/wp-content\/uploads\/2018\/04\/20180426a-326x245.jpg",326,245,true],"mh-magazine-small":["https:\/\/www.comuna13online.com.ar\/wp-content\/uploads\/2018\/04\/20180426a-80x60.jpg",80,60,true],"sow-carousel-default":["https:\/\/www.comuna13online.com.ar\/wp-content\/uploads\/2018\/04\/20180426a-272x182.jpg",272,182,true]},"uagb_author_info":{"display_name":"Comuna13","author_link":"https:\/\/www.comuna13online.com.ar\/?author=1"},"uagb_comment_info":0,"uagb_excerpt":"El Gobierno porte\u00f1o dio a conocer el esquema de cortes de tr\u00e1nsito en las inmediaciones del estadio Monumental por partido que se disputar\u00e1 hoy entre River y Emelec a las [...]","jetpack_sharing_enabled":true,"_links":{"self":[{"href":"https:\/\/www.comuna13online.com.ar\/index.php?rest_route=\/wp\/v2\/posts\/1354","targetHints":{"allow":["GET"]}}],"collection":[{"href":"https:\/\/www.comuna13online.com.ar\/index.php?rest_route=\/wp\/v2\/posts"}],"about":[{"href":"https:\/\/www.comuna13online.com.ar\/index.php?rest_route=\/wp\/v2\/types\/post"}],"author":[{"embeddable":true,"href":"https:\/\/www.comuna13online.com.ar\/index.php?rest_route=\/wp\/v2\/users\/1"}],"replies":[{"embeddable":true,"href":"https:\/\/www.comuna13online.com.ar\/index.php?rest_route=%2Fwp%2Fv2%2Fcomments&post=1354"}],"version-history":[{"count":0,"href":"https:\/\/www.comuna13online.com.ar\/index.php?rest_route=\/wp\/v2\/posts\/1354\/revisions"}],"wp:featuredmedia":[{"embeddable":true,"href":"https:\/\/www.comuna13online.com.ar\/index.php?rest_route=\/wp\/v2\/media\/1355"}],"wp:attachment":[{"href":"https:\/\/www.comuna13online.com.ar\/index.php?rest_route=%2Fwp%2Fv2%2Fmedia&parent=1354"}],"wp:term":[{"taxonomy":"category","embeddable":true,"href":"https:\/\/www.comuna13online.com.ar\/index.php?rest_route=%2Fwp%2Fv2%2Fcategories&post=1354"},{"taxonomy":"post_tag","embeddable":true,"href":"https:\/\/www.comuna13online.com.ar\/index.php?rest_route=%2Fwp%2Fv2%2Ftags&post=1354"}],"curies":[{"name":"wp","href":"https:\/\/api.w.org\/{rel}","templated":true}]}}