{"id":13534,"date":"2021-06-03T08:16:00","date_gmt":"2021-06-03T11:16:00","guid":{"rendered":"http:\/\/www.comuna13online.com.ar\/?p=13534"},"modified":"2021-06-03T11:39:20","modified_gmt":"2021-06-03T14:39:20","slug":"se-lanzo-el-operativo-frio-en-la-ciudad","status":"publish","type":"post","link":"https:\/\/www.comuna13online.com.ar\/?p=13534","title":{"rendered":"Se lanz\u00f3 el Operativo Fr\u00edo en la Ciudad"},"content":{"rendered":"\n<p><strong>Los equipos m\u00f3viles especializados asisten a personas en situaci\u00f3n de calle durante los meses m\u00e1s fr\u00edos del a\u00f1o, asegurando que tengan comida caliente, ropa de abrigo, insumos de prevenci\u00f3n covid-19 y la posibilidad de alojarse en los Centros de Inclusi\u00f3n de la Ciudad.<\/strong><\/p>\n\n\n\n<figure class=\"wp-block-image size-large\"><img loading=\"lazy\" decoding=\"async\" width=\"678\" height=\"452\" data-attachment-id=\"13535\" data-permalink=\"https:\/\/www.comuna13online.com.ar\/?attachment_id=13535\" data-orig-file=\"https:\/\/www.comuna13online.com.ar\/wp-content\/uploads\/2021\/06\/210603b-02.jpg\" data-orig-size=\"678,452\" data-comments-opened=\"0\" data-image-meta=\"{&quot;aperture&quot;:&quot;0&quot;,&quot;credit&quot;:&quot;&quot;,&quot;camera&quot;:&quot;&quot;,&quot;caption&quot;:&quot;&quot;,&quot;created_timestamp&quot;:&quot;0&quot;,&quot;copyright&quot;:&quot;&quot;,&quot;focal_length&quot;:&quot;0&quot;,&quot;iso&quot;:&quot;0&quot;,&quot;shutter_speed&quot;:&quot;0&quot;,&quot;title&quot;:&quot;&quot;,&quot;orientation&quot;:&quot;0&quot;}\" data-image-title=\"210603b-02\" data-image-description=\"\" data-image-caption=\"\" data-large-file=\"https:\/\/www.comuna13online.com.ar\/wp-content\/uploads\/2021\/06\/210603b-02.jpg\" src=\"http:\/\/www.comuna13online.com.ar\/wp-content\/uploads\/2021\/06\/210603b-02.jpg\" alt=\"\" class=\"wp-image-13535\" srcset=\"https:\/\/www.comuna13online.com.ar\/wp-content\/uploads\/2021\/06\/210603b-02.jpg 678w, https:\/\/www.comuna13online.com.ar\/wp-content\/uploads\/2021\/06\/210603b-02-272x182.jpg 272w\" sizes=\"auto, (max-width: 678px) 100vw, 678px\" \/><\/figure>\n\n\n\n<p>La&nbsp;<strong>ministra de Desarrollo Humano y H\u00e1bitat de la Ciudad, Mar\u00eda Migliore<\/strong>, lanz\u00f3 el&nbsp;<strong>Operativo Fr\u00edo<\/strong>&nbsp;para reforzar la capacidad de respuesta con el objetivo de proteger a las personas que se encuentran en situaci\u00f3n de calle frente a las bajas temperaturas. El lanzamiento fue acompa\u00f1ado por el&nbsp;<strong>ministro de Desarrollo Social de la Naci\u00f3n, Daniel Arroyo, Monse\u00f1or Jose Bali\u00f1a, vicepresidente de C\u00e1ritas Argentina, el pastor Osvaldo Carnival de Catedral de la Fe, y Mariela Fumarola de Red Solidaria.<\/strong><\/p>\n\n\n\n<p><em>\u201cDesde el a\u00f1o pasado, con el inicio de la pandemia del coronavirus, adaptamos nuestra operaci\u00f3n del programa&nbsp;Buenos Aires Presente&nbsp;para, por un lado, poder responder a una demanda creciente en los Centros de Inclusi\u00f3n y, por el otro, poder darle a nuestra pol\u00edtica un abordaje bien integral\u201d<\/em>, afirm\u00f3&nbsp;<strong>Mar\u00eda Migliore<\/strong>.<\/p>\n\n\n\n<p><em>\u201cEl operativo fr\u00edo es una respuesta en la emergencia para las personas que se encuentran en la calle con temperaturas de fr\u00edo extremo; una persona que se encuentra en esta situaci\u00f3n est\u00e1 inmersa en una de las situaciones m\u00e1s fr\u00e1giles y vulnerables que se pueda imaginar, y por eso es tan relevante poder acompa\u00f1arla<em>\u201d<\/em><\/em>, finaliz\u00f3 Migliore.<\/p>\n\n\n\n<p><\/p>\n<div align=\"center\"><blockquote class=\"twitter-tweet\" data-conversation=\"none\"><p lang=\"es\" dir=\"ltr\">Ante las bajas temperaturas, todos los equipos del BAP salen al encuentro de las personas en situaci\u00f3n de calle para brindarles un plato de comida caliente, alimentos secos y abrigo, y tambi\u00e9n para invitarlas a venir a uno de los 32 centros de inclusi\u00f3n social de la Ciudad. <a href=\"https:\/\/t.co\/D6qWU6tymC\">pic.twitter.com\/D6qWU6tymC<\/a><\/p>\u2014 Mar\u00eda Migliore (@MariaMigliore) <a href=\"https:\/\/twitter.com\/MariaMigliore\/status\/1399913857825509381?ref_src=twsrc%5Etfw\">June 2, 2021<\/a><\/blockquote> <script async=\"\" src=\"https:\/\/platform.twitter.com\/widgets.js\" charset=\"utf-8\"><\/script><\/div>\n<p><\/p>\n\n\n\n<p>Por su parte,&nbsp;<strong>Daniel Arroyo<\/strong>, manifest\u00f3: <em>\u201cSabemos que pobreza con fr\u00edo es un escenario muy complicado, y desde los Estados tenemos que estar presentes y acompa\u00f1ar con acciones concretas a quienes est\u00e1n en situaciones de vulnerabilidad, especialmente a quienes est\u00e1n en situaciones de calle. El lanzamiento de este operativo muestra que la Argentina tiene una gran red social, que trabaja en el territorio con una enorme solidaridad.\u201d<\/em><\/p>\n\n\n\n<p>El operativo se realiza a trav\u00e9s del programa Buenos Aires Presente, donde los equipos m\u00f3viles especializados recorren la ciudad para realizar el abordaje de las personas en situaci\u00f3n de calle para invitarlos a ir a los Centros de Inclusi\u00f3n Social del ministerio e intentar que ninguna persona duerma en la calle. El abordaje de este operativo es realizado por m\u00e1s de 570 trabajadores del BAP y los centros.<\/p>\n\n\n\n<p>La Ciudad dispone actualmente de 32 centros de alojamiento permanentes, y 3 centros de emergencia abiertos desde el inicio de la pandemia (Parque Roca I, II, III), sumando un total de 2492 plazas. Todos los dispositivos cuentan con servicio de ducha, elementos de aseo personal, 4 comidas, talleres para contenci\u00f3n psicol\u00f3gica, as\u00ed como tambi\u00e9n para la inserci\u00f3n social, laboral y oportunidades de revinculaci\u00f3n familiar. M\u00e1s de 570 trabajadores del BAP y los Centros de Inclusi\u00f3n, realizan el abordaje d\u00eda a d\u00eda.<\/p>\n\n\n\n<p>El operativo fr\u00edo consta de&nbsp;<strong>30 m\u00f3viles<\/strong>&nbsp;que recorren la Ciudad todos los d\u00edas que las temperaturas son iguales o menores a 5\u00b0 y abordan a aquellas personas que deciden no ingresar a un Centro de Inclusi\u00f3n Social. En esas recorridas,&nbsp;<strong>los equipos del BAP entregan viandas calientes y agua, kits de viandas secas, una frazada y un kit de ropa de abrigo para prevenir el fr\u00edo, adem\u00e1s de insumos de higiene para prevenir el covid-19.<\/strong><\/p>\n\n\n\n<h4 class=\"has-luminous-vivid-amber-background-color has-background wp-block-heading\"><strong>El programa cuenta con la l\u00ednea 108 de Atenci\u00f3n Social Inmediata, donde pueden comunicarse quienes est\u00e1n en situaci\u00f3n de calle o los vecinos que adviertan la presencia de personas que tengan la necesidad de recibir asistencia.<\/strong><\/h4>\n\n\n\n<figure class=\"wp-block-image size-large is-resized\"><img loading=\"lazy\" decoding=\"async\" data-attachment-id=\"99\" data-permalink=\"https:\/\/www.comuna13online.com.ar\/?attachment_id=99\" data-orig-file=\"https:\/\/www.comuna13online.com.ar\/wp-content\/uploads\/2017\/12\/line.jpg\" data-orig-size=\"678,1\" data-comments-opened=\"0\" data-image-meta=\"{&quot;aperture&quot;:&quot;0&quot;,&quot;credit&quot;:&quot;&quot;,&quot;camera&quot;:&quot;&quot;,&quot;caption&quot;:&quot;&quot;,&quot;created_timestamp&quot;:&quot;0&quot;,&quot;copyright&quot;:&quot;&quot;,&quot;focal_length&quot;:&quot;0&quot;,&quot;iso&quot;:&quot;0&quot;,&quot;shutter_speed&quot;:&quot;0&quot;,&quot;title&quot;:&quot;&quot;,&quot;orientation&quot;:&quot;0&quot;}\" data-image-title=\"line\" data-image-description=\"\" data-image-caption=\"\" data-large-file=\"https:\/\/www.comuna13online.com.ar\/wp-content\/uploads\/2017\/12\/line.jpg\" src=\"http:\/\/www.comuna13online.com.ar\/wp-content\/uploads\/2017\/12\/line.jpg\" alt=\"\" class=\"wp-image-99\" width=\"678\" height=\"1\" srcset=\"https:\/\/www.comuna13online.com.ar\/wp-content\/uploads\/2017\/12\/line.jpg 678w, https:\/\/www.comuna13online.com.ar\/wp-content\/uploads\/2017\/12\/line-150x1.jpg 150w, https:\/\/www.comuna13online.com.ar\/wp-content\/uploads\/2017\/12\/line-326x1.jpg 326w, https:\/\/www.comuna13online.com.ar\/wp-content\/uploads\/2017\/12\/line-80x1.jpg 80w, https:\/\/www.comuna13online.com.ar\/wp-content\/uploads\/2017\/12\/line-272x1.jpg 272w\" sizes=\"auto, (max-width: 678px) 100vw, 678px\" \/><\/figure>\n\n\n\n<figure class=\"wp-block-image size-full\"><img loading=\"lazy\" decoding=\"async\" width=\"678\" height=\"180\" data-attachment-id=\"8918\" data-permalink=\"https:\/\/www.comuna13online.com.ar\/?attachment_id=8918\" data-orig-file=\"https:\/\/www.comuna13online.com.ar\/wp-content\/uploads\/2020\/04\/corona2.jpg\" data-orig-size=\"678,180\" data-comments-opened=\"0\" data-image-meta=\"{&quot;aperture&quot;:&quot;0&quot;,&quot;credit&quot;:&quot;&quot;,&quot;camera&quot;:&quot;&quot;,&quot;caption&quot;:&quot;&quot;,&quot;created_timestamp&quot;:&quot;0&quot;,&quot;copyright&quot;:&quot;&quot;,&quot;focal_length&quot;:&quot;0&quot;,&quot;iso&quot;:&quot;0&quot;,&quot;shutter_speed&quot;:&quot;0&quot;,&quot;title&quot;:&quot;&quot;,&quot;orientation&quot;:&quot;0&quot;}\" data-image-title=\"corona2\" data-image-description=\"\" data-image-caption=\"\" data-large-file=\"https:\/\/www.comuna13online.com.ar\/wp-content\/uploads\/2020\/04\/corona2.jpg\" src=\"http:\/\/www.comuna13online.com.ar\/wp-content\/uploads\/2020\/04\/corona2.jpg\" alt=\"\" class=\"wp-image-8918\"\/><\/figure>\n\n\n\n<p><\/p>\n","protected":false},"excerpt":{"rendered":"<div class=\"mh-excerpt\">Los equipos m\u00f3viles especializados asisten a personas en situaci\u00f3n de calle durante los meses m\u00e1s fr\u00edos del a\u00f1o, asegurando que tengan comida caliente, ropa de abrigo, insumos de prevenci\u00f3n covid-19 <a class=\"mh-excerpt-more\" href=\"https:\/\/www.comuna13online.com.ar\/?p=13534\" title=\"Se lanz\u00f3 el Operativo Fr\u00edo en la Ciudad\">[&#8230;]<\/a><\/div>\n","protected":false},"author":1,"featured_media":13537,"comment_status":"closed","ping_status":"closed","sticky":false,"template":"","format":"standard","meta":{"_uag_custom_page_level_css":"","_jetpack_memberships_contains_paid_content":false,"footnotes":"","jetpack_publicize_message":"","jetpack_publicize_feature_enabled":true,"jetpack_social_post_already_shared":true,"jetpack_social_options":{"image_generator_settings":{"template":"highway","default_image_id":0,"font":"","enabled":false},"version":2}},"categories":[32],"tags":[250,296,34],"class_list":{"0":"post-13534","1":"post","2":"type-post","3":"status-publish","4":"format-standard","5":"has-post-thumbnail","7":"category-sociedad","8":"tag-h2","9":"tag-h3","10":"tag-sociedad"},"jetpack_publicize_connections":[],"jetpack_featured_media_url":"https:\/\/www.comuna13online.com.ar\/wp-content\/uploads\/2021\/06\/210603b-id.jpg","uagb_featured_image_src":{"full":["https:\/\/www.comuna13online.com.ar\/wp-content\/uploads\/2021\/06\/210603b-id.jpg",678,452,false],"thumbnail":["https:\/\/www.comuna13online.com.ar\/wp-content\/uploads\/2021\/06\/210603b-id.jpg",128,85,false],"medium":["https:\/\/www.comuna13online.com.ar\/wp-content\/uploads\/2021\/06\/210603b-id.jpg",678,452,false],"medium_large":["https:\/\/www.comuna13online.com.ar\/wp-content\/uploads\/2021\/06\/210603b-id.jpg",678,452,false],"large":["https:\/\/www.comuna13online.com.ar\/wp-content\/uploads\/2021\/06\/210603b-id.jpg",678,452,false],"1536x1536":["https:\/\/www.comuna13online.com.ar\/wp-content\/uploads\/2021\/06\/210603b-id.jpg",678,452,false],"2048x2048":["https:\/\/www.comuna13online.com.ar\/wp-content\/uploads\/2021\/06\/210603b-id.jpg",678,452,false],"mh-magazine-slider":["https:\/\/www.comuna13online.com.ar\/wp-content\/uploads\/2021\/06\/210603b-id-678x438.jpg",678,438,true],"mh-magazine-content":["https:\/\/www.comuna13online.com.ar\/wp-content\/uploads\/2021\/06\/210603b-id-678x381.jpg",678,381,true],"mh-magazine-large":["https:\/\/www.comuna13online.com.ar\/wp-content\/uploads\/2021\/06\/210603b-id.jpg",678,452,false],"mh-magazine-medium":["https:\/\/www.comuna13online.com.ar\/wp-content\/uploads\/2021\/06\/210603b-id-326x245.jpg",326,245,true],"mh-magazine-small":["https:\/\/www.comuna13online.com.ar\/wp-content\/uploads\/2021\/06\/210603b-id-80x60.jpg",80,60,true],"sow-carousel-default":["https:\/\/www.comuna13online.com.ar\/wp-content\/uploads\/2021\/06\/210603b-id-272x182.jpg",272,182,true]},"uagb_author_info":{"display_name":"Comuna13","author_link":"https:\/\/www.comuna13online.com.ar\/?author=1"},"uagb_comment_info":0,"uagb_excerpt":"Los equipos m\u00f3viles especializados asisten a personas en situaci\u00f3n de calle durante los meses m\u00e1s fr\u00edos del a\u00f1o, asegurando que tengan comida caliente, ropa de abrigo, insumos de prevenci\u00f3n covid-19 [...]","jetpack_sharing_enabled":true,"_links":{"self":[{"href":"https:\/\/www.comuna13online.com.ar\/index.php?rest_route=\/wp\/v2\/posts\/13534","targetHints":{"allow":["GET"]}}],"collection":[{"href":"https:\/\/www.comuna13online.com.ar\/index.php?rest_route=\/wp\/v2\/posts"}],"about":[{"href":"https:\/\/www.comuna13online.com.ar\/index.php?rest_route=\/wp\/v2\/types\/post"}],"author":[{"embeddable":true,"href":"https:\/\/www.comuna13online.com.ar\/index.php?rest_route=\/wp\/v2\/users\/1"}],"replies":[{"embeddable":true,"href":"https:\/\/www.comuna13online.com.ar\/index.php?rest_route=%2Fwp%2Fv2%2Fcomments&post=13534"}],"version-history":[{"count":0,"href":"https:\/\/www.comuna13online.com.ar\/index.php?rest_route=\/wp\/v2\/posts\/13534\/revisions"}],"wp:featuredmedia":[{"embeddable":true,"href":"https:\/\/www.comuna13online.com.ar\/index.php?rest_route=\/wp\/v2\/media\/13537"}],"wp:attachment":[{"href":"https:\/\/www.comuna13online.com.ar\/index.php?rest_route=%2Fwp%2Fv2%2Fmedia&parent=13534"}],"wp:term":[{"taxonomy":"category","embeddable":true,"href":"https:\/\/www.comuna13online.com.ar\/index.php?rest_route=%2Fwp%2Fv2%2Fcategories&post=13534"},{"taxonomy":"post_tag","embeddable":true,"href":"https:\/\/www.comuna13online.com.ar\/index.php?rest_route=%2Fwp%2Fv2%2Ftags&post=13534"}],"curies":[{"name":"wp","href":"https:\/\/api.w.org\/{rel}","templated":true}]}}