{"id":13484,"date":"2021-05-30T09:30:00","date_gmt":"2021-05-30T12:30:00","guid":{"rendered":"http:\/\/www.comuna13online.com.ar\/?p=13484"},"modified":"2021-05-29T19:56:48","modified_gmt":"2021-05-29T22:56:48","slug":"dia-nacional-de-la-donacion-de-organos-y-tejidos","status":"publish","type":"post","link":"https:\/\/www.comuna13online.com.ar\/?p=13484","title":{"rendered":"D\u00eda Nacional de la Donaci\u00f3n de \u00d3rganos y Tejidos"},"content":{"rendered":"\n<p><strong>Se celebra cada 30 de mayo en conmemoraci\u00f3n del nacimiento del hijo de la primera paciente que dio a luz despu\u00e9s de haber recibido un trasplante en un hospital p\u00fablico. <\/strong><\/p>\n\n\n\n<figure class=\"wp-block-image size-large\"><img loading=\"lazy\" decoding=\"async\" width=\"678\" height=\"339\" data-attachment-id=\"13487\" data-permalink=\"https:\/\/www.comuna13online.com.ar\/?attachment_id=13487\" data-orig-file=\"https:\/\/www.comuna13online.com.ar\/wp-content\/uploads\/2021\/05\/210530a-01.jpg\" data-orig-size=\"678,339\" data-comments-opened=\"0\" data-image-meta=\"{&quot;aperture&quot;:&quot;0&quot;,&quot;credit&quot;:&quot;&quot;,&quot;camera&quot;:&quot;&quot;,&quot;caption&quot;:&quot;&quot;,&quot;created_timestamp&quot;:&quot;0&quot;,&quot;copyright&quot;:&quot;&quot;,&quot;focal_length&quot;:&quot;0&quot;,&quot;iso&quot;:&quot;0&quot;,&quot;shutter_speed&quot;:&quot;0&quot;,&quot;title&quot;:&quot;&quot;,&quot;orientation&quot;:&quot;0&quot;}\" data-image-title=\"210530a-01\" data-image-description=\"\" data-image-caption=\"\" data-large-file=\"https:\/\/www.comuna13online.com.ar\/wp-content\/uploads\/2021\/05\/210530a-01.jpg\" src=\"http:\/\/www.comuna13online.com.ar\/wp-content\/uploads\/2021\/05\/210530a-01.jpg\" alt=\"\" class=\"wp-image-13487\"\/><\/figure>\n\n\n\n<p>El trasplante es un tratamiento m\u00e9dico que se resuelve con participaci\u00f3n de la comunidad en el acto de donar. Un trasplante solo es posible a partir de la donaci\u00f3n. Por eso resulta fundamental que la comunidad se comprometa con una cuesti\u00f3n sanitaria de la que todos somos parte y se promueva la difusi\u00f3n de la donaci\u00f3n.<\/p>\n\n\n\n<p>La fecha del 30 de mayo fue elegida por el nacimiento del hijo de la primera paciente que dio a luz despu\u00e9s de haber recibido un trasplante en un hospital p\u00fablico. Por este motivo el mes de mayo es una oportunidad para hablar sobre el valor de la donaci\u00f3n de \u00f3rganos y reflexionar sobre una problem\u00e1tica que afecta a miles de personas, quienes necesitan de un trasplante para mejorar su calidad de vida. La fecha fue institu\u00edda por decreto del PEN N\u00ba 1079\/97 con el fin de contribuir a crear conciencia acerca de la importancia de la donaci\u00f3n de \u00f3rganos como un acto altruista y de respeto por la vida.<\/p>\n\n\n\n<p>Este a\u00f1o el INCUCAI realizar\u00e1 la campa\u00f1a\u00a0enmarcada en un reconocimiento especial a los y las donantes, quienes permiten que cada a\u00f1o miles de personas puedan recuperar su salud y vivir plenamente. Bajo el lema <a rel=\"noreferrer noopener\" href=\"#GraciasDonantes\" target=\"_blank\">#GraciasDonantes<\/a> se compartir\u00e1n distintas piezas en las redes sociales, en las que pacientes que hayan recibido un trasplante y personas que expresan su voluntad a favor de la donaci\u00f3n brindar\u00e1n sus testimonios, con el objetivo de dar aliento a quienes esperan y multiplicar el mensaje del valor de la donaci\u00f3n.<\/p>\n\n\n\n<p><\/p>\n<div align=\"center\">\n<blockquote class=\"twitter-tweet\"><p lang=\"es\" dir=\"ltr\">Se acerca el D\u00eda Nacional de la Donaci\u00f3n de \u00d3rganos y desde el Garrahan nos sumamos a la iniciativa del <a href=\"https:\/\/twitter.com\/incucaioficial?ref_src=twsrc%5Etfw\">@incucaioficial<\/a>.<br><br>Les compartimos los testimonios de Pili y Leandro, trasplantados en nuestro hospital.<a href=\"https:\/\/twitter.com\/hashtag\/GraciasDonantes?src=hash&amp;ref_src=twsrc%5Etfw\">#GraciasDonantes<\/a><a href=\"https:\/\/twitter.com\/hashtag\/DonarEst%C3%A1Bien?src=hash&amp;ref_src=twsrc%5Etfw\">#DonarEst\u00e1Bien<\/a> \u2764\ufe0f<a href=\"https:\/\/twitter.com\/msalnacion?ref_src=twsrc%5Etfw\">@msalnacion<\/a> <a href=\"https:\/\/t.co\/aKHjJLVT1Z\">pic.twitter.com\/aKHjJLVT1Z<\/a><\/p>&mdash; Hospital Garrahan (@HospGarrahan) <a href=\"https:\/\/twitter.com\/HospGarrahan\/status\/1398747934603333643?ref_src=twsrc%5Etfw\">May 29, 2021<\/a><\/blockquote> <script async src=\"https:\/\/platform.twitter.com\/widgets.js\" charset=\"utf-8\"><\/script><\/div>\n<p><\/p>\n\n\n\n<p>Este domingo de 18 a 24 horas la Ciudad iluminar\u00e1 el Obelisco de verde, color de la donaci\u00f3n de \u00f3rganos y tejidos, en muestra de agradecimiento a los donantes, por su inmensa solidaridad, ya que, con su gesto, no solo mejora la salud, sino que salva vidas.<\/p>\n\n\n\n<h4 class=\"has-text-align-center has-pale-pink-background-color has-background wp-block-heading\"><span class=\"has-inline-color has-white-color\"><strong>Expresar la voluntad de donar \u00f3rganos implica ejercer el derecho de dejar asentado tu deseo respecto al destino de tus \u00f3rganos y tejidos despu\u00e9s de la muerte<\/strong>.<br>____________<\/span><\/h4>\n\n\n\n<h3 class=\"wp-block-heading\"><strong>Manifestar la voluntad de donaci\u00f3n de \u00f3rganos y tejidos<\/strong><\/h3>\n\n\n\n<p>Es un tr\u00e1mite personal y, si en alg\u00fan momento cambi\u00e1s de opini\u00f3n, pod\u00e9s revocarlo s\u00f3lo vos, no lo puede hacer otra persona.<\/p>\n\n\n\n<p>En el momento del fallecimiento, el organismo responsable verificar\u00e1 tu \u00faltima voluntad hacia la donaci\u00f3n de \u00f3rganos. De no existir manifestaci\u00f3n expresa, la ley presume que la persona es donante.<\/p>\n\n\n\n<h4 class=\"wp-block-heading\">\u00bfC\u00f3mo hago?<\/h4>\n\n\n\n<ul class=\"wp-block-list\"><li>Para hacerlo de forma digital, ingres\u00e1 en\u00a0<a rel=\"noreferrer noopener\" href=\"https:\/\/mi.argentina.gob.ar\/salud\" target=\"_blank\">Mi Argentina<\/a>\u00a0al formulario \u00abManifestar mi voluntad de donar\u00bb en la secci\u00f3n de Salud.<\/li><li>En forma presencial, al momento de tramitar tu Documento Nacional de Identidad o al concurrir al\u00a0<a rel=\"noreferrer noopener\" href=\"https:\/\/maps.google.com\/?q=Ramsay+2250,+Ciudad+Aut%C3%B3noma+de+Buenos+Aires&amp;entry=gmail&amp;source=g\" target=\"_blank\">INCUCAI<\/a>\u00a0o a los\u00a0<a rel=\"noreferrer noopener\" href=\"https:\/\/www.argentina.gob.ar\/salud\/incucai\/organismos-jurisdiccionales\" target=\"_blank\">Organismos Jurisdiccionales de Ablaci\u00f3n e Implante de todo el pa\u00eds<\/a>.<\/li><li>Por correo enviando, desde cualquier dependencia del Correo Argentino, un telegrama gratuito con tu nombre, apellido, DNI y domicilio<\/li><\/ul>\n\n\n\n<p><a href=\"https:\/\/mi.argentina.gob.ar\/salud\" target=\"_blank\" rel=\"noreferrer noopener\">Iniciar tr\u00e1mite<\/a><\/p>\n\n\n\n<hr class=\"wp-block-separator\"\/>\n\n\n\n<h3 class=\"wp-block-heading\"><strong>Durante la pandemia hubo m\u00e1s de un 50% menos de donantes<\/strong> en la Ciudad<\/h3>\n\n\n\n<p><strong>Seg\u00fan los datos publicados por el Instituto del Trasplante de la Ciudad de Buenos Aires, la cantidad de donantes de \u00f3rganos y tejidos en 2020 se redujo a 64 y se realizaron 452 trasplantes.<\/strong><\/p>\n\n\n\n<p>Producto de la pandemia todos los indicadores relacionados con la donaci\u00f3n de \u00f3rganos y tejidos han ca\u00eddo a niveles hist\u00f3ricos, en la Ciudad, se realizaron 452 trasplantes, 355 menos que en 2019 (807 trasplantes), por otro lado, la cantidad de donantes cay\u00f3 de 101 a 46 lo que llev\u00f3 la tasa de donantes por mill\u00f3n de habitantes de 32,88 en 2019 a 14,96 en el \u00faltimo a\u00f1o.<\/p>\n\n\n\n<figure class=\"wp-block-image size-large\"><img loading=\"lazy\" decoding=\"async\" width=\"678\" height=\"508\" data-attachment-id=\"13485\" data-permalink=\"https:\/\/www.comuna13online.com.ar\/?attachment_id=13485\" data-orig-file=\"https:\/\/www.comuna13online.com.ar\/wp-content\/uploads\/2021\/05\/210530a-02..gif\" data-orig-size=\"678,508\" data-comments-opened=\"0\" data-image-meta=\"{&quot;aperture&quot;:&quot;0&quot;,&quot;credit&quot;:&quot;&quot;,&quot;camera&quot;:&quot;&quot;,&quot;caption&quot;:&quot;&quot;,&quot;created_timestamp&quot;:&quot;0&quot;,&quot;copyright&quot;:&quot;&quot;,&quot;focal_length&quot;:&quot;0&quot;,&quot;iso&quot;:&quot;0&quot;,&quot;shutter_speed&quot;:&quot;0&quot;,&quot;title&quot;:&quot;&quot;,&quot;orientation&quot;:&quot;0&quot;}\" data-image-title=\"210530a-02.\" data-image-description=\"\" data-image-caption=\"\" data-large-file=\"https:\/\/www.comuna13online.com.ar\/wp-content\/uploads\/2021\/05\/210530a-02..gif\" src=\"http:\/\/www.comuna13online.com.ar\/wp-content\/uploads\/2021\/05\/210530a-02..gif\" alt=\"\" class=\"wp-image-13485\" srcset=\"https:\/\/www.comuna13online.com.ar\/wp-content\/uploads\/2021\/05\/210530a-02..gif 678w, https:\/\/www.comuna13online.com.ar\/wp-content\/uploads\/2021\/05\/210530a-02.-326x245.gif 326w, https:\/\/www.comuna13online.com.ar\/wp-content\/uploads\/2021\/05\/210530a-02.-80x60.gif 80w\" sizes=\"auto, (max-width: 678px) 100vw, 678px\" \/><\/figure>\n\n\n\n<figure class=\"wp-block-image size-large\"><img loading=\"lazy\" decoding=\"async\" width=\"678\" height=\"506\" data-attachment-id=\"13486\" data-permalink=\"https:\/\/www.comuna13online.com.ar\/?attachment_id=13486\" data-orig-file=\"https:\/\/www.comuna13online.com.ar\/wp-content\/uploads\/2021\/05\/210530a-03..gif\" data-orig-size=\"678,506\" data-comments-opened=\"0\" data-image-meta=\"{&quot;aperture&quot;:&quot;0&quot;,&quot;credit&quot;:&quot;&quot;,&quot;camera&quot;:&quot;&quot;,&quot;caption&quot;:&quot;&quot;,&quot;created_timestamp&quot;:&quot;0&quot;,&quot;copyright&quot;:&quot;&quot;,&quot;focal_length&quot;:&quot;0&quot;,&quot;iso&quot;:&quot;0&quot;,&quot;shutter_speed&quot;:&quot;0&quot;,&quot;title&quot;:&quot;&quot;,&quot;orientation&quot;:&quot;0&quot;}\" data-image-title=\"210530a-03.\" data-image-description=\"\" data-image-caption=\"\" data-large-file=\"https:\/\/www.comuna13online.com.ar\/wp-content\/uploads\/2021\/05\/210530a-03..gif\" src=\"http:\/\/www.comuna13online.com.ar\/wp-content\/uploads\/2021\/05\/210530a-03..gif\" alt=\"\" class=\"wp-image-13486\" srcset=\"https:\/\/www.comuna13online.com.ar\/wp-content\/uploads\/2021\/05\/210530a-03..gif 678w, https:\/\/www.comuna13online.com.ar\/wp-content\/uploads\/2021\/05\/210530a-03.-80x60.gif 80w\" sizes=\"auto, (max-width: 678px) 100vw, 678px\" \/><\/figure>\n\n\n\n<figure class=\"wp-block-image size-large is-resized\"><img loading=\"lazy\" decoding=\"async\" data-attachment-id=\"99\" data-permalink=\"https:\/\/www.comuna13online.com.ar\/?attachment_id=99\" data-orig-file=\"https:\/\/www.comuna13online.com.ar\/wp-content\/uploads\/2017\/12\/line.jpg\" data-orig-size=\"678,1\" data-comments-opened=\"0\" data-image-meta=\"{&quot;aperture&quot;:&quot;0&quot;,&quot;credit&quot;:&quot;&quot;,&quot;camera&quot;:&quot;&quot;,&quot;caption&quot;:&quot;&quot;,&quot;created_timestamp&quot;:&quot;0&quot;,&quot;copyright&quot;:&quot;&quot;,&quot;focal_length&quot;:&quot;0&quot;,&quot;iso&quot;:&quot;0&quot;,&quot;shutter_speed&quot;:&quot;0&quot;,&quot;title&quot;:&quot;&quot;,&quot;orientation&quot;:&quot;0&quot;}\" data-image-title=\"line\" data-image-description=\"\" data-image-caption=\"\" data-large-file=\"https:\/\/www.comuna13online.com.ar\/wp-content\/uploads\/2017\/12\/line.jpg\" src=\"http:\/\/www.comuna13online.com.ar\/wp-content\/uploads\/2017\/12\/line.jpg\" alt=\"\" class=\"wp-image-99\" width=\"678\" height=\"1\" srcset=\"https:\/\/www.comuna13online.com.ar\/wp-content\/uploads\/2017\/12\/line.jpg 678w, https:\/\/www.comuna13online.com.ar\/wp-content\/uploads\/2017\/12\/line-150x1.jpg 150w, https:\/\/www.comuna13online.com.ar\/wp-content\/uploads\/2017\/12\/line-326x1.jpg 326w, https:\/\/www.comuna13online.com.ar\/wp-content\/uploads\/2017\/12\/line-80x1.jpg 80w, https:\/\/www.comuna13online.com.ar\/wp-content\/uploads\/2017\/12\/line-272x1.jpg 272w\" sizes=\"auto, (max-width: 678px) 100vw, 678px\" \/><\/figure>\n\n\n\n<figure class=\"wp-block-image size-full\"><img loading=\"lazy\" decoding=\"async\" width=\"678\" height=\"180\" data-attachment-id=\"8918\" data-permalink=\"https:\/\/www.comuna13online.com.ar\/?attachment_id=8918\" data-orig-file=\"https:\/\/www.comuna13online.com.ar\/wp-content\/uploads\/2020\/04\/corona2.jpg\" data-orig-size=\"678,180\" data-comments-opened=\"0\" data-image-meta=\"{&quot;aperture&quot;:&quot;0&quot;,&quot;credit&quot;:&quot;&quot;,&quot;camera&quot;:&quot;&quot;,&quot;caption&quot;:&quot;&quot;,&quot;created_timestamp&quot;:&quot;0&quot;,&quot;copyright&quot;:&quot;&quot;,&quot;focal_length&quot;:&quot;0&quot;,&quot;iso&quot;:&quot;0&quot;,&quot;shutter_speed&quot;:&quot;0&quot;,&quot;title&quot;:&quot;&quot;,&quot;orientation&quot;:&quot;0&quot;}\" data-image-title=\"corona2\" data-image-description=\"\" data-image-caption=\"\" data-large-file=\"https:\/\/www.comuna13online.com.ar\/wp-content\/uploads\/2020\/04\/corona2.jpg\" src=\"http:\/\/www.comuna13online.com.ar\/wp-content\/uploads\/2020\/04\/corona2.jpg\" alt=\"\" class=\"wp-image-8918\"\/><\/figure>\n","protected":false},"excerpt":{"rendered":"<div class=\"mh-excerpt\">Se celebra cada 30 de mayo en conmemoraci\u00f3n del nacimiento del hijo de la primera paciente que dio a luz despu\u00e9s de haber recibido un trasplante en un hospital p\u00fablico. <a class=\"mh-excerpt-more\" href=\"https:\/\/www.comuna13online.com.ar\/?p=13484\" title=\"D\u00eda Nacional de la Donaci\u00f3n de \u00d3rganos y Tejidos\">[&#8230;]<\/a><\/div>\n","protected":false},"author":1,"featured_media":13488,"comment_status":"closed","ping_status":"closed","sticky":false,"template":"","format":"standard","meta":{"_uag_custom_page_level_css":"","_jetpack_memberships_contains_paid_content":false,"footnotes":"","jetpack_publicize_message":"30 de mayo, D\u00eda Nacional de la Donaci\u00f3n de \u00d3rganos!\n#DonarEst\u00e1Bien \n#GraciasDonantes \n#D\u00edaDeLaDonaci\u00f3n","jetpack_publicize_feature_enabled":true,"jetpack_social_post_already_shared":true,"jetpack_social_options":{"image_generator_settings":{"template":"highway","default_image_id":0,"font":"","enabled":false},"version":2}},"categories":[9],"tags":[],"class_list":{"0":"post-13484","1":"post","2":"type-post","3":"status-publish","4":"format-standard","5":"has-post-thumbnail","7":"category-ciudad"},"jetpack_publicize_connections":[],"jetpack_featured_media_url":"https:\/\/www.comuna13online.com.ar\/wp-content\/uploads\/2021\/05\/E2bnIxEXMAIBhuY.jpg","uagb_featured_image_src":{"full":["https:\/\/www.comuna13online.com.ar\/wp-content\/uploads\/2021\/05\/E2bnIxEXMAIBhuY.jpg",1220,450,false],"thumbnail":["https:\/\/www.comuna13online.com.ar\/wp-content\/uploads\/2021\/05\/E2bnIxEXMAIBhuY.jpg",128,47,false],"medium":["https:\/\/www.comuna13online.com.ar\/wp-content\/uploads\/2021\/05\/E2bnIxEXMAIBhuY.jpg",1220,450,false],"medium_large":["https:\/\/www.comuna13online.com.ar\/wp-content\/uploads\/2021\/05\/E2bnIxEXMAIBhuY-768x283.jpg",768,283,true],"large":["https:\/\/www.comuna13online.com.ar\/wp-content\/uploads\/2021\/05\/E2bnIxEXMAIBhuY.jpg",1220,450,false],"1536x1536":["https:\/\/www.comuna13online.com.ar\/wp-content\/uploads\/2021\/05\/E2bnIxEXMAIBhuY.jpg",1220,450,false],"2048x2048":["https:\/\/www.comuna13online.com.ar\/wp-content\/uploads\/2021\/05\/E2bnIxEXMAIBhuY.jpg",1220,450,false],"mh-magazine-slider":["https:\/\/www.comuna13online.com.ar\/wp-content\/uploads\/2021\/05\/E2bnIxEXMAIBhuY-1030x438.jpg",1030,438,true],"mh-magazine-content":["https:\/\/www.comuna13online.com.ar\/wp-content\/uploads\/2021\/05\/E2bnIxEXMAIBhuY-678x381.jpg",678,381,true],"mh-magazine-large":["https:\/\/www.comuna13online.com.ar\/wp-content\/uploads\/2021\/05\/E2bnIxEXMAIBhuY-678x450.jpg",678,450,true],"mh-magazine-medium":["https:\/\/www.comuna13online.com.ar\/wp-content\/uploads\/2021\/05\/E2bnIxEXMAIBhuY-326x245.jpg",326,245,true],"mh-magazine-small":["https:\/\/www.comuna13online.com.ar\/wp-content\/uploads\/2021\/05\/E2bnIxEXMAIBhuY-80x60.jpg",80,60,true],"sow-carousel-default":["https:\/\/www.comuna13online.com.ar\/wp-content\/uploads\/2021\/05\/E2bnIxEXMAIBhuY-272x182.jpg",272,182,true]},"uagb_author_info":{"display_name":"Comuna13","author_link":"https:\/\/www.comuna13online.com.ar\/?author=1"},"uagb_comment_info":0,"uagb_excerpt":"Se celebra cada 30 de mayo en conmemoraci\u00f3n del nacimiento del hijo de la primera paciente que dio a luz despu\u00e9s de haber recibido un trasplante en un hospital p\u00fablico. [...]","jetpack_sharing_enabled":true,"_links":{"self":[{"href":"https:\/\/www.comuna13online.com.ar\/index.php?rest_route=\/wp\/v2\/posts\/13484","targetHints":{"allow":["GET"]}}],"collection":[{"href":"https:\/\/www.comuna13online.com.ar\/index.php?rest_route=\/wp\/v2\/posts"}],"about":[{"href":"https:\/\/www.comuna13online.com.ar\/index.php?rest_route=\/wp\/v2\/types\/post"}],"author":[{"embeddable":true,"href":"https:\/\/www.comuna13online.com.ar\/index.php?rest_route=\/wp\/v2\/users\/1"}],"replies":[{"embeddable":true,"href":"https:\/\/www.comuna13online.com.ar\/index.php?rest_route=%2Fwp%2Fv2%2Fcomments&post=13484"}],"version-history":[{"count":0,"href":"https:\/\/www.comuna13online.com.ar\/index.php?rest_route=\/wp\/v2\/posts\/13484\/revisions"}],"wp:featuredmedia":[{"embeddable":true,"href":"https:\/\/www.comuna13online.com.ar\/index.php?rest_route=\/wp\/v2\/media\/13488"}],"wp:attachment":[{"href":"https:\/\/www.comuna13online.com.ar\/index.php?rest_route=%2Fwp%2Fv2%2Fmedia&parent=13484"}],"wp:term":[{"taxonomy":"category","embeddable":true,"href":"https:\/\/www.comuna13online.com.ar\/index.php?rest_route=%2Fwp%2Fv2%2Fcategories&post=13484"},{"taxonomy":"post_tag","embeddable":true,"href":"https:\/\/www.comuna13online.com.ar\/index.php?rest_route=%2Fwp%2Fv2%2Ftags&post=13484"}],"curies":[{"name":"wp","href":"https:\/\/api.w.org\/{rel}","templated":true}]}}