{"id":13480,"date":"2021-05-28T21:41:39","date_gmt":"2021-05-29T00:41:39","guid":{"rendered":"http:\/\/www.comuna13online.com.ar\/?p=13480"},"modified":"2021-05-28T21:41:46","modified_gmt":"2021-05-29T00:41:46","slug":"la-ciudad-termina-con-el-confinamiento-y-abre-las-escuelas","status":"publish","type":"post","link":"https:\/\/www.comuna13online.com.ar\/?p=13480","title":{"rendered":"La Ciudad termina con el confinamiento y abre las escuelas"},"content":{"rendered":"\n<p><strong>Los jardines maternales y la educaci\u00f3n inicial, primaria y especial retoman las clases presenciales, primer y segundo a\u00f1o de la secundaria adoptar\u00e1n un\u00a0esquema bimodal y el resto solo virtual.<\/strong><\/p>\n\n\n\n<figure class=\"wp-block-image size-large\"><img loading=\"lazy\" decoding=\"async\" width=\"677\" height=\"381\" data-attachment-id=\"13481\" data-permalink=\"https:\/\/www.comuna13online.com.ar\/?attachment_id=13481\" data-orig-file=\"https:\/\/www.comuna13online.com.ar\/wp-content\/uploads\/2021\/05\/210528c-01.jpg\" data-orig-size=\"677,381\" data-comments-opened=\"0\" data-image-meta=\"{&quot;aperture&quot;:&quot;0&quot;,&quot;credit&quot;:&quot;&quot;,&quot;camera&quot;:&quot;&quot;,&quot;caption&quot;:&quot;&quot;,&quot;created_timestamp&quot;:&quot;0&quot;,&quot;copyright&quot;:&quot;&quot;,&quot;focal_length&quot;:&quot;0&quot;,&quot;iso&quot;:&quot;0&quot;,&quot;shutter_speed&quot;:&quot;0&quot;,&quot;title&quot;:&quot;&quot;,&quot;orientation&quot;:&quot;0&quot;}\" data-image-title=\"210528c-01\" data-image-description=\"\" data-image-caption=\"\" data-large-file=\"https:\/\/www.comuna13online.com.ar\/wp-content\/uploads\/2021\/05\/210528c-01.jpg\" src=\"http:\/\/www.comuna13online.com.ar\/wp-content\/uploads\/2021\/05\/210528c-01.jpg\" alt=\"\" class=\"wp-image-13481\"\/><\/figure>\n\n\n\n<p>Con las medidas tomadas hace una semana baj\u00f3 la movilidad en la Ciudad lo que ayuda a reducir los contagios. Se registraron descensos en el uso de todos los medios de transporte: en los subtes, trenes y colectivos baj\u00f3 un 30% la cantidad de pasajeros, al igual que en los veh\u00edculos particulares. Entr\u00f3 a la Ciudad un 35% menos de autos.<\/p>\n\n\n\n<p>En tanto, y para acompa\u00f1ar el cumplimiento de los protocolos, continuar\u00e1n los controles en los centros de trasbordo, en las estaciones de Subte que permanecen abiertas, y tambi\u00e9n se va a reforzar los controles en los accesos de la Ciudad.<\/p>\n\n\n\n<p>En funci\u00f3n de los datos y de la evoluci\u00f3n de la situaci\u00f3n sanitaria, en las pr\u00f3ximas semanas en la Ciudad ser\u00e1 as\u00ed la organizaci\u00f3n:<\/p>\n\n\n\n<p>Seg\u00fan establece el Decreto de Necesidad y Urgencia del Gobierno nacional 334\/21, las medidas actuales van a continuar durante ma\u00f1ana y pasado y, a partir del lunes se volver\u00e1 al esquema que reg\u00eda hasta el viernes 21 de mayo.<\/p>\n\n\n\n<ul class=\"wp-block-list\"><li>La circulaci\u00f3n general vuelve a estar restringida entre las 8 de la noche y las 6 de la ma\u00f1ana.<\/li><li>Los bares y restaurantes van a volver a poder atender en espacios al aire libre en mesas de hasta 4 personas o grupo familiar hasta las 19 horas. Luego de esa hora podr\u00e1n seguir trabajando con delivery o retiro en el local.<\/li><li>El resto de los comercios va a volver a atender hasta las 19 con todos los protocolos.<\/li><li>Tambi\u00e9n vuelven a sus actividades la industria y la construcci\u00f3n. En el caso de la construcci\u00f3n, las empresas con obras de m\u00e1s de 1.500 m2 van a tener que garantizar transporte privado para sus trabajadores.<\/li><li>Los deportes de hasta 10 personas sin contacto vuelven a estar permitidos al aire libre.<\/li><li>Las ceremonias religiosas tambi\u00e9n vuelven a estar habilitadas, hasta 10 personas y al aire libre.<\/li><li>En cuanto a las actividades profesionales, deber\u00e1n seguir trabajando de manera remota.<\/li><li>Es muy importante que todos evitemos cualquier encuentro en espacios cerrados, que son los lugares donde m\u00e1s contagios ocurren.<\/li><\/ul>\n\n\n\n<p>Tal como establece el DNU, el fin de semana del 5 y 6 de junio se vuelve a las restricciones que rigieron hasta hoy.<\/p>\n\n\n\n<h3 class=\"wp-block-heading\">Educaci\u00f3n<\/h3>\n\n\n\n<p>Tal como se comprometi\u00f3, las escuelas iban a ser lo \u00faltimo en cerrar y lo primero en abrir. Despu\u00e9s de tres d\u00edas de receso, que van a ser recuperados de manera presencial del 20 al 22 de diciembre, las escuelas van a retomar este esquema:<\/p>\n\n\n\n<ul class=\"wp-block-list\"><li>Los jardines maternales y la educaci\u00f3n inicial, primaria y especial van a volver a las clases presenciales. Son los chicos que m\u00e1s necesitan de la sociabilizaci\u00f3n entre pares y del contacto cara a cara con docentes.<\/li><li>Los estudiantes de primer y segundo a\u00f1o van a retomar la bimodalidad: mitad presencial y mitad virtual. Ellos necesitan la presencialidad para poder adaptarse mejor al comienzo de la secundaria y para evitar la repitencia.<\/li><li>El resto de los estudiantes de la secundaria -3ro, 4to, 5to y 6to a\u00f1o- van a cursar de forma virtual, al igual que las escuelas para adultos, las terciarias y los Centros de Formaci\u00f3n Profesional. Los m\u00e1s grandes son los que tienen m\u00e1s autonom\u00eda para aprender y comunicarse en un entorno virtual, siempre que sea por poco tiempo, y adem\u00e1s, son los que m\u00e1s usan el transporte p\u00fablico.<\/li><\/ul>\n\n\n\n<p>La Ciudad invirti\u00f3 1.700 millones de pesos en la Beca Estudiantil para que los chicos del secundario tengan mejor conectividad en sus casas, que alcanza a 48.300 estudiantes del nivel secundario de gesti\u00f3n estatal.<\/p>\n\n\n\n<p>La evidencia muestra que el nivel de contagios en las escuelas es m\u00e1s bajo que en el resto de la Ciudad. Toda la comunidad educativa est\u00e1 comprometida con cuidar el futuro de los chicos. Nuestro deber como sociedad es complementar ese esfuerzo para que las escuelas puedan seguir abiertas.<\/p>\n\n\n\n<p><\/p>\n<div align=\"center\">\n<blockquote class=\"twitter-tweet\" data-conversation=\"none\"><p lang=\"es\" dir=\"ltr\">A partir de este lunes 31 de mayo, dado que todav\u00eda es necesario seguir haciendo un esfuerzo para bajar la circulaci\u00f3n, vamos a organizarnos de la siguiente manera: <a href=\"https:\/\/t.co\/b2LPya945k\">pic.twitter.com\/b2LPya945k<\/a><\/p>&mdash; Horacio Rodr\u00edguez Larreta \u270b???? (@horaciorlarreta) <a href=\"https:\/\/twitter.com\/horaciorlarreta\/status\/1398424832853872640?ref_src=twsrc%5Etfw\">May 28, 2021<\/a><\/blockquote> <script async src=\"https:\/\/platform.twitter.com\/widgets.js\" charset=\"utf-8\"><\/script><\/div>\n<p><\/p>\n\n\n\n<h3 class=\"wp-block-heading\">Medidas de apoyo a la actividad econ\u00f3mica y cultural<\/h3>\n\n\n\n<p>El Gobierno de la Ciudad de Buenos Aires trabaja, como en 2020, en la implementaci\u00f3n de medidas de alivio econ\u00f3mico para los comercios cuyas actividades est\u00e1n siendo afectadas por las restricciones de la emergencia sanitaria.<\/p>\n\n\n\n<ul class=\"wp-block-list\"><li>Para los sectores gastron\u00f3micos se aprob\u00f3 una ley en la Legislatura que los exime del pago de Ingresos Brutos durante tres meses -mayo, junio y julio- que se suma a la exenci\u00f3n que ya tuvieron entre septiembre del 2020 y febrero de este a\u00f1o.<\/li><li>Para apoyar al sector hotelero, se aprob\u00f3 la exenci\u00f3n del pago de ABL por seis meses.<\/li><li>Esta semana entraron en la Legislatura tres proyectos de ley para eximir del Impuesto Inmobiliario\/ABL durante los meses de junio, julio y agosto a aquellos inmuebles donde se desarrollen actividades culturales como teatros, cines, locales de baile, escuelas de danzas y centros culturales.<\/li><li>Adem\u00e1s, otro proyecto es para eximir del pago del Impuesto Inmobiliario\/ABL durante los mismos meses a los establecimientos destinados al servicio de alquiler y explotaci\u00f3n de inmuebles para fiestas, convenciones y otros eventos similares.<\/li><li>Por \u00faltimo, un tercer proyecto busca eximir a los gimnasios del pago de este impuesto y tambi\u00e9n del Impuesto sobre los Ingresos Brutos durante los meses de junio y julio.<\/li><li>Adem\u00e1s, mediante pol\u00edticas p\u00fablicas como Impulso Cultural, y Mecenazgo se acompa\u00f1a al sector cultural, muy golpeado por la pandemia.<\/li><\/ul>\n\n\n\n<p>Tambi\u00e9n el Banco Ciudad lanzar\u00e1 una nueva l\u00ednea crediticia para comercios del sector gastron\u00f3mico de la Ciudad de Buenos Aires. Las micro, peque\u00f1as y medianas empresas (MiPyMEs) del rubro gastron\u00f3mico (restaurantes, bares, helader\u00edas y locales de venta de comidas y bebidas al paso, entre otros) podr\u00e1n solicitar pr\u00e9stamos a tasa fija preferencial con destino para capital de trabajo. Estos nuevos cr\u00e9ditos cuentan con subsidios de tasa tanto por parte del Gobierno de la Ciudad como del Banco Ciudad.<\/p>\n\n\n\n<p>Y sigue el di\u00e1logo con las distintas c\u00e1maras que nuclean a los comerciantes para pensar nuevas medidas de apoyo que apunten a cuidar los puestos de trabajo.<\/p>\n\n\n\n<p class=\"has-text-align-right\"><sub>Fuente: <strong>G.C.B.A.<\/strong><\/sub><\/p>\n\n\n\n<figure class=\"wp-block-image size-large is-resized\"><img loading=\"lazy\" decoding=\"async\" data-attachment-id=\"99\" data-permalink=\"https:\/\/www.comuna13online.com.ar\/?attachment_id=99\" data-orig-file=\"https:\/\/www.comuna13online.com.ar\/wp-content\/uploads\/2017\/12\/line.jpg\" data-orig-size=\"678,1\" data-comments-opened=\"0\" data-image-meta=\"{&quot;aperture&quot;:&quot;0&quot;,&quot;credit&quot;:&quot;&quot;,&quot;camera&quot;:&quot;&quot;,&quot;caption&quot;:&quot;&quot;,&quot;created_timestamp&quot;:&quot;0&quot;,&quot;copyright&quot;:&quot;&quot;,&quot;focal_length&quot;:&quot;0&quot;,&quot;iso&quot;:&quot;0&quot;,&quot;shutter_speed&quot;:&quot;0&quot;,&quot;title&quot;:&quot;&quot;,&quot;orientation&quot;:&quot;0&quot;}\" data-image-title=\"line\" data-image-description=\"\" data-image-caption=\"\" data-large-file=\"https:\/\/www.comuna13online.com.ar\/wp-content\/uploads\/2017\/12\/line.jpg\" src=\"http:\/\/www.comuna13online.com.ar\/wp-content\/uploads\/2017\/12\/line.jpg\" alt=\"\" class=\"wp-image-99\" width=\"678\" height=\"1\" srcset=\"https:\/\/www.comuna13online.com.ar\/wp-content\/uploads\/2017\/12\/line.jpg 678w, https:\/\/www.comuna13online.com.ar\/wp-content\/uploads\/2017\/12\/line-150x1.jpg 150w, https:\/\/www.comuna13online.com.ar\/wp-content\/uploads\/2017\/12\/line-326x1.jpg 326w, https:\/\/www.comuna13online.com.ar\/wp-content\/uploads\/2017\/12\/line-80x1.jpg 80w, https:\/\/www.comuna13online.com.ar\/wp-content\/uploads\/2017\/12\/line-272x1.jpg 272w\" sizes=\"auto, (max-width: 678px) 100vw, 678px\" \/><\/figure>\n\n\n\n<figure class=\"wp-block-image size-full\"><img loading=\"lazy\" decoding=\"async\" width=\"678\" height=\"180\" data-attachment-id=\"8918\" data-permalink=\"https:\/\/www.comuna13online.com.ar\/?attachment_id=8918\" data-orig-file=\"https:\/\/www.comuna13online.com.ar\/wp-content\/uploads\/2020\/04\/corona2.jpg\" data-orig-size=\"678,180\" data-comments-opened=\"0\" data-image-meta=\"{&quot;aperture&quot;:&quot;0&quot;,&quot;credit&quot;:&quot;&quot;,&quot;camera&quot;:&quot;&quot;,&quot;caption&quot;:&quot;&quot;,&quot;created_timestamp&quot;:&quot;0&quot;,&quot;copyright&quot;:&quot;&quot;,&quot;focal_length&quot;:&quot;0&quot;,&quot;iso&quot;:&quot;0&quot;,&quot;shutter_speed&quot;:&quot;0&quot;,&quot;title&quot;:&quot;&quot;,&quot;orientation&quot;:&quot;0&quot;}\" data-image-title=\"corona2\" data-image-description=\"\" data-image-caption=\"\" data-large-file=\"https:\/\/www.comuna13online.com.ar\/wp-content\/uploads\/2020\/04\/corona2.jpg\" src=\"http:\/\/www.comuna13online.com.ar\/wp-content\/uploads\/2020\/04\/corona2.jpg\" alt=\"\" class=\"wp-image-8918\"\/><\/figure>\n","protected":false},"excerpt":{"rendered":"<div class=\"mh-excerpt\">Los jardines maternales y la educaci\u00f3n inicial, primaria y especial retoman las clases presenciales, primer y segundo a\u00f1o de la secundaria adoptar\u00e1n un\u00a0esquema bimodal y el resto solo virtual. Con <a class=\"mh-excerpt-more\" href=\"https:\/\/www.comuna13online.com.ar\/?p=13480\" title=\"La Ciudad termina con el confinamiento y abre las escuelas\">[&#8230;]<\/a><\/div>\n","protected":false},"author":1,"featured_media":13482,"comment_status":"closed","ping_status":"closed","sticky":false,"template":"","format":"standard","meta":{"_uag_custom_page_level_css":"","_jetpack_memberships_contains_paid_content":false,"footnotes":"","jetpack_publicize_message":"","jetpack_publicize_feature_enabled":true,"jetpack_social_post_already_shared":true,"jetpack_social_options":{"image_generator_settings":{"template":"highway","default_image_id":0,"font":"","enabled":false},"version":2}},"categories":[269],"tags":[271,246,250,296],"class_list":{"0":"post-13480","1":"post","2":"type-post","3":"status-publish","4":"format-standard","5":"has-post-thumbnail","7":"category-coronavirus","8":"tag-coronavirus","9":"tag-h1","10":"tag-h2","11":"tag-h3"},"jetpack_publicize_connections":[],"jetpack_featured_media_url":"https:\/\/www.comuna13online.com.ar\/wp-content\/uploads\/2021\/05\/210528c-id.jpg","uagb_featured_image_src":{"full":["https:\/\/www.comuna13online.com.ar\/wp-content\/uploads\/2021\/05\/210528c-id.jpg",1030,438,false],"thumbnail":["https:\/\/www.comuna13online.com.ar\/wp-content\/uploads\/2021\/05\/210528c-id.jpg",128,54,false],"medium":["https:\/\/www.comuna13online.com.ar\/wp-content\/uploads\/2021\/05\/210528c-id.jpg",1030,438,false],"medium_large":["https:\/\/www.comuna13online.com.ar\/wp-content\/uploads\/2021\/05\/210528c-id-768x327.jpg",768,327,true],"large":["https:\/\/www.comuna13online.com.ar\/wp-content\/uploads\/2021\/05\/210528c-id.jpg",1030,438,false],"1536x1536":["https:\/\/www.comuna13online.com.ar\/wp-content\/uploads\/2021\/05\/210528c-id.jpg",1030,438,false],"2048x2048":["https:\/\/www.comuna13online.com.ar\/wp-content\/uploads\/2021\/05\/210528c-id.jpg",1030,438,false],"mh-magazine-slider":["https:\/\/www.comuna13online.com.ar\/wp-content\/uploads\/2021\/05\/210528c-id-1030x438.jpg",1030,438,true],"mh-magazine-content":["https:\/\/www.comuna13online.com.ar\/wp-content\/uploads\/2021\/05\/210528c-id-678x381.jpg",678,381,true],"mh-magazine-large":["https:\/\/www.comuna13online.com.ar\/wp-content\/uploads\/2021\/05\/210528c-id-678x438.jpg",678,438,true],"mh-magazine-medium":["https:\/\/www.comuna13online.com.ar\/wp-content\/uploads\/2021\/05\/210528c-id-326x245.jpg",326,245,true],"mh-magazine-small":["https:\/\/www.comuna13online.com.ar\/wp-content\/uploads\/2021\/05\/210528c-id-80x60.jpg",80,60,true],"sow-carousel-default":["https:\/\/www.comuna13online.com.ar\/wp-content\/uploads\/2021\/05\/210528c-id-272x182.jpg",272,182,true]},"uagb_author_info":{"display_name":"Comuna13","author_link":"https:\/\/www.comuna13online.com.ar\/?author=1"},"uagb_comment_info":0,"uagb_excerpt":"Los jardines maternales y la educaci\u00f3n inicial, primaria y especial retoman las clases presenciales, primer y segundo a\u00f1o de la secundaria adoptar\u00e1n un\u00a0esquema bimodal y el resto solo virtual. Con [...]","jetpack_sharing_enabled":true,"_links":{"self":[{"href":"https:\/\/www.comuna13online.com.ar\/index.php?rest_route=\/wp\/v2\/posts\/13480","targetHints":{"allow":["GET"]}}],"collection":[{"href":"https:\/\/www.comuna13online.com.ar\/index.php?rest_route=\/wp\/v2\/posts"}],"about":[{"href":"https:\/\/www.comuna13online.com.ar\/index.php?rest_route=\/wp\/v2\/types\/post"}],"author":[{"embeddable":true,"href":"https:\/\/www.comuna13online.com.ar\/index.php?rest_route=\/wp\/v2\/users\/1"}],"replies":[{"embeddable":true,"href":"https:\/\/www.comuna13online.com.ar\/index.php?rest_route=%2Fwp%2Fv2%2Fcomments&post=13480"}],"version-history":[{"count":0,"href":"https:\/\/www.comuna13online.com.ar\/index.php?rest_route=\/wp\/v2\/posts\/13480\/revisions"}],"wp:featuredmedia":[{"embeddable":true,"href":"https:\/\/www.comuna13online.com.ar\/index.php?rest_route=\/wp\/v2\/media\/13482"}],"wp:attachment":[{"href":"https:\/\/www.comuna13online.com.ar\/index.php?rest_route=%2Fwp%2Fv2%2Fmedia&parent=13480"}],"wp:term":[{"taxonomy":"category","embeddable":true,"href":"https:\/\/www.comuna13online.com.ar\/index.php?rest_route=%2Fwp%2Fv2%2Fcategories&post=13480"},{"taxonomy":"post_tag","embeddable":true,"href":"https:\/\/www.comuna13online.com.ar\/index.php?rest_route=%2Fwp%2Fv2%2Ftags&post=13480"}],"curies":[{"name":"wp","href":"https:\/\/api.w.org\/{rel}","templated":true}]}}