{"id":13300,"date":"2021-05-01T09:45:47","date_gmt":"2021-05-01T12:45:47","guid":{"rendered":"http:\/\/www.comuna13online.com.ar\/?p=13300"},"modified":"2021-05-01T09:46:44","modified_gmt":"2021-05-01T12:46:44","slug":"se-cierran-18-accesos-a-la-ciudad-de-20-a-6-horas-y-7-estaciones-de-subte","status":"publish","type":"post","link":"https:\/\/www.comuna13online.com.ar\/?p=13300","title":{"rendered":"Se cierran 18 accesos a la Ciudad de 20 a 6 horas y 7 estaciones de subte"},"content":{"rendered":"\n<p><strong>En el marco de la nueva etapa de restricci\u00f3n y para hacer m\u00e1s efectivos los controles de movilidad se restringir\u00e1 la circulaci\u00f3n de los accesos vehiculares y estaciones de subte.<\/strong><\/p>\n\n\n\n<figure class=\"wp-block-image size-large\"><img loading=\"lazy\" decoding=\"async\" width=\"678\" height=\"452\" data-attachment-id=\"13303\" data-permalink=\"https:\/\/www.comuna13online.com.ar\/?attachment_id=13303\" data-orig-file=\"https:\/\/www.comuna13online.com.ar\/wp-content\/uploads\/2021\/05\/210501b-id.jpg\" data-orig-size=\"678,452\" data-comments-opened=\"0\" data-image-meta=\"{&quot;aperture&quot;:&quot;0&quot;,&quot;credit&quot;:&quot;&quot;,&quot;camera&quot;:&quot;&quot;,&quot;caption&quot;:&quot;&quot;,&quot;created_timestamp&quot;:&quot;0&quot;,&quot;copyright&quot;:&quot;&quot;,&quot;focal_length&quot;:&quot;0&quot;,&quot;iso&quot;:&quot;0&quot;,&quot;shutter_speed&quot;:&quot;0&quot;,&quot;title&quot;:&quot;&quot;,&quot;orientation&quot;:&quot;0&quot;}\" data-image-title=\"210501b-id\" data-image-description=\"\" data-image-caption=\"\" data-large-file=\"https:\/\/www.comuna13online.com.ar\/wp-content\/uploads\/2021\/05\/210501b-id.jpg\" src=\"http:\/\/www.comuna13online.com.ar\/wp-content\/uploads\/2021\/05\/210501b-id.jpg\" alt=\"\" class=\"wp-image-13303\" srcset=\"https:\/\/www.comuna13online.com.ar\/wp-content\/uploads\/2021\/05\/210501b-id.jpg 678w, https:\/\/www.comuna13online.com.ar\/wp-content\/uploads\/2021\/05\/210501b-id-272x182.jpg 272w\" sizes=\"auto, (max-width: 678px) 100vw, 678px\" \/><\/figure>\n\n\n\n<p>Desde el Gobierno de la Ciudad de Buenos Aires informamos que desde el&nbsp;<strong>viernes 30 de abril<\/strong>&nbsp;se restringir\u00e1 la circulaci\u00f3n vehicular en&nbsp;<strong>18 accesos a la Ciudad desde las 20 hasta las 6 horas<\/strong>. Adem\u00e1s,&nbsp;<strong>se cerrar\u00e1n 7 estaciones de subte<\/strong>&nbsp;con el fin de administrar el ingreso de usuarios a las estaciones y reforzar los controles de aforo y de permisos. Estas medidas acompa\u00f1an al DNU emitido por el Gobierno Nacional.<\/p>\n\n\n\n<p>Los accesos restringidos de 20 a 6 horas son 18:<\/p>\n\n\n\n<ol class=\"wp-block-list\"><li>Puente Pueyrred\u00f3n Viejo<\/li><li>Puente Bosch<\/li><li>Cruce Calle Jorge Ch\u00e1vez<\/li><li>Bajada Av. Gral. Paz por Ibarrola<\/li><li>Cruce Calle Ibarrola<\/li><li>Cruce Calle Dr. Angel Roffo<\/li><li>Bajada Av. Gral. Paz por Nazarre<\/li><li>Bajada Av. Gral. Paz por Bruselas<\/li><li>Cruce Calle Griveo<\/li><li>Bajada Av. Gral. Paz (colectora) por Av. Albarellos<\/li><li>Puente Super\u00ed<\/li><li>Cruce Calle 11 de Septiembre de 1888<\/li><li>Cruce Calle La Cachila<\/li><li>Bajada Av. Gral. Paz por Pizarro<\/li><li>Bajada Av. Gral. Paz por Bah\u00eda Blanca<\/li><li>Bajada Av. Gral. Paz por Benito Ju\u00e1rez<\/li><li>Bajada Av. Gral. Paz por Mart\u00ednez de Hoz<\/li><li>Cruce Concordia<\/li><\/ol>\n\n\n\n<figure class=\"wp-block-image size-large\"><a href=\"http:\/\/www.comuna13online.com.ar\/wp-content\/uploads\/2021\/05\/210501b-01.jpg\" target=\"_blank\" rel=\"noopener\"><img loading=\"lazy\" decoding=\"async\" width=\"720\" height=\"939\" data-attachment-id=\"13301\" data-permalink=\"https:\/\/www.comuna13online.com.ar\/?attachment_id=13301\" data-orig-file=\"https:\/\/www.comuna13online.com.ar\/wp-content\/uploads\/2021\/05\/210501b-01.jpg\" data-orig-size=\"720,939\" data-comments-opened=\"0\" data-image-meta=\"{&quot;aperture&quot;:&quot;0&quot;,&quot;credit&quot;:&quot;&quot;,&quot;camera&quot;:&quot;&quot;,&quot;caption&quot;:&quot;&quot;,&quot;created_timestamp&quot;:&quot;0&quot;,&quot;copyright&quot;:&quot;&quot;,&quot;focal_length&quot;:&quot;0&quot;,&quot;iso&quot;:&quot;0&quot;,&quot;shutter_speed&quot;:&quot;0&quot;,&quot;title&quot;:&quot;&quot;,&quot;orientation&quot;:&quot;0&quot;}\" data-image-title=\"210501b-01\" data-image-description=\"\" data-image-caption=\"\" data-large-file=\"https:\/\/www.comuna13online.com.ar\/wp-content\/uploads\/2021\/05\/210501b-01.jpg\" src=\"http:\/\/www.comuna13online.com.ar\/wp-content\/uploads\/2021\/05\/210501b-01.jpg\" alt=\"\" class=\"wp-image-13301\"\/><\/a><\/figure>\n\n\n\n<h3 class=\"wp-block-heading\">Subte<\/h3>\n\n\n\n<p>Las estaciones que van a estar cerradas son 7 (quedan 53 abiertas de un total de 90):<\/p>\n\n\n\n<p>\u25cf L\u00ednea A: Acoyte<br>\u25cf L\u00ednea B: Dorrego y Callao<br>\u25cf L\u00ednea D: Palermo y Callao<br>\u25cf L\u00ednea E: Boedo<br>\u25cf L\u00ednea H: Caseros<\/p>\n\n\n\n<figure class=\"wp-block-image size-large\"><a href=\"http:\/\/www.comuna13online.com.ar\/wp-content\/uploads\/2021\/05\/210501b-02.jpg\" target=\"_blank\" rel=\"noopener\"><img loading=\"lazy\" decoding=\"async\" width=\"1280\" height=\"879\" data-attachment-id=\"13302\" data-permalink=\"https:\/\/www.comuna13online.com.ar\/?attachment_id=13302\" data-orig-file=\"https:\/\/www.comuna13online.com.ar\/wp-content\/uploads\/2021\/05\/210501b-02.jpg\" data-orig-size=\"1280,879\" data-comments-opened=\"0\" data-image-meta=\"{&quot;aperture&quot;:&quot;0&quot;,&quot;credit&quot;:&quot;&quot;,&quot;camera&quot;:&quot;&quot;,&quot;caption&quot;:&quot;&quot;,&quot;created_timestamp&quot;:&quot;0&quot;,&quot;copyright&quot;:&quot;&quot;,&quot;focal_length&quot;:&quot;0&quot;,&quot;iso&quot;:&quot;0&quot;,&quot;shutter_speed&quot;:&quot;0&quot;,&quot;title&quot;:&quot;&quot;,&quot;orientation&quot;:&quot;0&quot;}\" data-image-title=\"210501b-02\" data-image-description=\"\" data-image-caption=\"\" data-large-file=\"https:\/\/www.comuna13online.com.ar\/wp-content\/uploads\/2021\/05\/210501b-02.jpg\" src=\"http:\/\/www.comuna13online.com.ar\/wp-content\/uploads\/2021\/05\/210501b-02.jpg\" alt=\"\" class=\"wp-image-13302\" srcset=\"https:\/\/www.comuna13online.com.ar\/wp-content\/uploads\/2021\/05\/210501b-02.jpg 1280w, https:\/\/www.comuna13online.com.ar\/wp-content\/uploads\/2021\/05\/210501b-02-768x527.jpg 768w\" sizes=\"auto, (max-width: 1280px) 100vw, 1280px\" \/><\/a><\/figure>\n\n\n\n<p><\/p>\n\n\n\n<figure class=\"wp-block-image size-large is-resized\"><img loading=\"lazy\" decoding=\"async\" data-attachment-id=\"99\" data-permalink=\"https:\/\/www.comuna13online.com.ar\/?attachment_id=99\" data-orig-file=\"https:\/\/www.comuna13online.com.ar\/wp-content\/uploads\/2017\/12\/line.jpg\" data-orig-size=\"678,1\" data-comments-opened=\"0\" data-image-meta=\"{&quot;aperture&quot;:&quot;0&quot;,&quot;credit&quot;:&quot;&quot;,&quot;camera&quot;:&quot;&quot;,&quot;caption&quot;:&quot;&quot;,&quot;created_timestamp&quot;:&quot;0&quot;,&quot;copyright&quot;:&quot;&quot;,&quot;focal_length&quot;:&quot;0&quot;,&quot;iso&quot;:&quot;0&quot;,&quot;shutter_speed&quot;:&quot;0&quot;,&quot;title&quot;:&quot;&quot;,&quot;orientation&quot;:&quot;0&quot;}\" data-image-title=\"line\" data-image-description=\"\" data-image-caption=\"\" data-large-file=\"https:\/\/www.comuna13online.com.ar\/wp-content\/uploads\/2017\/12\/line.jpg\" src=\"http:\/\/www.comuna13online.com.ar\/wp-content\/uploads\/2017\/12\/line.jpg\" alt=\"\" class=\"wp-image-99\" width=\"678\" height=\"1\" srcset=\"https:\/\/www.comuna13online.com.ar\/wp-content\/uploads\/2017\/12\/line.jpg 678w, https:\/\/www.comuna13online.com.ar\/wp-content\/uploads\/2017\/12\/line-150x1.jpg 150w, https:\/\/www.comuna13online.com.ar\/wp-content\/uploads\/2017\/12\/line-326x1.jpg 326w, https:\/\/www.comuna13online.com.ar\/wp-content\/uploads\/2017\/12\/line-80x1.jpg 80w, https:\/\/www.comuna13online.com.ar\/wp-content\/uploads\/2017\/12\/line-272x1.jpg 272w\" sizes=\"auto, (max-width: 678px) 100vw, 678px\" \/><\/figure>\n\n\n\n<figure class=\"wp-block-image size-full\"><img loading=\"lazy\" decoding=\"async\" width=\"678\" height=\"180\" data-attachment-id=\"8918\" data-permalink=\"https:\/\/www.comuna13online.com.ar\/?attachment_id=8918\" data-orig-file=\"https:\/\/www.comuna13online.com.ar\/wp-content\/uploads\/2020\/04\/corona2.jpg\" data-orig-size=\"678,180\" data-comments-opened=\"0\" data-image-meta=\"{&quot;aperture&quot;:&quot;0&quot;,&quot;credit&quot;:&quot;&quot;,&quot;camera&quot;:&quot;&quot;,&quot;caption&quot;:&quot;&quot;,&quot;created_timestamp&quot;:&quot;0&quot;,&quot;copyright&quot;:&quot;&quot;,&quot;focal_length&quot;:&quot;0&quot;,&quot;iso&quot;:&quot;0&quot;,&quot;shutter_speed&quot;:&quot;0&quot;,&quot;title&quot;:&quot;&quot;,&quot;orientation&quot;:&quot;0&quot;}\" data-image-title=\"corona2\" data-image-description=\"\" data-image-caption=\"\" data-large-file=\"https:\/\/www.comuna13online.com.ar\/wp-content\/uploads\/2020\/04\/corona2.jpg\" src=\"http:\/\/www.comuna13online.com.ar\/wp-content\/uploads\/2020\/04\/corona2.jpg\" alt=\"\" class=\"wp-image-8918\"\/><\/figure>\n\n\n\n<p><a rel=\"noreferrer noopener\" target=\"_blank\" href=\"http:\/\/www.facebook.com\/sharer.php?u=http:\/\/www.buenosaires.gob.ar\/jefaturadegabinete\/movilidad\/noticias\/caba-se-cierran-18-accesos-de-20-6-horas-y-7-estaciones-de\"><\/a><\/p>\n","protected":false},"excerpt":{"rendered":"<div class=\"mh-excerpt\">En el marco de la nueva etapa de restricci\u00f3n y para hacer m\u00e1s efectivos los controles de movilidad se restringir\u00e1 la circulaci\u00f3n de los accesos vehiculares y estaciones de subte. <a class=\"mh-excerpt-more\" href=\"https:\/\/www.comuna13online.com.ar\/?p=13300\" title=\"Se cierran 18 accesos a la Ciudad de 20 a 6 horas y 7 estaciones de subte\">[&#8230;]<\/a><\/div>\n","protected":false},"author":1,"featured_media":13303,"comment_status":"closed","ping_status":"closed","sticky":false,"template":"","format":"standard","meta":{"_uag_custom_page_level_css":"","_jetpack_memberships_contains_paid_content":false,"footnotes":"","jetpack_publicize_message":"","jetpack_publicize_feature_enabled":true,"jetpack_social_post_already_shared":true,"jetpack_social_options":{"image_generator_settings":{"template":"highway","default_image_id":0,"font":"","enabled":false},"version":2}},"categories":[53,13],"tags":[271,250,296,54,15],"class_list":{"0":"post-13300","1":"post","2":"type-post","3":"status-publish","4":"format-standard","5":"has-post-thumbnail","7":"category-transito","8":"category-transporte","9":"tag-coronavirus","10":"tag-h2","11":"tag-h3","12":"tag-transito","13":"tag-transporte"},"jetpack_publicize_connections":[],"jetpack_featured_media_url":"https:\/\/www.comuna13online.com.ar\/wp-content\/uploads\/2021\/05\/210501b-id.jpg","uagb_featured_image_src":{"full":["https:\/\/www.comuna13online.com.ar\/wp-content\/uploads\/2021\/05\/210501b-id.jpg",678,452,false],"thumbnail":["https:\/\/www.comuna13online.com.ar\/wp-content\/uploads\/2021\/05\/210501b-id.jpg",128,85,false],"medium":["https:\/\/www.comuna13online.com.ar\/wp-content\/uploads\/2021\/05\/210501b-id.jpg",678,452,false],"medium_large":["https:\/\/www.comuna13online.com.ar\/wp-content\/uploads\/2021\/05\/210501b-id.jpg",678,452,false],"large":["https:\/\/www.comuna13online.com.ar\/wp-content\/uploads\/2021\/05\/210501b-id.jpg",678,452,false],"1536x1536":["https:\/\/www.comuna13online.com.ar\/wp-content\/uploads\/2021\/05\/210501b-id.jpg",678,452,false],"2048x2048":["https:\/\/www.comuna13online.com.ar\/wp-content\/uploads\/2021\/05\/210501b-id.jpg",678,452,false],"mh-magazine-slider":["https:\/\/www.comuna13online.com.ar\/wp-content\/uploads\/2021\/05\/210501b-id-678x438.jpg",678,438,true],"mh-magazine-content":["https:\/\/www.comuna13online.com.ar\/wp-content\/uploads\/2021\/05\/210501b-id-678x381.jpg",678,381,true],"mh-magazine-large":["https:\/\/www.comuna13online.com.ar\/wp-content\/uploads\/2021\/05\/210501b-id.jpg",678,452,false],"mh-magazine-medium":["https:\/\/www.comuna13online.com.ar\/wp-content\/uploads\/2021\/05\/210501b-id-326x245.jpg",326,245,true],"mh-magazine-small":["https:\/\/www.comuna13online.com.ar\/wp-content\/uploads\/2021\/05\/210501b-id-80x60.jpg",80,60,true],"sow-carousel-default":["https:\/\/www.comuna13online.com.ar\/wp-content\/uploads\/2021\/05\/210501b-id-272x182.jpg",272,182,true]},"uagb_author_info":{"display_name":"Comuna13","author_link":"https:\/\/www.comuna13online.com.ar\/?author=1"},"uagb_comment_info":0,"uagb_excerpt":"En el marco de la nueva etapa de restricci\u00f3n y para hacer m\u00e1s efectivos los controles de movilidad se restringir\u00e1 la circulaci\u00f3n de los accesos vehiculares y estaciones de subte. [...]","jetpack_sharing_enabled":true,"_links":{"self":[{"href":"https:\/\/www.comuna13online.com.ar\/index.php?rest_route=\/wp\/v2\/posts\/13300","targetHints":{"allow":["GET"]}}],"collection":[{"href":"https:\/\/www.comuna13online.com.ar\/index.php?rest_route=\/wp\/v2\/posts"}],"about":[{"href":"https:\/\/www.comuna13online.com.ar\/index.php?rest_route=\/wp\/v2\/types\/post"}],"author":[{"embeddable":true,"href":"https:\/\/www.comuna13online.com.ar\/index.php?rest_route=\/wp\/v2\/users\/1"}],"replies":[{"embeddable":true,"href":"https:\/\/www.comuna13online.com.ar\/index.php?rest_route=%2Fwp%2Fv2%2Fcomments&post=13300"}],"version-history":[{"count":0,"href":"https:\/\/www.comuna13online.com.ar\/index.php?rest_route=\/wp\/v2\/posts\/13300\/revisions"}],"wp:featuredmedia":[{"embeddable":true,"href":"https:\/\/www.comuna13online.com.ar\/index.php?rest_route=\/wp\/v2\/media\/13303"}],"wp:attachment":[{"href":"https:\/\/www.comuna13online.com.ar\/index.php?rest_route=%2Fwp%2Fv2%2Fmedia&parent=13300"}],"wp:term":[{"taxonomy":"category","embeddable":true,"href":"https:\/\/www.comuna13online.com.ar\/index.php?rest_route=%2Fwp%2Fv2%2Fcategories&post=13300"},{"taxonomy":"post_tag","embeddable":true,"href":"https:\/\/www.comuna13online.com.ar\/index.php?rest_route=%2Fwp%2Fv2%2Ftags&post=13300"}],"curies":[{"name":"wp","href":"https:\/\/api.w.org\/{rel}","templated":true}]}}