{"id":13156,"date":"2021-04-08T13:05:02","date_gmt":"2021-04-08T16:05:02","guid":{"rendered":"http:\/\/www.comuna13online.com.ar\/?p=13156"},"modified":"2021-04-08T13:10:03","modified_gmt":"2021-04-08T16:10:03","slug":"cuales-son-las-nuevas-restricciones-para-contener-la-segunda-ola-en-la-ciudad","status":"publish","type":"post","link":"https:\/\/www.comuna13online.com.ar\/?p=13156","title":{"rendered":"Cu\u00e1les son las nuevas restricciones para contener la segunda ola en la Ciudad"},"content":{"rendered":"\n<p><strong>La\u00a0Gobierno porte\u00f1o\u00a0anunci\u00f3 las medidas que regir\u00e1n a partir de la 0 horas de este viernes buscando frenar los contagios de COVID-19 por la llegada de la segunda ola.<\/strong><\/p>\n\n\n\n<iframe loading=\"lazy\" width=\"678\" height=\"381\" src=\"https:\/\/www.youtube.com\/embed\/AiYZ_2O3TLc\" title=\"YouTube video player\" frameborder=\"0\" allow=\"accelerometer; autoplay; clipboard-write; encrypted-media; gyroscope; picture-in-picture\" allowfullscreen><\/iframe>\n<p><\/p>\n\n\n\n<p>El jefe de Gobierno porte\u00f1o, Horacio Rodr\u00edguez Larreta, brind\u00f3 esta ma\u00f1ana una conferencia de prensa para puntualizar sobre los detalles sobre las nuevas restricciones que adoptar\u00e1 la Ciudad de Buenos Aires para paliar la segunda ola de coronavirus.<\/p>\n\n\n\n<p>Acompa\u00f1ado por el vicejefe de Gobierno, Diego Santilli; el jefe de Gabinete, Felipe Miguel; la ministra de Educaci\u00f3n, Soledad Acu\u00f1a; el ministro de Salud, Fern\u00e1n Quir\u00f3s, y el secretario de Transporte y Obras P\u00fablicas, Juan Jos\u00e9 Mendez.\u00a0, el primer mandatario porte\u00f1o afirm\u00f3 <strong>\u00abEstamos transitando una segunda ola de contagios que se ve en todos los indicadores\u00bb<\/strong>.<\/p>\n\n\n\n<p><strong>\u201cExpresamos nuestro desacuerdo sobre restringir la circulaci\u00f3n al aire libre, pero la vamos a respetar porque el Gobierno Nacional apunta a evitar la aglomeraci\u00f3n de gente\u201d,\u00a0<\/strong>expres\u00f3 sentando su posici\u00f3n contraria a la del Gobierno Nacional. Al tiempo que advirti\u00f3 que<strong>\u00a0\u201cse suspenden espect\u00e1culos masivos, igual que casinos y bingos\u201d.<\/strong><\/p>\n\n\n\n<p>Le pidi\u00f3 al sector privado que acompa\u00f1en las medidas, \u201cEs fundamental\u00a0<strong>reducir la cantidad de gente que se encuentra en lugares cerrados<\/strong>. Por eso vamos a volver a promover el teletrabajo para todas las actividades que se puedan hacer desde las casas\u201d, indic\u00f3.<\/p>\n\n\n\n<p>Tambi\u00e9n hizo referencia a la <strong>responsabilidad individual<\/strong> como sociedad. <strong>\u201cTenemos que seguir usando el tapaboca, seguir manteniendo las distancias, tenemos que ventilar los ambientes cerrados y evitar los encuentros en ambientes cerrados, lavarnos las manos, cumplir estrictamente los protocolos de cada actividad\u201d<\/strong>, se\u00f1al\u00f3.<\/p>\n\n\n\n<p>En cuanto a las escuelas advirti\u00f3:\u00a0<strong>\u201cvamos a cumplir con el compromiso de mantener la presencialidad en las escuelas siempre que la situaci\u00f3n sanitaria lo permita, no podemos permitirnos otro a\u00f1o sin los chicos en las aulas\u201d.<\/strong><\/p>\n\n\n\n<p>Por \u00faltimo le hablo a los vecinos de la Ciudad,\u00a0<strong>\u201ctodo esto se sustenta en la confianza que construimos entre todos, no es el miedo, es la acci\u00f3n colectiva la que nos va a permitir mantener estas medidas\u201d. \u201cCada d\u00eda m\u00e1s que nos cuidamos es un d\u00eda mas con los chicos en las escuelas, con los comercios abiertos y con la industria funcionando\u201d<\/strong>, concluy\u00f3.<\/p>\n\n\n\n<figure class=\"wp-block-image size-large\"><img loading=\"lazy\" decoding=\"async\" width=\"678\" height=\"452\" data-attachment-id=\"13158\" data-permalink=\"https:\/\/www.comuna13online.com.ar\/?attachment_id=13158\" data-orig-file=\"https:\/\/www.comuna13online.com.ar\/wp-content\/uploads\/2021\/04\/210408a-01.jpg\" data-orig-size=\"678,452\" data-comments-opened=\"0\" data-image-meta=\"{&quot;aperture&quot;:&quot;0&quot;,&quot;credit&quot;:&quot;&quot;,&quot;camera&quot;:&quot;&quot;,&quot;caption&quot;:&quot;&quot;,&quot;created_timestamp&quot;:&quot;0&quot;,&quot;copyright&quot;:&quot;&quot;,&quot;focal_length&quot;:&quot;0&quot;,&quot;iso&quot;:&quot;0&quot;,&quot;shutter_speed&quot;:&quot;0&quot;,&quot;title&quot;:&quot;&quot;,&quot;orientation&quot;:&quot;0&quot;}\" data-image-title=\"210408a-01\" data-image-description=\"\" data-image-caption=\"\" data-large-file=\"https:\/\/www.comuna13online.com.ar\/wp-content\/uploads\/2021\/04\/210408a-01.jpg\" src=\"http:\/\/www.comuna13online.com.ar\/wp-content\/uploads\/2021\/04\/210408a-01.jpg\" alt=\"\" class=\"wp-image-13158\" srcset=\"https:\/\/www.comuna13online.com.ar\/wp-content\/uploads\/2021\/04\/210408a-01.jpg 678w, https:\/\/www.comuna13online.com.ar\/wp-content\/uploads\/2021\/04\/210408a-01-272x182.jpg 272w\" sizes=\"auto, (max-width: 678px) 100vw, 678px\" \/><\/figure>\n\n\n\n<p><strong>A partir del viernes 9 de abril a las 0 horas la Ciudad adoptar\u00e1 las siguientes medidas para seguir haci\u00e9ndole frente al coronaviorus:<\/strong><\/p>\n\n\n\n<ul class=\"wp-block-list\"><li><strong>Nocturnidad.<\/strong>\u00a0Tal como lo estableci\u00f3 el Gobierno nacional, en los bares, restaurantes, cines y teatros se van a cerrar las puertas a las 23 y no se va a poder entrar. Quienes para esa hora todav\u00eda se encuentren dentro, pueden quedarse a terminar su comida o su funci\u00f3n y retirarse antes de las 12 de la noche. Los negocios gastron\u00f3micos pueden reabrir a las 6.<\/li><\/ul>\n\n\n\n<ul class=\"wp-block-list\"><li><strong>Restricci\u00f3n a la circulaci\u00f3n.<\/strong>\u00a0Seg\u00fan manifest\u00f3 el Gobierno nacional esta medida no apunta a quien est\u00e1 volviendo a su casa o cumpliendo una funci\u00f3n esencial, sino a evitar las concentraciones de gente.<\/li><\/ul>\n\n\n\n<ul class=\"wp-block-list\"><li><strong>Movilidad.<\/strong>\u00a0Los comercios no esenciales abrir\u00e1n a partir de las 10 de la ma\u00f1ana con el fin de escalonar la movilidad de la ma\u00f1ana y evitar que se generen aglomeraciones de trabajadores, estudiantes y docentes.<\/li><\/ul>\n\n\n\n<ul class=\"wp-block-list\"><li><strong>Espect\u00e1culos masivos.<\/strong>\u00a0Se van a reprogramar y van a cerrar los casinos y los bingos, seg\u00fan manifest\u00f3 el Gobierno nacional.<\/li><\/ul>\n\n\n\n<ul class=\"wp-block-list\"><li><strong>Teletrabajo.<\/strong>\u00a0Se recomienda reducir al m\u00e1ximo posible la cantidad de personas en los lugares cerrados. Gran parte del equipo de Gobierno se encuentra abocado a tareas vinculadas al COVID-19 y en atenci\u00f3n al p\u00fablico: en centros de testeos, vacunatorios, hoteles, aeropuertos y call center. Todo el resto va a trabajar de forma remota y la Ciudad le pide al sector privado que acompa\u00f1e la medida.<\/li><\/ul>\n\n\n\n<ul class=\"wp-block-list\"><li><strong>Libre estacionamiento.<\/strong>\u00a0Se va a liberar el estacionamiento en la Ciudad para que todos aquellos que deban movilizarse puedan usar el auto y eviten el uso del transporte p\u00fablico, que se encuentra especialmente destinado para trabajadores esenciales, como tambi\u00e9n dispuso el Gobierno nacional.<\/li><\/ul>\n\n\n\n<ul class=\"wp-block-list\"><li><strong>Fiscalizaci\u00f3n y controles.<\/strong>\u00a0Se van a reforzar los controles en el espacio p\u00fablico, en las zonas comerciales y gastron\u00f3micas, en el transporte p\u00fablico y en los centros de trasbordo, para garantizar el cumplimiento de los protocolos y que las distintas actividades puedan seguir funcionando de manera segura.<\/li><\/ul>\n\n\n\n<figure class=\"wp-block-image size-large is-resized\"><img loading=\"lazy\" decoding=\"async\" data-attachment-id=\"99\" data-permalink=\"https:\/\/www.comuna13online.com.ar\/?attachment_id=99\" data-orig-file=\"https:\/\/www.comuna13online.com.ar\/wp-content\/uploads\/2017\/12\/line.jpg\" data-orig-size=\"678,1\" data-comments-opened=\"0\" data-image-meta=\"{&quot;aperture&quot;:&quot;0&quot;,&quot;credit&quot;:&quot;&quot;,&quot;camera&quot;:&quot;&quot;,&quot;caption&quot;:&quot;&quot;,&quot;created_timestamp&quot;:&quot;0&quot;,&quot;copyright&quot;:&quot;&quot;,&quot;focal_length&quot;:&quot;0&quot;,&quot;iso&quot;:&quot;0&quot;,&quot;shutter_speed&quot;:&quot;0&quot;,&quot;title&quot;:&quot;&quot;,&quot;orientation&quot;:&quot;0&quot;}\" data-image-title=\"line\" data-image-description=\"\" data-image-caption=\"\" data-large-file=\"https:\/\/www.comuna13online.com.ar\/wp-content\/uploads\/2017\/12\/line.jpg\" src=\"http:\/\/www.comuna13online.com.ar\/wp-content\/uploads\/2017\/12\/line.jpg\" alt=\"\" class=\"wp-image-99\" width=\"678\" height=\"1\" srcset=\"https:\/\/www.comuna13online.com.ar\/wp-content\/uploads\/2017\/12\/line.jpg 678w, https:\/\/www.comuna13online.com.ar\/wp-content\/uploads\/2017\/12\/line-150x1.jpg 150w, https:\/\/www.comuna13online.com.ar\/wp-content\/uploads\/2017\/12\/line-326x1.jpg 326w, https:\/\/www.comuna13online.com.ar\/wp-content\/uploads\/2017\/12\/line-80x1.jpg 80w, https:\/\/www.comuna13online.com.ar\/wp-content\/uploads\/2017\/12\/line-272x1.jpg 272w\" sizes=\"auto, (max-width: 678px) 100vw, 678px\" \/><\/figure>\n\n\n\n<figure class=\"wp-block-image size-full\"><img loading=\"lazy\" decoding=\"async\" width=\"678\" height=\"180\" data-attachment-id=\"8918\" data-permalink=\"https:\/\/www.comuna13online.com.ar\/?attachment_id=8918\" data-orig-file=\"https:\/\/www.comuna13online.com.ar\/wp-content\/uploads\/2020\/04\/corona2.jpg\" data-orig-size=\"678,180\" data-comments-opened=\"0\" data-image-meta=\"{&quot;aperture&quot;:&quot;0&quot;,&quot;credit&quot;:&quot;&quot;,&quot;camera&quot;:&quot;&quot;,&quot;caption&quot;:&quot;&quot;,&quot;created_timestamp&quot;:&quot;0&quot;,&quot;copyright&quot;:&quot;&quot;,&quot;focal_length&quot;:&quot;0&quot;,&quot;iso&quot;:&quot;0&quot;,&quot;shutter_speed&quot;:&quot;0&quot;,&quot;title&quot;:&quot;&quot;,&quot;orientation&quot;:&quot;0&quot;}\" data-image-title=\"corona2\" data-image-description=\"\" data-image-caption=\"\" data-large-file=\"https:\/\/www.comuna13online.com.ar\/wp-content\/uploads\/2020\/04\/corona2.jpg\" src=\"http:\/\/www.comuna13online.com.ar\/wp-content\/uploads\/2020\/04\/corona2.jpg\" alt=\"\" class=\"wp-image-8918\"\/><\/figure>\n","protected":false},"excerpt":{"rendered":"<div class=\"mh-excerpt\">La\u00a0Gobierno porte\u00f1o\u00a0anunci\u00f3 las medidas que regir\u00e1n a partir de la 0 horas de este viernes buscando frenar los contagios de COVID-19 por la llegada de la segunda ola. El jefe <a class=\"mh-excerpt-more\" href=\"https:\/\/www.comuna13online.com.ar\/?p=13156\" title=\"Cu\u00e1les son las nuevas restricciones para contener la segunda ola en la Ciudad\">[&#8230;]<\/a><\/div>\n","protected":false},"author":1,"featured_media":13157,"comment_status":"closed","ping_status":"closed","sticky":false,"template":"","format":"standard","meta":{"_uag_custom_page_level_css":"","_jetpack_memberships_contains_paid_content":false,"footnotes":"","jetpack_publicize_message":"","jetpack_publicize_feature_enabled":true,"jetpack_social_post_already_shared":true,"jetpack_social_options":{"image_generator_settings":{"template":"highway","default_image_id":0,"font":"","enabled":false},"version":2}},"categories":[279],"tags":[271,82,246,250,296,45,15],"class_list":{"0":"post-13156","1":"post","2":"type-post","3":"status-publish","4":"format-standard","5":"has-post-thumbnail","7":"category-cuarentena","8":"tag-coronavirus","9":"tag-gastronomia","10":"tag-h1","11":"tag-h2","12":"tag-h3","13":"tag-salud","14":"tag-transporte"},"jetpack_publicize_connections":[],"jetpack_featured_media_url":"https:\/\/www.comuna13online.com.ar\/wp-content\/uploads\/2021\/04\/210408a-id.jpg","uagb_featured_image_src":{"full":["https:\/\/www.comuna13online.com.ar\/wp-content\/uploads\/2021\/04\/210408a-id.jpg",1030,438,false],"thumbnail":["https:\/\/www.comuna13online.com.ar\/wp-content\/uploads\/2021\/04\/210408a-id.jpg",128,54,false],"medium":["https:\/\/www.comuna13online.com.ar\/wp-content\/uploads\/2021\/04\/210408a-id.jpg",1030,438,false],"medium_large":["https:\/\/www.comuna13online.com.ar\/wp-content\/uploads\/2021\/04\/210408a-id-768x327.jpg",768,327,true],"large":["https:\/\/www.comuna13online.com.ar\/wp-content\/uploads\/2021\/04\/210408a-id.jpg",1030,438,false],"1536x1536":["https:\/\/www.comuna13online.com.ar\/wp-content\/uploads\/2021\/04\/210408a-id.jpg",1030,438,false],"2048x2048":["https:\/\/www.comuna13online.com.ar\/wp-content\/uploads\/2021\/04\/210408a-id.jpg",1030,438,false],"mh-magazine-slider":["https:\/\/www.comuna13online.com.ar\/wp-content\/uploads\/2021\/04\/210408a-id-1030x438.jpg",1030,438,true],"mh-magazine-content":["https:\/\/www.comuna13online.com.ar\/wp-content\/uploads\/2021\/04\/210408a-id-678x381.jpg",678,381,true],"mh-magazine-large":["https:\/\/www.comuna13online.com.ar\/wp-content\/uploads\/2021\/04\/210408a-id-678x438.jpg",678,438,true],"mh-magazine-medium":["https:\/\/www.comuna13online.com.ar\/wp-content\/uploads\/2021\/04\/210408a-id-326x245.jpg",326,245,true],"mh-magazine-small":["https:\/\/www.comuna13online.com.ar\/wp-content\/uploads\/2021\/04\/210408a-id-80x60.jpg",80,60,true],"sow-carousel-default":["https:\/\/www.comuna13online.com.ar\/wp-content\/uploads\/2021\/04\/210408a-id-272x182.jpg",272,182,true]},"uagb_author_info":{"display_name":"Comuna13","author_link":"https:\/\/www.comuna13online.com.ar\/?author=1"},"uagb_comment_info":0,"uagb_excerpt":"La\u00a0Gobierno porte\u00f1o\u00a0anunci\u00f3 las medidas que regir\u00e1n a partir de la 0 horas de este viernes buscando frenar los contagios de COVID-19 por la llegada de la segunda ola. El jefe [...]","jetpack_sharing_enabled":true,"_links":{"self":[{"href":"https:\/\/www.comuna13online.com.ar\/index.php?rest_route=\/wp\/v2\/posts\/13156","targetHints":{"allow":["GET"]}}],"collection":[{"href":"https:\/\/www.comuna13online.com.ar\/index.php?rest_route=\/wp\/v2\/posts"}],"about":[{"href":"https:\/\/www.comuna13online.com.ar\/index.php?rest_route=\/wp\/v2\/types\/post"}],"author":[{"embeddable":true,"href":"https:\/\/www.comuna13online.com.ar\/index.php?rest_route=\/wp\/v2\/users\/1"}],"replies":[{"embeddable":true,"href":"https:\/\/www.comuna13online.com.ar\/index.php?rest_route=%2Fwp%2Fv2%2Fcomments&post=13156"}],"version-history":[{"count":0,"href":"https:\/\/www.comuna13online.com.ar\/index.php?rest_route=\/wp\/v2\/posts\/13156\/revisions"}],"wp:featuredmedia":[{"embeddable":true,"href":"https:\/\/www.comuna13online.com.ar\/index.php?rest_route=\/wp\/v2\/media\/13157"}],"wp:attachment":[{"href":"https:\/\/www.comuna13online.com.ar\/index.php?rest_route=%2Fwp%2Fv2%2Fmedia&parent=13156"}],"wp:term":[{"taxonomy":"category","embeddable":true,"href":"https:\/\/www.comuna13online.com.ar\/index.php?rest_route=%2Fwp%2Fv2%2Fcategories&post=13156"},{"taxonomy":"post_tag","embeddable":true,"href":"https:\/\/www.comuna13online.com.ar\/index.php?rest_route=%2Fwp%2Fv2%2Ftags&post=13156"}],"curies":[{"name":"wp","href":"https:\/\/api.w.org\/{rel}","templated":true}]}}