{"id":13011,"date":"2021-03-24T08:00:00","date_gmt":"2021-03-24T11:00:00","guid":{"rendered":"http:\/\/www.comuna13online.com.ar\/?p=13011"},"modified":"2021-03-24T11:42:56","modified_gmt":"2021-03-24T14:42:56","slug":"a-45-anos-del-golpe-genocida-plantamos-memoria","status":"publish","type":"post","link":"https:\/\/www.comuna13online.com.ar\/?p=13011","title":{"rendered":"A 45 a\u00f1os del golpe genocida, plantamos memoria"},"content":{"rendered":"\n<p><strong>En el marco del 45\u00ba aniversario del Golpe C\u00edvico Militar, los organismos de derechos humanos lanzaron una campa\u00f1a para plantar 30 mil \u00e1rboles por los 30 mil compa\u00f1eros detenidos desaparecidos y por el futuro.<\/strong><\/p>\n\n\n\n<figure class=\"wp-block-image size-large\"><img loading=\"lazy\" decoding=\"async\" width=\"678\" height=\"452\" data-attachment-id=\"13012\" data-permalink=\"https:\/\/www.comuna13online.com.ar\/?attachment_id=13012\" data-orig-file=\"https:\/\/www.comuna13online.com.ar\/wp-content\/uploads\/2021\/03\/210324b-01.jpg\" data-orig-size=\"678,452\" data-comments-opened=\"0\" data-image-meta=\"{&quot;aperture&quot;:&quot;0&quot;,&quot;credit&quot;:&quot;&quot;,&quot;camera&quot;:&quot;&quot;,&quot;caption&quot;:&quot;&quot;,&quot;created_timestamp&quot;:&quot;0&quot;,&quot;copyright&quot;:&quot;&quot;,&quot;focal_length&quot;:&quot;0&quot;,&quot;iso&quot;:&quot;0&quot;,&quot;shutter_speed&quot;:&quot;0&quot;,&quot;title&quot;:&quot;&quot;,&quot;orientation&quot;:&quot;0&quot;}\" data-image-title=\"210324b-01\" data-image-description=\"\" data-image-caption=\"\" data-large-file=\"https:\/\/www.comuna13online.com.ar\/wp-content\/uploads\/2021\/03\/210324b-01.jpg\" src=\"http:\/\/www.comuna13online.com.ar\/wp-content\/uploads\/2021\/03\/210324b-01.jpg\" alt=\"\" class=\"wp-image-13012\" srcset=\"https:\/\/www.comuna13online.com.ar\/wp-content\/uploads\/2021\/03\/210324b-01.jpg 678w, https:\/\/www.comuna13online.com.ar\/wp-content\/uploads\/2021\/03\/210324b-01-272x182.jpg 272w\" sizes=\"auto, (max-width: 678px) 100vw, 678px\" \/><figcaption><span style=\"color:#666666\" class=\"has-inline-color\"><sup>En v\u00edsperas del 45\u00b0 aniversario del golpe de Estado de 1976, la Facultad de Humanidades y Ciencias de la Educaci\u00f3n se sum\u00f3 a la campa\u00f1a #PlantamosMemoria que impulsan los organismos de DDHH para homenajear a las v\u00edctimas del terrorismo de Estado.<\/sup><\/span><\/figcaption><\/figure>\n\n\n\n<p><strong>A 45 a\u00f1os del golpe genocida, los organismos de Derechos Humanos abajo firmantes convocamos a la sociedad, instituciones y organizaciones de la sociedad civil, a sumarse a la campa\u00f1a&nbsp;<a href=\"https:\/\/www.abuelas.org.ar\/archivos\/descarga\/PlantamosMemoria.rar\"><em>Plantamos Memoria<\/em><\/a>. Este 24 de marzo, sembremos 30 mil \u00e1rboles por nuestrxs 30 mil compa\u00f1erxs detenidxs desaparecidoxs y por el futuro.<\/strong><\/p>\n\n\n\n<p>En el marco de una Pandemia que nos impide realizar concentraciones de gente, queremos que el recuerdo de nuestrxs desaparecidxs trascienda las redes sociales. En este sentido, pensamos en peque\u00f1as acciones cuidadas, para poner la memoria en acci\u00f3n. Pueden ser actividades p\u00fablicas organizadas entre vecinxs, integrantes de un club, escuela, sindicato, organizaciones de la sociedad civil e instituciones, siempre cumpliendo con los protocolos que el D.I.S.P.O impone. Pero tambi\u00e9n lxs invitamxs a plantar memoria en el \u00e1mbito privado, en la maceta de un balc\u00f3n, ventana, en el jard\u00edn, en la vereda de sus casas.<\/p>\n\n\n\n<p>La Memoria, al igual que la semilla, viene cargada de futuro. Contiene toda la informaci\u00f3n gen\u00e9tica para poder llegar a ser el \u00e1rbol que late en su destino. En tiempos de incendios, deforestaci\u00f3n y cambio clim\u00e1tico, invitamos a plantar vida como un acto de memoria y futuro. Porque el recuerdo de cada compa\u00f1erx detenidx desaparecidx trae consigo el legado de lucha por un pa\u00eds m\u00e1s justo y solidario.<\/p>\n\n\n\n<p>En el mes de la memoria, sumate a esta iniciativa:&nbsp;<a href=\"https:\/\/abuelas.org.ar\/archivos\/archivoGaleria\/cartel%20A4.pdf\" target=\"_blank\" rel=\"noreferrer noopener\">descargar&nbsp;<\/a>el cartel para se\u00f1alizar la acci\u00f3n, registrala con fotos y\/o videos, y el mi\u00e9rcoles 24 de marzo, en el D\u00eda Nacional de la Memoria, por la Verdad y la Justicia, difundila por redes sociales. No olvides poner las etiquetas de la campa\u00f1a #PlantamosMemoria #45A\u00f1osDelGolpeGenocida #Son30Mil y etiquetar a los organismos de derechos humanos.<\/p>\n\n\n\n<p>Este 24 de marzo, plantamos memoria.<\/p>\n\n\n\n<p>Abuelas de Plaza de Mayo \u2013 Madres de Plaza de Mayo L\u00ednea Fundadora \u2013 Familiares de Desaparecidos y Detenidos por Razones Pol\u00edticas \u2013 H.I.J.O.S. Capital \u2013 Asamblea Permanente por los Derechos Humanos \u2013 Asamblea Permanente por los Derechos Humanos La Matanza \u2013Asociaci\u00f3n Buena Memoria \u2013 Centro de Estudios Legales y Sociales \u2013 Comisi\u00f3n Memoria, Verdad y Justicia Zona Norte \u2013 Familiares y Compa\u00f1eros de los 12 de la Santa Cruz \u2013 Fundaci\u00f3n Memoria Hist\u00f3rica y Social Argentina \u2013 Liga Argentina por los Derechos Humanos \u2013 Movimiento Ecum\u00e9nico por los Derechos Humanos.<\/p>\n\n\n\n<p><\/p>\n<div align=\"center\">\n<blockquote class=\"twitter-tweet\"><p lang=\"es\" dir=\"ltr\">?? Este 24\/3 nos encontramos en <a href=\"https:\/\/t.co\/0h3qEzvove\">https:\/\/t.co\/0h3qEzvove<\/a> Con s\u00f3lo utilizar <a href=\"https:\/\/twitter.com\/hashtag\/plantamosmemoria?src=hash&amp;ref_src=twsrc%5Etfw\">#plantamosmemoria<\/a> <a href=\"https:\/\/twitter.com\/hashtag\/45AnosDelGolpeGenocida?src=hash&amp;ref_src=twsrc%5Etfw\">#45AnosDelGolpeGenocida<\/a> o <a href=\"https:\/\/twitter.com\/hashtag\/Son30Mil?src=hash&amp;ref_src=twsrc%5Etfw\">#Son30Mil<\/a> en Twitter e Instagram, las publicaciones se subir\u00e1n autom\u00e1ticamente a la web y podremos ver cu\u00e1ntos sembrando el pa\u00eds con memoria y futuro <a href=\"https:\/\/t.co\/mCmFcHEDQs\">pic.twitter.com\/mCmFcHEDQs<\/a><\/p>\u2014 Abuelas Plaza Mayo (@abuelasdifusion) <a href=\"https:\/\/twitter.com\/abuelasdifusion\/status\/1374337262037692416?ref_src=twsrc%5Etfw\">March 23, 2021<\/a><\/blockquote> <script async=\"\" src=\"https:\/\/platform.twitter.com\/widgets.js\" charset=\"utf-8\"><\/script>\n\n<p><\/p><\/div>\n\n\n\n<figure class=\"wp-block-image size-large is-resized\"><img loading=\"lazy\" decoding=\"async\" data-attachment-id=\"99\" data-permalink=\"https:\/\/www.comuna13online.com.ar\/?attachment_id=99\" data-orig-file=\"https:\/\/www.comuna13online.com.ar\/wp-content\/uploads\/2017\/12\/line.jpg\" data-orig-size=\"678,1\" data-comments-opened=\"0\" data-image-meta=\"{&quot;aperture&quot;:&quot;0&quot;,&quot;credit&quot;:&quot;&quot;,&quot;camera&quot;:&quot;&quot;,&quot;caption&quot;:&quot;&quot;,&quot;created_timestamp&quot;:&quot;0&quot;,&quot;copyright&quot;:&quot;&quot;,&quot;focal_length&quot;:&quot;0&quot;,&quot;iso&quot;:&quot;0&quot;,&quot;shutter_speed&quot;:&quot;0&quot;,&quot;title&quot;:&quot;&quot;,&quot;orientation&quot;:&quot;0&quot;}\" data-image-title=\"line\" data-image-description=\"\" data-image-caption=\"\" data-large-file=\"https:\/\/www.comuna13online.com.ar\/wp-content\/uploads\/2017\/12\/line.jpg\" src=\"http:\/\/www.comuna13online.com.ar\/wp-content\/uploads\/2017\/12\/line.jpg\" alt=\"\" class=\"wp-image-99\" width=\"678\" height=\"1\" srcset=\"https:\/\/www.comuna13online.com.ar\/wp-content\/uploads\/2017\/12\/line.jpg 678w, https:\/\/www.comuna13online.com.ar\/wp-content\/uploads\/2017\/12\/line-150x1.jpg 150w, https:\/\/www.comuna13online.com.ar\/wp-content\/uploads\/2017\/12\/line-326x1.jpg 326w, https:\/\/www.comuna13online.com.ar\/wp-content\/uploads\/2017\/12\/line-80x1.jpg 80w, https:\/\/www.comuna13online.com.ar\/wp-content\/uploads\/2017\/12\/line-272x1.jpg 272w\" sizes=\"auto, (max-width: 678px) 100vw, 678px\" \/><\/figure>\n\n\n\n<figure class=\"wp-block-image size-full\"><img loading=\"lazy\" decoding=\"async\" width=\"678\" height=\"180\" data-attachment-id=\"8918\" data-permalink=\"https:\/\/www.comuna13online.com.ar\/?attachment_id=8918\" data-orig-file=\"https:\/\/www.comuna13online.com.ar\/wp-content\/uploads\/2020\/04\/corona2.jpg\" data-orig-size=\"678,180\" data-comments-opened=\"0\" data-image-meta=\"{&quot;aperture&quot;:&quot;0&quot;,&quot;credit&quot;:&quot;&quot;,&quot;camera&quot;:&quot;&quot;,&quot;caption&quot;:&quot;&quot;,&quot;created_timestamp&quot;:&quot;0&quot;,&quot;copyright&quot;:&quot;&quot;,&quot;focal_length&quot;:&quot;0&quot;,&quot;iso&quot;:&quot;0&quot;,&quot;shutter_speed&quot;:&quot;0&quot;,&quot;title&quot;:&quot;&quot;,&quot;orientation&quot;:&quot;0&quot;}\" data-image-title=\"corona2\" data-image-description=\"\" data-image-caption=\"\" data-large-file=\"https:\/\/www.comuna13online.com.ar\/wp-content\/uploads\/2020\/04\/corona2.jpg\" src=\"http:\/\/www.comuna13online.com.ar\/wp-content\/uploads\/2020\/04\/corona2.jpg\" alt=\"\" class=\"wp-image-8918\"\/><\/figure>\n","protected":false},"excerpt":{"rendered":"<div class=\"mh-excerpt\">En el marco del 45\u00ba aniversario del Golpe C\u00edvico Militar, los organismos de derechos humanos lanzaron una campa\u00f1a para plantar 30 mil \u00e1rboles por los 30 mil compa\u00f1eros detenidos desaparecidos <a class=\"mh-excerpt-more\" href=\"https:\/\/www.comuna13online.com.ar\/?p=13011\" title=\"A 45 a\u00f1os del golpe genocida, plantamos memoria\">[&#8230;]<\/a><\/div>\n","protected":false},"author":1,"featured_media":13013,"comment_status":"closed","ping_status":"closed","sticky":false,"template":"","format":"standard","meta":{"_uag_custom_page_level_css":"","_jetpack_memberships_contains_paid_content":false,"footnotes":"","jetpack_publicize_message":"","jetpack_publicize_feature_enabled":true,"jetpack_social_post_already_shared":true,"jetpack_social_options":{"image_generator_settings":{"template":"highway","default_image_id":0,"font":"","enabled":false},"version":2}},"categories":[207],"tags":[131,250,296,108],"class_list":{"0":"post-13011","1":"post","2":"type-post","3":"status-publish","4":"format-standard","5":"has-post-thumbnail","7":"category-derechos-humanos","8":"tag-derechos","9":"tag-h2","10":"tag-h3","11":"tag-justicia"},"jetpack_publicize_connections":[],"jetpack_featured_media_url":"https:\/\/www.comuna13online.com.ar\/wp-content\/uploads\/2021\/03\/210324b-id.jpg","uagb_featured_image_src":{"full":["https:\/\/www.comuna13online.com.ar\/wp-content\/uploads\/2021\/03\/210324b-id.jpg",678,452,false],"thumbnail":["https:\/\/www.comuna13online.com.ar\/wp-content\/uploads\/2021\/03\/210324b-id.jpg",128,85,false],"medium":["https:\/\/www.comuna13online.com.ar\/wp-content\/uploads\/2021\/03\/210324b-id.jpg",678,452,false],"medium_large":["https:\/\/www.comuna13online.com.ar\/wp-content\/uploads\/2021\/03\/210324b-id.jpg",678,452,false],"large":["https:\/\/www.comuna13online.com.ar\/wp-content\/uploads\/2021\/03\/210324b-id.jpg",678,452,false],"1536x1536":["https:\/\/www.comuna13online.com.ar\/wp-content\/uploads\/2021\/03\/210324b-id.jpg",678,452,false],"2048x2048":["https:\/\/www.comuna13online.com.ar\/wp-content\/uploads\/2021\/03\/210324b-id.jpg",678,452,false],"mh-magazine-slider":["https:\/\/www.comuna13online.com.ar\/wp-content\/uploads\/2021\/03\/210324b-id-678x438.jpg",678,438,true],"mh-magazine-content":["https:\/\/www.comuna13online.com.ar\/wp-content\/uploads\/2021\/03\/210324b-id-678x381.jpg",678,381,true],"mh-magazine-large":["https:\/\/www.comuna13online.com.ar\/wp-content\/uploads\/2021\/03\/210324b-id.jpg",678,452,false],"mh-magazine-medium":["https:\/\/www.comuna13online.com.ar\/wp-content\/uploads\/2021\/03\/210324b-id-326x245.jpg",326,245,true],"mh-magazine-small":["https:\/\/www.comuna13online.com.ar\/wp-content\/uploads\/2021\/03\/210324b-id-80x60.jpg",80,60,true],"sow-carousel-default":["https:\/\/www.comuna13online.com.ar\/wp-content\/uploads\/2021\/03\/210324b-id-272x182.jpg",272,182,true]},"uagb_author_info":{"display_name":"Comuna13","author_link":"https:\/\/www.comuna13online.com.ar\/?author=1"},"uagb_comment_info":0,"uagb_excerpt":"En el marco del 45\u00ba aniversario del Golpe C\u00edvico Militar, los organismos de derechos humanos lanzaron una campa\u00f1a para plantar 30 mil \u00e1rboles por los 30 mil compa\u00f1eros detenidos desaparecidos [...]","jetpack_sharing_enabled":true,"_links":{"self":[{"href":"https:\/\/www.comuna13online.com.ar\/index.php?rest_route=\/wp\/v2\/posts\/13011","targetHints":{"allow":["GET"]}}],"collection":[{"href":"https:\/\/www.comuna13online.com.ar\/index.php?rest_route=\/wp\/v2\/posts"}],"about":[{"href":"https:\/\/www.comuna13online.com.ar\/index.php?rest_route=\/wp\/v2\/types\/post"}],"author":[{"embeddable":true,"href":"https:\/\/www.comuna13online.com.ar\/index.php?rest_route=\/wp\/v2\/users\/1"}],"replies":[{"embeddable":true,"href":"https:\/\/www.comuna13online.com.ar\/index.php?rest_route=%2Fwp%2Fv2%2Fcomments&post=13011"}],"version-history":[{"count":0,"href":"https:\/\/www.comuna13online.com.ar\/index.php?rest_route=\/wp\/v2\/posts\/13011\/revisions"}],"wp:featuredmedia":[{"embeddable":true,"href":"https:\/\/www.comuna13online.com.ar\/index.php?rest_route=\/wp\/v2\/media\/13013"}],"wp:attachment":[{"href":"https:\/\/www.comuna13online.com.ar\/index.php?rest_route=%2Fwp%2Fv2%2Fmedia&parent=13011"}],"wp:term":[{"taxonomy":"category","embeddable":true,"href":"https:\/\/www.comuna13online.com.ar\/index.php?rest_route=%2Fwp%2Fv2%2Fcategories&post=13011"},{"taxonomy":"post_tag","embeddable":true,"href":"https:\/\/www.comuna13online.com.ar\/index.php?rest_route=%2Fwp%2Fv2%2Ftags&post=13011"}],"curies":[{"name":"wp","href":"https:\/\/api.w.org\/{rel}","templated":true}]}}