{"id":13008,"date":"2021-03-24T07:57:00","date_gmt":"2021-03-24T10:57:00","guid":{"rendered":"http:\/\/www.comuna13online.com.ar\/?p=13008"},"modified":"2021-03-23T19:08:49","modified_gmt":"2021-03-23T22:08:49","slug":"actividades-por-el-dia-nacional-de-la-memoria-por-la-verdad-y-la-justicia","status":"publish","type":"post","link":"https:\/\/www.comuna13online.com.ar\/?p=13008","title":{"rendered":"Actividades por el D\u00eda Nacional de la Memoria por la Verdad y la Justicia"},"content":{"rendered":"\n<p><strong>Se desarrollaran distintas iniciativas y muestras en el Parque de la Memoria y en el Centro Cultural 25 de Mayo. Entre ellas, \u201cUn oscuro d\u00eda de injusticia\u201d, un corto que ser\u00e1 proyectado por primera vez.<\/strong><\/p>\n\n\n\n<figure class=\"wp-block-image size-large\"><img loading=\"lazy\" decoding=\"async\" width=\"678\" height=\"452\" data-attachment-id=\"13009\" data-permalink=\"https:\/\/www.comuna13online.com.ar\/?attachment_id=13009\" data-orig-file=\"https:\/\/www.comuna13online.com.ar\/wp-content\/uploads\/2021\/03\/210324a-id.jpg\" data-orig-size=\"678,452\" data-comments-opened=\"0\" data-image-meta=\"{&quot;aperture&quot;:&quot;0&quot;,&quot;credit&quot;:&quot;&quot;,&quot;camera&quot;:&quot;&quot;,&quot;caption&quot;:&quot;&quot;,&quot;created_timestamp&quot;:&quot;0&quot;,&quot;copyright&quot;:&quot;&quot;,&quot;focal_length&quot;:&quot;0&quot;,&quot;iso&quot;:&quot;0&quot;,&quot;shutter_speed&quot;:&quot;0&quot;,&quot;title&quot;:&quot;&quot;,&quot;orientation&quot;:&quot;0&quot;}\" data-image-title=\"210324a-id\" data-image-description=\"\" data-image-caption=\"\" data-large-file=\"https:\/\/www.comuna13online.com.ar\/wp-content\/uploads\/2021\/03\/210324a-id.jpg\" src=\"http:\/\/www.comuna13online.com.ar\/wp-content\/uploads\/2021\/03\/210324a-id.jpg\" alt=\"\" class=\"wp-image-13009\" srcset=\"https:\/\/www.comuna13online.com.ar\/wp-content\/uploads\/2021\/03\/210324a-id.jpg 678w, https:\/\/www.comuna13online.com.ar\/wp-content\/uploads\/2021\/03\/210324a-id-272x182.jpg 272w\" sizes=\"auto, (max-width: 678px) 100vw, 678px\" \/><\/figure>\n\n\n\n<p>n vistas del D\u00eda Nacional de la Memoria por la Verdad y la Justicia del pr\u00f3ximo 24 de marzo, desde la&nbsp;<strong>Subsecretar\u00eda de Derechos Humanos y Pluralismo Cultural<\/strong>, los invitamos a compartir diversas actividades que se llevar\u00e1n a cabo en la Ciudad para la construcci\u00f3n y el ejercicio de la Memoria.<\/p>\n\n\n\n<p>\u201cA 45 a\u00f1os del golpe, decimos Nunca M\u00e1s al terrorismo de Estado y los cr\u00edmenes de lesa humanidad. Este d\u00eda es una gran oportunidad para reflexionar a fin de mantener viva la memoria y buscar la verdad para alcanzar la justicia. Las actividades en torno a esta fecha nos convocan a seguir valorando colectivamente los derechos que hemos recuperado. Nuestra democracia as\u00ed como la promoci\u00f3n y el respeto por los derechos humanos es un logro colectivo que debemos proteger desde el Estado y la sociedad en su conjunto\u201d, destac\u00f3 Pamela Malewicz, Subsecretaria de Derechos Humanos y Pluralismo Cultural.<\/p>\n\n\n\n<h3 class=\"wp-block-heading\">Actividades<\/h3>\n\n\n\n<p><strong>Exposici\u00f3n de la colecci\u00f3n de libros itinerante\u00a0\u201cMujeres, escritura y memoria\u201d<\/strong>, 9 t\u00edtulos de autoras que fueron censuradas durante la dictadura c\u00edvico militar argentina &#8211; a partir del 17\/3, sala PAyS,\u00a0Parque de la Memoria. Entrada libre y gratuita.<\/p>\n\n\n\n<p><strong>Proyecci\u00f3n del corto de animaci\u00f3n \u201cUn oscuro d\u00eda de injusticia\u201d<\/strong>&nbsp;de Daniela Fiore y Julio Azamor quienes responder\u00e1n preguntas y del largo&nbsp;<strong>\u201cLa Historia Oficial\u201d<\/strong>&nbsp;de Luis Puenzo que cumple 35 a\u00f1os desde que se le otorg\u00f3 el Oscar a mejor pel\u00edcula extranjera &#8211; 24\/3, 16:00 hs, [CC 25 de mayo)](https:\/\/cc25.org\/. Para conseguir tus entradas ingres\u00e1&nbsp;<a href=\"https:\/\/publico.alternativateatral.com\/entradas74279-un-oscuro-dia-de-injusticia-la-historia-oficial?o=14\">ac\u00e1<\/a>. Entrada gratuita.<\/p>\n\n\n\n<p><strong>Teatro por la identidad &#8211; \u201cSemejantes\u201d<\/strong>, seis mon\u00f3logos cortos en los que se toca la tem\u00e1tica de la identidad, algunos desde el humor y otros aludiendo directamente a la apropiaci\u00f3n de ni\u00f1os y ni en la \u00faltima dictadura c\u00edvico-militar. &#8211; 20 y 21 de marzo, 19 hs,\u00a0Parque de la Memoria. Entrada libre y gratuita.<\/p>\n\n\n\n<p><strong>Muestra Identidad:<\/strong>\u00a0creada con el objetivo de otorgar visibilidad p\u00fablica a la problem\u00e1tica de la apropiaci\u00f3n ilegal de ni\u00f1os durante la dictadura y exhibida por primera vez en las salas principales del Centro Cultural Recoleta entre noviembre 1998 y enero de 1999 con la colaboraci\u00f3n de Abuelas de Plaza de Mayo. &#8211; Hasta mediados de mayo de mi\u00e9rcoles a domingo en la sala PAyS del Parque de la Memoria. Entrada libre y gratuita.<\/p>\n\n\n\n<p>Lamentablemente, este a\u00f1o, debido a las medidas preventivas para evitar la propagaci\u00f3n del COVID19,&nbsp;<strong>la Carrera de Miguel<\/strong>, iniciativa que se propone recordar y homenajear al atleta y poeta Miguel S\u00e1nchez desaparecido en la \u00faltima dictadura militar, no podr\u00e1 llevarse adelante. Estando de acuerdo con los familiares, consideramos prudente suspender la actividad que estaba planeada para el domingo 21 de marzo y en relaci\u00f3n a la cual ya se hab\u00eda elaborado el protocolo y licitaci\u00f3n correspondientes.<\/p>\n\n\n\n<p><strong>Desde la Subsecretar\u00eda de Derechos Humanos y Pluralismo Cultural, reafirmamos nuestro compromiso con la construcci\u00f3n, el ejercicio y el rescate permanente de la memoria.<\/strong><\/p>\n\n\n\n<figure class=\"wp-block-image size-large is-resized\"><img loading=\"lazy\" decoding=\"async\" data-attachment-id=\"99\" data-permalink=\"https:\/\/www.comuna13online.com.ar\/?attachment_id=99\" data-orig-file=\"https:\/\/www.comuna13online.com.ar\/wp-content\/uploads\/2017\/12\/line.jpg\" data-orig-size=\"678,1\" data-comments-opened=\"0\" data-image-meta=\"{&quot;aperture&quot;:&quot;0&quot;,&quot;credit&quot;:&quot;&quot;,&quot;camera&quot;:&quot;&quot;,&quot;caption&quot;:&quot;&quot;,&quot;created_timestamp&quot;:&quot;0&quot;,&quot;copyright&quot;:&quot;&quot;,&quot;focal_length&quot;:&quot;0&quot;,&quot;iso&quot;:&quot;0&quot;,&quot;shutter_speed&quot;:&quot;0&quot;,&quot;title&quot;:&quot;&quot;,&quot;orientation&quot;:&quot;0&quot;}\" data-image-title=\"line\" data-image-description=\"\" data-image-caption=\"\" data-large-file=\"https:\/\/www.comuna13online.com.ar\/wp-content\/uploads\/2017\/12\/line.jpg\" src=\"http:\/\/www.comuna13online.com.ar\/wp-content\/uploads\/2017\/12\/line.jpg\" alt=\"\" class=\"wp-image-99\" width=\"678\" height=\"1\" srcset=\"https:\/\/www.comuna13online.com.ar\/wp-content\/uploads\/2017\/12\/line.jpg 678w, https:\/\/www.comuna13online.com.ar\/wp-content\/uploads\/2017\/12\/line-150x1.jpg 150w, https:\/\/www.comuna13online.com.ar\/wp-content\/uploads\/2017\/12\/line-326x1.jpg 326w, https:\/\/www.comuna13online.com.ar\/wp-content\/uploads\/2017\/12\/line-80x1.jpg 80w, https:\/\/www.comuna13online.com.ar\/wp-content\/uploads\/2017\/12\/line-272x1.jpg 272w\" sizes=\"auto, (max-width: 678px) 100vw, 678px\" \/><\/figure>\n\n\n\n<figure class=\"wp-block-image size-full\"><img loading=\"lazy\" decoding=\"async\" width=\"678\" height=\"180\" data-attachment-id=\"8918\" data-permalink=\"https:\/\/www.comuna13online.com.ar\/?attachment_id=8918\" data-orig-file=\"https:\/\/www.comuna13online.com.ar\/wp-content\/uploads\/2020\/04\/corona2.jpg\" data-orig-size=\"678,180\" data-comments-opened=\"0\" data-image-meta=\"{&quot;aperture&quot;:&quot;0&quot;,&quot;credit&quot;:&quot;&quot;,&quot;camera&quot;:&quot;&quot;,&quot;caption&quot;:&quot;&quot;,&quot;created_timestamp&quot;:&quot;0&quot;,&quot;copyright&quot;:&quot;&quot;,&quot;focal_length&quot;:&quot;0&quot;,&quot;iso&quot;:&quot;0&quot;,&quot;shutter_speed&quot;:&quot;0&quot;,&quot;title&quot;:&quot;&quot;,&quot;orientation&quot;:&quot;0&quot;}\" data-image-title=\"corona2\" data-image-description=\"\" data-image-caption=\"\" data-large-file=\"https:\/\/www.comuna13online.com.ar\/wp-content\/uploads\/2020\/04\/corona2.jpg\" src=\"http:\/\/www.comuna13online.com.ar\/wp-content\/uploads\/2020\/04\/corona2.jpg\" alt=\"\" class=\"wp-image-8918\"\/><\/figure>\n\n\n\n<p><\/p>\n","protected":false},"excerpt":{"rendered":"<div class=\"mh-excerpt\">Se desarrollaran distintas iniciativas y muestras en el Parque de la Memoria y en el Centro Cultural 25 de Mayo. Entre ellas, \u201cUn oscuro d\u00eda de injusticia\u201d, un corto que <a class=\"mh-excerpt-more\" href=\"https:\/\/www.comuna13online.com.ar\/?p=13008\" title=\"Actividades por el D\u00eda Nacional de la Memoria por la Verdad y la Justicia\">[&#8230;]<\/a><\/div>\n","protected":false},"author":1,"featured_media":13009,"comment_status":"closed","ping_status":"closed","sticky":false,"template":"","format":"standard","meta":{"_uag_custom_page_level_css":"","_jetpack_memberships_contains_paid_content":false,"footnotes":"","jetpack_publicize_message":"","jetpack_publicize_feature_enabled":true,"jetpack_social_post_already_shared":true,"jetpack_social_options":{"image_generator_settings":{"template":"highway","default_image_id":0,"font":"","enabled":false},"version":2}},"categories":[207],"tags":[131,250,296,108],"class_list":{"0":"post-13008","1":"post","2":"type-post","3":"status-publish","4":"format-standard","5":"has-post-thumbnail","7":"category-derechos-humanos","8":"tag-derechos","9":"tag-h2","10":"tag-h3","11":"tag-justicia"},"jetpack_publicize_connections":[],"jetpack_featured_media_url":"https:\/\/www.comuna13online.com.ar\/wp-content\/uploads\/2021\/03\/210324a-id.jpg","uagb_featured_image_src":{"full":["https:\/\/www.comuna13online.com.ar\/wp-content\/uploads\/2021\/03\/210324a-id.jpg",678,452,false],"thumbnail":["https:\/\/www.comuna13online.com.ar\/wp-content\/uploads\/2021\/03\/210324a-id.jpg",128,85,false],"medium":["https:\/\/www.comuna13online.com.ar\/wp-content\/uploads\/2021\/03\/210324a-id.jpg",678,452,false],"medium_large":["https:\/\/www.comuna13online.com.ar\/wp-content\/uploads\/2021\/03\/210324a-id.jpg",678,452,false],"large":["https:\/\/www.comuna13online.com.ar\/wp-content\/uploads\/2021\/03\/210324a-id.jpg",678,452,false],"1536x1536":["https:\/\/www.comuna13online.com.ar\/wp-content\/uploads\/2021\/03\/210324a-id.jpg",678,452,false],"2048x2048":["https:\/\/www.comuna13online.com.ar\/wp-content\/uploads\/2021\/03\/210324a-id.jpg",678,452,false],"mh-magazine-slider":["https:\/\/www.comuna13online.com.ar\/wp-content\/uploads\/2021\/03\/210324a-id-678x438.jpg",678,438,true],"mh-magazine-content":["https:\/\/www.comuna13online.com.ar\/wp-content\/uploads\/2021\/03\/210324a-id-678x381.jpg",678,381,true],"mh-magazine-large":["https:\/\/www.comuna13online.com.ar\/wp-content\/uploads\/2021\/03\/210324a-id.jpg",678,452,false],"mh-magazine-medium":["https:\/\/www.comuna13online.com.ar\/wp-content\/uploads\/2021\/03\/210324a-id-326x245.jpg",326,245,true],"mh-magazine-small":["https:\/\/www.comuna13online.com.ar\/wp-content\/uploads\/2021\/03\/210324a-id-80x60.jpg",80,60,true],"sow-carousel-default":["https:\/\/www.comuna13online.com.ar\/wp-content\/uploads\/2021\/03\/210324a-id-272x182.jpg",272,182,true]},"uagb_author_info":{"display_name":"Comuna13","author_link":"https:\/\/www.comuna13online.com.ar\/?author=1"},"uagb_comment_info":0,"uagb_excerpt":"Se desarrollaran distintas iniciativas y muestras en el Parque de la Memoria y en el Centro Cultural 25 de Mayo. Entre ellas, \u201cUn oscuro d\u00eda de injusticia\u201d, un corto que [...]","jetpack_sharing_enabled":true,"_links":{"self":[{"href":"https:\/\/www.comuna13online.com.ar\/index.php?rest_route=\/wp\/v2\/posts\/13008","targetHints":{"allow":["GET"]}}],"collection":[{"href":"https:\/\/www.comuna13online.com.ar\/index.php?rest_route=\/wp\/v2\/posts"}],"about":[{"href":"https:\/\/www.comuna13online.com.ar\/index.php?rest_route=\/wp\/v2\/types\/post"}],"author":[{"embeddable":true,"href":"https:\/\/www.comuna13online.com.ar\/index.php?rest_route=\/wp\/v2\/users\/1"}],"replies":[{"embeddable":true,"href":"https:\/\/www.comuna13online.com.ar\/index.php?rest_route=%2Fwp%2Fv2%2Fcomments&post=13008"}],"version-history":[{"count":0,"href":"https:\/\/www.comuna13online.com.ar\/index.php?rest_route=\/wp\/v2\/posts\/13008\/revisions"}],"wp:featuredmedia":[{"embeddable":true,"href":"https:\/\/www.comuna13online.com.ar\/index.php?rest_route=\/wp\/v2\/media\/13009"}],"wp:attachment":[{"href":"https:\/\/www.comuna13online.com.ar\/index.php?rest_route=%2Fwp%2Fv2%2Fmedia&parent=13008"}],"wp:term":[{"taxonomy":"category","embeddable":true,"href":"https:\/\/www.comuna13online.com.ar\/index.php?rest_route=%2Fwp%2Fv2%2Fcategories&post=13008"},{"taxonomy":"post_tag","embeddable":true,"href":"https:\/\/www.comuna13online.com.ar\/index.php?rest_route=%2Fwp%2Fv2%2Ftags&post=13008"}],"curies":[{"name":"wp","href":"https:\/\/api.w.org\/{rel}","templated":true}]}}