{"id":12980,"date":"2021-03-23T09:09:20","date_gmt":"2021-03-23T12:09:20","guid":{"rendered":"http:\/\/www.comuna13online.com.ar\/?p=12980"},"modified":"2021-03-23T09:09:37","modified_gmt":"2021-03-23T12:09:37","slug":"abrio-la-inscripcion-a-las-colonias-de-invierno-para-personas-con-discapacidad","status":"publish","type":"post","link":"https:\/\/www.comuna13online.com.ar\/?p=12980","title":{"rendered":"Abri\u00f3 la inscripci\u00f3n a las Colonias de Invierno para Personas con Discapacidad"},"content":{"rendered":"\n<p><strong>Ya se pueden anotar para la Colonia de Invierno Deporte Adaptado 2021, funcionar\u00e1n los s\u00e1bados del 10 de abril al 27 de noviembre, y en vacaciones de lunes a viernes.<\/strong><\/p>\n\n\n\n<p>Desde el lunes 22 y hasta el 31 de marzo se encuentra abierta la inscripci\u00f3n a las Colonias de Invierno para personas con discapacidad, que ir\u00e1 del 10 de abril al 27 de noviembre. La misma se desarrollar\u00e1 todos los s\u00e1bados de 10 a 17 horas y durante el per\u00edodo de vacaciones de Invierno las actividades ser\u00e1n de lunes a viernes en el mismo horario.<\/p>\n\n\n\n<p>La\u00a0inscripci\u00f3n se realiza online, est\u00e1 destinada a personas mayores a 6 a\u00f1os, al inicio se deber\u00e1 completar un per\u00edodo de adaptaci\u00f3n no inferior a 5 d\u00edas h\u00e1biles y los alumnos nuevos estar\u00e1n sujetos a una entrevista con el responsable de cada sede para evaluar si el mismo cuenta con los requerimientos m\u00ednimos que le permitan sostenerse dentro de la actividad de colonia, en un marco de contenci\u00f3n y seguridad. 12 <strong>Ser\u00e1 obligatorio el uso de tapaboca para todos los concurrentes.<\/strong><\/p>\n\n\n\n<p>La actividades se desarrollaran en cinco sedes:\u00a0<strong>Parque Sarmiento<\/strong>,\u00a0<strong>Parque Manuel Belgrano (ex KDT)<\/strong>,\u00a0<strong>Polideportivo Avellaneda<\/strong>,\u00a0<strong>Polideportivo Patricios<\/strong>\u00a0y\u00a0<strong>Polideportivo Chacabuco<\/strong>. Cabe recordar que las actividades de la sede\u00a0<strong>Ramsay<\/strong>\u00a0fueron absorbidas por Parque Sarmiento (motores) y Parque Manuel Belgrano (intelectuales).<\/p>\n\n\n\n<p>Para inscribirse, primero se debe descargar la\u00a0<a rel=\"noreferrer noopener\" href=\"http:\/\/www.buenosaires.gob.ar\/sites\/gcaba\/files\/planilla_de_inscripcion_-_programa_colonia_invierno_2021.pdf\" target=\"_blank\"><span class=\"has-inline-color has-vivid-cyan-blue-color\">planilla de inscripci\u00f3n<\/span><\/a>, completarla y luego fotografiarla o escanearla para por \u00faltimo subirla en el link de inscripci\u00f3n:<\/p>\n\n\n\n<ul class=\"wp-block-list\"><li><span class=\"has-inline-color has-vivid-cyan-blue-color\"><a rel=\"noreferrer noopener\" href=\"https:\/\/portalinscripciones.scp.buenosaires.gob.ar\/#\/actividad\/3880\" target=\"_blank\">Inscripci\u00f3n a Parque Avellaneda<\/a><\/span><\/li><li><span class=\"has-inline-color has-vivid-cyan-blue-color\"><a rel=\"noreferrer noopener\" href=\"https:\/\/portalinscripciones.scp.buenosaires.gob.ar\/#\/actividad\/3877\" target=\"_blank\">Inscripci\u00f3n a Parque Sarmiento<\/a><\/span><\/li><li><span class=\"has-inline-color has-vivid-cyan-blue-color\"><a href=\"https:\/\/portalinscripciones.scp.buenosaires.gob.ar\/#\/actividad\/3879\">Inscripci\u00f3n a Parque Manuel Belgrano<\/a><\/span><\/li><li><span class=\"has-inline-color has-vivid-cyan-blue-color\"><a rel=\"noreferrer noopener\" href=\"https:\/\/portalinscripciones.scp.buenosaires.gob.ar\/#\/actividad\/3881\" target=\"_blank\">Inscripci\u00f3n a Parque Chacabuco<\/a><\/span><\/li><li><a href=\"https:\/\/portalinscripciones.scp.buenosaires.gob.ar\/#\/actividad\/3878\"><span class=\"has-inline-color has-vivid-cyan-blue-color\">Inscripci\u00f3n a Parqu<\/span><\/a><a rel=\"noreferrer noopener\" href=\"https:\/\/portalinscripciones.scp.buenosaires.gob.ar\/#\/actividad\/3878\" target=\"_blank\"><span class=\"has-inline-color has-vivid-cyan-blue-color\">e<\/span><\/a><a href=\"https:\/\/portalinscripciones.scp.buenosaires.gob.ar\/#\/actividad\/3878\"><span class=\"has-inline-color has-vivid-cyan-blue-color\"> Patricios<\/span><\/a><\/li><\/ul>\n\n\n\n<p><a href=\"http:\/\/www.buenosaires.gob.ar\/sites\/gcaba\/files\/planilla_de_inscripcion_-_programa_colonia_invierno_2021.pdf\"><span class=\"has-inline-color has-vivid-red-color\"><strong>Descarg\u00e1 la planilla de inscripci\u00f3n<\/strong><\/span><\/a><\/p>\n\n\n\n<p>En cuanto a la modalidad de desarrollo de las actividades en cada uno de los grupos ser\u00e1 de\u00a0<strong>burbuja de 10 colonos m\u00e1s la pareja pedag\u00f3gica<\/strong>, siguiendo los protocolos habituales de cuidado a los participantes como medir la temperatura al ingreso a cada sede, utilizaci\u00f3n de alcohol en gel, sanitizaci\u00f3n de todos los espacios y elementos que se utilicen, y el uso de tapabocas para todos los presentes.<\/p>\n\n\n\n<figure class=\"wp-block-image size-large is-resized\"><img loading=\"lazy\" decoding=\"async\" data-attachment-id=\"99\" data-permalink=\"https:\/\/www.comuna13online.com.ar\/?attachment_id=99\" data-orig-file=\"https:\/\/www.comuna13online.com.ar\/wp-content\/uploads\/2017\/12\/line.jpg\" data-orig-size=\"678,1\" data-comments-opened=\"0\" data-image-meta=\"{&quot;aperture&quot;:&quot;0&quot;,&quot;credit&quot;:&quot;&quot;,&quot;camera&quot;:&quot;&quot;,&quot;caption&quot;:&quot;&quot;,&quot;created_timestamp&quot;:&quot;0&quot;,&quot;copyright&quot;:&quot;&quot;,&quot;focal_length&quot;:&quot;0&quot;,&quot;iso&quot;:&quot;0&quot;,&quot;shutter_speed&quot;:&quot;0&quot;,&quot;title&quot;:&quot;&quot;,&quot;orientation&quot;:&quot;0&quot;}\" data-image-title=\"line\" data-image-description=\"\" data-image-caption=\"\" data-large-file=\"https:\/\/www.comuna13online.com.ar\/wp-content\/uploads\/2017\/12\/line.jpg\" src=\"http:\/\/www.comuna13online.com.ar\/wp-content\/uploads\/2017\/12\/line.jpg\" alt=\"\" class=\"wp-image-99\" width=\"678\" height=\"1\" srcset=\"https:\/\/www.comuna13online.com.ar\/wp-content\/uploads\/2017\/12\/line.jpg 678w, https:\/\/www.comuna13online.com.ar\/wp-content\/uploads\/2017\/12\/line-150x1.jpg 150w, https:\/\/www.comuna13online.com.ar\/wp-content\/uploads\/2017\/12\/line-326x1.jpg 326w, https:\/\/www.comuna13online.com.ar\/wp-content\/uploads\/2017\/12\/line-80x1.jpg 80w, https:\/\/www.comuna13online.com.ar\/wp-content\/uploads\/2017\/12\/line-272x1.jpg 272w\" sizes=\"auto, (max-width: 678px) 100vw, 678px\" \/><\/figure>\n\n\n\n<figure class=\"wp-block-image size-full\"><img loading=\"lazy\" decoding=\"async\" width=\"678\" height=\"180\" data-attachment-id=\"8918\" data-permalink=\"https:\/\/www.comuna13online.com.ar\/?attachment_id=8918\" data-orig-file=\"https:\/\/www.comuna13online.com.ar\/wp-content\/uploads\/2020\/04\/corona2.jpg\" data-orig-size=\"678,180\" data-comments-opened=\"0\" data-image-meta=\"{&quot;aperture&quot;:&quot;0&quot;,&quot;credit&quot;:&quot;&quot;,&quot;camera&quot;:&quot;&quot;,&quot;caption&quot;:&quot;&quot;,&quot;created_timestamp&quot;:&quot;0&quot;,&quot;copyright&quot;:&quot;&quot;,&quot;focal_length&quot;:&quot;0&quot;,&quot;iso&quot;:&quot;0&quot;,&quot;shutter_speed&quot;:&quot;0&quot;,&quot;title&quot;:&quot;&quot;,&quot;orientation&quot;:&quot;0&quot;}\" data-image-title=\"corona2\" data-image-description=\"\" data-image-caption=\"\" data-large-file=\"https:\/\/www.comuna13online.com.ar\/wp-content\/uploads\/2020\/04\/corona2.jpg\" src=\"http:\/\/www.comuna13online.com.ar\/wp-content\/uploads\/2020\/04\/corona2.jpg\" alt=\"\" class=\"wp-image-8918\"\/><\/figure>\n","protected":false},"excerpt":{"rendered":"<div class=\"mh-excerpt\">Ya se pueden anotar para la Colonia de Invierno Deporte Adaptado 2021, funcionar\u00e1n los s\u00e1bados del 10 de abril al 27 de noviembre, y en vacaciones de lunes a viernes. <a class=\"mh-excerpt-more\" href=\"https:\/\/www.comuna13online.com.ar\/?p=12980\" title=\"Abri\u00f3 la inscripci\u00f3n a las Colonias de Invierno para Personas con Discapacidad\">[&#8230;]<\/a><\/div>\n","protected":false},"author":1,"featured_media":12981,"comment_status":"closed","ping_status":"closed","sticky":false,"template":"","format":"standard","meta":{"_uag_custom_page_level_css":"","_jetpack_memberships_contains_paid_content":false,"footnotes":"","jetpack_publicize_message":"","jetpack_publicize_feature_enabled":true,"jetpack_social_post_already_shared":true,"jetpack_social_options":{"image_generator_settings":{"template":"highway","default_image_id":0,"font":"","enabled":false},"version":2}},"categories":[253],"tags":[211,101,243,250,296,71,43],"class_list":{"0":"post-12980","1":"post","2":"type-post","3":"status-publish","4":"format-standard","5":"has-post-thumbnail","7":"category-discapacidad","8":"tag-colonias","9":"tag-deportes","10":"tag-discapacidad","11":"tag-h2","12":"tag-h3","13":"tag-tiempo-libre","14":"tag-vacaciones"},"jetpack_publicize_connections":[],"jetpack_featured_media_url":"https:\/\/www.comuna13online.com.ar\/wp-content\/uploads\/2021\/03\/210323a-id.jpg","uagb_featured_image_src":{"full":["https:\/\/www.comuna13online.com.ar\/wp-content\/uploads\/2021\/03\/210323a-id.jpg",678,452,false],"thumbnail":["https:\/\/www.comuna13online.com.ar\/wp-content\/uploads\/2021\/03\/210323a-id.jpg",128,85,false],"medium":["https:\/\/www.comuna13online.com.ar\/wp-content\/uploads\/2021\/03\/210323a-id.jpg",678,452,false],"medium_large":["https:\/\/www.comuna13online.com.ar\/wp-content\/uploads\/2021\/03\/210323a-id.jpg",678,452,false],"large":["https:\/\/www.comuna13online.com.ar\/wp-content\/uploads\/2021\/03\/210323a-id.jpg",678,452,false],"1536x1536":["https:\/\/www.comuna13online.com.ar\/wp-content\/uploads\/2021\/03\/210323a-id.jpg",678,452,false],"2048x2048":["https:\/\/www.comuna13online.com.ar\/wp-content\/uploads\/2021\/03\/210323a-id.jpg",678,452,false],"mh-magazine-slider":["https:\/\/www.comuna13online.com.ar\/wp-content\/uploads\/2021\/03\/210323a-id-678x438.jpg",678,438,true],"mh-magazine-content":["https:\/\/www.comuna13online.com.ar\/wp-content\/uploads\/2021\/03\/210323a-id-678x381.jpg",678,381,true],"mh-magazine-large":["https:\/\/www.comuna13online.com.ar\/wp-content\/uploads\/2021\/03\/210323a-id.jpg",678,452,false],"mh-magazine-medium":["https:\/\/www.comuna13online.com.ar\/wp-content\/uploads\/2021\/03\/210323a-id-326x245.jpg",326,245,true],"mh-magazine-small":["https:\/\/www.comuna13online.com.ar\/wp-content\/uploads\/2021\/03\/210323a-id-80x60.jpg",80,60,true],"sow-carousel-default":["https:\/\/www.comuna13online.com.ar\/wp-content\/uploads\/2021\/03\/210323a-id-272x182.jpg",272,182,true]},"uagb_author_info":{"display_name":"Comuna13","author_link":"https:\/\/www.comuna13online.com.ar\/?author=1"},"uagb_comment_info":0,"uagb_excerpt":"Ya se pueden anotar para la Colonia de Invierno Deporte Adaptado 2021, funcionar\u00e1n los s\u00e1bados del 10 de abril al 27 de noviembre, y en vacaciones de lunes a viernes. [...]","jetpack_sharing_enabled":true,"_links":{"self":[{"href":"https:\/\/www.comuna13online.com.ar\/index.php?rest_route=\/wp\/v2\/posts\/12980","targetHints":{"allow":["GET"]}}],"collection":[{"href":"https:\/\/www.comuna13online.com.ar\/index.php?rest_route=\/wp\/v2\/posts"}],"about":[{"href":"https:\/\/www.comuna13online.com.ar\/index.php?rest_route=\/wp\/v2\/types\/post"}],"author":[{"embeddable":true,"href":"https:\/\/www.comuna13online.com.ar\/index.php?rest_route=\/wp\/v2\/users\/1"}],"replies":[{"embeddable":true,"href":"https:\/\/www.comuna13online.com.ar\/index.php?rest_route=%2Fwp%2Fv2%2Fcomments&post=12980"}],"version-history":[{"count":0,"href":"https:\/\/www.comuna13online.com.ar\/index.php?rest_route=\/wp\/v2\/posts\/12980\/revisions"}],"wp:featuredmedia":[{"embeddable":true,"href":"https:\/\/www.comuna13online.com.ar\/index.php?rest_route=\/wp\/v2\/media\/12981"}],"wp:attachment":[{"href":"https:\/\/www.comuna13online.com.ar\/index.php?rest_route=%2Fwp%2Fv2%2Fmedia&parent=12980"}],"wp:term":[{"taxonomy":"category","embeddable":true,"href":"https:\/\/www.comuna13online.com.ar\/index.php?rest_route=%2Fwp%2Fv2%2Fcategories&post=12980"},{"taxonomy":"post_tag","embeddable":true,"href":"https:\/\/www.comuna13online.com.ar\/index.php?rest_route=%2Fwp%2Fv2%2Ftags&post=12980"}],"curies":[{"name":"wp","href":"https:\/\/api.w.org\/{rel}","templated":true}]}}