{"id":12954,"date":"2021-03-18T09:03:00","date_gmt":"2021-03-18T12:03:00","guid":{"rendered":"http:\/\/www.comuna13online.com.ar\/?p=12954"},"modified":"2021-03-17T21:15:36","modified_gmt":"2021-03-18T00:15:36","slug":"bafici-2021-la-competencia-argentina","status":"publish","type":"post","link":"https:\/\/www.comuna13online.com.ar\/?p=12954","title":{"rendered":"BAFICI 2021: La competencia Argentina"},"content":{"rendered":"\n<p><strong>La competencia argentina de Buenos Aires Festival Internacional de Cine, por primera vez con cortos y largometrajes de diversas est\u00e9ticas con estrenos de autores consagrados y nuevos talentos del pa\u00eds.<\/strong><\/p>\n\n\n\n<figure class=\"wp-block-image size-large\"><img loading=\"lazy\" decoding=\"async\" width=\"678\" height=\"452\" data-attachment-id=\"12955\" data-permalink=\"https:\/\/www.comuna13online.com.ar\/?attachment_id=12955\" data-orig-file=\"https:\/\/www.comuna13online.com.ar\/wp-content\/uploads\/2021\/03\/210318b-01.jpg\" data-orig-size=\"678,452\" data-comments-opened=\"0\" data-image-meta=\"{&quot;aperture&quot;:&quot;0&quot;,&quot;credit&quot;:&quot;&quot;,&quot;camera&quot;:&quot;&quot;,&quot;caption&quot;:&quot;&quot;,&quot;created_timestamp&quot;:&quot;0&quot;,&quot;copyright&quot;:&quot;&quot;,&quot;focal_length&quot;:&quot;0&quot;,&quot;iso&quot;:&quot;0&quot;,&quot;shutter_speed&quot;:&quot;0&quot;,&quot;title&quot;:&quot;&quot;,&quot;orientation&quot;:&quot;0&quot;}\" data-image-title=\"210318b-01\" data-image-description=\"\" data-image-caption=\"\" data-large-file=\"https:\/\/www.comuna13online.com.ar\/wp-content\/uploads\/2021\/03\/210318b-01.jpg\" src=\"http:\/\/www.comuna13online.com.ar\/wp-content\/uploads\/2021\/03\/210318b-01.jpg\" alt=\"\" class=\"wp-image-12955\" srcset=\"https:\/\/www.comuna13online.com.ar\/wp-content\/uploads\/2021\/03\/210318b-01.jpg 678w, https:\/\/www.comuna13online.com.ar\/wp-content\/uploads\/2021\/03\/210318b-01-272x182.jpg 272w\" sizes=\"auto, (max-width: 678px) 100vw, 678px\" \/><figcaption><strong><span style=\"color:#999999\" class=\"has-inline-color\"><sup><em>El bald\u00edo<\/em>, de Liliana Paolinelli (Argentina, 2021)\u00a0<\/sup><\/span><\/strong><\/figcaption><\/figure>\n\n\n\n<p>El Ministerio de Cultura de la Ciudad presenta la competencia nacional de la edici\u00f3n 2021 del Buenos Aires Festival Internacional [22] BAFICI. Del 17 al 28 de marzo, grandes y chicxs, podr\u00e1n disfrutar de lo mejor del cine independiente nacional. Por primera vez, la competencia principal del Bafici incluye cortometrajes a la par de largometrajes innovadores de directores en los inicios de sus carreras. De esta y tambi\u00e9n de muchas otras maneras el BAFICI apuesta, como siempre, a poner en circulaci\u00f3n formas m\u00e1s diversas de hacer cine. Como en cada edici\u00f3n, la competencia internacional del Festival se caracteriza por estar conformada por una selecci\u00f3n de pel\u00edculas que re\u00fane el cine m\u00e1s singular de todo el mundo, ese que no suele encontrar exhibici\u00f3n en los circuitos de exhibici\u00f3n comerciales (ni tampoco en muchos de los que se presentan como alternativos).&nbsp;<\/p>\n\n\n\n<p>La competencia argentina del Festival ofrece este a\u00f1o una gran cantidad de t\u00edtulos de muy diversas est\u00e9ticas, al abarcar estrenos de autores consagrados y nuevos talentos de todo el pa\u00eds. Continuando la tradici\u00f3n que lo marca desde sus inicios, el Festival vuelve a dar circulaci\u00f3n con una mirada amplia a las producciones nacionales, conectando las b\u00fasquedas m\u00e1s heterog\u00e9neas de nuestro cine con el p\u00fablico. &nbsp;<\/p>\n\n\n\n<p>El jurado est\u00e1 integrado por:&nbsp;<strong>\u00c9lise Labbe&nbsp;<\/strong>(Canad\u00e1), quien trabaja desde hace muchos a\u00f1os en diferentes puestos del National Film Board, la productora p\u00fablica nacional de galardonadas obras creativas de Canad\u00e1. Es directora de festivales y desarrollo de audiencias desde 2011, y ha contribuido en el lanzamiento de cientos de pel\u00edculas documentales y de animaci\u00f3n. Luego de haberse graduado como licenciada en Artes Visuales por la Universidad de Montreal, trabaj\u00f3 con los nombres m\u00e1s importantes del cine documental y de animaci\u00f3n, e invirti\u00f3 mucho tiempo y energ\u00eda en defender esas pel\u00edculas. Recibi\u00f3 la medalla Queen\u2019s Jubilee al logro destacado en funci\u00f3n p\u00fablica.&nbsp;<strong>Jaime Manrique&nbsp;<\/strong>(Colombia), fundador y director de Laboratorios Black Velvet, una empresa de gesti\u00f3n cinematogr\u00e1fica. Adem\u00e1s, fue director de comunicaciones de m\u00e1s de 65 pel\u00edculas colombianas; fundador y director del Festival de Cortos de Bogot\u00e1 &#8211; BOGOSHORTS; dise\u00f1ador conceptual del #MovimientoBOGOSHORTS y estratega de su agencia de distribuci\u00f3n de cortos latinoamericanos #BOGOSHORTSFilmAgency. Desde hace 20 a\u00f1os es director de Pantalla Colombia, el newsletter de Proim\u00e1genes Colombia. Se desempe\u00f1\u00f3 como analista cinematogr\u00e1fico en m\u00e1s de 15 medios de comunicaci\u00f3n, y como jurado y programador en diversos festivales. Tambi\u00e9n es docente y consultor en distribuci\u00f3n cinematogr\u00e1fica.&nbsp;<strong>Kris Niklison,<\/strong>&nbsp;artista de trayectoria internacional, premiada como cineasta, directora teatral, dramaturga, core\u00f3grafa, directora de fotograf\u00eda y actriz. Vivi\u00f3 en \u00c1msterdam, Hamburgo, San Pablo y Buenos Aires. Fue pionera del teatro f\u00edsico en Holanda, pa\u00eds en el que fund\u00f3 la Kris Niklison Theatre Company y desde el cual viaj\u00f3 con sus espect\u00e1culos a m\u00e1s de 20 pa\u00edses de distintos continentes. Trabaj\u00f3 con Peter Greenaway, Dario Fo y The Dutch National Ballet Academy, y fue protagonista del Cirque du Soleil. Escribi\u00f3, dirigi\u00f3, fotografi\u00f3, edit\u00f3 y produjo los premiados largometrajes Diletante (en coproducci\u00f3n con Lita Stantic) y Vergel (Competencia Argentina en Bafici \u201819). Actualmente trabaja en su tercer largometraje, El barquero, ganador del programa apoyo de Ibermedia. Su cortometraje Perros se exhibe en esta edici\u00f3n del festival.&nbsp;<strong>Tim Redford&nbsp;<\/strong>(Francia), graduado de la carrera de Gesti\u00f3n de las Artes. Trabaj\u00f3 como gerente de proyecto para Signal Media Arts en Colchester, Reino Unido, para luego mudarse a Santiago de Compostela, Espa\u00f1a, donde ocup\u00f3 la posici\u00f3n de director del Curtocircuito Short Film Festival durante ocho a\u00f1os. Desde 2015 ha sido parte del equipo ejecutivo del Clermont-Ferrand Short Film Festival, donde se encarg\u00f3 de la Competencia Internacional del festival. Participa en el comit\u00e9 de selecci\u00f3n internacional del programa African Perspectives, donde tambi\u00e9n cumple el rol de coordinador, y en la plataforma Shortfilmdepot. Es miembro de la junta directiva del Short Film Conference.<strong>&nbsp;Ilda Santiago&nbsp;<\/strong>(R\u00edo de Janeiro, Brasil), graduada en Periodismo y Cine. Es una de las fundadoras y socia del Grupo Esta\u00e7\u00e3o, compa\u00f1\u00eda que lleva m\u00e1s de treinta a\u00f1os trabajando en la distribuci\u00f3n y exhibici\u00f3n de cine arte en Brasil, con la cual ha estrenado m\u00e1s de cuatrocientas pel\u00edculas. Ha sido directora ejecutiva y de programaci\u00f3n del Festival do Rio, uno de los principales eventos cinematogr\u00e1ficos de Am\u00e9rica Latina desde su creaci\u00f3n en 1999. Particip\u00f3 como productora en los largometrajes Rio, eu te amo (2014) y Bem casados (2015), as\u00ed como en el documental Marias (2015).&nbsp;<\/p>\n\n\n\n<p>La competencia otorgar\u00e1 el\u00a0<strong>Premio GCBA\u00a0<\/strong>con el estreno comercial en la Red de Salas Digitales del MERCOSUR. Adem\u00e1s, otorgar\u00e1 el<strong>\u00a0Premio Cinecolor<\/strong>\u00a0yel<strong>\u00a0Premio La Burbuja de sonido.\u00a0<\/strong>Siguiendo con el<strong>\u00a0Premio HD<\/strong>\u00a0y el<strong>\u00a0Cubic Post\u00a0<\/strong>para mejor pel\u00edcula. A su vez, se dar\u00e1n los\u00a0<strong>Premio Cinecolor<\/strong>,el\u00a0<strong>Premio INCAA-RECAM \u201c30 a\u00f1os del Mercosur\u201d\u00a0<\/strong>y el<strong>\u00a0Premio GCBA\u00a0<\/strong>a la mejor direcci\u00f3n.Para cortometrajes, los premios ser\u00e1n el\u00a0<strong>Pomeranec,\u00a0<\/strong>el\u00a0<strong>Lahaye\u00a0<\/strong>y el\u00a0<strong>Premio ZUB Sonido.<\/strong>\u00a0<\/p>\n\n\n\n<p class=\"has-text-align-center\"><a rel=\"noreferrer noopener\" target=\"_blank\" href=\"https:\/\/vivamoscultura.buenosaires.gob.ar\/contenido\/4187-catalogo-22bafici\"><strong>CAT\u00c1LOGO [22] BAFICI<\/strong><\/a><strong>&nbsp;I&nbsp;<\/strong><a rel=\"noreferrer noopener\" target=\"_blank\" href=\"https:\/\/vivamoscultura.buenosaires.gob.ar\/busqueda-inteligente\/contenido\/97-bafici-2021?type=bafici-2021692\"><strong>PROGRAMACI\u00d3N<\/strong><\/a><\/p>\n\n\n\n<h4 class=\"wp-block-heading\"><strong>Selecci\u00f3n de pel\u00edculas&nbsp;<\/strong><\/h4>\n\n\n\n<p><em>A la espera del milagro<\/em>, de Clara Vieiro (Argentina, 2021)\u00a0<br><em>Algo se enciende<\/em>, de Luciana Gentinetta (Argentina, 2021)\u00a0<br><em>Betta<\/em>, de Vera Fern\u00e1ndez (Argentina, 2021)\u00a0<br><em>Caf\u00e9 de Kinema<\/em>, de Sol Miraglia (Argentina\/Jap\u00f3n, 2021)\u00a0<br><em>Canal 54<\/em>, de Lucas Larriera (Argentina, 2021)\u00a0<br><em>Carta 1, Buenos Aires<\/em>, de Vera Czemerinski (Argentina, 2021)\u00a0<br><em>Chico el\u00e9ctrico<\/em>, de Ingrid Pokropek (Argentina, 2021)\u00a0<br><em>C\u00f3mo mueren las reinas<\/em>, de Lucas Turturro (Argentina, 2021)\u00a0<br><em>Copacabana Papers<\/em>, de Fernando Portabales (Argentina\/Brasil, 2021)\u00a0<br><em>Corresponsal franc\u00e9s<\/em>, de Tom\u00e1s Gui\u00f1az\u00fa (Argentina\/Francia\u00a0\u00a0\u00a0\u00a0, 2021)\u00a0<br><em>Cuando la primavera se escapa, se libera del sue\u00f1o<\/em>, de Eugenia Alonso (Argentina, 2021)\u00a0<br><em>\u00a1El Archiduque debe morir!<\/em>, de Nicol\u00e1s Turjanski (Argentina, 2021)\u00a0<br><em>El bald\u00edo<\/em>, de Liliana Paolinelli (Argentina, 2021)\u00a0<br><em>Fabi\u00e1n canta<\/em>, de Diego Crespo (Argentina, 2021)\u00a0<br><em>Implosi\u00f3n<\/em>, de Javier Van der Couter (Argentina\/Chile, 2020)\u00a0<br><em>La intemperie<\/em>, de Manuel Bruno Ferrari (Argentina, 2021)\u00a0<br><em>La zona caliente<\/em>, de Esteban Lamothe (Argentina, 2020)\u00a0<br><em>L\u00f3pez<\/em>, de Ulises Rosell (Argentina, 2021)\u00a0<br><em>Los dentistas<\/em>, de Juan Pablo Basovih Marinaro (Argentina, 2021)\u00a0<br><em>Los visionadores<\/em>, de N\u00e9stor Frenkel (Argentina, 2021)\u00a0<br><em>Mientras siga el calor<\/em>, de Juana Varela (Argentina, 2021)\u00a0<br><em>Moacir y yo<\/em>, de Tom\u00e1s Lipgot (Argentina, 2021)\u00a0<br><em>Ni s\u00ed, ni no<\/em>, de Elina Firpo (Argentina, 2021)\u00a0<br><em>Ob Scena<\/em>, de Paloma Orlandini Castro (Argentina, 2021)\u00a0<br><em>Palestra<\/em>, de Juan Pablo Basovih Marinaro (Argentina, 2021)\u00a0<br><em>Pata y muslo<\/em>, de Jennifer Moule (Argentina\/Reino Unido, 2020)\u00a0<br><em>Pinpin<\/em>, de Jaime Levinas (Argentina\/Estados Unidos, 2021)\u00a0<br><em>Qu\u00e9 ser\u00e1 del verano<\/em>, de Ignacio Ceroi (Argentina, 2021)\u00a0<br><em>Rancho<\/em>, de Pedro Speroni (Argentina, 2021)\u00a0<br><em>Responsabilidad empresarial<\/em>, de Jonathan Perel (Argentina, 2020)\u00a0<br><em>Sr. Woman<\/em>, de Wo Portillo del Rayo (Argentina, 2021)\u00a0<br><em>Taranto<\/em>, de V\u00edctor Cruz (Argentina, 2021)\u00a0<br><em>Tornquist<\/em>, de Mariano Paz (Argentina, 2021)\u00a0<br><em>Una casa sin cortinas<\/em>, de Juli\u00e1n Troksberg (Argentina, 2021)\u00a0<br><em>(UPA) Una pandemia argentina<\/em>, de Tamae Garateguy, Santiago Giralt, Camila Toker (Argentina, 2021)\u00a0<br><em>Werner y yo<\/em>, de Mart\u00edn Vilela (Argentina, 2021)\u00a0<\/p>\n\n\n\n<p><strong>Entradas:&nbsp;<\/strong>Las entradas son gratuitas y con reserva previa online, en la web&nbsp;<a rel=\"noreferrer noopener\" target=\"_blank\" href=\"https:\/\/www.buenosaires.gob.ar\/festivalesba\"><strong>buenosaires.gob.ar\/festivalesba<\/strong><\/a>. &nbsp;<\/p>\n\n\n\n<p><strong>Para los eventos presenciales:\u00a0<\/strong>Todas las entradas de esta edici\u00f3n del Festival son gratuitas, con reserva online previa.\u00a0La reserva de entradas se habilita siempre dos d\u00edas antes del evento (48hs.) en<a rel=\"noreferrer noopener\" href=\"http:\/\/buenosaires.gob.ar\/festivales\" target=\"_blank\">\u00a0<strong>buenosaires.gob.ar\/festivales<\/strong><\/a>. <br>Se podr\u00e1 reservar 1 (una) entrada por persona por funci\u00f3n.\u00a0\u00a0No se permitir\u00e1 el ingreso una vez comenzada la funci\u00f3n.\u00a0<\/p>\n\n\n\n<p><strong>Para los eventos virtuales y digitales:\u00a0<\/strong>Todos los eventos que forman parte de la programaci\u00f3n en la plataforma Vivamos Cultura pueden ser disfrutados por 72 horas despu\u00e9s de su estreno presencial, de manera gratuita y tras un breve registro.\u00a0<\/p>\n\n\n\n<figure class=\"wp-block-image size-large is-resized\"><img loading=\"lazy\" decoding=\"async\" data-attachment-id=\"99\" data-permalink=\"https:\/\/www.comuna13online.com.ar\/?attachment_id=99\" data-orig-file=\"https:\/\/www.comuna13online.com.ar\/wp-content\/uploads\/2017\/12\/line.jpg\" data-orig-size=\"678,1\" data-comments-opened=\"0\" data-image-meta=\"{&quot;aperture&quot;:&quot;0&quot;,&quot;credit&quot;:&quot;&quot;,&quot;camera&quot;:&quot;&quot;,&quot;caption&quot;:&quot;&quot;,&quot;created_timestamp&quot;:&quot;0&quot;,&quot;copyright&quot;:&quot;&quot;,&quot;focal_length&quot;:&quot;0&quot;,&quot;iso&quot;:&quot;0&quot;,&quot;shutter_speed&quot;:&quot;0&quot;,&quot;title&quot;:&quot;&quot;,&quot;orientation&quot;:&quot;0&quot;}\" data-image-title=\"line\" data-image-description=\"\" data-image-caption=\"\" data-large-file=\"https:\/\/www.comuna13online.com.ar\/wp-content\/uploads\/2017\/12\/line.jpg\" src=\"http:\/\/www.comuna13online.com.ar\/wp-content\/uploads\/2017\/12\/line.jpg\" alt=\"\" class=\"wp-image-99\" width=\"678\" height=\"1\" srcset=\"https:\/\/www.comuna13online.com.ar\/wp-content\/uploads\/2017\/12\/line.jpg 678w, https:\/\/www.comuna13online.com.ar\/wp-content\/uploads\/2017\/12\/line-150x1.jpg 150w, https:\/\/www.comuna13online.com.ar\/wp-content\/uploads\/2017\/12\/line-326x1.jpg 326w, https:\/\/www.comuna13online.com.ar\/wp-content\/uploads\/2017\/12\/line-80x1.jpg 80w, https:\/\/www.comuna13online.com.ar\/wp-content\/uploads\/2017\/12\/line-272x1.jpg 272w\" sizes=\"auto, (max-width: 678px) 100vw, 678px\" \/><\/figure>\n\n\n\n<figure class=\"wp-block-image size-full\"><img loading=\"lazy\" decoding=\"async\" width=\"678\" height=\"180\" data-attachment-id=\"8918\" data-permalink=\"https:\/\/www.comuna13online.com.ar\/?attachment_id=8918\" data-orig-file=\"https:\/\/www.comuna13online.com.ar\/wp-content\/uploads\/2020\/04\/corona2.jpg\" data-orig-size=\"678,180\" data-comments-opened=\"0\" data-image-meta=\"{&quot;aperture&quot;:&quot;0&quot;,&quot;credit&quot;:&quot;&quot;,&quot;camera&quot;:&quot;&quot;,&quot;caption&quot;:&quot;&quot;,&quot;created_timestamp&quot;:&quot;0&quot;,&quot;copyright&quot;:&quot;&quot;,&quot;focal_length&quot;:&quot;0&quot;,&quot;iso&quot;:&quot;0&quot;,&quot;shutter_speed&quot;:&quot;0&quot;,&quot;title&quot;:&quot;&quot;,&quot;orientation&quot;:&quot;0&quot;}\" data-image-title=\"corona2\" data-image-description=\"\" data-image-caption=\"\" data-large-file=\"https:\/\/www.comuna13online.com.ar\/wp-content\/uploads\/2020\/04\/corona2.jpg\" src=\"http:\/\/www.comuna13online.com.ar\/wp-content\/uploads\/2020\/04\/corona2.jpg\" alt=\"\" class=\"wp-image-8918\"\/><\/figure>\n","protected":false},"excerpt":{"rendered":"<div class=\"mh-excerpt\">La competencia argentina de Buenos Aires Festival Internacional de Cine, por primera vez con cortos y largometrajes de diversas est\u00e9ticas con estrenos de autores consagrados y nuevos talentos del pa\u00eds. <a class=\"mh-excerpt-more\" href=\"https:\/\/www.comuna13online.com.ar\/?p=12954\" title=\"BAFICI 2021: La competencia Argentina\">[&#8230;]<\/a><\/div>\n","protected":false},"author":1,"featured_media":12956,"comment_status":"closed","ping_status":"closed","sticky":false,"template":"","format":"standard","meta":{"_uag_custom_page_level_css":"","_jetpack_memberships_contains_paid_content":false,"footnotes":"","jetpack_publicize_message":"","jetpack_publicize_feature_enabled":true,"jetpack_social_post_already_shared":true,"jetpack_social_options":{"image_generator_settings":{"template":"highway","default_image_id":0,"font":"","enabled":false},"version":2}},"categories":[151],"tags":[152,143,153,250,296,71],"class_list":{"0":"post-12954","1":"post","2":"type-post","3":"status-publish","4":"format-standard","5":"has-post-thumbnail","7":"category-festivales","8":"tag-bafici","9":"tag-cine","10":"tag-festivales","11":"tag-h2","12":"tag-h3","13":"tag-tiempo-libre"},"jetpack_publicize_connections":[],"jetpack_featured_media_url":"https:\/\/www.comuna13online.com.ar\/wp-content\/uploads\/2021\/03\/210318b-id.jpg","uagb_featured_image_src":{"full":["https:\/\/www.comuna13online.com.ar\/wp-content\/uploads\/2021\/03\/210318b-id.jpg",678,452,false],"thumbnail":["https:\/\/www.comuna13online.com.ar\/wp-content\/uploads\/2021\/03\/210318b-id.jpg",128,85,false],"medium":["https:\/\/www.comuna13online.com.ar\/wp-content\/uploads\/2021\/03\/210318b-id.jpg",678,452,false],"medium_large":["https:\/\/www.comuna13online.com.ar\/wp-content\/uploads\/2021\/03\/210318b-id.jpg",678,452,false],"large":["https:\/\/www.comuna13online.com.ar\/wp-content\/uploads\/2021\/03\/210318b-id.jpg",678,452,false],"1536x1536":["https:\/\/www.comuna13online.com.ar\/wp-content\/uploads\/2021\/03\/210318b-id.jpg",678,452,false],"2048x2048":["https:\/\/www.comuna13online.com.ar\/wp-content\/uploads\/2021\/03\/210318b-id.jpg",678,452,false],"mh-magazine-slider":["https:\/\/www.comuna13online.com.ar\/wp-content\/uploads\/2021\/03\/210318b-id-678x438.jpg",678,438,true],"mh-magazine-content":["https:\/\/www.comuna13online.com.ar\/wp-content\/uploads\/2021\/03\/210318b-id-678x381.jpg",678,381,true],"mh-magazine-large":["https:\/\/www.comuna13online.com.ar\/wp-content\/uploads\/2021\/03\/210318b-id.jpg",678,452,false],"mh-magazine-medium":["https:\/\/www.comuna13online.com.ar\/wp-content\/uploads\/2021\/03\/210318b-id-326x245.jpg",326,245,true],"mh-magazine-small":["https:\/\/www.comuna13online.com.ar\/wp-content\/uploads\/2021\/03\/210318b-id-80x60.jpg",80,60,true],"sow-carousel-default":["https:\/\/www.comuna13online.com.ar\/wp-content\/uploads\/2021\/03\/210318b-id-272x182.jpg",272,182,true]},"uagb_author_info":{"display_name":"Comuna13","author_link":"https:\/\/www.comuna13online.com.ar\/?author=1"},"uagb_comment_info":0,"uagb_excerpt":"La competencia argentina de Buenos Aires Festival Internacional de Cine, por primera vez con cortos y largometrajes de diversas est\u00e9ticas con estrenos de autores consagrados y nuevos talentos del pa\u00eds. [...]","jetpack_sharing_enabled":true,"_links":{"self":[{"href":"https:\/\/www.comuna13online.com.ar\/index.php?rest_route=\/wp\/v2\/posts\/12954","targetHints":{"allow":["GET"]}}],"collection":[{"href":"https:\/\/www.comuna13online.com.ar\/index.php?rest_route=\/wp\/v2\/posts"}],"about":[{"href":"https:\/\/www.comuna13online.com.ar\/index.php?rest_route=\/wp\/v2\/types\/post"}],"author":[{"embeddable":true,"href":"https:\/\/www.comuna13online.com.ar\/index.php?rest_route=\/wp\/v2\/users\/1"}],"replies":[{"embeddable":true,"href":"https:\/\/www.comuna13online.com.ar\/index.php?rest_route=%2Fwp%2Fv2%2Fcomments&post=12954"}],"version-history":[{"count":0,"href":"https:\/\/www.comuna13online.com.ar\/index.php?rest_route=\/wp\/v2\/posts\/12954\/revisions"}],"wp:featuredmedia":[{"embeddable":true,"href":"https:\/\/www.comuna13online.com.ar\/index.php?rest_route=\/wp\/v2\/media\/12956"}],"wp:attachment":[{"href":"https:\/\/www.comuna13online.com.ar\/index.php?rest_route=%2Fwp%2Fv2%2Fmedia&parent=12954"}],"wp:term":[{"taxonomy":"category","embeddable":true,"href":"https:\/\/www.comuna13online.com.ar\/index.php?rest_route=%2Fwp%2Fv2%2Fcategories&post=12954"},{"taxonomy":"post_tag","embeddable":true,"href":"https:\/\/www.comuna13online.com.ar\/index.php?rest_route=%2Fwp%2Fv2%2Ftags&post=12954"}],"curies":[{"name":"wp","href":"https:\/\/api.w.org\/{rel}","templated":true}]}}