{"id":12936,"date":"2021-03-17T08:30:00","date_gmt":"2021-03-17T11:30:00","guid":{"rendered":"http:\/\/www.comuna13online.com.ar\/?p=12936"},"modified":"2021-03-16T20:09:49","modified_gmt":"2021-03-16T23:09:49","slug":"bafici-2021-la-competencia-internacional","status":"publish","type":"post","link":"https:\/\/www.comuna13online.com.ar\/?p=12936","title":{"rendered":"BAFICI 2021: La competencia internacional"},"content":{"rendered":"\n<p><strong>Como en cada edici\u00f3n, la competencia internacional del Festival se caracteriza por estar conformada por una selecci\u00f3n de pel\u00edculas que re\u00fane el cine m\u00e1s singular de todo el mundo, ese que no suele encontrar exhibici\u00f3n en los circuitos de exhibici\u00f3n comerciales<\/strong>.<\/p>\n\n\n\n<figure class=\"wp-block-image size-large\"><img loading=\"lazy\" decoding=\"async\" width=\"678\" height=\"339\" data-attachment-id=\"12939\" data-permalink=\"https:\/\/www.comuna13online.com.ar\/?attachment_id=12939\" data-orig-file=\"https:\/\/www.comuna13online.com.ar\/wp-content\/uploads\/2021\/03\/210317b-02.jpg\" data-orig-size=\"678,339\" data-comments-opened=\"0\" data-image-meta=\"{&quot;aperture&quot;:&quot;0&quot;,&quot;credit&quot;:&quot;&quot;,&quot;camera&quot;:&quot;&quot;,&quot;caption&quot;:&quot;&quot;,&quot;created_timestamp&quot;:&quot;0&quot;,&quot;copyright&quot;:&quot;&quot;,&quot;focal_length&quot;:&quot;0&quot;,&quot;iso&quot;:&quot;0&quot;,&quot;shutter_speed&quot;:&quot;0&quot;,&quot;title&quot;:&quot;&quot;,&quot;orientation&quot;:&quot;0&quot;}\" data-image-title=\"210317b-02\" data-image-description=\"\" data-image-caption=\"\" data-large-file=\"https:\/\/www.comuna13online.com.ar\/wp-content\/uploads\/2021\/03\/210317b-02.jpg\" src=\"http:\/\/www.comuna13online.com.ar\/wp-content\/uploads\/2021\/03\/210317b-02.jpg\" alt=\"\" class=\"wp-image-12939\"\/><figcaption><strong><sup>White Lie (Canada, 2019) Direcci\u00f3n, Guion:\u00a0Yonah Lewis, Calvin Thomas<\/sup><\/strong><\/figcaption><\/figure>\n\n\n\n<p>El Ministerio de Cultura de la Ciudad presenta la competencia internacional de la edici\u00f3n 2021 del Buenos Aires Festival Internacional [22] BAFICI. Del 17 al 28 de marzo. Luego de un a\u00f1o in\u00e9dito, signado por la distancia social y el aislamiento, BAFICI propone el tan esperado reencuentro del p\u00fablico con el cine, transform\u00e1ndose adem\u00e1s en una herramienta indispensable para el incentivo y la reactivaci\u00f3n del sector. Por primera vez, la competencia principal del Bafici incluye cortometrajes a la par de largometrajes innovadores de directores en los inicios de sus carreras. Durante 12 d\u00edas, grandes y chicos podr\u00e1n disfrutar gratis, de manera segura y siguiendo los protocolos sanitarios correspondientes, de una selecci\u00f3n de pel\u00edculas que re\u00fane el cine m\u00e1s singular de todo el mundo, ese que no suele encontrar exhibici\u00f3n en los circuitos de exhibici\u00f3n comerciales (ni tampoco en muchos de los que se presentan como alternativos). \u00a0<\/p>\n\n\n\n<p>Como en cada edici\u00f3n, la competencia internacional del Festival se caracteriza por estar conformada por una selecci\u00f3n de pel\u00edculas que re\u00fane el cine m\u00e1s singular de todo el mundo, ese que no suele encontrar exhibici\u00f3n en los circuitos de exhibici\u00f3n comerciales (ni tampoco en muchos de los que se presentan como alternativos). \u00a0<\/p>\n\n\n\n<p>El jurado est\u00e1 integrado por:&nbsp;<strong>Ricardo Bedoya<\/strong>&nbsp;(Per\u00fa), abogado y mag\u00edster en Antropolog\u00eda Visual, y escribe sobre cine en diversas publicaciones. Es miembro del consejo editor de la revista Ventana indiscreta y director art\u00edstico de la Semana del Cine de la Universidad de Lima. Dirige y conduce el programa televisivo El placer de los ojos, y es profesor de la Facultad de Comunicaci\u00f3n de la Universidad de Lima. Administra el blog P\u00e1ginas del diario de Sat\u00e1n, y edita, junto con Jos\u00e9 Carlos Cabrejo, el podcast de cine P\u00e1ginas indiscretas. Ha publicado una variedad de libros, entre los que se destacan 100 a\u00f1os de cine en el Per\u00fa: Una historia cr\u00edtica (1992); Un cine reencontrado: Diccionario ilustrado de las pel\u00edculas peruanas (1997); Ojos bien abiertos: El lenguaje de las im\u00e1genes en movimiento (2001); y El cine latinoamericano del siglo XXI: Tendencias y tratamientos (2020), entre otros.&nbsp;<strong>Anah\u00ed Berneri&nbsp;<\/strong>(Argentina), guionista, productora y directora de cine. Sus pel\u00edculas abordan cuestiones de g\u00e9nero con una mirada realista e intimista. Dirigi\u00f3 los largometrajes Un a\u00f1o sin amor (2005), Encarnaci\u00f3n (2007), Por tu culpa (2010), Aire libre (2014) y Alanis (2017), por el que recibi\u00f3 la Concha de Plata a la Mejor Direcci\u00f3n en el Festival de San Sebasti\u00e1n. Dirigi\u00f3 series para Viacom Argentina y Amazon Prime Brasil. Con su productora Rosaura produjo Implosi\u00f3n, de Javier Van de Couter, que forma parte de la Competencia Argentina de esta edici\u00f3n del festival. Es docente de la ENERC y titular de la c\u00e1tedra de Narrativa Audiovisual de la Universidad Nacional de las Artes. Ha sido jurado de los festivales internacionales de San Sebasti\u00e1n y Zurich, entre otros.&nbsp;<strong>Olivia Cooper-Hadjain&nbsp;<\/strong>(Francia), quien desde 2008 ocupa el rol de curadora y organizadora de destacados festivales alrededor de Francia, incluyendo el Festival des Cin\u00e9mas Diff\u00e9rents de Paris y el \u00c9tats G\u00e9n\u00e9raux du Film Documentaire en Lussas. Es parte del comit\u00e9 de selecci\u00f3n del Cin\u00e9ma du R\u00e9el desde 2014, gerente de programaci\u00f3n de Competitions desde 2017, y programadora de la plataforma T\u00ebnk, dedicada a documentales creativos. Desde 2011 colabora en la revista online Critikat como cr\u00edtica cinematogr\u00e1fica, y desde 2020 forma parte del consejo editorial de la revista Cahiers du Cin\u00e9ma. Es traductora anglo-franc\u00e9s de ensayos y pel\u00edculas.&nbsp;<strong>Gonzalo Garc\u00eda Pelayo&nbsp;<\/strong>(Espa\u00f1a), quien estudi\u00f3 Cine en la Escuela Oficial de Cinematograf\u00eda, la cual tuvo que abandonar debido a la expulsi\u00f3n masiva a causa de la huelga general de estudiantes. Trabaj\u00f3 para Radio Nacional y Radio Popular en programas musicales. Fue productor discogr\u00e1fico de los grupos Triana, Smash, Alameda y Medina Zahara, y de los cantautores Gerena, Pau Riba, Mar\u00eda Jim\u00e9nez y Amancio Prada. Dirigi\u00f3 pel\u00edculas como Manuela (1976), Vivir en Sevilla (1978) y Frente al mar (1979), las dos \u00faltimas exhibidas en el Bafici \u201810. En esta edici\u00f3n del festival se exhibe su \u00faltimo largo, Nueve Sevillas, codirigido con Pedro G. Romero. Y&nbsp;<strong>Cristi\u00e1n S\u00e1nchez&nbsp;<\/strong>(Chile), Director y guionista egresado de la Escuela de Artes de la Comunicaci\u00f3n de la Universidad Cat\u00f3lica. Ha sido merecedor de varias becas y premios a lo largo de su carrera. En 1984 obtuvo la beca DAAD; en 1993 y 1999, la beca Fundaci\u00f3n Andes para la escritura de un gui\u00f3n; recibi\u00f3 premios de la Ford Foundation y del Fondo de Fomento Audiovisual para la finalizaci\u00f3n de pel\u00edculas; y en 2008 obtuvo la beca Tinker para dictar un curso de Cine y Literatura en la Universidad de Stanford. Public\u00f3 Aventura del cuerpo, estudio sobre el pensamiento cinematogr\u00e1fico del director Ra\u00fal Ruiz. Dirigi\u00f3 m\u00e1s de 15 pel\u00edculas, como El zapato chino, Los deseos concebidos y Tiempos malos (Bafici \u201809). En esta edici\u00f3n del festival, presenta La promesa del retorno (2020) y Date una vuelta en el aire (2020), ambas en la Competencia Oficial Americana. &nbsp;<\/p>\n\n\n\n<p>La competencia otorgar\u00e1 el\u00a0<strong>Gran Premio Complejo Teatral Buenos Aires<\/strong>\u00a0con el estreno comercial en la Sala Leopoldo Lugones del Teatro General San Mart\u00edn. Adem\u00e1s, otorgar\u00e1 el<strong>\u00a0Premio Kabinett<\/strong>\u00a0a la\u00a0<strong>Mejor Pel\u00edcula<\/strong>\u00a0con la adquisici\u00f3n para el cat\u00e1logo de la plataforma. Siguiendo con el premio al\u00a0<strong>Mejor corto<\/strong>\u00a0con el estreno comercial en la Sala Leopoldo Lugones, el\u00a0<strong>Premio a la Mejor direcci\u00f3n<\/strong>\u00a0y a la<strong>\u00a0Mejor Actuaci\u00f3n en la Competencia Internacional<\/strong>. \u00a0<\/p>\n\n\n\n<p class=\"has-text-align-center\"><a rel=\"noreferrer noopener\" target=\"_blank\" href=\"https:\/\/vivamoscultura.buenosaires.gob.ar\/contenido\/4187-catalogo-22bafici\"><strong>CAT\u00c1LOGO [22] BAFICI<\/strong><\/a><strong>\u00a0I\u00a0<\/strong><a rel=\"noreferrer noopener\" target=\"_blank\" href=\"https:\/\/vivamoscultura.buenosaires.gob.ar\/busqueda-inteligente\/contenido\/97-bafici-2021?type=bafici-2021692\"><strong>PROGRAMACI\u00d3N<\/strong><\/a><\/p>\n\n\n\n<p><strong>Selecci\u00f3n de pel\u00edculas: &nbsp;<\/strong><\/p>\n\n\n\n<p><em>Orphea<\/em>, de Alexander Kluge (Alemania, Filipinas, 2020) \u00a0<br><em>Bah\u00eda Blanca<\/em>, de Rodrigo Caprotti (Argentina, 2021) \u00a0<br><em>Cuando el Olimpo choca con la pampa<\/em>, de Sol Miraglia (Argentina, 2021) \u00a0<br><em>El beso<\/em>, de Federico Luis Tachella (Argentina, 2021) \u00a0<br><em>La vagancia<\/em>, de Ayar Blasco (Argentina, 2021) \u00a0<br><em>Mari<\/em>, de Adriana Yurcovich (Argentina, 2021) \u00a0<br><em>Mi \u00faltima aventura<\/em>, de Ezequiel Salinas (Argentina, 2021) \u00a0<br><em>Yon<\/em>, de B\u00e1rbara Lago (Argentina, 2021) \u00a0<br><em>Migrations<\/em>, de Jerome Peters (B\u00e9lgica, 2020) \u00a0<br><em>O amor dentro da c\u00e2mera<\/em>, de Jamille Fortunaro (Brasil, 2021) \u00a0<br><em>White Lie<\/em>, de Yonah Lewis (Canad\u00e1, 2019) \u00a0<br><em>Dopamina<\/em>, de Natalia Imery Almario (Colombia\/Uruguay\/Argentina, 2019) \u00a0<br><em>Opera<\/em>, de Erick Oh (Corea del Sur\/Estados Unidos, 2020) \u00a0<br><em>Self-portrait 2020<\/em>, de Dangwoo Lee (Corea del Sur, 2020) \u00a0<br><em>Monty and the Street Party<\/em>\u00a0, de Mikael Wulff (Dinamarca\/B\u00e9lgica\/Suecia, 2020) \u00a0<br><em>What We Don\u2019t Know About Mariam<\/em>, de Morad Mostafa (Egipto, 2021) \u00a0<br><em>El planeta<\/em>, de Amalia Ulman (Espa\u00f1a, 2021) \u00a0<br><em>La espada me la ha regalado<\/em>, de Miriam Mart\u00edn (Espa\u00f1a, 2019) \u00a0<br><em>Os corpos<\/em>, de Eloy Dom\u00ednguez Ser\u00e9n (Espa\u00f1a, 2020) \u00a0<br><em>Cryptozoo<\/em>, de Dash Shaw (Estados Unidos, 2021) \u00a0<br><em>Jesus Shows You The Way To The Highway<\/em>, de Miguel Llans\u00f3 (Internacional, 2019) \u00a0<br><em>The Old Man Movie<\/em>, de Oskar Lehemma (Estonia, 2019) \u00a0<br><em>Hide<\/em>, de Daniel Gray (Francia\/Hungr\u00eda\/Canad\u00e1, 2020) \u00a0<br><em>Club Internacional Aguerridos<\/em>, de Leandro C\u00f3rdova (M\u00e9xico, 2019) \u00a0<br><em>Mermaid on Board<\/em>, de Miko Stopar (Noruega\/Argentina, 2021) \u00a0<br><em>Catavento<\/em>, de Jo\u00e3o Rosas (Portugal, 2020) \u00a0<br><em>\u00a1Communists!<\/em>, de Christopher Small (Reino Unido, 2021) \u00a0<br><em>The Rebirthing Club<\/em>, de Valentina Carrasco Thayer (Reino Unido, 2021) \u00a0<br><em>Ant Hill<\/em>, de Marek N\u00e1prstek (Rep\u00fablica Checa, 2020) \u00a0<br><em>Mikrotron<\/em>, de Petr Michal (Rep\u00fablica Checa, 2021) \u00a0<br><em>The Nose or Conspiracy of Mavericks<\/em>, de Andrei Khrzhanovsky (Rusia, 2019) \u00a0<br><em>Las fuerzas inmanentes<\/em>, de Mauro Movia (Serbia\/Argentina, 2021) \u00a0<br><em>Montevideo vampiro<\/em>, de Cristhian Orta (Uruguay, 2021) \u00a0<\/p>\n\n\n\n<p><strong>Entradas:\u00a0<\/strong>Las entradas son gratuitas y con reserva previa online, en la web\u00a0<a rel=\"noreferrer noopener\" target=\"_blank\" href=\"https:\/\/www.buenosaires.gob.ar\/festivalesba\"><strong>buenosaires.gob.ar\/festivalesba<\/strong><\/a>. \u00a0<\/p>\n\n\n\n<p><strong>Para los eventos presenciales:\u00a0<\/strong>Todas las entradas de esta edici\u00f3n del Festival son gratuitas, con reserva online previa. \u00a0<br>La reserva de entradas se habilita siempre dos d\u00edas antes del evento (48hs.) en\u00a0<strong><a rel=\"noreferrer noopener\" href=\"https:\/\/www.buenosaires.gob.ar\/festivalesba\" target=\"_blank\">buenosaires.gob.ar\/festivales<\/a><\/strong><br>Se podr\u00e1 reservar 1 (una) entrada por persona por funci\u00f3n.\u00a0\u00a0No se permitir\u00e1 el ingreso una vez comenzada la funci\u00f3n.\u00a0\u00a0<\/p>\n\n\n\n<p><strong>Para los eventos virtuales y digitales:\u00a0<\/strong>Todos los eventos que forman parte de la programaci\u00f3n en la plataforma Vivamos Cultura pueden ser disfrutados por 72 horas despu\u00e9s de su estreno presencial, de manera gratuita y tras un breve registro. \u00a0<\/p>\n\n\n\n<figure class=\"wp-block-image size-large is-resized\"><img loading=\"lazy\" decoding=\"async\" data-attachment-id=\"99\" data-permalink=\"https:\/\/www.comuna13online.com.ar\/?attachment_id=99\" data-orig-file=\"https:\/\/www.comuna13online.com.ar\/wp-content\/uploads\/2017\/12\/line.jpg\" data-orig-size=\"678,1\" data-comments-opened=\"0\" data-image-meta=\"{&quot;aperture&quot;:&quot;0&quot;,&quot;credit&quot;:&quot;&quot;,&quot;camera&quot;:&quot;&quot;,&quot;caption&quot;:&quot;&quot;,&quot;created_timestamp&quot;:&quot;0&quot;,&quot;copyright&quot;:&quot;&quot;,&quot;focal_length&quot;:&quot;0&quot;,&quot;iso&quot;:&quot;0&quot;,&quot;shutter_speed&quot;:&quot;0&quot;,&quot;title&quot;:&quot;&quot;,&quot;orientation&quot;:&quot;0&quot;}\" data-image-title=\"line\" data-image-description=\"\" data-image-caption=\"\" data-large-file=\"https:\/\/www.comuna13online.com.ar\/wp-content\/uploads\/2017\/12\/line.jpg\" src=\"http:\/\/www.comuna13online.com.ar\/wp-content\/uploads\/2017\/12\/line.jpg\" alt=\"\" class=\"wp-image-99\" width=\"678\" height=\"1\" srcset=\"https:\/\/www.comuna13online.com.ar\/wp-content\/uploads\/2017\/12\/line.jpg 678w, https:\/\/www.comuna13online.com.ar\/wp-content\/uploads\/2017\/12\/line-150x1.jpg 150w, https:\/\/www.comuna13online.com.ar\/wp-content\/uploads\/2017\/12\/line-326x1.jpg 326w, https:\/\/www.comuna13online.com.ar\/wp-content\/uploads\/2017\/12\/line-80x1.jpg 80w, https:\/\/www.comuna13online.com.ar\/wp-content\/uploads\/2017\/12\/line-272x1.jpg 272w\" sizes=\"auto, (max-width: 678px) 100vw, 678px\" \/><\/figure>\n\n\n\n<figure class=\"wp-block-image size-full\"><img loading=\"lazy\" decoding=\"async\" width=\"678\" height=\"180\" data-attachment-id=\"8918\" data-permalink=\"https:\/\/www.comuna13online.com.ar\/?attachment_id=8918\" data-orig-file=\"https:\/\/www.comuna13online.com.ar\/wp-content\/uploads\/2020\/04\/corona2.jpg\" data-orig-size=\"678,180\" data-comments-opened=\"0\" data-image-meta=\"{&quot;aperture&quot;:&quot;0&quot;,&quot;credit&quot;:&quot;&quot;,&quot;camera&quot;:&quot;&quot;,&quot;caption&quot;:&quot;&quot;,&quot;created_timestamp&quot;:&quot;0&quot;,&quot;copyright&quot;:&quot;&quot;,&quot;focal_length&quot;:&quot;0&quot;,&quot;iso&quot;:&quot;0&quot;,&quot;shutter_speed&quot;:&quot;0&quot;,&quot;title&quot;:&quot;&quot;,&quot;orientation&quot;:&quot;0&quot;}\" data-image-title=\"corona2\" data-image-description=\"\" data-image-caption=\"\" data-large-file=\"https:\/\/www.comuna13online.com.ar\/wp-content\/uploads\/2020\/04\/corona2.jpg\" src=\"http:\/\/www.comuna13online.com.ar\/wp-content\/uploads\/2020\/04\/corona2.jpg\" alt=\"\" class=\"wp-image-8918\"\/><\/figure>\n","protected":false},"excerpt":{"rendered":"<div class=\"mh-excerpt\">Como en cada edici\u00f3n, la competencia internacional del Festival se caracteriza por estar conformada por una selecci\u00f3n de pel\u00edculas que re\u00fane el cine m\u00e1s singular de todo el mundo, ese <a class=\"mh-excerpt-more\" href=\"https:\/\/www.comuna13online.com.ar\/?p=12936\" title=\"BAFICI 2021: La competencia internacional\">[&#8230;]<\/a><\/div>\n","protected":false},"author":1,"featured_media":12940,"comment_status":"closed","ping_status":"closed","sticky":false,"template":"","format":"standard","meta":{"_uag_custom_page_level_css":"","_jetpack_memberships_contains_paid_content":false,"footnotes":"","jetpack_publicize_message":"","jetpack_publicize_feature_enabled":true,"jetpack_social_post_already_shared":true,"jetpack_social_options":{"image_generator_settings":{"template":"highway","default_image_id":0,"font":"","enabled":false},"version":2}},"categories":[151],"tags":[152,143,153,250,296,71],"class_list":{"0":"post-12936","1":"post","2":"type-post","3":"status-publish","4":"format-standard","5":"has-post-thumbnail","7":"category-festivales","8":"tag-bafici","9":"tag-cine","10":"tag-festivales","11":"tag-h2","12":"tag-h3","13":"tag-tiempo-libre"},"jetpack_publicize_connections":[],"jetpack_featured_media_url":"https:\/\/www.comuna13online.com.ar\/wp-content\/uploads\/2021\/03\/210317b-id.jpg","uagb_featured_image_src":{"full":["https:\/\/www.comuna13online.com.ar\/wp-content\/uploads\/2021\/03\/210317b-id.jpg",678,452,false],"thumbnail":["https:\/\/www.comuna13online.com.ar\/wp-content\/uploads\/2021\/03\/210317b-id.jpg",128,85,false],"medium":["https:\/\/www.comuna13online.com.ar\/wp-content\/uploads\/2021\/03\/210317b-id.jpg",678,452,false],"medium_large":["https:\/\/www.comuna13online.com.ar\/wp-content\/uploads\/2021\/03\/210317b-id.jpg",678,452,false],"large":["https:\/\/www.comuna13online.com.ar\/wp-content\/uploads\/2021\/03\/210317b-id.jpg",678,452,false],"1536x1536":["https:\/\/www.comuna13online.com.ar\/wp-content\/uploads\/2021\/03\/210317b-id.jpg",678,452,false],"2048x2048":["https:\/\/www.comuna13online.com.ar\/wp-content\/uploads\/2021\/03\/210317b-id.jpg",678,452,false],"mh-magazine-slider":["https:\/\/www.comuna13online.com.ar\/wp-content\/uploads\/2021\/03\/210317b-id-678x438.jpg",678,438,true],"mh-magazine-content":["https:\/\/www.comuna13online.com.ar\/wp-content\/uploads\/2021\/03\/210317b-id-678x381.jpg",678,381,true],"mh-magazine-large":["https:\/\/www.comuna13online.com.ar\/wp-content\/uploads\/2021\/03\/210317b-id.jpg",678,452,false],"mh-magazine-medium":["https:\/\/www.comuna13online.com.ar\/wp-content\/uploads\/2021\/03\/210317b-id-326x245.jpg",326,245,true],"mh-magazine-small":["https:\/\/www.comuna13online.com.ar\/wp-content\/uploads\/2021\/03\/210317b-id-80x60.jpg",80,60,true],"sow-carousel-default":["https:\/\/www.comuna13online.com.ar\/wp-content\/uploads\/2021\/03\/210317b-id-272x182.jpg",272,182,true]},"uagb_author_info":{"display_name":"Comuna13","author_link":"https:\/\/www.comuna13online.com.ar\/?author=1"},"uagb_comment_info":0,"uagb_excerpt":"Como en cada edici\u00f3n, la competencia internacional del Festival se caracteriza por estar conformada por una selecci\u00f3n de pel\u00edculas que re\u00fane el cine m\u00e1s singular de todo el mundo, ese [...]","jetpack_sharing_enabled":true,"_links":{"self":[{"href":"https:\/\/www.comuna13online.com.ar\/index.php?rest_route=\/wp\/v2\/posts\/12936","targetHints":{"allow":["GET"]}}],"collection":[{"href":"https:\/\/www.comuna13online.com.ar\/index.php?rest_route=\/wp\/v2\/posts"}],"about":[{"href":"https:\/\/www.comuna13online.com.ar\/index.php?rest_route=\/wp\/v2\/types\/post"}],"author":[{"embeddable":true,"href":"https:\/\/www.comuna13online.com.ar\/index.php?rest_route=\/wp\/v2\/users\/1"}],"replies":[{"embeddable":true,"href":"https:\/\/www.comuna13online.com.ar\/index.php?rest_route=%2Fwp%2Fv2%2Fcomments&post=12936"}],"version-history":[{"count":0,"href":"https:\/\/www.comuna13online.com.ar\/index.php?rest_route=\/wp\/v2\/posts\/12936\/revisions"}],"wp:featuredmedia":[{"embeddable":true,"href":"https:\/\/www.comuna13online.com.ar\/index.php?rest_route=\/wp\/v2\/media\/12940"}],"wp:attachment":[{"href":"https:\/\/www.comuna13online.com.ar\/index.php?rest_route=%2Fwp%2Fv2%2Fmedia&parent=12936"}],"wp:term":[{"taxonomy":"category","embeddable":true,"href":"https:\/\/www.comuna13online.com.ar\/index.php?rest_route=%2Fwp%2Fv2%2Fcategories&post=12936"},{"taxonomy":"post_tag","embeddable":true,"href":"https:\/\/www.comuna13online.com.ar\/index.php?rest_route=%2Fwp%2Fv2%2Ftags&post=12936"}],"curies":[{"name":"wp","href":"https:\/\/api.w.org\/{rel}","templated":true}]}}