{"id":12749,"date":"2021-02-25T13:04:34","date_gmt":"2021-02-25T16:04:34","guid":{"rendered":"http:\/\/www.comuna13online.com.ar\/?p=12749"},"modified":"2021-02-25T13:04:40","modified_gmt":"2021-02-25T16:04:40","slug":"autorizan-la-reapertura-de-los-cines-en-la-ciudad","status":"publish","type":"post","link":"https:\/\/www.comuna13online.com.ar\/?p=12749","title":{"rendered":"Autorizan la reapertura de los cines en la Ciudad"},"content":{"rendered":"\n<p><strong>El Gobierno Nacional habilito la reapertura de las salas de cine, con distanciamiento entre grupos de personas no vinculadas, uso de barbijo obligatorio y 30% de ocupaci\u00f3n de la sala.<\/strong><\/p>\n\n\n\n<figure class=\"wp-block-image size-large\"><img loading=\"lazy\" decoding=\"async\" width=\"678\" height=\"407\" data-attachment-id=\"12750\" data-permalink=\"https:\/\/www.comuna13online.com.ar\/?attachment_id=12750\" data-orig-file=\"https:\/\/www.comuna13online.com.ar\/wp-content\/uploads\/2021\/02\/210225b-01.jpg\" data-orig-size=\"678,407\" data-comments-opened=\"0\" data-image-meta=\"{&quot;aperture&quot;:&quot;0&quot;,&quot;credit&quot;:&quot;&quot;,&quot;camera&quot;:&quot;&quot;,&quot;caption&quot;:&quot;&quot;,&quot;created_timestamp&quot;:&quot;0&quot;,&quot;copyright&quot;:&quot;&quot;,&quot;focal_length&quot;:&quot;0&quot;,&quot;iso&quot;:&quot;0&quot;,&quot;shutter_speed&quot;:&quot;0&quot;,&quot;title&quot;:&quot;&quot;,&quot;orientation&quot;:&quot;0&quot;}\" data-image-title=\"210225b-01\" data-image-description=\"\" data-image-caption=\"\" data-large-file=\"https:\/\/www.comuna13online.com.ar\/wp-content\/uploads\/2021\/02\/210225b-01.jpg\" src=\"http:\/\/www.comuna13online.com.ar\/wp-content\/uploads\/2021\/02\/210225b-01.jpg\" alt=\"\" class=\"wp-image-12750\"\/><\/figure>\n\n\n\n<p>Tras casi un a\u00f1o de su cierre por la pandemia, el Gobierno Nacional habilit\u00f3 este jueves la apertura de los cines en la Ciudad de Buenos Aires con estrictos protocolos y una capacidad limitada de ocupaci\u00f3n.<\/p>\n\n\n\n<p>Para prevenir contagios, se estableci\u00f3 dentro de cada una de las salas de cine la ocupaci\u00f3n de \u201cburbujas sociales de recreaci\u00f3n\u201d defini\u00e9ndose las mismas como espacios compartidos de proximidad entre personas que concurren conjuntamente al establecimiento y que no deben integrar durante la realizaci\u00f3n del mismo evento otra \u201cburbuja social de recreaci\u00f3n\u201d. De esta forma se permite \u201ccompartir un mismo espacio en un ambiente controlado\u201d, dado que \u201cse mantiene la distancia entre grupos de personas no vinculadas\u201d.<\/p>\n\n\n\n<h4 class=\"wp-block-heading\">Protocolo sanitario para el p\u00fablico que asiste a los cines\u00a0<\/h4>\n\n\n\n<ul class=\"wp-block-list\"><li>A cada persona que ingrese le tomar\u00e1n la temperatura.<\/li><li>El uso del barbijo o tapaboca es obligatorio.<\/li><li>El p\u00fablico deber\u00e1 solicitar DDJJ a los eventuales proveedores, donde los mismos deber\u00e1n manifestar datos personales y declaraci\u00f3n de ausencia de sintomatolog\u00eda. En caso de ser posible, se promover\u00e1 que la misma sea realizada de manera digital.<\/li><li>Se indagar\u00e1, en la entrada del establecimiento, acerca de presencia\/ausencia de sintomatolog\u00eda relacionada con caso sospechoso de COVID-19.<\/li><li>No se permitir\u00e1 el desplazamiento de p\u00fablico durante el espect\u00e1culo.<\/li><li>El uso de tapabocas es obligatorio. No hay que\u00a0llevarse las manos a la cara, hay que desinfectar con jab\u00f3n, detergente y\/o alcohol los objetos que se usan con frecuencia.<\/li><li>Los\/as asistentes del p\u00fablico deber\u00e1n mostrar la declaraci\u00f3n jurada de salud vigente (mediante formulario online, o sistema equivalente) y se deber\u00e1 instalar Instalar de forma visible en las \u00e1reas p\u00fablicas dispensadores de alcohol en gel o soluci\u00f3n de alcohol al 70 %.<\/li><li>Dentro de cada establecimiento cinematogr\u00e1fico se deber\u00e1 realizar una marcaci\u00f3n sobre el piso y\/o utilizando otros elementos identificatorios a fin de indicar a cada asistente la debida distancia que debe respetar.<\/li><li>Se permite el servicio gastron\u00f3mico y de Candy Bar, el cual deber\u00e1 adecuar su funcionamiento a lo establecido en los protocolos aprobados para el desarrollo de su actividad.<\/li><li>Se establece dentro de cada una de las salas de cine la ocupaci\u00f3n de \u201cburbujas sociales de recreaci\u00f3n\u201d defini\u00e9ndose las mismas como espacios compartidos de proximidad entre personas que concurren conjuntamente al establecimiento y que no deben integrar -durante la realizaci\u00f3n del mismo evento-otra\u00a0<strong>\u201cburbuja social de recreaci\u00f3n<\/strong>\u201d. La \u201c<strong>burbuja social de recreaci\u00f3n\u201d<\/strong>, permite, entonces, compartir un mismo espacio en un ambiente controlado, dado que se mantiene la distancia entre grupos de personas no vinculadas. Las \u201c<strong>burbujas sociales de recreaci\u00f3n<\/strong>\u201d no podr\u00e1n ser superiores a 6 (SEIS) personas y estar\u00e1n conformadas por butacas contiguas. La distancia entre butacas ocupadas deber\u00e1 ser de 1,5 metros a 2 metros, como m\u00ednimo. Esto puede realizarse con un esquema de ocupaci\u00f3n donde por cada butaca ocupada o butacas ocupadas por la burbuja social\u00a0<strong>deber\u00e1n dejarse 2 (DOS) butacas fijas libres a los lados de cada burbuja<\/strong>. Tambi\u00e9n deber\u00e1n estar libres las butacas que se encuentren inmediatamente adelante e inmediatamente detr\u00e1s de cada butaca ocupada. Este concepto podr\u00e1 variar seg\u00fan la evoluci\u00f3n sanitaria.<\/li><\/ul>\n\n\n\n<figure class=\"wp-block-image size-large is-resized\"><img loading=\"lazy\" decoding=\"async\" data-attachment-id=\"99\" data-permalink=\"https:\/\/www.comuna13online.com.ar\/?attachment_id=99\" data-orig-file=\"https:\/\/www.comuna13online.com.ar\/wp-content\/uploads\/2017\/12\/line.jpg\" data-orig-size=\"678,1\" data-comments-opened=\"0\" data-image-meta=\"{&quot;aperture&quot;:&quot;0&quot;,&quot;credit&quot;:&quot;&quot;,&quot;camera&quot;:&quot;&quot;,&quot;caption&quot;:&quot;&quot;,&quot;created_timestamp&quot;:&quot;0&quot;,&quot;copyright&quot;:&quot;&quot;,&quot;focal_length&quot;:&quot;0&quot;,&quot;iso&quot;:&quot;0&quot;,&quot;shutter_speed&quot;:&quot;0&quot;,&quot;title&quot;:&quot;&quot;,&quot;orientation&quot;:&quot;0&quot;}\" data-image-title=\"line\" data-image-description=\"\" data-image-caption=\"\" data-large-file=\"https:\/\/www.comuna13online.com.ar\/wp-content\/uploads\/2017\/12\/line.jpg\" src=\"http:\/\/www.comuna13online.com.ar\/wp-content\/uploads\/2017\/12\/line.jpg\" alt=\"\" class=\"wp-image-99\" width=\"678\" height=\"1\" srcset=\"https:\/\/www.comuna13online.com.ar\/wp-content\/uploads\/2017\/12\/line.jpg 678w, https:\/\/www.comuna13online.com.ar\/wp-content\/uploads\/2017\/12\/line-150x1.jpg 150w, https:\/\/www.comuna13online.com.ar\/wp-content\/uploads\/2017\/12\/line-326x1.jpg 326w, https:\/\/www.comuna13online.com.ar\/wp-content\/uploads\/2017\/12\/line-80x1.jpg 80w, https:\/\/www.comuna13online.com.ar\/wp-content\/uploads\/2017\/12\/line-272x1.jpg 272w\" sizes=\"auto, (max-width: 678px) 100vw, 678px\" \/><\/figure>\n\n\n\n<figure class=\"wp-block-image size-full\"><img loading=\"lazy\" decoding=\"async\" width=\"678\" height=\"180\" data-attachment-id=\"8918\" data-permalink=\"https:\/\/www.comuna13online.com.ar\/?attachment_id=8918\" data-orig-file=\"https:\/\/www.comuna13online.com.ar\/wp-content\/uploads\/2020\/04\/corona2.jpg\" data-orig-size=\"678,180\" data-comments-opened=\"0\" data-image-meta=\"{&quot;aperture&quot;:&quot;0&quot;,&quot;credit&quot;:&quot;&quot;,&quot;camera&quot;:&quot;&quot;,&quot;caption&quot;:&quot;&quot;,&quot;created_timestamp&quot;:&quot;0&quot;,&quot;copyright&quot;:&quot;&quot;,&quot;focal_length&quot;:&quot;0&quot;,&quot;iso&quot;:&quot;0&quot;,&quot;shutter_speed&quot;:&quot;0&quot;,&quot;title&quot;:&quot;&quot;,&quot;orientation&quot;:&quot;0&quot;}\" data-image-title=\"corona2\" data-image-description=\"\" data-image-caption=\"\" data-large-file=\"https:\/\/www.comuna13online.com.ar\/wp-content\/uploads\/2020\/04\/corona2.jpg\" src=\"http:\/\/www.comuna13online.com.ar\/wp-content\/uploads\/2020\/04\/corona2.jpg\" alt=\"\" class=\"wp-image-8918\"\/><\/figure>\n","protected":false},"excerpt":{"rendered":"<div class=\"mh-excerpt\">El Gobierno Nacional habilito la reapertura de las salas de cine, con distanciamiento entre grupos de personas no vinculadas, uso de barbijo obligatorio y 30% de ocupaci\u00f3n de la sala. <a class=\"mh-excerpt-more\" href=\"https:\/\/www.comuna13online.com.ar\/?p=12749\" title=\"Autorizan la reapertura de los cines en la Ciudad\">[&#8230;]<\/a><\/div>\n","protected":false},"author":1,"featured_media":12751,"comment_status":"closed","ping_status":"closed","sticky":false,"template":"","format":"standard","meta":{"_uag_custom_page_level_css":"","_jetpack_memberships_contains_paid_content":false,"footnotes":"","jetpack_publicize_message":"","jetpack_publicize_feature_enabled":true,"jetpack_social_post_already_shared":true,"jetpack_social_options":{"image_generator_settings":{"template":"highway","default_image_id":0,"font":"","enabled":false},"version":2}},"categories":[142],"tags":[143,246,250,296,71],"class_list":{"0":"post-12749","1":"post","2":"type-post","3":"status-publish","4":"format-standard","5":"has-post-thumbnail","7":"category-cine","8":"tag-cine","9":"tag-h1","10":"tag-h2","11":"tag-h3","12":"tag-tiempo-libre"},"jetpack_publicize_connections":[],"jetpack_featured_media_url":"https:\/\/www.comuna13online.com.ar\/wp-content\/uploads\/2021\/02\/210225b-id.jpg","uagb_featured_image_src":{"full":["https:\/\/www.comuna13online.com.ar\/wp-content\/uploads\/2021\/02\/210225b-id.jpg",1030,452,false],"thumbnail":["https:\/\/www.comuna13online.com.ar\/wp-content\/uploads\/2021\/02\/210225b-id.jpg",128,56,false],"medium":["https:\/\/www.comuna13online.com.ar\/wp-content\/uploads\/2021\/02\/210225b-id.jpg",1030,452,false],"medium_large":["https:\/\/www.comuna13online.com.ar\/wp-content\/uploads\/2021\/02\/210225b-id-768x337.jpg",768,337,true],"large":["https:\/\/www.comuna13online.com.ar\/wp-content\/uploads\/2021\/02\/210225b-id.jpg",1030,452,false],"1536x1536":["https:\/\/www.comuna13online.com.ar\/wp-content\/uploads\/2021\/02\/210225b-id.jpg",1030,452,false],"2048x2048":["https:\/\/www.comuna13online.com.ar\/wp-content\/uploads\/2021\/02\/210225b-id.jpg",1030,452,false],"mh-magazine-slider":["https:\/\/www.comuna13online.com.ar\/wp-content\/uploads\/2021\/02\/210225b-id-1030x438.jpg",1030,438,true],"mh-magazine-content":["https:\/\/www.comuna13online.com.ar\/wp-content\/uploads\/2021\/02\/210225b-id-678x381.jpg",678,381,true],"mh-magazine-large":["https:\/\/www.comuna13online.com.ar\/wp-content\/uploads\/2021\/02\/210225b-id-678x452.jpg",678,452,true],"mh-magazine-medium":["https:\/\/www.comuna13online.com.ar\/wp-content\/uploads\/2021\/02\/210225b-id-326x245.jpg",326,245,true],"mh-magazine-small":["https:\/\/www.comuna13online.com.ar\/wp-content\/uploads\/2021\/02\/210225b-id-80x60.jpg",80,60,true],"sow-carousel-default":["https:\/\/www.comuna13online.com.ar\/wp-content\/uploads\/2021\/02\/210225b-id-272x182.jpg",272,182,true]},"uagb_author_info":{"display_name":"Comuna13","author_link":"https:\/\/www.comuna13online.com.ar\/?author=1"},"uagb_comment_info":0,"uagb_excerpt":"El Gobierno Nacional habilito la reapertura de las salas de cine, con distanciamiento entre grupos de personas no vinculadas, uso de barbijo obligatorio y 30% de ocupaci\u00f3n de la sala. [...]","jetpack_sharing_enabled":true,"_links":{"self":[{"href":"https:\/\/www.comuna13online.com.ar\/index.php?rest_route=\/wp\/v2\/posts\/12749","targetHints":{"allow":["GET"]}}],"collection":[{"href":"https:\/\/www.comuna13online.com.ar\/index.php?rest_route=\/wp\/v2\/posts"}],"about":[{"href":"https:\/\/www.comuna13online.com.ar\/index.php?rest_route=\/wp\/v2\/types\/post"}],"author":[{"embeddable":true,"href":"https:\/\/www.comuna13online.com.ar\/index.php?rest_route=\/wp\/v2\/users\/1"}],"replies":[{"embeddable":true,"href":"https:\/\/www.comuna13online.com.ar\/index.php?rest_route=%2Fwp%2Fv2%2Fcomments&post=12749"}],"version-history":[{"count":0,"href":"https:\/\/www.comuna13online.com.ar\/index.php?rest_route=\/wp\/v2\/posts\/12749\/revisions"}],"wp:featuredmedia":[{"embeddable":true,"href":"https:\/\/www.comuna13online.com.ar\/index.php?rest_route=\/wp\/v2\/media\/12751"}],"wp:attachment":[{"href":"https:\/\/www.comuna13online.com.ar\/index.php?rest_route=%2Fwp%2Fv2%2Fmedia&parent=12749"}],"wp:term":[{"taxonomy":"category","embeddable":true,"href":"https:\/\/www.comuna13online.com.ar\/index.php?rest_route=%2Fwp%2Fv2%2Fcategories&post=12749"},{"taxonomy":"post_tag","embeddable":true,"href":"https:\/\/www.comuna13online.com.ar\/index.php?rest_route=%2Fwp%2Fv2%2Ftags&post=12749"}],"curies":[{"name":"wp","href":"https:\/\/api.w.org\/{rel}","templated":true}]}}