{"id":12747,"date":"2021-02-25T12:58:51","date_gmt":"2021-02-25T15:58:51","guid":{"rendered":"http:\/\/www.comuna13online.com.ar\/?p=12747"},"modified":"2021-02-25T12:59:05","modified_gmt":"2021-02-25T15:59:05","slug":"subtes-taxis-y-estacionamiento-medido-los-aumentos-que-vienen","status":"publish","type":"post","link":"https:\/\/www.comuna13online.com.ar\/?p=12747","title":{"rendered":"Subtes, taxis y estacionamiento medido, los aumentos que vienen"},"content":{"rendered":"\n<p><strong>A pesar del fuerte rechazo, el gobierno porte\u00f1o avanza con el en la tarifa del subte y del estacionamiento medido que se suma al de los Taxis y la VTV.<\/strong><\/p>\n\n\n\n<p>Subtes, taxis, VTV y estacionamiento\u00a0medido, un fuerte golpe al bolsillo de los porte\u00f1os, tras las audiencias p\u00fablicas correspondientes, el Gobierno de Rodr\u00edguez Larreta ya tiene definido los incrementos en las tarifas que comenzar\u00e1n a regir durante el mes de marzo.<\/p>\n\n\n\n<h4 class=\"wp-block-heading\"><strong>SUBTE<\/strong><\/h4>\n\n\n\n<p>El pasado tuvo lugar la audiencia p\u00fablica\u00a0convocada por el Gobierno porte\u00f1o\u00a0para incrementar la tarifa del Subte, all\u00ed, la titular de Subterr\u00e1neos de Buenos Aires SE (Sbase), Manuela L\u00f3pez Men\u00e9ndez, propuso elevar\u00a0<strong>la tarifa en un 43%, de $21 a $25,50 en marzo y luego llevarla a $30<\/strong>, en tanto que el <strong>premetro<\/strong> pasar\u00eda de <strong>$7,50 a $9,10 y luego a $10,70.-<\/strong><\/p>\n\n\n\n<p><em>\u201cTenemos que actualizar la tarifa para seguir prestando un buen servicio al usuario y para lograr un equilibrio entre lo que el Estado aporta como subsidio y la sustentabilidad del sistema\u201d<\/em>, argument\u00f3 Men\u00e9ndez<\/p>\n\n\n\n<p>El defensor adjunto del Pueblo de la Ciudad, Arturo Pozzali, se mostro preocupado por <em>\u201cel impacto que el aumento tendr\u00e1, ya que una persona que va a trabajar en el subte har\u00e1 unos 50 viajes en el mes, por lo que va a tener comprometido el 6% de su salario a partir de la nueva tarifa\u201d<\/em>.<\/p>\n\n\n\n<p>Un incremento de semejante magnitud podr\u00eda provocar un \u00e9xodo de pasajeros hac\u00eda el colectivo, dado que la brecha en el costo del viaje pasar\u00e1 a ser de $12, $18 el pasaje del colectivo contra $30 el subte.<\/p>\n\n\n\n<h4 class=\"wp-block-heading\"><strong>TAXIS<\/strong><\/h4>\n\n\n\n<p>El costo del viaje taxi<strong> subir\u00e1\u00a0un 44%<\/strong> en dos etapas: el primer ajuste ser\u00e1 en febrero donde la la <strong>ficha diurna pase de $5,95 a $7,14 <\/strong>y la <strong>bajada de bandera a $71,40<\/strong>, en tanto que la <strong>ficha nocturna ascender\u00e1 a $8,57<\/strong>.<\/p>\n\n\n\n<p>La segunda\u00a0ser\u00e1\u00a0<strong>en abril<\/strong>, cuando la <strong>ficha diurna pase a $8,57<\/strong>, la <strong>bajada de bandera $85,70<\/strong> y la<strong> ficha nocturna<\/strong> pasar\u00e1 a costar <strong>$10,28<\/strong>.<\/p>\n\n\n\n<h4 class=\"wp-block-heading\"><strong>VTV<\/strong><\/h4>\n\n\n\n<p>En incremento del costo de la\u00a0Verificaci\u00f3n T\u00e9cnica Vehicular ser\u00e1 del 45%, de esta manera <strong>para los autos el precio subir\u00e1 de $1838 a $ 2665, <\/strong>en tanto que<strong> para las motos subir\u00e1 de $ 691 a $ 1002<\/strong>.<\/p>\n\n\n\n<h4 class=\"wp-block-heading\"><strong>ESTACIONAMIENTO MEDIDO<\/strong><\/h4>\n\n\n\n<p>Estacionar gratis o barato en la Ciudad ser\u00e1 m\u00e1s dif\u00edcil, ya que adem\u00e1s del aumento en el costo de la hora de estacionamiento, la Legislatura aprob\u00f3 a fines del a\u00f1o pasado la ampliaci\u00f3n de los los lugares para estacionamiento medido de 4 mil a casi 80 mil.<\/p>\n\n\n\n<p><strong>El aumento de la hora ser\u00e1 del 100%, pasar\u00e1 de $15 a $30<\/strong> y comenzar\u00e1 a regir no bien vuelva a estar vigente el estacionamiento medido. Cabe recordar que por la pandemia el estacionamiento en la Ciudad funciona todos los d\u00edas como si fuera un domingo.<\/p>\n\n\n\n<figure class=\"wp-block-image size-large is-resized\"><img loading=\"lazy\" decoding=\"async\" data-attachment-id=\"99\" data-permalink=\"https:\/\/www.comuna13online.com.ar\/?attachment_id=99\" data-orig-file=\"https:\/\/www.comuna13online.com.ar\/wp-content\/uploads\/2017\/12\/line.jpg\" data-orig-size=\"678,1\" data-comments-opened=\"0\" data-image-meta=\"{&quot;aperture&quot;:&quot;0&quot;,&quot;credit&quot;:&quot;&quot;,&quot;camera&quot;:&quot;&quot;,&quot;caption&quot;:&quot;&quot;,&quot;created_timestamp&quot;:&quot;0&quot;,&quot;copyright&quot;:&quot;&quot;,&quot;focal_length&quot;:&quot;0&quot;,&quot;iso&quot;:&quot;0&quot;,&quot;shutter_speed&quot;:&quot;0&quot;,&quot;title&quot;:&quot;&quot;,&quot;orientation&quot;:&quot;0&quot;}\" data-image-title=\"line\" data-image-description=\"\" data-image-caption=\"\" data-large-file=\"https:\/\/www.comuna13online.com.ar\/wp-content\/uploads\/2017\/12\/line.jpg\" src=\"http:\/\/www.comuna13online.com.ar\/wp-content\/uploads\/2017\/12\/line.jpg\" alt=\"\" class=\"wp-image-99\" width=\"678\" height=\"1\" srcset=\"https:\/\/www.comuna13online.com.ar\/wp-content\/uploads\/2017\/12\/line.jpg 678w, https:\/\/www.comuna13online.com.ar\/wp-content\/uploads\/2017\/12\/line-150x1.jpg 150w, https:\/\/www.comuna13online.com.ar\/wp-content\/uploads\/2017\/12\/line-326x1.jpg 326w, https:\/\/www.comuna13online.com.ar\/wp-content\/uploads\/2017\/12\/line-80x1.jpg 80w, https:\/\/www.comuna13online.com.ar\/wp-content\/uploads\/2017\/12\/line-272x1.jpg 272w\" sizes=\"auto, (max-width: 678px) 100vw, 678px\" \/><\/figure>\n\n\n\n<figure class=\"wp-block-image size-full\"><img loading=\"lazy\" decoding=\"async\" width=\"678\" height=\"180\" data-attachment-id=\"8918\" data-permalink=\"https:\/\/www.comuna13online.com.ar\/?attachment_id=8918\" data-orig-file=\"https:\/\/www.comuna13online.com.ar\/wp-content\/uploads\/2020\/04\/corona2.jpg\" data-orig-size=\"678,180\" data-comments-opened=\"0\" data-image-meta=\"{&quot;aperture&quot;:&quot;0&quot;,&quot;credit&quot;:&quot;&quot;,&quot;camera&quot;:&quot;&quot;,&quot;caption&quot;:&quot;&quot;,&quot;created_timestamp&quot;:&quot;0&quot;,&quot;copyright&quot;:&quot;&quot;,&quot;focal_length&quot;:&quot;0&quot;,&quot;iso&quot;:&quot;0&quot;,&quot;shutter_speed&quot;:&quot;0&quot;,&quot;title&quot;:&quot;&quot;,&quot;orientation&quot;:&quot;0&quot;}\" data-image-title=\"corona2\" data-image-description=\"\" data-image-caption=\"\" data-large-file=\"https:\/\/www.comuna13online.com.ar\/wp-content\/uploads\/2020\/04\/corona2.jpg\" src=\"http:\/\/www.comuna13online.com.ar\/wp-content\/uploads\/2020\/04\/corona2.jpg\" alt=\"\" class=\"wp-image-8918\"\/><\/figure>\n","protected":false},"excerpt":{"rendered":"<div class=\"mh-excerpt\">A pesar del fuerte rechazo, el gobierno porte\u00f1o avanza con el en la tarifa del subte y del estacionamiento medido que se suma al de los Taxis y la VTV. <a class=\"mh-excerpt-more\" href=\"https:\/\/www.comuna13online.com.ar\/?p=12747\" title=\"Subtes, taxis y estacionamiento medido, los aumentos que vienen\">[&#8230;]<\/a><\/div>\n","protected":false},"author":1,"featured_media":12748,"comment_status":"closed","ping_status":"closed","sticky":false,"template":"","format":"standard","meta":{"_uag_custom_page_level_css":"","_jetpack_memberships_contains_paid_content":false,"footnotes":"","jetpack_publicize_message":"","jetpack_publicize_feature_enabled":true,"jetpack_social_post_already_shared":true,"jetpack_social_options":{"image_generator_settings":{"template":"highway","default_image_id":0,"font":"","enabled":false},"version":2}},"categories":[61],"tags":[246,250,296,25,56],"class_list":{"0":"post-12747","1":"post","2":"type-post","3":"status-publish","4":"format-standard","5":"has-post-thumbnail","7":"category-tarifas","8":"tag-h1","9":"tag-h2","10":"tag-h3","11":"tag-inflacion","12":"tag-tarifas"},"jetpack_publicize_connections":[],"jetpack_featured_media_url":"https:\/\/www.comuna13online.com.ar\/wp-content\/uploads\/2021\/02\/210225a-id.jpg","uagb_featured_image_src":{"full":["https:\/\/www.comuna13online.com.ar\/wp-content\/uploads\/2021\/02\/210225a-id.jpg",1030,452,false],"thumbnail":["https:\/\/www.comuna13online.com.ar\/wp-content\/uploads\/2021\/02\/210225a-id.jpg",128,56,false],"medium":["https:\/\/www.comuna13online.com.ar\/wp-content\/uploads\/2021\/02\/210225a-id.jpg",1030,452,false],"medium_large":["https:\/\/www.comuna13online.com.ar\/wp-content\/uploads\/2021\/02\/210225a-id-768x337.jpg",768,337,true],"large":["https:\/\/www.comuna13online.com.ar\/wp-content\/uploads\/2021\/02\/210225a-id.jpg",1030,452,false],"1536x1536":["https:\/\/www.comuna13online.com.ar\/wp-content\/uploads\/2021\/02\/210225a-id.jpg",1030,452,false],"2048x2048":["https:\/\/www.comuna13online.com.ar\/wp-content\/uploads\/2021\/02\/210225a-id.jpg",1030,452,false],"mh-magazine-slider":["https:\/\/www.comuna13online.com.ar\/wp-content\/uploads\/2021\/02\/210225a-id-1030x438.jpg",1030,438,true],"mh-magazine-content":["https:\/\/www.comuna13online.com.ar\/wp-content\/uploads\/2021\/02\/210225a-id-678x381.jpg",678,381,true],"mh-magazine-large":["https:\/\/www.comuna13online.com.ar\/wp-content\/uploads\/2021\/02\/210225a-id-678x452.jpg",678,452,true],"mh-magazine-medium":["https:\/\/www.comuna13online.com.ar\/wp-content\/uploads\/2021\/02\/210225a-id-326x245.jpg",326,245,true],"mh-magazine-small":["https:\/\/www.comuna13online.com.ar\/wp-content\/uploads\/2021\/02\/210225a-id-80x60.jpg",80,60,true],"sow-carousel-default":["https:\/\/www.comuna13online.com.ar\/wp-content\/uploads\/2021\/02\/210225a-id-272x182.jpg",272,182,true]},"uagb_author_info":{"display_name":"Comuna13","author_link":"https:\/\/www.comuna13online.com.ar\/?author=1"},"uagb_comment_info":0,"uagb_excerpt":"A pesar del fuerte rechazo, el gobierno porte\u00f1o avanza con el en la tarifa del subte y del estacionamiento medido que se suma al de los Taxis y la VTV. [...]","jetpack_sharing_enabled":true,"_links":{"self":[{"href":"https:\/\/www.comuna13online.com.ar\/index.php?rest_route=\/wp\/v2\/posts\/12747","targetHints":{"allow":["GET"]}}],"collection":[{"href":"https:\/\/www.comuna13online.com.ar\/index.php?rest_route=\/wp\/v2\/posts"}],"about":[{"href":"https:\/\/www.comuna13online.com.ar\/index.php?rest_route=\/wp\/v2\/types\/post"}],"author":[{"embeddable":true,"href":"https:\/\/www.comuna13online.com.ar\/index.php?rest_route=\/wp\/v2\/users\/1"}],"replies":[{"embeddable":true,"href":"https:\/\/www.comuna13online.com.ar\/index.php?rest_route=%2Fwp%2Fv2%2Fcomments&post=12747"}],"version-history":[{"count":0,"href":"https:\/\/www.comuna13online.com.ar\/index.php?rest_route=\/wp\/v2\/posts\/12747\/revisions"}],"wp:featuredmedia":[{"embeddable":true,"href":"https:\/\/www.comuna13online.com.ar\/index.php?rest_route=\/wp\/v2\/media\/12748"}],"wp:attachment":[{"href":"https:\/\/www.comuna13online.com.ar\/index.php?rest_route=%2Fwp%2Fv2%2Fmedia&parent=12747"}],"wp:term":[{"taxonomy":"category","embeddable":true,"href":"https:\/\/www.comuna13online.com.ar\/index.php?rest_route=%2Fwp%2Fv2%2Fcategories&post=12747"},{"taxonomy":"post_tag","embeddable":true,"href":"https:\/\/www.comuna13online.com.ar\/index.php?rest_route=%2Fwp%2Fv2%2Ftags&post=12747"}],"curies":[{"name":"wp","href":"https:\/\/api.w.org\/{rel}","templated":true}]}}