{"id":12726,"date":"2021-02-19T10:38:00","date_gmt":"2021-02-19T13:38:00","guid":{"rendered":"http:\/\/www.comuna13online.com.ar\/?p=12726"},"modified":"2021-02-19T13:08:05","modified_gmt":"2021-02-19T16:08:05","slug":"extendieron-una-hora-el-horario-de-cierre-de-bares-en-la-ciudad","status":"publish","type":"post","link":"https:\/\/www.comuna13online.com.ar\/?p=12726","title":{"rendered":"Extendieron una hora el horario de cierre de bares en la Ciudad"},"content":{"rendered":"\n<p><strong>La medida fue publicada en el Bolet\u00edn Oficial y rige a partir de este viernes, \u00a0los bares y restaurantes de la Ciudad podr\u00e1n atender hasta las dos de la ma\u00f1ana. <\/strong><\/p>\n\n\n\n<figure class=\"wp-block-image size-large\"><img loading=\"lazy\" decoding=\"async\" width=\"678\" height=\"377\" data-attachment-id=\"12728\" data-permalink=\"https:\/\/www.comuna13online.com.ar\/?attachment_id=12728\" data-orig-file=\"https:\/\/www.comuna13online.com.ar\/wp-content\/uploads\/2021\/02\/210219c-01.jpg\" data-orig-size=\"678,377\" data-comments-opened=\"0\" data-image-meta=\"{&quot;aperture&quot;:&quot;0&quot;,&quot;credit&quot;:&quot;&quot;,&quot;camera&quot;:&quot;&quot;,&quot;caption&quot;:&quot;&quot;,&quot;created_timestamp&quot;:&quot;0&quot;,&quot;copyright&quot;:&quot;&quot;,&quot;focal_length&quot;:&quot;0&quot;,&quot;iso&quot;:&quot;0&quot;,&quot;shutter_speed&quot;:&quot;0&quot;,&quot;title&quot;:&quot;&quot;,&quot;orientation&quot;:&quot;0&quot;}\" data-image-title=\"210219c-01\" data-image-description=\"\" data-image-caption=\"\" data-large-file=\"https:\/\/www.comuna13online.com.ar\/wp-content\/uploads\/2021\/02\/210219c-01.jpg\" src=\"http:\/\/www.comuna13online.com.ar\/wp-content\/uploads\/2021\/02\/210219c-01.jpg\" alt=\"\" class=\"wp-image-12728\"\/><\/figure>\n\n\n\n<p>A trav\u00e9s de una resoluci\u00f3n, el Ministerio de Desarrollo Econ\u00f3mico y Producci\u00f3n porte\u00f1o extendi\u00f3 hasta las 02 hs, el horario de atenci\u00f3n de los\u00a0<strong>establecimientos gastron\u00f3micos y\/o las actividades gastron\u00f3micas<\/strong>\u00a0en el \u00e1mbito de la Ciudad Aut\u00f3noma de Buenos Aires.<\/p>\n\n\n\n<p>Hasta el 10 de enero los locales ten\u00edan permiso para abrir hasta las 6 de la ma\u00f1ana, pero ante la suba de casos registrada tras las fiestas de fin de a\u00f1o se defini\u00f3 una reducci\u00f3n hasta la 1.<\/p>\n\n\n\n<p>La Resoluci\u00f3n 42\/2021. dice <strong>\u201cAtento el tiempo transcurrido, se considera pertinente establecer una nueva limitaci\u00f3n horaria respecto al funcionamiento de los establecimientos gastron\u00f3micos y\/o las actividades gastron\u00f3micas dentro de la Ciudad Aut\u00f3noma de Buenos Aires\u201d<\/strong><em>.<\/em><\/p>\n\n\n\n<p>Por ello se <strong>\u201cEstabl\u00e9cese que los establecimientos gastron\u00f3micos y\/o las actividades gastron\u00f3micas en el \u00e1mbito de la Ciudad Aut\u00f3noma de Buenos Aires, no podr\u00e1n permanecer abiertos al p\u00fablico en la franja horaria de 02.00 a 06.00 hs.\u201d<\/strong> dictamina.<\/p>\n\n\n\n<p>Por otro lado, la Asociaci\u00f3n de Hoteles, Restaurantes, Confiter\u00edas y Caf\u00e9s (AHRCC) celebr\u00f3 la desici\u00f3n, <strong>\u201cEsta medida es otra efectiva respuesta de la autoridades a la petici\u00f3n de la asociaci\u00f3n para atenuar, al menos en parte, los efectos negativos y restricciones producto de la pandemia Covid-19\u201d<\/strong><em> <\/em>y destacaron <strong>\u201cen todos los casos se deber\u00e1 seguir respetando los protocolos vigentes\u201d<\/strong>.<\/p>\n\n\n\n<p><br><\/p>\n<div align=\"center\">\n<blockquote class=\"twitter-tweet\"><p lang=\"es\" dir=\"ltr\"><a href=\"https:\/\/twitter.com\/hashtag\/IMPORTANTE?src=hash&amp;ref_src=twsrc%5Etfw\">#IMPORTANTE<\/a> <a href=\"https:\/\/twitter.com\/gcba?ref_src=twsrc%5Etfw\">@gcba<\/a> EXTIENDE HORARIO DE LA GASTRONOM\u00cdA HASTA 2AM La medida responde de manera concreta y efectiva al pedido de la <a href=\"https:\/\/twitter.com\/hashtag\/AHRCC?src=hash&amp;ref_src=twsrc%5Etfw\">#AHRCC<\/a> para atenuar, al menos en parte, los efectos negativos de la <a href=\"https:\/\/twitter.com\/hashtag\/pandemia?src=hash&amp;ref_src=twsrc%5Etfw\">#pandemia<\/a> RS 2021-42 GCBA (18-02-2021) <a href=\"https:\/\/t.co\/eM8Z3warV0\">https:\/\/t.co\/eM8Z3warV0<\/a> <a href=\"https:\/\/twitter.com\/hashtag\/gastronom%C3%ADa?src=hash&amp;ref_src=twsrc%5Etfw\">#gastronom\u00eda<\/a> <a href=\"https:\/\/twitter.com\/hashtag\/Turismo?src=hash&amp;ref_src=twsrc%5Etfw\">#Turismo<\/a> <a href=\"https:\/\/t.co\/uu2AxbQFB1\">pic.twitter.com\/uu2AxbQFB1<\/a><\/p>&mdash; AHRCC (@AHRCC_Prensa) <a href=\"https:\/\/twitter.com\/AHRCC_Prensa\/status\/1362486892604887042?ref_src=twsrc%5Etfw\">February 18, 2021<\/a><\/blockquote> <script async src=\"https:\/\/platform.twitter.com\/widgets.js\" charset=\"utf-8\"><\/script>\n<\/div><p><br><\/p>\n\n\n\n<p><strong>Resoluci\u00f3n:<\/strong><\/p>\n\n\n\n<div class=\"wp-block-pdf-viewer-block-standard\" style=\"text-align:left\"><div class=\"uploaded-pdf\"><a href=\"http:\/\/www.comuna13online.com.ar\/wp-content\/uploads\/2021\/02\/rs-2021-06442168-gcaba-mdepgc.pdf\" data-width=\"\" data-height=\"\"><\/a><\/div><\/div>\n\n\n\n<figure class=\"wp-block-image size-large is-resized\"><img loading=\"lazy\" decoding=\"async\" data-attachment-id=\"99\" data-permalink=\"https:\/\/www.comuna13online.com.ar\/?attachment_id=99\" data-orig-file=\"https:\/\/www.comuna13online.com.ar\/wp-content\/uploads\/2017\/12\/line.jpg\" data-orig-size=\"678,1\" data-comments-opened=\"0\" data-image-meta=\"{&quot;aperture&quot;:&quot;0&quot;,&quot;credit&quot;:&quot;&quot;,&quot;camera&quot;:&quot;&quot;,&quot;caption&quot;:&quot;&quot;,&quot;created_timestamp&quot;:&quot;0&quot;,&quot;copyright&quot;:&quot;&quot;,&quot;focal_length&quot;:&quot;0&quot;,&quot;iso&quot;:&quot;0&quot;,&quot;shutter_speed&quot;:&quot;0&quot;,&quot;title&quot;:&quot;&quot;,&quot;orientation&quot;:&quot;0&quot;}\" data-image-title=\"line\" data-image-description=\"\" data-image-caption=\"\" data-large-file=\"https:\/\/www.comuna13online.com.ar\/wp-content\/uploads\/2017\/12\/line.jpg\" src=\"http:\/\/www.comuna13online.com.ar\/wp-content\/uploads\/2017\/12\/line.jpg\" alt=\"\" class=\"wp-image-99\" width=\"678\" height=\"1\" srcset=\"https:\/\/www.comuna13online.com.ar\/wp-content\/uploads\/2017\/12\/line.jpg 678w, https:\/\/www.comuna13online.com.ar\/wp-content\/uploads\/2017\/12\/line-150x1.jpg 150w, https:\/\/www.comuna13online.com.ar\/wp-content\/uploads\/2017\/12\/line-326x1.jpg 326w, https:\/\/www.comuna13online.com.ar\/wp-content\/uploads\/2017\/12\/line-80x1.jpg 80w, https:\/\/www.comuna13online.com.ar\/wp-content\/uploads\/2017\/12\/line-272x1.jpg 272w\" sizes=\"auto, (max-width: 678px) 100vw, 678px\" \/><\/figure>\n\n\n\n<figure class=\"wp-block-image size-full\"><img loading=\"lazy\" decoding=\"async\" width=\"678\" height=\"180\" data-attachment-id=\"8918\" data-permalink=\"https:\/\/www.comuna13online.com.ar\/?attachment_id=8918\" data-orig-file=\"https:\/\/www.comuna13online.com.ar\/wp-content\/uploads\/2020\/04\/corona2.jpg\" data-orig-size=\"678,180\" data-comments-opened=\"0\" data-image-meta=\"{&quot;aperture&quot;:&quot;0&quot;,&quot;credit&quot;:&quot;&quot;,&quot;camera&quot;:&quot;&quot;,&quot;caption&quot;:&quot;&quot;,&quot;created_timestamp&quot;:&quot;0&quot;,&quot;copyright&quot;:&quot;&quot;,&quot;focal_length&quot;:&quot;0&quot;,&quot;iso&quot;:&quot;0&quot;,&quot;shutter_speed&quot;:&quot;0&quot;,&quot;title&quot;:&quot;&quot;,&quot;orientation&quot;:&quot;0&quot;}\" data-image-title=\"corona2\" data-image-description=\"\" data-image-caption=\"\" data-large-file=\"https:\/\/www.comuna13online.com.ar\/wp-content\/uploads\/2020\/04\/corona2.jpg\" src=\"http:\/\/www.comuna13online.com.ar\/wp-content\/uploads\/2020\/04\/corona2.jpg\" alt=\"\" class=\"wp-image-8918\"\/><\/figure>\n\n\n\n<p><\/p>\n","protected":false},"excerpt":{"rendered":"<div class=\"mh-excerpt\">La medida fue publicada en el Bolet\u00edn Oficial y rige a partir de este viernes, \u00a0los bares y restaurantes de la Ciudad podr\u00e1n atender hasta las dos de la ma\u00f1ana. <a class=\"mh-excerpt-more\" href=\"https:\/\/www.comuna13online.com.ar\/?p=12726\" title=\"Extendieron una hora el horario de cierre de bares en la Ciudad\">[&#8230;]<\/a><\/div>\n","protected":false},"author":1,"featured_media":12729,"comment_status":"closed","ping_status":"closed","sticky":false,"template":"","format":"standard","meta":{"_uag_custom_page_level_css":"","_jetpack_memberships_contains_paid_content":false,"footnotes":"","jetpack_publicize_message":"","jetpack_publicize_feature_enabled":true,"jetpack_social_post_already_shared":true,"jetpack_social_options":{"image_generator_settings":{"template":"highway","default_image_id":0,"font":"","enabled":false},"version":2}},"categories":[81],"tags":[271,82,250,296],"class_list":{"0":"post-12726","1":"post","2":"type-post","3":"status-publish","4":"format-standard","5":"has-post-thumbnail","7":"category-gastronomia","8":"tag-coronavirus","9":"tag-gastronomia","10":"tag-h2","11":"tag-h3"},"jetpack_publicize_connections":[],"jetpack_featured_media_url":"https:\/\/www.comuna13online.com.ar\/wp-content\/uploads\/2021\/02\/210219c-id.jpg","uagb_featured_image_src":{"full":["https:\/\/www.comuna13online.com.ar\/wp-content\/uploads\/2021\/02\/210219c-id.jpg",678,452,false],"thumbnail":["https:\/\/www.comuna13online.com.ar\/wp-content\/uploads\/2021\/02\/210219c-id.jpg",128,85,false],"medium":["https:\/\/www.comuna13online.com.ar\/wp-content\/uploads\/2021\/02\/210219c-id.jpg",678,452,false],"medium_large":["https:\/\/www.comuna13online.com.ar\/wp-content\/uploads\/2021\/02\/210219c-id.jpg",678,452,false],"large":["https:\/\/www.comuna13online.com.ar\/wp-content\/uploads\/2021\/02\/210219c-id.jpg",678,452,false],"1536x1536":["https:\/\/www.comuna13online.com.ar\/wp-content\/uploads\/2021\/02\/210219c-id.jpg",678,452,false],"2048x2048":["https:\/\/www.comuna13online.com.ar\/wp-content\/uploads\/2021\/02\/210219c-id.jpg",678,452,false],"mh-magazine-slider":["https:\/\/www.comuna13online.com.ar\/wp-content\/uploads\/2021\/02\/210219c-id-678x438.jpg",678,438,true],"mh-magazine-content":["https:\/\/www.comuna13online.com.ar\/wp-content\/uploads\/2021\/02\/210219c-id-678x381.jpg",678,381,true],"mh-magazine-large":["https:\/\/www.comuna13online.com.ar\/wp-content\/uploads\/2021\/02\/210219c-id.jpg",678,452,false],"mh-magazine-medium":["https:\/\/www.comuna13online.com.ar\/wp-content\/uploads\/2021\/02\/210219c-id-326x245.jpg",326,245,true],"mh-magazine-small":["https:\/\/www.comuna13online.com.ar\/wp-content\/uploads\/2021\/02\/210219c-id-80x60.jpg",80,60,true],"sow-carousel-default":["https:\/\/www.comuna13online.com.ar\/wp-content\/uploads\/2021\/02\/210219c-id-272x182.jpg",272,182,true]},"uagb_author_info":{"display_name":"Comuna13","author_link":"https:\/\/www.comuna13online.com.ar\/?author=1"},"uagb_comment_info":0,"uagb_excerpt":"La medida fue publicada en el Bolet\u00edn Oficial y rige a partir de este viernes, \u00a0los bares y restaurantes de la Ciudad podr\u00e1n atender hasta las dos de la ma\u00f1ana. [...]","jetpack_sharing_enabled":true,"_links":{"self":[{"href":"https:\/\/www.comuna13online.com.ar\/index.php?rest_route=\/wp\/v2\/posts\/12726","targetHints":{"allow":["GET"]}}],"collection":[{"href":"https:\/\/www.comuna13online.com.ar\/index.php?rest_route=\/wp\/v2\/posts"}],"about":[{"href":"https:\/\/www.comuna13online.com.ar\/index.php?rest_route=\/wp\/v2\/types\/post"}],"author":[{"embeddable":true,"href":"https:\/\/www.comuna13online.com.ar\/index.php?rest_route=\/wp\/v2\/users\/1"}],"replies":[{"embeddable":true,"href":"https:\/\/www.comuna13online.com.ar\/index.php?rest_route=%2Fwp%2Fv2%2Fcomments&post=12726"}],"version-history":[{"count":0,"href":"https:\/\/www.comuna13online.com.ar\/index.php?rest_route=\/wp\/v2\/posts\/12726\/revisions"}],"wp:featuredmedia":[{"embeddable":true,"href":"https:\/\/www.comuna13online.com.ar\/index.php?rest_route=\/wp\/v2\/media\/12729"}],"wp:attachment":[{"href":"https:\/\/www.comuna13online.com.ar\/index.php?rest_route=%2Fwp%2Fv2%2Fmedia&parent=12726"}],"wp:term":[{"taxonomy":"category","embeddable":true,"href":"https:\/\/www.comuna13online.com.ar\/index.php?rest_route=%2Fwp%2Fv2%2Fcategories&post=12726"},{"taxonomy":"post_tag","embeddable":true,"href":"https:\/\/www.comuna13online.com.ar\/index.php?rest_route=%2Fwp%2Fv2%2Ftags&post=12726"}],"curies":[{"name":"wp","href":"https:\/\/api.w.org\/{rel}","templated":true}]}}