{"id":12722,"date":"2021-02-19T12:28:41","date_gmt":"2021-02-19T15:28:41","guid":{"rendered":"http:\/\/www.comuna13online.com.ar\/?p=12722"},"modified":"2021-02-22T12:07:10","modified_gmt":"2021-02-22T15:07:10","slug":"vacunacion-covid-se-abre-la-inscripcion-para-los-mayores-de-80-anos","status":"publish","type":"post","link":"https:\/\/www.comuna13online.com.ar\/?p=12722","title":{"rendered":"Vacunaci\u00f3n COVID: Se abre la inscripci\u00f3n para los mayores de 80 a\u00f1os"},"content":{"rendered":"\n<p><strong>A partir de las 14 horas de este viernes las personas mayores de 80 a\u00f1os podr\u00e1n solicitar turno en el sitio web de la Ciudad y a trav\u00e9s del 147. <\/strong><\/p>\n\n\n\n<figure class=\"wp-block-image size-large\"><img loading=\"lazy\" decoding=\"async\" width=\"678\" height=\"458\" data-attachment-id=\"12720\" data-permalink=\"https:\/\/www.comuna13online.com.ar\/?attachment_id=12720\" data-orig-file=\"https:\/\/www.comuna13online.com.ar\/wp-content\/uploads\/2021\/02\/210217a-01.jpg\" data-orig-size=\"678,458\" data-comments-opened=\"0\" data-image-meta=\"{&quot;aperture&quot;:&quot;0&quot;,&quot;credit&quot;:&quot;&quot;,&quot;camera&quot;:&quot;&quot;,&quot;caption&quot;:&quot;&quot;,&quot;created_timestamp&quot;:&quot;0&quot;,&quot;copyright&quot;:&quot;&quot;,&quot;focal_length&quot;:&quot;0&quot;,&quot;iso&quot;:&quot;0&quot;,&quot;shutter_speed&quot;:&quot;0&quot;,&quot;title&quot;:&quot;&quot;,&quot;orientation&quot;:&quot;0&quot;}\" data-image-title=\"210217a-01\" data-image-description=\"\" data-image-caption=\"\" data-large-file=\"https:\/\/www.comuna13online.com.ar\/wp-content\/uploads\/2021\/02\/210217a-01.jpg\" src=\"http:\/\/www.comuna13online.com.ar\/wp-content\/uploads\/2021\/02\/210217a-01.jpg\" alt=\"\" class=\"wp-image-12720\"\/><\/figure>\n\n\n\n<p>El Gobierno de la Ciudad comienza con la segunda etapa del&nbsp;Plan de Vacunaci\u00f3n&nbsp;contra el Covid-19,&nbsp;que en principio contemplaba a los los adultos mayores de 70 a\u00f1os, pero se decidi\u00f3 inocular primero a los que tengan m\u00e1s de 80, adem\u00e1s se iniciar\u00e1 la vacunaci\u00f3n voluntaria a los residentes de geri\u00e1tricos. La aplicaci\u00f3n de la vacuna comenzar\u00e1&nbsp;el pr\u00f3ximo lunes&nbsp;22 de febrero<\/p>\n\n\n\n<p>Desde hoy a las 14 horas se podr\u00e1n solicitar turnos online&nbsp;a trav\u00e9s del sitio web <a rel=\"noreferrer noopener\" href=\"https:\/\/www.buenosaires.gob.ar\/coronavirus\/vacunacion-covid-19\" target=\"_blank\">www.buenosaires.gob.ar\/vacunacovid<\/a> o llamando al 147. En paralelo contin\u00faa con&nbsp;la inmunizaci\u00f3n del personal de salud del \u00e1mbito privado.<\/p>\n\n\n\n<p>.Los vecinos podr\u00e1n seleccionar&nbsp;entre 29 centros de vacunaci\u00f3n p\u00fablicos&nbsp;especialmente acondicionados que est\u00e1n distribuidos de manera estrat\u00e9gica a lo largo del territorio porte\u00f1o, el d\u00eda y horario de preferencia. Se encuentran ubicados en clubes, edificios de gobierno y centros culturales. Funcionar\u00e1n&nbsp;de lunes a viernes de 8 a 17&nbsp;y contar\u00e1n con&nbsp;m\u00e1s de 2 mil personas&nbsp;trabajando. En cada uno de esos puntos se cumplir\u00e1n con todas las medidas de bioseguridad correspondientes y contar\u00e1n con las condiciones de refrigeraci\u00f3n adecuadas para la correcta conservaci\u00f3n de la vacuna. Adicionalmente,&nbsp;habr\u00e1 7 centros de vacunaci\u00f3n privados.<\/p>\n\n\n\n<p>Por otro lado, para avanzar con la inmunizaci\u00f3n en las 498 residencias de la tercera edad,&nbsp;se desplegar\u00e1n 8 Unidades M\u00f3viles&nbsp;que llevar\u00e1n adelante la tarea dentro de cada instituci\u00f3n. Cada uno estar\u00e1 conformado por 3 vacunadores, 2 registradores, un responsable de fr\u00edo, y una persona de seguridad. As\u00ed, se garantizar\u00e1 que todos&nbsp;los 16.542 adultos mayores&nbsp;que viven en estos establecimientos cuenten con la posibilidad de recibir la vacuna sin necesidad de trasladarse.<\/p>\n\n\n\n<h4 class=\"wp-block-heading\">\u00bfC\u00f3mo sacar turno?<\/h4>\n\n\n\n<p><strong>A trav\u00e9s del 147:<\/strong> Podr\u00e1n sacar turno con el DNI y validaci\u00f3n de residencia en la Ciudad.<\/p>\n\n\n\n<p><strong>A trav\u00e9s de la web:<\/strong> Se deber\u00e1 ingresar los datos de la persona en la turnera, eleg\u00edr d\u00eda, horario y centro vacunatorio y recibir\u00e1 la confirmaci\u00f3n por mail o sms, El d\u00eda de la vacunaci\u00f3n deber\u00e1 presentarse con DNI.<\/p>\n\n\n\n<p><strong>Si ten\u00e9s alguno de estos prestadores de salud<\/strong>&nbsp;(obra social o prepaga) pod\u00e9s consultar c\u00f3mo acceder a la vacunaci\u00f3n contra el COVID-19:<\/p>\n\n\n\n<ul class=\"wp-block-list\"><li>Hospital Italiano<\/li><li>Hospital Alem\u00e1n<\/li><li>Hospital Britanico<\/li><li>CEMIC<\/li><li>OSUTHGRA &#8211; (G\u00fcemes)<\/li><li>OSECAC<\/li><li>OBSBA<\/li><\/ul>\n\n\n\n<p><strong>Centros de vacunaci\u00f3n p\u00fablicos:<\/strong><\/p>\n\n\n\n<ul class=\"wp-block-list\"><li>Casa del Historiador &#8211;&nbsp;<a href=\"https:\/\/mapa.buenosaires.gob.ar\/comollego\/?lat=-34.613280&amp;lng=-58.373244&amp;zl=15&amp;modo=transporte&amp;dir=Bolivar+466\" target=\"_blank\" rel=\"noreferrer noopener\">Bol\u00edvar 466<\/a><\/li><li>Oficina Nacional Scout &#8211;&nbsp;<a href=\"https:\/\/mapa.buenosaires.gob.ar\/comollego\/?lat=-34.593197&amp;lng=-58.384516&amp;zl=15&amp;modo=transporte&amp;dir=Libertad+1282\" target=\"_blank\" rel=\"noreferrer noopener\">Libertad 1282<\/a><\/li><li>Sede Oscoema &#8211;&nbsp;<a href=\"https:\/\/mapa.buenosaires.gob.ar\/comollego\/?lat=-34.612144&amp;lng=-58.380485&amp;zl=15&amp;modo=transporte&amp;dir=Irigoyen%2C+Bernardo+De+340\" target=\"_blank\" rel=\"noreferrer noopener\">Bernardo de Irigoyen 340<\/a><\/li><li>Centro Cultural Recoleta &#8211;&nbsp;<a href=\"https:\/\/mapa.buenosaires.gob.ar\/comollego\/?lat=-34.586478&amp;lng=-58.391540&amp;zl=15&amp;modo=transporte&amp;dir=Junin+1930\">Jun\u00edn 1930<\/a><\/li><li>Centro Cultural Juli\u00e1n Centeya &#8211;&nbsp;<a href=\"https:\/\/mapa.buenosaires.gob.ar\/comollego\/?lat=-34.624792&amp;lng=-58.411335&amp;zl=15&amp;modo=transporte&amp;dir=San+Juan+Av.+3255\" target=\"_blank\" rel=\"noreferrer noopener\">San Juan 3255<\/a><\/li><li>Parque de la Estaci\u00f3n &#8211;&nbsp;<a href=\"https:\/\/mapa.buenosaires.gob.ar\/comollego\/?lat=-34.607497&amp;lng=-58.413255&amp;zl=15&amp;modo=transporte&amp;dir=Peron%2C+Juan+Domingo%2C+Tte.+General+3326\" target=\"_blank\" rel=\"noreferrer noopener\">Pte Per\u00f3n 3326<\/a><\/li><li>Club Boca Junior (Social) &#8211;&nbsp;<a href=\"https:\/\/mapa.buenosaires.gob.ar\/comollego\/?lat=-34.631336&amp;lng=-58.364289&amp;zl=15&amp;modo=transporte&amp;dir=20+De+Setiembre+y+Rodriguez%2C+Martin\" target=\"_blank\" rel=\"noreferrer noopener\">20 de Septiembre y Martin Rodr\u00edguez<\/a><\/li><li>Club Hurac\u00e1n &#8211;&nbsp;<a href=\"https:\/\/mapa.buenosaires.gob.ar\/comollego\/?lat=-34.642953&amp;lng=-58.396862&amp;zl=15&amp;modo=transporte&amp;dir=Alcorta%2C+Amancio+Av.+2570\" target=\"_blank\" rel=\"noreferrer noopener\">Av. Amancio Alcorta 2570<\/a><\/li><li>Usina del Arte &#8211;&nbsp;<a href=\"https:\/\/mapa.buenosaires.gob.ar\/comollego\/?lat=-34.628688&amp;lng=-58.356135&amp;zl=15&amp;modo=transporte&amp;dir=Caffarena%2C+Agustin+R.+1\" target=\"_blank\" rel=\"noreferrer noopener\">Agust\u00edn Caffarena 1<\/a><\/li><li>Club San Lorenzo (Sede Av. La Plata) &#8211;&nbsp;<a href=\"https:\/\/mapa.buenosaires.gob.ar\/comollego\/?lat=-34.635927&amp;lng=-58.424413&amp;zl=15&amp;modo=transporte&amp;dir=La+Plata+Av.+1782\" target=\"_blank\" rel=\"noreferrer noopener\">Av. La Plata 1782<\/a><\/li><li>Club Ferro &#8211;&nbsp;<a href=\"https:\/\/mapa.buenosaires.gob.ar\/comollego\/?lat=-34.620495&amp;lng=-58.445957&amp;zl=15&amp;modo=transporte&amp;dir=Gainza%2C+Martin+De%2C+Gral.+206\" target=\"_blank\" rel=\"noreferrer noopener\">Mart\u00edn de Gainza 206<\/a><\/li><li>Club Italiano &#8211;&nbsp;<a href=\"https:\/\/mapa.buenosaires.gob.ar\/comollego\/?lat=-34.616363&amp;lng=-58.432310&amp;zl=15&amp;modo=transporte&amp;dir=Rivadavia+Av.+4731\" target=\"_blank\" rel=\"noreferrer noopener\">Av. Rivadavia 4731<\/a><\/li><li>Centro Cultural Ad\u00e1n de Buenos Aires &#8211;&nbsp;<a href=\"https:\/\/mapa.buenosaires.gob.ar\/comollego\/?lat=-34.632349&amp;lng=-58.441115&amp;zl=15&amp;modo=transporte&amp;dir=Mitre%2C+Emilio+975\" target=\"_blank\" rel=\"noreferrer noopener\">Emilio Mitre 975<\/a><\/li><li>Asociaci\u00f3n Civil Encuentro Vecinal Sur &#8211;&nbsp;<a href=\"https:\/\/mapa.buenosaires.gob.ar\/comollego\/?lat=-34.636598&amp;lng=-58.435099&amp;zl=15&amp;modo=transporte&amp;dir=Picheuta+1517\" target=\"_blank\" rel=\"noreferrer noopener\">Picheuta 1517<\/a><\/li><li>Parque Roca &#8211;&nbsp;<a href=\"https:\/\/mapa.buenosaires.gob.ar\/comollego\/?lat=-34.684711&amp;lng=-58.455355&amp;zl=15&amp;modo=transporte&amp;dir=Roca%2C+Cnel.+Av.+4200\">Av Cnel Roca 4200<\/a><\/li><li>Club Glorias Argentinas &#8211;&nbsp;<a href=\"https:\/\/mapa.buenosaires.gob.ar\/comollego\/?lat=-34.659263&amp;lng=-58.509858&amp;zl=15&amp;modo=transporte&amp;dir=Bragado+6875\" target=\"_blank\" rel=\"noreferrer noopener\">Bragado 6875<\/a><\/li><li>Club V\u00e9lez &#8211;&nbsp;<a href=\"https:\/\/mapa.buenosaires.gob.ar\/comollego\/?lat=-34.633455&amp;lng=-58.513849&amp;zl=15&amp;modo=transporte&amp;dir=Justo%2C+Juan+B.+Av.+8900\" target=\"_blank\" rel=\"noreferrer noopener\">Av. Juan B. Justo 8900<\/a><\/li><li>Corral\u00f3n Floresta &#8211;&nbsp;<a href=\"https:\/\/mapa.buenosaires.gob.ar\/comollego\/?lat=-34.626958&amp;lng=-58.488486&amp;zl=15&amp;modo=transporte&amp;dir=Gaona+Av.+4660\" target=\"_blank\" rel=\"noreferrer noopener\">Av Gaona 4660<\/a><\/li><li>Club Mitre &#8211;&nbsp;<a href=\"https:\/\/mapa.buenosaires.gob.ar\/comollego\/?lat=-34.623638&amp;lng=-58.495395&amp;zl=15&amp;modo=transporte&amp;dir=Segurola+Av.+1332\" target=\"_blank\" rel=\"noreferrer noopener\">Segurola 1332<\/a><\/li><li>Club Racing Villa del Parque &#8211;&nbsp;<a href=\"https:\/\/mapa.buenosaires.gob.ar\/comollego\/?lat=-34.602552&amp;lng=-58.491361&amp;zl=15&amp;modo=transporte&amp;dir=Nogoya+3045\" target=\"_blank\" rel=\"noreferrer noopener\">Nogoy\u00e1 3045<\/a><\/li><li>Club comunicaciones (sal\u00f3n de fiestas) &#8211;&nbsp;<a href=\"https:\/\/mapa.buenosaires.gob.ar\/comollego\/?lat=-34.597183&amp;lng=-58.489816&amp;zl=15&amp;modo=transporte&amp;dir=San+Martin+Av.+5125\" target=\"_blank\" rel=\"noreferrer noopener\">Av San Mart\u00edn 5125<\/a><\/li><li>Club Sin Rumbo &#8211;&nbsp;<a href=\"https:\/\/mapa.buenosaires.gob.ar\/comollego\/?lat=-34.572521&amp;lng=-58.503764&amp;zl=15&amp;modo=transporte&amp;dir=Tamborini%2C+Jose+Pascual+6157\" target=\"_blank\" rel=\"noreferrer noopener\">Tamborini 6157<\/a><\/li><li>Club River Plate &#8211;&nbsp;<a href=\"https:\/\/mapa.buenosaires.gob.ar\/comollego\/?lat=-34.546757&amp;lng=-58.449562&amp;zl=15&amp;modo=transporte&amp;dir=Figueroa+Alcorta%2C+Pres.+Av.+7598\" target=\"_blank\" rel=\"noreferrer noopener\">Av. Figueroa Alcorta 7598<\/a><\/li><li>Fundaci\u00f3n Pardes &#8211;&nbsp;<a href=\"https:\/\/mapa.buenosaires.gob.ar\/comollego\/?lat=-34.577788&amp;lng=-58.454028&amp;zl=15&amp;modo=transporte&amp;dir=Cespedes+3370\" target=\"_blank\" rel=\"noreferrer noopener\">C\u00e9spedes 3370<\/a><\/li><li>Centro de D\u00eda N\u00b0 9 y 13 &#8211;&nbsp;<a href=\"https:\/\/mapa.buenosaires.gob.ar\/comollego\/?lat=-34.579765&amp;lng=-58.430636&amp;zl=15&amp;modo=transporte&amp;dir=Paraguay+5170\" target=\"_blank\" rel=\"noreferrer noopener\">Paraguay 5170<\/a><\/li><li>Club Atlanta &#8211;&nbsp;<a href=\"https:\/\/mapa.buenosaires.gob.ar\/comollego\/?lat=-34.595311&amp;lng=-58.448532&amp;zl=15&amp;modo=transporte&amp;dir=Humboldt+374\" target=\"_blank\" rel=\"noreferrer noopener\">Humboldt 374<\/a>&nbsp;puerta 5<\/li><li>Todos unidos centro de jubilados &#8211;&nbsp;<a href=\"https:\/\/mapa.buenosaires.gob.ar\/comollego\/?lat=-34.589623&amp;lng=-58.491061&amp;zl=15&amp;modo=transporte&amp;dir=Moran%2C+Pedro+2446\" target=\"_blank\" rel=\"noreferrer noopener\">Pedro Mor\u00e1n 2446<\/a><\/li><li>Centro Isl\u00e1mico &#8211;&nbsp;<a href=\"https:\/\/mapa.buenosaires.gob.ar\/comollego\/?lat=-34.573122&amp;lng=-58.424409&amp;zl=15&amp;modo=transporte&amp;dir=Bullrich%2C+Int.+Av.+55\" target=\"_blank\" rel=\"noreferrer noopener\">Av. Int. Bullrich 55<\/a><\/li><li>La Rural &#8211;&nbsp;<a href=\"https:\/\/mapa.buenosaires.gob.ar\/comollego\/?lat=-34.575525&amp;lng=-58.415637&amp;zl=15&amp;modo=transporte&amp;dir=Sarmiento+Av.+2704\" target=\"_blank\" rel=\"noreferrer noopener\">Av. Sarmiento 2704<\/a><\/li><li>CEMAR 2 &#8211;&nbsp;<a href=\"https:\/\/mapa.buenosaires.gob.ar\/comollego\/?lat=-34.651427&amp;lng=-58.396665&amp;zl=15&amp;modo=transporte&amp;dir=Iriarte%2C+Gral.+Av.+3501\" target=\"_blank\" rel=\"noreferrer noopener\">Iriarte 3501<\/a><\/li><li>Estadio San Lorenzo &#8211;&nbsp;<a href=\"https:\/\/mapa.buenosaires.gob.ar\/comollego\/?lat=-34.654435&amp;lng=-58.436476&amp;zl=15&amp;modo=transporte&amp;dir=Fernandez+De+La+Cruz%2C+F.%2C+Gral.+Av.+2145\" target=\"_blank\" rel=\"noreferrer noopener\">Av. Francisco Fern\u00e1ndez de la Cruz 2145<\/a><\/li><\/ul>\n\n\n\n<h4 class=\"wp-block-heading\">Plan de Vacunaci\u00f3n contra el COVID-19<\/h4>\n\n\n\n<p>Las etapas avanzar\u00e1n en base a lo establecido por el Gobierno Nacional. En esa l\u00ednea, en el momento en que se notifique la fecha de una nueva entrega de vacunas, su cantidad y a qu\u00e9 grupo se deben destinar, se pondr\u00e1 en marcha su aplicaci\u00f3n de manera inmediata. El Plan de vacunaci\u00f3n se divide en 6 etapas en base al mayor riesgo de contagio y\/o exposici\u00f3n ante el virus:<\/p>\n\n\n\n<ol class=\"wp-block-list\"><li>Personal de salud (escalonamiento en funci\u00f3n del riesgo de actividad).<\/li><li>Adultos mayores de 70 a\u00f1os y personas que residen en geri\u00e1tricos u hogares de adultos mayores de la Ciudad.<\/li><li>Adultos mayores de 60 a 69 a\u00f1os.<\/li><li>Personal estrat\u00e9gico.<\/li><li>Personas entre 18 y 59 a\u00f1os con factores de riesgo: a. Diabetes (insulinodependientes y no insulinodependientes), b. Obesidad grado 2 y 3. c. Enfermedades cardiovasculares, renales y\/o respiratorias cr\u00f3nicas.<\/li><li>Otros grupos estrat\u00e9gicos definidos por las jurisdicciones de acuerdo a la disponibilidad de dosis.<\/li><\/ol>\n\n\n\n<figure class=\"wp-block-image size-large is-resized\"><img loading=\"lazy\" decoding=\"async\" data-attachment-id=\"99\" data-permalink=\"https:\/\/www.comuna13online.com.ar\/?attachment_id=99\" data-orig-file=\"https:\/\/www.comuna13online.com.ar\/wp-content\/uploads\/2017\/12\/line.jpg\" data-orig-size=\"678,1\" data-comments-opened=\"0\" data-image-meta=\"{&quot;aperture&quot;:&quot;0&quot;,&quot;credit&quot;:&quot;&quot;,&quot;camera&quot;:&quot;&quot;,&quot;caption&quot;:&quot;&quot;,&quot;created_timestamp&quot;:&quot;0&quot;,&quot;copyright&quot;:&quot;&quot;,&quot;focal_length&quot;:&quot;0&quot;,&quot;iso&quot;:&quot;0&quot;,&quot;shutter_speed&quot;:&quot;0&quot;,&quot;title&quot;:&quot;&quot;,&quot;orientation&quot;:&quot;0&quot;}\" data-image-title=\"line\" data-image-description=\"\" data-image-caption=\"\" data-large-file=\"https:\/\/www.comuna13online.com.ar\/wp-content\/uploads\/2017\/12\/line.jpg\" src=\"http:\/\/www.comuna13online.com.ar\/wp-content\/uploads\/2017\/12\/line.jpg\" alt=\"\" class=\"wp-image-99\" width=\"678\" height=\"1\" srcset=\"https:\/\/www.comuna13online.com.ar\/wp-content\/uploads\/2017\/12\/line.jpg 678w, https:\/\/www.comuna13online.com.ar\/wp-content\/uploads\/2017\/12\/line-150x1.jpg 150w, https:\/\/www.comuna13online.com.ar\/wp-content\/uploads\/2017\/12\/line-326x1.jpg 326w, https:\/\/www.comuna13online.com.ar\/wp-content\/uploads\/2017\/12\/line-80x1.jpg 80w, https:\/\/www.comuna13online.com.ar\/wp-content\/uploads\/2017\/12\/line-272x1.jpg 272w\" sizes=\"auto, (max-width: 678px) 100vw, 678px\" \/><\/figure>\n\n\n\n<figure class=\"wp-block-image size-full\"><img loading=\"lazy\" decoding=\"async\" width=\"678\" height=\"180\" data-attachment-id=\"8918\" data-permalink=\"https:\/\/www.comuna13online.com.ar\/?attachment_id=8918\" data-orig-file=\"https:\/\/www.comuna13online.com.ar\/wp-content\/uploads\/2020\/04\/corona2.jpg\" data-orig-size=\"678,180\" data-comments-opened=\"0\" data-image-meta=\"{&quot;aperture&quot;:&quot;0&quot;,&quot;credit&quot;:&quot;&quot;,&quot;camera&quot;:&quot;&quot;,&quot;caption&quot;:&quot;&quot;,&quot;created_timestamp&quot;:&quot;0&quot;,&quot;copyright&quot;:&quot;&quot;,&quot;focal_length&quot;:&quot;0&quot;,&quot;iso&quot;:&quot;0&quot;,&quot;shutter_speed&quot;:&quot;0&quot;,&quot;title&quot;:&quot;&quot;,&quot;orientation&quot;:&quot;0&quot;}\" data-image-title=\"corona2\" data-image-description=\"\" data-image-caption=\"\" data-large-file=\"https:\/\/www.comuna13online.com.ar\/wp-content\/uploads\/2020\/04\/corona2.jpg\" src=\"http:\/\/www.comuna13online.com.ar\/wp-content\/uploads\/2020\/04\/corona2.jpg\" alt=\"\" class=\"wp-image-8918\"\/><\/figure>\n","protected":false},"excerpt":{"rendered":"<div class=\"mh-excerpt\">A partir de las 14 horas de este viernes las personas mayores de 80 a\u00f1os podr\u00e1n solicitar turno en el sitio web de la Ciudad y a trav\u00e9s del 147. <a class=\"mh-excerpt-more\" href=\"https:\/\/www.comuna13online.com.ar\/?p=12722\" title=\"Vacunaci\u00f3n COVID: Se abre la inscripci\u00f3n para los mayores de 80 a\u00f1os\">[&#8230;]<\/a><\/div>\n","protected":false},"author":1,"featured_media":12723,"comment_status":"closed","ping_status":"closed","sticky":false,"template":"","format":"standard","meta":{"_uag_custom_page_level_css":"","_jetpack_memberships_contains_paid_content":false,"footnotes":"","jetpack_publicize_message":"","jetpack_publicize_feature_enabled":true,"jetpack_social_post_already_shared":true,"jetpack_social_options":{"image_generator_settings":{"template":"highway","default_image_id":0,"font":"","enabled":false},"version":2}},"categories":[269],"tags":[271,250,296,45],"class_list":{"0":"post-12722","1":"post","2":"type-post","3":"status-publish","4":"format-standard","5":"has-post-thumbnail","7":"category-coronavirus","8":"tag-coronavirus","9":"tag-h2","10":"tag-h3","11":"tag-salud"},"jetpack_publicize_connections":[],"jetpack_featured_media_url":"https:\/\/www.comuna13online.com.ar\/wp-content\/uploads\/2021\/02\/210219b-id.jpg","uagb_featured_image_src":{"full":["https:\/\/www.comuna13online.com.ar\/wp-content\/uploads\/2021\/02\/210219b-id.jpg",1030,438,false],"thumbnail":["https:\/\/www.comuna13online.com.ar\/wp-content\/uploads\/2021\/02\/210219b-id.jpg",128,54,false],"medium":["https:\/\/www.comuna13online.com.ar\/wp-content\/uploads\/2021\/02\/210219b-id.jpg",1030,438,false],"medium_large":["https:\/\/www.comuna13online.com.ar\/wp-content\/uploads\/2021\/02\/210219b-id-768x327.jpg",768,327,true],"large":["https:\/\/www.comuna13online.com.ar\/wp-content\/uploads\/2021\/02\/210219b-id.jpg",1030,438,false],"1536x1536":["https:\/\/www.comuna13online.com.ar\/wp-content\/uploads\/2021\/02\/210219b-id.jpg",1030,438,false],"2048x2048":["https:\/\/www.comuna13online.com.ar\/wp-content\/uploads\/2021\/02\/210219b-id.jpg",1030,438,false],"mh-magazine-slider":["https:\/\/www.comuna13online.com.ar\/wp-content\/uploads\/2021\/02\/210219b-id-1030x438.jpg",1030,438,true],"mh-magazine-content":["https:\/\/www.comuna13online.com.ar\/wp-content\/uploads\/2021\/02\/210219b-id-678x381.jpg",678,381,true],"mh-magazine-large":["https:\/\/www.comuna13online.com.ar\/wp-content\/uploads\/2021\/02\/210219b-id-678x438.jpg",678,438,true],"mh-magazine-medium":["https:\/\/www.comuna13online.com.ar\/wp-content\/uploads\/2021\/02\/210219b-id-326x245.jpg",326,245,true],"mh-magazine-small":["https:\/\/www.comuna13online.com.ar\/wp-content\/uploads\/2021\/02\/210219b-id-80x60.jpg",80,60,true],"sow-carousel-default":["https:\/\/www.comuna13online.com.ar\/wp-content\/uploads\/2021\/02\/210219b-id-272x182.jpg",272,182,true]},"uagb_author_info":{"display_name":"Comuna13","author_link":"https:\/\/www.comuna13online.com.ar\/?author=1"},"uagb_comment_info":0,"uagb_excerpt":"A partir de las 14 horas de este viernes las personas mayores de 80 a\u00f1os podr\u00e1n solicitar turno en el sitio web de la Ciudad y a trav\u00e9s del 147. [...]","jetpack_sharing_enabled":true,"_links":{"self":[{"href":"https:\/\/www.comuna13online.com.ar\/index.php?rest_route=\/wp\/v2\/posts\/12722","targetHints":{"allow":["GET"]}}],"collection":[{"href":"https:\/\/www.comuna13online.com.ar\/index.php?rest_route=\/wp\/v2\/posts"}],"about":[{"href":"https:\/\/www.comuna13online.com.ar\/index.php?rest_route=\/wp\/v2\/types\/post"}],"author":[{"embeddable":true,"href":"https:\/\/www.comuna13online.com.ar\/index.php?rest_route=\/wp\/v2\/users\/1"}],"replies":[{"embeddable":true,"href":"https:\/\/www.comuna13online.com.ar\/index.php?rest_route=%2Fwp%2Fv2%2Fcomments&post=12722"}],"version-history":[{"count":0,"href":"https:\/\/www.comuna13online.com.ar\/index.php?rest_route=\/wp\/v2\/posts\/12722\/revisions"}],"wp:featuredmedia":[{"embeddable":true,"href":"https:\/\/www.comuna13online.com.ar\/index.php?rest_route=\/wp\/v2\/media\/12723"}],"wp:attachment":[{"href":"https:\/\/www.comuna13online.com.ar\/index.php?rest_route=%2Fwp%2Fv2%2Fmedia&parent=12722"}],"wp:term":[{"taxonomy":"category","embeddable":true,"href":"https:\/\/www.comuna13online.com.ar\/index.php?rest_route=%2Fwp%2Fv2%2Fcategories&post=12722"},{"taxonomy":"post_tag","embeddable":true,"href":"https:\/\/www.comuna13online.com.ar\/index.php?rest_route=%2Fwp%2Fv2%2Ftags&post=12722"}],"curies":[{"name":"wp","href":"https:\/\/api.w.org\/{rel}","templated":true}]}}