{"id":12707,"date":"2021-02-18T14:00:00","date_gmt":"2021-02-18T17:00:00","guid":{"rendered":"http:\/\/www.comuna13online.com.ar\/?p=12707"},"modified":"2021-02-16T15:29:41","modified_gmt":"2021-02-16T18:29:41","slug":"el-viernes-libro-movil-visitara-nunez","status":"publish","type":"post","link":"https:\/\/www.comuna13online.com.ar\/?p=12707","title":{"rendered":"El viernes \u201cLibro M\u00f3vil\u201d visitar\u00e1 N\u00fa\u00f1ez"},"content":{"rendered":"\n<p><strong>Libro M\u00f3vil recorre distintas Ferias de la Ciudad y espacios verdes con un cat\u00e1logo literario que cuenta con&nbsp;la participaci\u00f3n de bibliotecas, librer\u00edas y editoriales independientes fomentando la curiosidad lectora en los barrios.<\/strong><\/p>\n\n\n\n<figure class=\"wp-block-image size-large\"><img loading=\"lazy\" decoding=\"async\" width=\"678\" height=\"452\" data-attachment-id=\"12629\" data-permalink=\"https:\/\/www.comuna13online.com.ar\/?attachment_id=12629\" data-orig-file=\"https:\/\/www.comuna13online.com.ar\/wp-content\/uploads\/2021\/02\/210204b-02.jpg\" data-orig-size=\"678,452\" data-comments-opened=\"0\" data-image-meta=\"{&quot;aperture&quot;:&quot;0&quot;,&quot;credit&quot;:&quot;&quot;,&quot;camera&quot;:&quot;&quot;,&quot;caption&quot;:&quot;&quot;,&quot;created_timestamp&quot;:&quot;0&quot;,&quot;copyright&quot;:&quot;&quot;,&quot;focal_length&quot;:&quot;0&quot;,&quot;iso&quot;:&quot;0&quot;,&quot;shutter_speed&quot;:&quot;0&quot;,&quot;title&quot;:&quot;&quot;,&quot;orientation&quot;:&quot;0&quot;}\" data-image-title=\"210204b-02\" data-image-description=\"\" data-image-caption=\"\" data-large-file=\"https:\/\/www.comuna13online.com.ar\/wp-content\/uploads\/2021\/02\/210204b-02.jpg\" src=\"http:\/\/www.comuna13online.com.ar\/wp-content\/uploads\/2021\/02\/210204b-02.jpg\" alt=\"\" class=\"wp-image-12629\" srcset=\"https:\/\/www.comuna13online.com.ar\/wp-content\/uploads\/2021\/02\/210204b-02.jpg 678w, https:\/\/www.comuna13online.com.ar\/wp-content\/uploads\/2021\/02\/210204b-02-272x182.jpg 272w\" sizes=\"auto, (max-width: 678px) 100vw, 678px\" \/><\/figure>\n\n\n\n<p>Libro M\u00f3vil comenz\u00f3 a rodar por distintos puntos de la Ciudad\u00a0con un cat\u00e1logo literario que cuenta con\u00a0la participaci\u00f3n de bibliotecas, librer\u00edas y editoriales independientes que exhiben sus libros de manera gratuita.\u00a0La iniciativa busca llevarte lo mejor del mundo literario, generando nuevas experiencias en torno al libro y potenciando al sector editorial independiente.<\/p>\n\n\n\n<p>El pr\u00f3ximo viernes 19 de febrero Libro M\u00f3vil vuelve a la comuna 13, se ubicar\u00e1 en Musical Antonio Sucre, entre Casta\u00f1eda y Av. Presidente Figueroa Alcorta, N\u00fa\u00f1ez, en Peatonal Gastron\u00f3mica de 17 a 22 horas.<\/p>\n\n\n\n<p>Adem\u00e1s, con el fin de\u00a0fomentar la promoci\u00f3n de la lectura, vecinos y vecinas\u00a0podr\u00e1n donar en este espacio sus propios libros, que se sumar\u00e1n al cat\u00e1logo de Bibliotecas P\u00fablicas de la Ciudad.<\/p>\n\n\n\n<h4 class=\"wp-block-heading\">\u00bfC\u00f3mo es el pr\u00e9stamo de libros?<\/h4>\n\n\n\n<p><strong>Los vecinos y vecinas deber\u00e1n realizar tres pasos para adquirir libros<\/strong>:<\/p>\n\n\n\n<ol class=\"wp-block-list\"><li>Asociarse a la Red llenando el formulario. Se generar\u00e1 una credencial virtual provisoria. En caso de haberse asociado antes, este paso se saltea.<\/li><li>Elegir el libro (hasta tres libros por vez). Se encuentra disponible un cat\u00e1logo.<\/li><li>Sacar turno. Para eso es necesario llamar a la biblioteca, reservar el libro y coordinar un turno para retirarlo y otro para devolverlo, con DNI.<\/li><\/ol>\n\n\n\n<p><br><\/p>\n<div align=\"center\">\n<blockquote class=\"twitter-tweet\"><p lang=\"es\" dir=\"ltr\">? Libro M\u00f3vil sale a rodar por la Ciudad \u26a1<br><br>? Ma\u00f1ana arranca el recorrido de Libro M\u00f3vil, un cat\u00e1logo literario sobre ruedas que circular\u00e1 durante el verano por distintas Ferias de la Ciudad y espacios verdes.<a href=\"https:\/\/twitter.com\/hashtag\/VivamosCultura?src=hash&amp;ref_src=twsrc%5Etfw\">#VivamosCultura<\/a> <a href=\"https:\/\/twitter.com\/hashtag\/BibliotecasEnRed?src=hash&amp;ref_src=twsrc%5Etfw\">#BibliotecasEnRed<\/a> <a href=\"https:\/\/twitter.com\/hashtag\/LibroMovil?src=hash&amp;ref_src=twsrc%5Etfw\">#LibroMovil<\/a> <a href=\"https:\/\/t.co\/wGWwU6Uzij\">pic.twitter.com\/wGWwU6Uzij<\/a><\/p>\u2014 Libro, Bibliotecas y Cultura BA (@CulturaBarrios) <a href=\"https:\/\/twitter.com\/CulturaBarrios\/status\/1349048207792336898?ref_src=twsrc%5Etfw\">January 12, 2021<\/a><\/blockquote> <script async=\"\" src=\"https:\/\/platform.twitter.com\/widgets.js\" charset=\"utf-8\"><\/script>\n<\/div><p><br><\/p>\n\n\n\n<h4 class=\"wp-block-heading\">Librer\u00edas asociadas a la Red de Bibliotecas P\u00fablicas que prestan libros<\/h4>\n\n\n\n<p><strong>Las bibliotecas que prestan el servicio de pr\u00e9stamo y devoluci\u00f3n de libros son<\/strong>:<\/p>\n\n\n\n<ol class=\"wp-block-list\"><li>Biblioteca Leopoldo Lugones. Belgrano-Comuna 13 \/ La Pampa 2215. Tel 011 4783-1567<\/li><li>Biblioteca Miguel Can\u00e9. Boedo &#8211; Comuna 5 \/ Carlos Calvo 4319. Tel: 011 4922-0020<\/li><li>Biblioteca Casa de la Lectura. Villa Crespo &#8211; Comuna 15 \/ Lavalleja 924. Tel: 011 5197-5084<\/li><li>Biblioteca Carlos Guido y Spano (Palermo &#8211; Comuna 14 \/ G\u00fcemes 4601) Tel: 011 4773-5862<\/li><li>Biblioteca Benito Lynch (Mataderos &#8211; Comuna 9 \/ Pje. Yrup\u00e9 6714) Tel: 011 4687-1977<\/li><li>Biblioteca Antonio Devoto (Devoto &#8211; Comuna 11 \/ Bah\u00eda Blanca 4025\/4045) Tel: 011 4501-4320<\/li><li>Biblioteca Joaqu\u00edn V. Gonz\u00e1lez (La Boca &#8211; Comuna 4 \/ Su\u00e1rez 408) Tel: 011 4302-2481<\/li><li>Biblioteca Ricardo G\u00fciraldes (Recoleta &#8211; Comuna 2 \/ Talcahuano 1261) Tel: 011 4812-1840 ext. 110<\/li><li>Biblioteca Parque de la Estaci\u00f3n: (Balvanera &#8211; Comuna 3 \/ Pres. Tte. Gral. J. D. Per\u00f3n 3326) Tel: 011-5030-9753 int. 6101<\/li><\/ol>\n\n\n\n<figure class=\"wp-block-image size-large is-resized\"><img loading=\"lazy\" decoding=\"async\" data-attachment-id=\"99\" data-permalink=\"https:\/\/www.comuna13online.com.ar\/?attachment_id=99\" data-orig-file=\"https:\/\/www.comuna13online.com.ar\/wp-content\/uploads\/2017\/12\/line.jpg\" data-orig-size=\"678,1\" data-comments-opened=\"0\" data-image-meta=\"{&quot;aperture&quot;:&quot;0&quot;,&quot;credit&quot;:&quot;&quot;,&quot;camera&quot;:&quot;&quot;,&quot;caption&quot;:&quot;&quot;,&quot;created_timestamp&quot;:&quot;0&quot;,&quot;copyright&quot;:&quot;&quot;,&quot;focal_length&quot;:&quot;0&quot;,&quot;iso&quot;:&quot;0&quot;,&quot;shutter_speed&quot;:&quot;0&quot;,&quot;title&quot;:&quot;&quot;,&quot;orientation&quot;:&quot;0&quot;}\" data-image-title=\"line\" data-image-description=\"\" data-image-caption=\"\" data-large-file=\"https:\/\/www.comuna13online.com.ar\/wp-content\/uploads\/2017\/12\/line.jpg\" src=\"http:\/\/www.comuna13online.com.ar\/wp-content\/uploads\/2017\/12\/line.jpg\" alt=\"\" class=\"wp-image-99\" width=\"678\" height=\"1\" srcset=\"https:\/\/www.comuna13online.com.ar\/wp-content\/uploads\/2017\/12\/line.jpg 678w, https:\/\/www.comuna13online.com.ar\/wp-content\/uploads\/2017\/12\/line-150x1.jpg 150w, https:\/\/www.comuna13online.com.ar\/wp-content\/uploads\/2017\/12\/line-326x1.jpg 326w, https:\/\/www.comuna13online.com.ar\/wp-content\/uploads\/2017\/12\/line-80x1.jpg 80w, https:\/\/www.comuna13online.com.ar\/wp-content\/uploads\/2017\/12\/line-272x1.jpg 272w\" sizes=\"auto, (max-width: 678px) 100vw, 678px\" \/><\/figure>\n\n\n\n<figure class=\"wp-block-image size-full\"><img loading=\"lazy\" decoding=\"async\" width=\"678\" height=\"180\" data-attachment-id=\"8918\" data-permalink=\"https:\/\/www.comuna13online.com.ar\/?attachment_id=8918\" data-orig-file=\"https:\/\/www.comuna13online.com.ar\/wp-content\/uploads\/2020\/04\/corona2.jpg\" data-orig-size=\"678,180\" data-comments-opened=\"0\" data-image-meta=\"{&quot;aperture&quot;:&quot;0&quot;,&quot;credit&quot;:&quot;&quot;,&quot;camera&quot;:&quot;&quot;,&quot;caption&quot;:&quot;&quot;,&quot;created_timestamp&quot;:&quot;0&quot;,&quot;copyright&quot;:&quot;&quot;,&quot;focal_length&quot;:&quot;0&quot;,&quot;iso&quot;:&quot;0&quot;,&quot;shutter_speed&quot;:&quot;0&quot;,&quot;title&quot;:&quot;&quot;,&quot;orientation&quot;:&quot;0&quot;}\" data-image-title=\"corona2\" data-image-description=\"\" data-image-caption=\"\" data-large-file=\"https:\/\/www.comuna13online.com.ar\/wp-content\/uploads\/2020\/04\/corona2.jpg\" src=\"http:\/\/www.comuna13online.com.ar\/wp-content\/uploads\/2020\/04\/corona2.jpg\" alt=\"\" class=\"wp-image-8918\"\/><\/figure>\n\n\n\n<p><\/p>\n\n\n\n<p><\/p>\n","protected":false},"excerpt":{"rendered":"<div class=\"mh-excerpt\">Libro M\u00f3vil recorre distintas Ferias de la Ciudad y espacios verdes con un cat\u00e1logo literario que cuenta con&nbsp;la participaci\u00f3n de bibliotecas, librer\u00edas y editoriales independientes fomentando la curiosidad lectora en <a class=\"mh-excerpt-more\" href=\"https:\/\/www.comuna13online.com.ar\/?p=12707\" title=\"El viernes \u201cLibro M\u00f3vil\u201d visitar\u00e1 N\u00fa\u00f1ez\">[&#8230;]<\/a><\/div>\n","protected":false},"author":1,"featured_media":12709,"comment_status":"closed","ping_status":"closed","sticky":false,"template":"","format":"standard","meta":{"_uag_custom_page_level_css":"","_jetpack_memberships_contains_paid_content":false,"footnotes":"","jetpack_publicize_message":"","jetpack_publicize_feature_enabled":true,"jetpack_social_post_already_shared":true,"jetpack_social_options":{"image_generator_settings":{"template":"highway","default_image_id":0,"font":"","enabled":false},"version":2}},"categories":[57],"tags":[19,60,250,296,162],"class_list":{"0":"post-12707","1":"post","2":"type-post","3":"status-publish","4":"format-standard","5":"has-post-thumbnail","7":"category-cultura","8":"tag-comuna-13","9":"tag-cultura","10":"tag-h2","11":"tag-h3","12":"tag-libros"},"jetpack_publicize_connections":[],"jetpack_featured_media_url":"https:\/\/www.comuna13online.com.ar\/wp-content\/uploads\/2021\/02\/210218a-id.jpg","uagb_featured_image_src":{"full":["https:\/\/www.comuna13online.com.ar\/wp-content\/uploads\/2021\/02\/210218a-id.jpg",678,452,false],"thumbnail":["https:\/\/www.comuna13online.com.ar\/wp-content\/uploads\/2021\/02\/210218a-id.jpg",128,85,false],"medium":["https:\/\/www.comuna13online.com.ar\/wp-content\/uploads\/2021\/02\/210218a-id.jpg",678,452,false],"medium_large":["https:\/\/www.comuna13online.com.ar\/wp-content\/uploads\/2021\/02\/210218a-id.jpg",678,452,false],"large":["https:\/\/www.comuna13online.com.ar\/wp-content\/uploads\/2021\/02\/210218a-id.jpg",678,452,false],"1536x1536":["https:\/\/www.comuna13online.com.ar\/wp-content\/uploads\/2021\/02\/210218a-id.jpg",678,452,false],"2048x2048":["https:\/\/www.comuna13online.com.ar\/wp-content\/uploads\/2021\/02\/210218a-id.jpg",678,452,false],"mh-magazine-slider":["https:\/\/www.comuna13online.com.ar\/wp-content\/uploads\/2021\/02\/210218a-id-678x438.jpg",678,438,true],"mh-magazine-content":["https:\/\/www.comuna13online.com.ar\/wp-content\/uploads\/2021\/02\/210218a-id-678x381.jpg",678,381,true],"mh-magazine-large":["https:\/\/www.comuna13online.com.ar\/wp-content\/uploads\/2021\/02\/210218a-id.jpg",678,452,false],"mh-magazine-medium":["https:\/\/www.comuna13online.com.ar\/wp-content\/uploads\/2021\/02\/210218a-id-326x245.jpg",326,245,true],"mh-magazine-small":["https:\/\/www.comuna13online.com.ar\/wp-content\/uploads\/2021\/02\/210218a-id-80x60.jpg",80,60,true],"sow-carousel-default":["https:\/\/www.comuna13online.com.ar\/wp-content\/uploads\/2021\/02\/210218a-id-272x182.jpg",272,182,true]},"uagb_author_info":{"display_name":"Comuna13","author_link":"https:\/\/www.comuna13online.com.ar\/?author=1"},"uagb_comment_info":0,"uagb_excerpt":"Libro M\u00f3vil recorre distintas Ferias de la Ciudad y espacios verdes con un cat\u00e1logo literario que cuenta con&nbsp;la participaci\u00f3n de bibliotecas, librer\u00edas y editoriales independientes fomentando la curiosidad lectora en [...]","jetpack_sharing_enabled":true,"_links":{"self":[{"href":"https:\/\/www.comuna13online.com.ar\/index.php?rest_route=\/wp\/v2\/posts\/12707","targetHints":{"allow":["GET"]}}],"collection":[{"href":"https:\/\/www.comuna13online.com.ar\/index.php?rest_route=\/wp\/v2\/posts"}],"about":[{"href":"https:\/\/www.comuna13online.com.ar\/index.php?rest_route=\/wp\/v2\/types\/post"}],"author":[{"embeddable":true,"href":"https:\/\/www.comuna13online.com.ar\/index.php?rest_route=\/wp\/v2\/users\/1"}],"replies":[{"embeddable":true,"href":"https:\/\/www.comuna13online.com.ar\/index.php?rest_route=%2Fwp%2Fv2%2Fcomments&post=12707"}],"version-history":[{"count":0,"href":"https:\/\/www.comuna13online.com.ar\/index.php?rest_route=\/wp\/v2\/posts\/12707\/revisions"}],"wp:featuredmedia":[{"embeddable":true,"href":"https:\/\/www.comuna13online.com.ar\/index.php?rest_route=\/wp\/v2\/media\/12709"}],"wp:attachment":[{"href":"https:\/\/www.comuna13online.com.ar\/index.php?rest_route=%2Fwp%2Fv2%2Fmedia&parent=12707"}],"wp:term":[{"taxonomy":"category","embeddable":true,"href":"https:\/\/www.comuna13online.com.ar\/index.php?rest_route=%2Fwp%2Fv2%2Fcategories&post=12707"},{"taxonomy":"post_tag","embeddable":true,"href":"https:\/\/www.comuna13online.com.ar\/index.php?rest_route=%2Fwp%2Fv2%2Ftags&post=12707"}],"curies":[{"name":"wp","href":"https:\/\/api.w.org\/{rel}","templated":true}]}}