{"id":12702,"date":"2021-02-16T13:28:15","date_gmt":"2021-02-16T16:28:15","guid":{"rendered":"http:\/\/www.comuna13online.com.ar\/?p=12702"},"modified":"2021-02-16T13:28:19","modified_gmt":"2021-02-16T16:28:19","slug":"regreso-a-clases-quienes-deben-tramitar-el-permiso-para-utilizar-transporte-publico","status":"publish","type":"post","link":"https:\/\/www.comuna13online.com.ar\/?p=12702","title":{"rendered":"Regreso a clases: Qui\u00e9nes deben tramitar el permiso para utilizar transporte p\u00fablico"},"content":{"rendered":"\n<p><strong>Personal docente y no docente, estudiantes que se movilicen solos y acompa\u00f1antes deben solicitar el certificado de circulaci\u00f3n y utilizar el transporte p\u00fablico para trasladarse a los establecimientos educativos.<\/strong><\/p>\n\n\n\n<figure class=\"wp-block-image size-large\"><img loading=\"lazy\" decoding=\"async\" width=\"678\" height=\"451\" data-attachment-id=\"12703\" data-permalink=\"https:\/\/www.comuna13online.com.ar\/?attachment_id=12703\" data-orig-file=\"https:\/\/www.comuna13online.com.ar\/wp-content\/uploads\/2021\/02\/210216b-01.jpg\" data-orig-size=\"678,451\" data-comments-opened=\"0\" data-image-meta=\"{&quot;aperture&quot;:&quot;0&quot;,&quot;credit&quot;:&quot;&quot;,&quot;camera&quot;:&quot;&quot;,&quot;caption&quot;:&quot;&quot;,&quot;created_timestamp&quot;:&quot;0&quot;,&quot;copyright&quot;:&quot;&quot;,&quot;focal_length&quot;:&quot;0&quot;,&quot;iso&quot;:&quot;0&quot;,&quot;shutter_speed&quot;:&quot;0&quot;,&quot;title&quot;:&quot;&quot;,&quot;orientation&quot;:&quot;0&quot;}\" data-image-title=\"210216b-01\" data-image-description=\"\" data-image-caption=\"\" data-large-file=\"https:\/\/www.comuna13online.com.ar\/wp-content\/uploads\/2021\/02\/210216b-01.jpg\" src=\"http:\/\/www.comuna13online.com.ar\/wp-content\/uploads\/2021\/02\/210216b-01.jpg\" alt=\"\" class=\"wp-image-12703\" srcset=\"https:\/\/www.comuna13online.com.ar\/wp-content\/uploads\/2021\/02\/210216b-01.jpg 678w, https:\/\/www.comuna13online.com.ar\/wp-content\/uploads\/2021\/02\/210216b-01-272x182.jpg 272w\" sizes=\"auto, (max-width: 678px) 100vw, 678px\" \/><\/figure>\n\n\n\n<p>A partir de este 17 de febrero vuelven las\u00a0clases presenciales\u00a0en la Ciudad de Buenos Aires y par facilitar el traslado hacia y desde los establecimientos educativos el gobierno porte\u00f1o decret\u00f3 que el transporte p\u00fablico ser\u00e1 prioritario para estudiantes y docentes en los horarios de ingreso y egreso a las escuelas.<\/p>\n\n\n\n<p>Aquellos que necesiten utilizar colectivos, trenes o subtes, destinado solamente a trabajadores esenciales, deber\u00e1n tramitar el\u00a0Certificado \u00danico\u00a0Habilitante para la Circulaci\u00f3n (CUHC) a modo de\u00a0permiso para viajar a la escuela en transporte p\u00fablico.<\/p>\n\n\n\n<h4 class=\"wp-block-heading\"><strong>Qui\u00e9nes deben tramitar el permiso:<\/strong><\/h4>\n\n\n\n<ul class=\"wp-block-list\"><li><strong>Personal docente y no docente<\/strong>&nbsp;vinculado a las tareas en instituciones educativas.<\/li><li><strong>Estudiantes que viajen solos:<\/strong><br>-Menores de 13 a\u00f1os: el tr\u00e1mite debe realizarlo un adulto responsable y el\/la estudiante lo puede llevar impreso.<br>-Mayores de 13 a\u00f1os: puede tramitarlo el\/la estudiante o persona adulta responsable y llevarlo impreso, en PDF en el celular o vinculado a la app Cuidar.<\/li><li><strong>Adultos que acompa\u00f1en a las\/los alumnos:<\/strong>&nbsp;el tr\u00e1mite del CUHC debe realizarlo s\u00f3lo la persona adulta.<\/li><\/ul>\n\n\n\n<p>El permiso puede solicitarse en\u00a0<a rel=\"noreferrer noopener\" href=\"https:\/\/www.argentina.gob.ar\/circular\" target=\"_blank\">www.argentina.gob.ar\/circular<\/a>\u00a0y no tiene vencimiento. Luego de se\u00f1alar si se posee DNI argentino, debe consignarse el lugar de destino, seleccionar la opci\u00f3n <strong><em>\u201cIr a un establecimiento educativo a trabajar o estudiar\u201d<\/em><\/strong> y detallar el motivo (trabajo, estudiante o adulto responsable). Es necesario informar el\u00a0<strong>n\u00famero de la tarjeta SUBE<\/strong>\u00a0para traslados en transporte p\u00fablico de pasajeros urbano, interurbano o interjurisdiccional.<\/p>\n\n\n\n<figure class=\"wp-block-image size-large\"><img loading=\"lazy\" decoding=\"async\" width=\"678\" height=\"412\" data-attachment-id=\"12704\" data-permalink=\"https:\/\/www.comuna13online.com.ar\/?attachment_id=12704\" data-orig-file=\"https:\/\/www.comuna13online.com.ar\/wp-content\/uploads\/2021\/02\/210216b-02.jpg\" data-orig-size=\"678,412\" data-comments-opened=\"0\" data-image-meta=\"{&quot;aperture&quot;:&quot;0&quot;,&quot;credit&quot;:&quot;&quot;,&quot;camera&quot;:&quot;&quot;,&quot;caption&quot;:&quot;&quot;,&quot;created_timestamp&quot;:&quot;0&quot;,&quot;copyright&quot;:&quot;&quot;,&quot;focal_length&quot;:&quot;0&quot;,&quot;iso&quot;:&quot;0&quot;,&quot;shutter_speed&quot;:&quot;0&quot;,&quot;title&quot;:&quot;&quot;,&quot;orientation&quot;:&quot;0&quot;}\" data-image-title=\"210216b-02\" data-image-description=\"\" data-image-caption=\"\" data-large-file=\"https:\/\/www.comuna13online.com.ar\/wp-content\/uploads\/2021\/02\/210216b-02.jpg\" src=\"http:\/\/www.comuna13online.com.ar\/wp-content\/uploads\/2021\/02\/210216b-02.jpg\" alt=\"\" class=\"wp-image-12704\"\/><figcaption><strong><sup>Intervenciones en las estaciones de subte.<\/sup><\/strong><\/figcaption><\/figure>\n\n\n\n<p>Por otro lado, la Ciudad realiz\u00f3 la se\u00f1alizaci\u00f3n\u00a0<strong>en m\u00e1s de 1.700 paradas y refugios de colectivos<\/strong>, como as\u00ed tambi\u00e9n en\u00a0<strong>las 55 estaciones de subte<\/strong>, con el objetivo de priorizar el traslado de estudiantes y docentes en los horarios de ingreso y egreso a los establecimientos para garantizar un viaje m\u00e1s seguro.<\/p>\n\n\n\n<p>Adem\u00e1s, entre otras medidas impulsadas para promover la presencialidad cuidada, se est\u00e1 trabajando con el Gobierno Nacional, el Provincial y las c\u00e1maras que nuclean a las l\u00edneas de colectivos para\u00a0<strong>aumentar la frecuencia<\/strong>\u00a0durante el horario escolar en pos de que alumnos y docentes puedan viajar m\u00e1s r\u00e1pido y respetando las distancias. Actualmente el servicio de colectivos est\u00e1 funcionando al 65%, y cuando arranquen las clases llegar\u00e1 al 85%.<\/p>\n\n\n\n<p><\/p>\n\n\n\n<figure class=\"wp-block-image size-large is-resized\"><img loading=\"lazy\" decoding=\"async\" data-attachment-id=\"99\" data-permalink=\"https:\/\/www.comuna13online.com.ar\/?attachment_id=99\" data-orig-file=\"https:\/\/www.comuna13online.com.ar\/wp-content\/uploads\/2017\/12\/line.jpg\" data-orig-size=\"678,1\" data-comments-opened=\"0\" data-image-meta=\"{&quot;aperture&quot;:&quot;0&quot;,&quot;credit&quot;:&quot;&quot;,&quot;camera&quot;:&quot;&quot;,&quot;caption&quot;:&quot;&quot;,&quot;created_timestamp&quot;:&quot;0&quot;,&quot;copyright&quot;:&quot;&quot;,&quot;focal_length&quot;:&quot;0&quot;,&quot;iso&quot;:&quot;0&quot;,&quot;shutter_speed&quot;:&quot;0&quot;,&quot;title&quot;:&quot;&quot;,&quot;orientation&quot;:&quot;0&quot;}\" data-image-title=\"line\" data-image-description=\"\" data-image-caption=\"\" data-large-file=\"https:\/\/www.comuna13online.com.ar\/wp-content\/uploads\/2017\/12\/line.jpg\" src=\"http:\/\/www.comuna13online.com.ar\/wp-content\/uploads\/2017\/12\/line.jpg\" alt=\"\" class=\"wp-image-99\" width=\"678\" height=\"1\" srcset=\"https:\/\/www.comuna13online.com.ar\/wp-content\/uploads\/2017\/12\/line.jpg 678w, https:\/\/www.comuna13online.com.ar\/wp-content\/uploads\/2017\/12\/line-150x1.jpg 150w, https:\/\/www.comuna13online.com.ar\/wp-content\/uploads\/2017\/12\/line-326x1.jpg 326w, https:\/\/www.comuna13online.com.ar\/wp-content\/uploads\/2017\/12\/line-80x1.jpg 80w, https:\/\/www.comuna13online.com.ar\/wp-content\/uploads\/2017\/12\/line-272x1.jpg 272w\" sizes=\"auto, (max-width: 678px) 100vw, 678px\" \/><\/figure>\n\n\n\n<figure class=\"wp-block-image size-full\"><img loading=\"lazy\" decoding=\"async\" width=\"678\" height=\"180\" data-attachment-id=\"8918\" data-permalink=\"https:\/\/www.comuna13online.com.ar\/?attachment_id=8918\" data-orig-file=\"https:\/\/www.comuna13online.com.ar\/wp-content\/uploads\/2020\/04\/corona2.jpg\" data-orig-size=\"678,180\" data-comments-opened=\"0\" data-image-meta=\"{&quot;aperture&quot;:&quot;0&quot;,&quot;credit&quot;:&quot;&quot;,&quot;camera&quot;:&quot;&quot;,&quot;caption&quot;:&quot;&quot;,&quot;created_timestamp&quot;:&quot;0&quot;,&quot;copyright&quot;:&quot;&quot;,&quot;focal_length&quot;:&quot;0&quot;,&quot;iso&quot;:&quot;0&quot;,&quot;shutter_speed&quot;:&quot;0&quot;,&quot;title&quot;:&quot;&quot;,&quot;orientation&quot;:&quot;0&quot;}\" data-image-title=\"corona2\" data-image-description=\"\" data-image-caption=\"\" data-large-file=\"https:\/\/www.comuna13online.com.ar\/wp-content\/uploads\/2020\/04\/corona2.jpg\" src=\"http:\/\/www.comuna13online.com.ar\/wp-content\/uploads\/2020\/04\/corona2.jpg\" alt=\"\" class=\"wp-image-8918\"\/><\/figure>\n\n\n\n<p><\/p>\n","protected":false},"excerpt":{"rendered":"<div class=\"mh-excerpt\">Personal docente y no docente, estudiantes que se movilicen solos y acompa\u00f1antes deben solicitar el certificado de circulaci\u00f3n y utilizar el transporte p\u00fablico para trasladarse a los establecimientos educativos. A <a class=\"mh-excerpt-more\" href=\"https:\/\/www.comuna13online.com.ar\/?p=12702\" title=\"Regreso a clases: Qui\u00e9nes deben tramitar el permiso para utilizar transporte p\u00fablico\">[&#8230;]<\/a><\/div>\n","protected":false},"author":1,"featured_media":12705,"comment_status":"closed","ping_status":"closed","sticky":false,"template":"","format":"standard","meta":{"_uag_custom_page_level_css":"","_jetpack_memberships_contains_paid_content":false,"footnotes":"","jetpack_publicize_message":"Regreso a clases: Qui\u00e9nes deben tramitar el permiso para utilizar transporte p\u00fablico\n#PrimeroLaEscuela","jetpack_publicize_feature_enabled":true,"jetpack_social_post_already_shared":true,"jetpack_social_options":{"image_generator_settings":{"template":"highway","default_image_id":0,"font":"","enabled":false},"version":2}},"categories":[13],"tags":[114,246,250,296,15],"class_list":{"0":"post-12702","1":"post","2":"type-post","3":"status-publish","4":"format-standard","5":"has-post-thumbnail","7":"category-transporte","8":"tag-educacion","9":"tag-h1","10":"tag-h2","11":"tag-h3","12":"tag-transporte"},"jetpack_publicize_connections":[],"jetpack_featured_media_url":"https:\/\/www.comuna13online.com.ar\/wp-content\/uploads\/2021\/02\/210216b-id.jpg","uagb_featured_image_src":{"full":["https:\/\/www.comuna13online.com.ar\/wp-content\/uploads\/2021\/02\/210216b-id.jpg",1030,438,false],"thumbnail":["https:\/\/www.comuna13online.com.ar\/wp-content\/uploads\/2021\/02\/210216b-id.jpg",128,54,false],"medium":["https:\/\/www.comuna13online.com.ar\/wp-content\/uploads\/2021\/02\/210216b-id.jpg",1030,438,false],"medium_large":["https:\/\/www.comuna13online.com.ar\/wp-content\/uploads\/2021\/02\/210216b-id-768x327.jpg",768,327,true],"large":["https:\/\/www.comuna13online.com.ar\/wp-content\/uploads\/2021\/02\/210216b-id.jpg",1030,438,false],"1536x1536":["https:\/\/www.comuna13online.com.ar\/wp-content\/uploads\/2021\/02\/210216b-id.jpg",1030,438,false],"2048x2048":["https:\/\/www.comuna13online.com.ar\/wp-content\/uploads\/2021\/02\/210216b-id.jpg",1030,438,false],"mh-magazine-slider":["https:\/\/www.comuna13online.com.ar\/wp-content\/uploads\/2021\/02\/210216b-id-1030x438.jpg",1030,438,true],"mh-magazine-content":["https:\/\/www.comuna13online.com.ar\/wp-content\/uploads\/2021\/02\/210216b-id-678x381.jpg",678,381,true],"mh-magazine-large":["https:\/\/www.comuna13online.com.ar\/wp-content\/uploads\/2021\/02\/210216b-id-678x438.jpg",678,438,true],"mh-magazine-medium":["https:\/\/www.comuna13online.com.ar\/wp-content\/uploads\/2021\/02\/210216b-id-326x245.jpg",326,245,true],"mh-magazine-small":["https:\/\/www.comuna13online.com.ar\/wp-content\/uploads\/2021\/02\/210216b-id-80x60.jpg",80,60,true],"sow-carousel-default":["https:\/\/www.comuna13online.com.ar\/wp-content\/uploads\/2021\/02\/210216b-id-272x182.jpg",272,182,true]},"uagb_author_info":{"display_name":"Comuna13","author_link":"https:\/\/www.comuna13online.com.ar\/?author=1"},"uagb_comment_info":0,"uagb_excerpt":"Personal docente y no docente, estudiantes que se movilicen solos y acompa\u00f1antes deben solicitar el certificado de circulaci\u00f3n y utilizar el transporte p\u00fablico para trasladarse a los establecimientos educativos. A [...]","jetpack_sharing_enabled":true,"_links":{"self":[{"href":"https:\/\/www.comuna13online.com.ar\/index.php?rest_route=\/wp\/v2\/posts\/12702","targetHints":{"allow":["GET"]}}],"collection":[{"href":"https:\/\/www.comuna13online.com.ar\/index.php?rest_route=\/wp\/v2\/posts"}],"about":[{"href":"https:\/\/www.comuna13online.com.ar\/index.php?rest_route=\/wp\/v2\/types\/post"}],"author":[{"embeddable":true,"href":"https:\/\/www.comuna13online.com.ar\/index.php?rest_route=\/wp\/v2\/users\/1"}],"replies":[{"embeddable":true,"href":"https:\/\/www.comuna13online.com.ar\/index.php?rest_route=%2Fwp%2Fv2%2Fcomments&post=12702"}],"version-history":[{"count":0,"href":"https:\/\/www.comuna13online.com.ar\/index.php?rest_route=\/wp\/v2\/posts\/12702\/revisions"}],"wp:featuredmedia":[{"embeddable":true,"href":"https:\/\/www.comuna13online.com.ar\/index.php?rest_route=\/wp\/v2\/media\/12705"}],"wp:attachment":[{"href":"https:\/\/www.comuna13online.com.ar\/index.php?rest_route=%2Fwp%2Fv2%2Fmedia&parent=12702"}],"wp:term":[{"taxonomy":"category","embeddable":true,"href":"https:\/\/www.comuna13online.com.ar\/index.php?rest_route=%2Fwp%2Fv2%2Fcategories&post=12702"},{"taxonomy":"post_tag","embeddable":true,"href":"https:\/\/www.comuna13online.com.ar\/index.php?rest_route=%2Fwp%2Fv2%2Ftags&post=12702"}],"curies":[{"name":"wp","href":"https:\/\/api.w.org\/{rel}","templated":true}]}}