{"id":12696,"date":"2021-02-15T08:00:00","date_gmt":"2021-02-15T11:00:00","guid":{"rendered":"http:\/\/www.comuna13online.com.ar\/?p=12696"},"modified":"2021-02-12T13:04:46","modified_gmt":"2021-02-12T16:04:46","slug":"comenzo-la-inscripcion-a-los-cursos-y-trayectos-de-formacion-profesional","status":"publish","type":"post","link":"https:\/\/www.comuna13online.com.ar\/?p=12696","title":{"rendered":"Comenz\u00f3 la inscripci\u00f3n a los cursos y trayectos de Formaci\u00f3n Profesional"},"content":{"rendered":"\n<p><strong>El Gobierno de la Ciudad abri\u00f3 la inscripci\u00f3n para los distintos Cursos y Trayectos Formativos que ofrecen los Centros de Formaci\u00f3n Profesional porte\u00f1os, son gratuitos y cuentan con certificaci\u00f3n oficial.<\/strong><\/p>\n\n\n\n<div align=\"center\">\n<iframe loading=\"lazy\" width=\"678\" height=\"381\" src=\"https:\/\/www.youtube.com\/embed\/M-k5AUQ1veg\" frameborder=\"0\" allow=\"accelerometer; autoplay; clipboard-write; encrypted-media; gyroscope; picture-in-picture\" allowfullscreen><\/iframe>\n<\/div><p><br><\/p>\n\n\n\n<p><strong>Hasta el viernes 12 de marzo est\u00e1 abierta la preinscripci\u00f3n a los cursos de formaci\u00f3n profesional<\/strong>\u00a0que ofrece la\u00a0<a href=\"https:\/\/www.buenosaires.gob.ar\/educacion\/agencia-de-aprendizaje-a-lo-largo-de-la-vida\" target=\"_blank\" rel=\"noreferrer noopener\">Agencia de Aprendizaje a lo largo de la vida<\/a>\u00a0que depende del Ministerio de Educaci\u00f3n de la Ciudad para el ciclo lectivo 2021.<\/p>\n\n\n\n<p>Los Centros de Formaci\u00f3n Profesional brindan herramientas y capacidades de formaci\u00f3n para que las personas puedan encontrar nuevas y mejores oportunidades laborales en ciertas \u00e1reas como: <strong>inform\u00e1tica y programaci\u00f3n, imagen y sonido, energ\u00eda (el\u00e9ctrica y renovable), construcciones, gastronom\u00eda, automotriz, comunicaci\u00f3n social y hoteler\u00eda,<\/strong>\u00a0entre otros.<\/p>\n\n\n\n<p>Hay\u00a0<strong>59 Centros de Formaci\u00f3n Profesional<\/strong>\u00a0distribuidos en toda la Ciudad que tambi\u00e9n ofrecen capacitaciones de corta duraci\u00f3n que permiten a sus alumnos y alumnas acceder a una r\u00e1pida salida laboral e incluso la posibilidad de adquirir los conocimientos para desarrollar sus propios emprendimientos. <\/p>\n\n\n\n<p><strong>Requisitos<\/strong><\/p>\n\n\n\n<p>Para inscribirse es requisito indispensable ser mayor de 18 a\u00f1os, adem\u00e1s, dependiendo del Curso o Trayecto Formativo, se puede solicitar Nivel escolar Primario completo, Ciclo b\u00e1sico del nivel Secundario completo o Nivel Secundario completo.<\/p>\n\n\n\n<p>Los\/as interesados\/as en participar podr\u00e1n preinscribirse hasta el 12 de marzo inclusive a trav\u00e9s de la p\u00e1gina:\u00a0<a href=\"https:\/\/inscripciones.buenosaires.gob.ar\/\" target=\"_blank\" rel=\"noreferrer noopener\">https:\/\/inscripciones.buenosaires.gob.ar\/<\/a>.<\/p>\n\n\n\n<p>Para realizar la preinscripci\u00f3n hay que registrarse y completar los datos que indica el sistema. Una vez finalizado el proceso se deber\u00e1 validar la inscripci\u00f3n acerc\u00e1ndose al Centro de Formaci\u00f3n Profesional que elegiste.<\/p>\n\n\n\n<p><a href=\"http:\/\/formacionlaboral.org\/oferta\/fp\/\"><span class=\"has-inline-color has-vivid-red-color\"><strong>OFERTA EDUCATIVA 1er CUATRIMESTRE 2021<\/strong><\/span><\/a><\/p>\n\n\n\n<figure class=\"wp-block-image size-large is-resized\"><img loading=\"lazy\" decoding=\"async\" data-attachment-id=\"99\" data-permalink=\"https:\/\/www.comuna13online.com.ar\/?attachment_id=99\" data-orig-file=\"https:\/\/www.comuna13online.com.ar\/wp-content\/uploads\/2017\/12\/line.jpg\" data-orig-size=\"678,1\" data-comments-opened=\"0\" data-image-meta=\"{&quot;aperture&quot;:&quot;0&quot;,&quot;credit&quot;:&quot;&quot;,&quot;camera&quot;:&quot;&quot;,&quot;caption&quot;:&quot;&quot;,&quot;created_timestamp&quot;:&quot;0&quot;,&quot;copyright&quot;:&quot;&quot;,&quot;focal_length&quot;:&quot;0&quot;,&quot;iso&quot;:&quot;0&quot;,&quot;shutter_speed&quot;:&quot;0&quot;,&quot;title&quot;:&quot;&quot;,&quot;orientation&quot;:&quot;0&quot;}\" data-image-title=\"line\" data-image-description=\"\" data-image-caption=\"\" data-large-file=\"https:\/\/www.comuna13online.com.ar\/wp-content\/uploads\/2017\/12\/line.jpg\" src=\"http:\/\/www.comuna13online.com.ar\/wp-content\/uploads\/2017\/12\/line.jpg\" alt=\"\" class=\"wp-image-99\" width=\"678\" height=\"1\" srcset=\"https:\/\/www.comuna13online.com.ar\/wp-content\/uploads\/2017\/12\/line.jpg 678w, https:\/\/www.comuna13online.com.ar\/wp-content\/uploads\/2017\/12\/line-150x1.jpg 150w, https:\/\/www.comuna13online.com.ar\/wp-content\/uploads\/2017\/12\/line-326x1.jpg 326w, https:\/\/www.comuna13online.com.ar\/wp-content\/uploads\/2017\/12\/line-80x1.jpg 80w, https:\/\/www.comuna13online.com.ar\/wp-content\/uploads\/2017\/12\/line-272x1.jpg 272w\" sizes=\"auto, (max-width: 678px) 100vw, 678px\" \/><\/figure>\n\n\n\n<figure class=\"wp-block-image size-full\"><img loading=\"lazy\" decoding=\"async\" width=\"678\" height=\"180\" data-attachment-id=\"8918\" data-permalink=\"https:\/\/www.comuna13online.com.ar\/?attachment_id=8918\" data-orig-file=\"https:\/\/www.comuna13online.com.ar\/wp-content\/uploads\/2020\/04\/corona2.jpg\" data-orig-size=\"678,180\" data-comments-opened=\"0\" data-image-meta=\"{&quot;aperture&quot;:&quot;0&quot;,&quot;credit&quot;:&quot;&quot;,&quot;camera&quot;:&quot;&quot;,&quot;caption&quot;:&quot;&quot;,&quot;created_timestamp&quot;:&quot;0&quot;,&quot;copyright&quot;:&quot;&quot;,&quot;focal_length&quot;:&quot;0&quot;,&quot;iso&quot;:&quot;0&quot;,&quot;shutter_speed&quot;:&quot;0&quot;,&quot;title&quot;:&quot;&quot;,&quot;orientation&quot;:&quot;0&quot;}\" data-image-title=\"corona2\" data-image-description=\"\" data-image-caption=\"\" data-large-file=\"https:\/\/www.comuna13online.com.ar\/wp-content\/uploads\/2020\/04\/corona2.jpg\" src=\"http:\/\/www.comuna13online.com.ar\/wp-content\/uploads\/2020\/04\/corona2.jpg\" alt=\"\" class=\"wp-image-8918\"\/><\/figure>\n","protected":false},"excerpt":{"rendered":"<div class=\"mh-excerpt\">El Gobierno de la Ciudad abri\u00f3 la inscripci\u00f3n para los distintos Cursos y Trayectos Formativos que ofrecen los Centros de Formaci\u00f3n Profesional porte\u00f1os, son gratuitos y cuentan con certificaci\u00f3n oficial. <a class=\"mh-excerpt-more\" href=\"https:\/\/www.comuna13online.com.ar\/?p=12696\" title=\"Comenz\u00f3 la inscripci\u00f3n a los cursos y trayectos de Formaci\u00f3n Profesional\">[&#8230;]<\/a><\/div>\n","protected":false},"author":1,"featured_media":12698,"comment_status":"closed","ping_status":"closed","sticky":false,"template":"","format":"standard","meta":{"_uag_custom_page_level_css":"","_jetpack_memberships_contains_paid_content":false,"footnotes":"","jetpack_publicize_message":"","jetpack_publicize_feature_enabled":true,"jetpack_social_post_already_shared":true,"jetpack_social_options":{"image_generator_settings":{"template":"highway","default_image_id":0,"font":"","enabled":false},"version":2}},"categories":[113],"tags":[114,250,296,121],"class_list":{"0":"post-12696","1":"post","2":"type-post","3":"status-publish","4":"format-standard","5":"has-post-thumbnail","7":"category-educacion","8":"tag-educacion","9":"tag-h2","10":"tag-h3","11":"tag-trabajo"},"jetpack_publicize_connections":[],"jetpack_featured_media_url":"https:\/\/www.comuna13online.com.ar\/wp-content\/uploads\/2021\/02\/210215a-id.jpg","uagb_featured_image_src":{"full":["https:\/\/www.comuna13online.com.ar\/wp-content\/uploads\/2021\/02\/210215a-id.jpg",678,452,false],"thumbnail":["https:\/\/www.comuna13online.com.ar\/wp-content\/uploads\/2021\/02\/210215a-id.jpg",128,85,false],"medium":["https:\/\/www.comuna13online.com.ar\/wp-content\/uploads\/2021\/02\/210215a-id.jpg",678,452,false],"medium_large":["https:\/\/www.comuna13online.com.ar\/wp-content\/uploads\/2021\/02\/210215a-id.jpg",678,452,false],"large":["https:\/\/www.comuna13online.com.ar\/wp-content\/uploads\/2021\/02\/210215a-id.jpg",678,452,false],"1536x1536":["https:\/\/www.comuna13online.com.ar\/wp-content\/uploads\/2021\/02\/210215a-id.jpg",678,452,false],"2048x2048":["https:\/\/www.comuna13online.com.ar\/wp-content\/uploads\/2021\/02\/210215a-id.jpg",678,452,false],"mh-magazine-slider":["https:\/\/www.comuna13online.com.ar\/wp-content\/uploads\/2021\/02\/210215a-id-678x438.jpg",678,438,true],"mh-magazine-content":["https:\/\/www.comuna13online.com.ar\/wp-content\/uploads\/2021\/02\/210215a-id-678x381.jpg",678,381,true],"mh-magazine-large":["https:\/\/www.comuna13online.com.ar\/wp-content\/uploads\/2021\/02\/210215a-id.jpg",678,452,false],"mh-magazine-medium":["https:\/\/www.comuna13online.com.ar\/wp-content\/uploads\/2021\/02\/210215a-id-326x245.jpg",326,245,true],"mh-magazine-small":["https:\/\/www.comuna13online.com.ar\/wp-content\/uploads\/2021\/02\/210215a-id-80x60.jpg",80,60,true],"sow-carousel-default":["https:\/\/www.comuna13online.com.ar\/wp-content\/uploads\/2021\/02\/210215a-id-272x182.jpg",272,182,true]},"uagb_author_info":{"display_name":"Comuna13","author_link":"https:\/\/www.comuna13online.com.ar\/?author=1"},"uagb_comment_info":0,"uagb_excerpt":"El Gobierno de la Ciudad abri\u00f3 la inscripci\u00f3n para los distintos Cursos y Trayectos Formativos que ofrecen los Centros de Formaci\u00f3n Profesional porte\u00f1os, son gratuitos y cuentan con certificaci\u00f3n oficial. [...]","jetpack_sharing_enabled":true,"_links":{"self":[{"href":"https:\/\/www.comuna13online.com.ar\/index.php?rest_route=\/wp\/v2\/posts\/12696","targetHints":{"allow":["GET"]}}],"collection":[{"href":"https:\/\/www.comuna13online.com.ar\/index.php?rest_route=\/wp\/v2\/posts"}],"about":[{"href":"https:\/\/www.comuna13online.com.ar\/index.php?rest_route=\/wp\/v2\/types\/post"}],"author":[{"embeddable":true,"href":"https:\/\/www.comuna13online.com.ar\/index.php?rest_route=\/wp\/v2\/users\/1"}],"replies":[{"embeddable":true,"href":"https:\/\/www.comuna13online.com.ar\/index.php?rest_route=%2Fwp%2Fv2%2Fcomments&post=12696"}],"version-history":[{"count":0,"href":"https:\/\/www.comuna13online.com.ar\/index.php?rest_route=\/wp\/v2\/posts\/12696\/revisions"}],"wp:featuredmedia":[{"embeddable":true,"href":"https:\/\/www.comuna13online.com.ar\/index.php?rest_route=\/wp\/v2\/media\/12698"}],"wp:attachment":[{"href":"https:\/\/www.comuna13online.com.ar\/index.php?rest_route=%2Fwp%2Fv2%2Fmedia&parent=12696"}],"wp:term":[{"taxonomy":"category","embeddable":true,"href":"https:\/\/www.comuna13online.com.ar\/index.php?rest_route=%2Fwp%2Fv2%2Fcategories&post=12696"},{"taxonomy":"post_tag","embeddable":true,"href":"https:\/\/www.comuna13online.com.ar\/index.php?rest_route=%2Fwp%2Fv2%2Ftags&post=12696"}],"curies":[{"name":"wp","href":"https:\/\/api.w.org\/{rel}","templated":true}]}}